{"id":1968,"date":"2013-07-26T04:59:29","date_gmt":"2013-07-26T04:59:29","guid":{"rendered":"http:\/\/difusionculturaluninter.wordpress.com\/?p=1968"},"modified":"2013-07-26T04:59:29","modified_gmt":"2013-07-26T04:59:29","slug":"gritos-por-varazos-la-danza-de-los-tastoanes","status":"publish","type":"post","link":"https:\/\/blogs.uninter.edu.mx\/difusioncultural\/?p=1968","title":{"rendered":"Gritos por varazos : La danza de los Tastoanes"},"content":{"rendered":"<p>Miradas expectantes, en medio de un furor que se vive cada a\u00f1o en Tonal\u00e1, esperaban la llegada de los seres renuentes a obedecer las leyes de los conquistadores. Los rebeldes tastoanes pelear\u00e1n a muerte ante los representantes de Santiago Ap\u00f3stol; unos se defender\u00e1n con peque\u00f1os escudos y m\u00e1scaras, otros con una vara de membrillo intentar\u00e1n someterlos.<\/p>\n<p>La tradicional Danza de los Tastoanes llega a su m\u00e1xima celebraci\u00f3n hoy, durante todo el d\u00eda, dentro del marco de la Fiesta Patronal de Tonal\u00e1 que tendr\u00e1 a alrededor de mil danzantes y dos sedes: la Plaza Principal y el Cerro de la Reina.<\/p>\n<p>De manera paralela, en la Explanada del Cerro de la Reina, las presentaciones inician a las 10 horas con los Tastoanes de Rodolfo Pila, a las 12 horas el grupo de Elvira Pila Reyes, en punto de las 16 horas ser\u00e1 turno de los Tastoanes Tonallan de Jes\u00fas Delgado y finalmente a las 18 horas, estar\u00e1n los grupos de Tastoanes de Zalatit\u00e1n, Coyula y San Gaspar, de Porfirio Serna D\u00edaz. Mientras que para el 30 de julio la Plaza Cihualpilli tendr\u00e1 la presentaci\u00f3n especial de la jugada de tastoanes femenil.<\/p>\n<p>Principalmente, en los grupos que dirige El Frak, \u201cs\u00ed ha habido buena aceptaci\u00f3n\u201d, pues entre a los hombres y mujeres hay alg\u00fan tipo de relaci\u00f3n de noviazgo, matrimonio o amistad, adem\u00e1s de que entre todos ayudan en la organizaci\u00f3n de las presentaciones.<\/p>\n<p>Aunque la tradici\u00f3n no registra la participaci\u00f3n de alguna mujer tasto\u00e1n, la inclusi\u00f3n de estas no est\u00e1 en duda, coment\u00f3 el director, pues en los \u201cmexicas, toda su gente participaba en todo, como mujeres en batalla, en la elaboraci\u00f3n de armas, por eso es que nosotros nos atrevimos a hacerlas tasto\u00e1n\u201d; sumado a ello est\u00e1 la propuesta de las propias mujeres que \u201cya sent\u00edan la necesidad\u201d, expli\u00f3 El Frak.<\/p>\n<p>Para la presentaci\u00f3n del pr\u00f3ximo 30 de julio del grupo Santo Santiago Ap\u00f3stol Femenil se espera que participen m\u00ednimo 150 mujeres, aunque el a\u00f1o pasado alcanzaron las 220. La cita es a las 18 horas en la Plaza Principal de Tonal\u00e1. Sin duda una tradici\u00f3n enigm\u00e1tica que representa la mescolanza entre el \u00edndigena y el espa\u00f1ol; es decir el origen de lo mexicano.<\/p>\n<p><img decoding=\"async\" alt=\"\" src=\"http:\/\/periodicodigital.com.mx\/images\/r=1&amp;width=550&amp;image=\/media\/images\/2012\/julio\/cultura\/26\/tastoanes_efe.jpg\" \/><\/p>\n","protected":false},"excerpt":{"rendered":"<p>Miradas expectantes, en medio de un furor que se vive cada a\u00f1o en Tonal\u00e1, esperaban la llegada de los seres renuentes a obedecer las leyes de los conquistadores. Los rebeldes tastoanes pelear\u00e1n a muerte ante los representantes de Santiago Ap\u00f3stol; unos se defender\u00e1n con peque\u00f1os escudos y m\u00e1scaras, otros con una vara de membrillo intentar\u00e1n&hellip;<\/p>\n","protected":false},"author":24,"featured_media":0,"comment_status":"open","ping_status":"open","sticky":false,"template":"","format":"standard","meta":{"_jetpack_memberships_contains_paid_content":false,"footnotes":"","jetpack_publicize_message":"","jetpack_publicize_feature_enabled":true,"jetpack_social_post_already_shared":false,"jetpack_social_options":{"image_generator_settings":{"template":"highway","default_image_id":0,"font":"","enabled":false},"version":2}},"categories":[8],"tags":[],"class_list":["post-1968","post","type-post","status-publish","format-standard","hentry","category-eventos"],"yoast_head":"<!-- This site is optimized with the Yoast SEO plugin v26.3 - https:\/\/yoast.com\/wordpress\/plugins\/seo\/ -->\r\n<title>Gritos por varazos : La danza de los Tastoanes - Difusi\u00f3n Cultural<\/title>\r\n<meta name=\"robots\" content=\"index, follow, max-snippet:-1, max-image-preview:large, max-video-preview:-1\" \/>\r\n<link rel=\"canonical\" href=\"https:\/\/blogs.uninter.edu.mx\/difusioncultural\/?p=1968\" \/>\r\n<meta property=\"og:locale\" content=\"es_MX\" \/>\r\n<meta property=\"og:type\" content=\"article\" \/>\r\n<meta property=\"og:title\" content=\"Gritos por varazos : La danza de los Tastoanes - Difusi\u00f3n Cultural\" \/>\r\n<meta property=\"og:description\" content=\"Miradas expectantes, en medio de un furor que se vive cada a\u00f1o en Tonal\u00e1, esperaban la llegada de los seres renuentes a obedecer las leyes de los conquistadores. Los rebeldes tastoanes pelear\u00e1n a muerte ante los representantes de Santiago Ap\u00f3stol; unos se defender\u00e1n con peque\u00f1os escudos y m\u00e1scaras, otros con una vara de membrillo intentar\u00e1n&hellip;\" \/>\r\n<meta property=\"og:url\" content=\"https:\/\/blogs.uninter.edu.mx\/difusioncultural\/?p=1968\" \/>\r\n<meta property=\"og:site_name\" content=\"Difusi\u00f3n Cultural\" \/>\r\n<meta property=\"article:published_time\" content=\"2013-07-26T04:59:29+00:00\" \/>\r\n<meta property=\"og:image\" content=\"http:\/\/periodicodigital.com.mx\/images\/r=1&amp;width=550&amp;image=\/media\/images\/2012\/julio\/cultura\/26\/tastoanes_efe.jpg\" \/>\r\n<meta name=\"author\" content=\"Aslhey Alejandra Gonz\u00e1lez Castro\" \/>\r\n<meta name=\"twitter:card\" content=\"summary_large_image\" \/>\r\n<meta name=\"twitter:label1\" content=\"Escrito por\" \/>\n\t<meta name=\"twitter:data1\" content=\"Aslhey Alejandra Gonz\u00e1lez Castro\" \/>\n\t<meta name=\"twitter:label2\" content=\"Tiempo de lectura\" \/>\n\t<meta name=\"twitter:data2\" content=\"2 minutos\" \/>\r\n<script type=\"application\/ld+json\" class=\"yoast-schema-graph\">{\"@context\":\"https:\/\/schema.org\",\"@graph\":[{\"@type\":\"Article\",\"@id\":\"https:\/\/blogs.uninter.edu.mx\/difusioncultural\/?p=1968#article\",\"isPartOf\":{\"@id\":\"https:\/\/blogs.uninter.edu.mx\/difusioncultural\/?p=1968\"},\"author\":{\"name\":\"Aslhey Alejandra Gonz\u00e1lez Castro\",\"@id\":\"https:\/\/blogs.uninter.edu.mx\/difusioncultural\/#\/schema\/person\/c710e37686022500827405824a08a18c\"},\"headline\":\"Gritos por varazos : La danza de los Tastoanes\",\"datePublished\":\"2013-07-26T04:59:29+00:00\",\"mainEntityOfPage\":{\"@id\":\"https:\/\/blogs.uninter.edu.mx\/difusioncultural\/?p=1968\"},\"wordCount\":398,\"commentCount\":0,\"publisher\":{\"@id\":\"https:\/\/blogs.uninter.edu.mx\/difusioncultural\/#organization\"},\"image\":{\"@id\":\"https:\/\/blogs.uninter.edu.mx\/difusioncultural\/?p=1968#primaryimage\"},\"thumbnailUrl\":\"http:\/\/periodicodigital.com.mx\/images\/r=1&amp;width=550&amp;image=\/media\/images\/2012\/julio\/cultura\/26\/tastoanes_efe.jpg\",\"articleSection\":[\"Eventos\"],\"inLanguage\":\"es\",\"potentialAction\":[{\"@type\":\"CommentAction\",\"name\":\"Comment\",\"target\":[\"https:\/\/blogs.uninter.edu.mx\/difusioncultural\/?p=1968#respond\"]}]},{\"@type\":\"WebPage\",\"@id\":\"https:\/\/blogs.uninter.edu.mx\/difusioncultural\/?p=1968\",\"url\":\"https:\/\/blogs.uninter.edu.mx\/difusioncultural\/?p=1968\",\"name\":\"Gritos por varazos : La danza de los Tastoanes - Difusi\u00f3n Cultural\",\"isPartOf\":{\"@id\":\"https:\/\/blogs.uninter.edu.mx\/difusioncultural\/#website\"},\"primaryImageOfPage\":{\"@id\":\"https:\/\/blogs.uninter.edu.mx\/difusioncultural\/?p=1968#primaryimage\"},\"image\":{\"@id\":\"https:\/\/blogs.uninter.edu.mx\/difusioncultural\/?p=1968#primaryimage\"},\"thumbnailUrl\":\"http:\/\/periodicodigital.com.mx\/images\/r=1&amp;width=550&amp;image=\/media\/images\/2012\/julio\/cultura\/26\/tastoanes_efe.jpg\",\"datePublished\":\"2013-07-26T04:59:29+00:00\",\"breadcrumb\":{\"@id\":\"https:\/\/blogs.uninter.edu.mx\/difusioncultural\/?p=1968#breadcrumb\"},\"inLanguage\":\"es\",\"potentialAction\":[{\"@type\":\"ReadAction\",\"target\":[\"https:\/\/blogs.uninter.edu.mx\/difusioncultural\/?p=1968\"]}]},{\"@type\":\"ImageObject\",\"inLanguage\":\"es\",\"@id\":\"https:\/\/blogs.uninter.edu.mx\/difusioncultural\/?p=1968#primaryimage\",\"url\":\"http:\/\/periodicodigital.com.mx\/images\/r=1&amp;width=550&amp;image=\/media\/images\/2012\/julio\/cultura\/26\/tastoanes_efe.jpg\",\"contentUrl\":\"http:\/\/periodicodigital.com.mx\/images\/r=1&amp;width=550&amp;image=\/media\/images\/2012\/julio\/cultura\/26\/tastoanes_efe.jpg\"},{\"@type\":\"BreadcrumbList\",\"@id\":\"https:\/\/blogs.uninter.edu.mx\/difusioncultural\/?p=1968#breadcrumb\",\"itemListElement\":[{\"@type\":\"ListItem\",\"position\":1,\"name\":\"Inicio\",\"item\":\"https:\/\/blogs.uninter.edu.mx\/difusioncultural\/\"},{\"@type\":\"ListItem\",\"position\":2,\"name\":\"Gritos por varazos : La danza de los Tastoanes\"}]},{\"@type\":\"WebSite\",\"@id\":\"https:\/\/blogs.uninter.edu.mx\/difusioncultural\/#website\",\"url\":\"https:\/\/blogs.uninter.edu.mx\/difusioncultural\/\",\"name\":\"Difusi\u00f3n Cultural\",\"description\":\"UNINTER\",\"publisher\":{\"@id\":\"https:\/\/blogs.uninter.edu.mx\/difusioncultural\/#organization\"},\"potentialAction\":[{\"@type\":\"SearchAction\",\"target\":{\"@type\":\"EntryPoint\",\"urlTemplate\":\"https:\/\/blogs.uninter.edu.mx\/difusioncultural\/?s={search_term_string}\"},\"query-input\":{\"@type\":\"PropertyValueSpecification\",\"valueRequired\":true,\"valueName\":\"search_term_string\"}}],\"inLanguage\":\"es\"},{\"@type\":\"Organization\",\"@id\":\"https:\/\/blogs.uninter.edu.mx\/difusioncultural\/#organization\",\"name\":\"Difusi\u00f3n Cultural\",\"url\":\"https:\/\/blogs.uninter.edu.mx\/difusioncultural\/\",\"logo\":{\"@type\":\"ImageObject\",\"inLanguage\":\"es\",\"@id\":\"https:\/\/blogs.uninter.edu.mx\/difusioncultural\/#\/schema\/logo\/image\/\",\"url\":\"https:\/\/blogs.uninter.edu.mx\/difusioncultural\/wp-content\/uploads\/2022\/09\/uninter.jpg\",\"contentUrl\":\"https:\/\/blogs.uninter.edu.mx\/difusioncultural\/wp-content\/uploads\/2022\/09\/uninter.jpg\",\"width\":2048,\"height\":2048,\"caption\":\"Difusi\u00f3n Cultural\"},\"image\":{\"@id\":\"https:\/\/blogs.uninter.edu.mx\/difusioncultural\/#\/schema\/logo\/image\/\"}},{\"@type\":\"Person\",\"@id\":\"https:\/\/blogs.uninter.edu.mx\/difusioncultural\/#\/schema\/person\/c710e37686022500827405824a08a18c\",\"name\":\"Aslhey Alejandra Gonz\u00e1lez Castro\",\"image\":{\"@type\":\"ImageObject\",\"inLanguage\":\"es\",\"@id\":\"https:\/\/blogs.uninter.edu.mx\/difusioncultural\/#\/schema\/person\/image\/\",\"url\":\"https:\/\/secure.gravatar.com\/avatar\/1905d6ed47b47ccbfb53e4b64f72f2017309e25d96ef418088d4f998ecf6552e?s=96&d=mm&r=g\",\"contentUrl\":\"https:\/\/secure.gravatar.com\/avatar\/1905d6ed47b47ccbfb53e4b64f72f2017309e25d96ef418088d4f998ecf6552e?s=96&d=mm&r=g\",\"caption\":\"Aslhey Alejandra Gonz\u00e1lez Castro\"},\"url\":\"https:\/\/blogs.uninter.edu.mx\/difusioncultural\/?author=24\"}]}<\/script>\r\n<!-- \/ Yoast SEO plugin. -->","yoast_head_json":{"title":"Gritos por varazos : La danza de los Tastoanes - Difusi\u00f3n Cultural","robots":{"index":"index","follow":"follow","max-snippet":"max-snippet:-1","max-image-preview":"max-image-preview:large","max-video-preview":"max-video-preview:-1"},"canonical":"https:\/\/blogs.uninter.edu.mx\/difusioncultural\/?p=1968","og_locale":"es_MX","og_type":"article","og_title":"Gritos por varazos : La danza de los Tastoanes - Difusi\u00f3n Cultural","og_description":"Miradas expectantes, en medio de un furor que se vive cada a\u00f1o en Tonal\u00e1, esperaban la llegada de los seres renuentes a obedecer las leyes de los conquistadores. Los rebeldes tastoanes pelear\u00e1n a muerte ante los representantes de Santiago Ap\u00f3stol; unos se defender\u00e1n con peque\u00f1os escudos y m\u00e1scaras, otros con una vara de membrillo intentar\u00e1n&hellip;","og_url":"https:\/\/blogs.uninter.edu.mx\/difusioncultural\/?p=1968","og_site_name":"Difusi\u00f3n Cultural","article_published_time":"2013-07-26T04:59:29+00:00","og_image":[{"url":"http:\/\/periodicodigital.com.mx\/images\/r=1&amp;width=550&amp;image=\/media\/images\/2012\/julio\/cultura\/26\/tastoanes_efe.jpg","type":"","width":"","height":""}],"author":"Aslhey Alejandra Gonz\u00e1lez Castro","twitter_card":"summary_large_image","twitter_misc":{"Escrito por":"Aslhey Alejandra Gonz\u00e1lez Castro","Tiempo de lectura":"2 minutos"},"schema":{"@context":"https:\/\/schema.org","@graph":[{"@type":"Article","@id":"https:\/\/blogs.uninter.edu.mx\/difusioncultural\/?p=1968#article","isPartOf":{"@id":"https:\/\/blogs.uninter.edu.mx\/difusioncultural\/?p=1968"},"author":{"name":"Aslhey Alejandra Gonz\u00e1lez Castro","@id":"https:\/\/blogs.uninter.edu.mx\/difusioncultural\/#\/schema\/person\/c710e37686022500827405824a08a18c"},"headline":"Gritos por varazos : La danza de los Tastoanes","datePublished":"2013-07-26T04:59:29+00:00","mainEntityOfPage":{"@id":"https:\/\/blogs.uninter.edu.mx\/difusioncultural\/?p=1968"},"wordCount":398,"commentCount":0,"publisher":{"@id":"https:\/\/blogs.uninter.edu.mx\/difusioncultural\/#organization"},"image":{"@id":"https:\/\/blogs.uninter.edu.mx\/difusioncultural\/?p=1968#primaryimage"},"thumbnailUrl":"http:\/\/periodicodigital.com.mx\/images\/r=1&amp;width=550&amp;image=\/media\/images\/2012\/julio\/cultura\/26\/tastoanes_efe.jpg","articleSection":["Eventos"],"inLanguage":"es","potentialAction":[{"@type":"CommentAction","name":"Comment","target":["https:\/\/blogs.uninter.edu.mx\/difusioncultural\/?p=1968#respond"]}]},{"@type":"WebPage","@id":"https:\/\/blogs.uninter.edu.mx\/difusioncultural\/?p=1968","url":"https:\/\/blogs.uninter.edu.mx\/difusioncultural\/?p=1968","name":"Gritos por varazos : La danza de los Tastoanes - Difusi\u00f3n Cultural","isPartOf":{"@id":"https:\/\/blogs.uninter.edu.mx\/difusioncultural\/#website"},"primaryImageOfPage":{"@id":"https:\/\/blogs.uninter.edu.mx\/difusioncultural\/?p=1968#primaryimage"},"image":{"@id":"https:\/\/blogs.uninter.edu.mx\/difusioncultural\/?p=1968#primaryimage"},"thumbnailUrl":"http:\/\/periodicodigital.com.mx\/images\/r=1&amp;width=550&amp;image=\/media\/images\/2012\/julio\/cultura\/26\/tastoanes_efe.jpg","datePublished":"2013-07-26T04:59:29+00:00","breadcrumb":{"@id":"https:\/\/blogs.uninter.edu.mx\/difusioncultural\/?p=1968#breadcrumb"},"inLanguage":"es","potentialAction":[{"@type":"ReadAction","target":["https:\/\/blogs.uninter.edu.mx\/difusioncultural\/?p=1968"]}]},{"@type":"ImageObject","inLanguage":"es","@id":"https:\/\/blogs.uninter.edu.mx\/difusioncultural\/?p=1968#primaryimage","url":"http:\/\/periodicodigital.com.mx\/images\/r=1&amp;width=550&amp;image=\/media\/images\/2012\/julio\/cultura\/26\/tastoanes_efe.jpg","contentUrl":"http:\/\/periodicodigital.com.mx\/images\/r=1&amp;width=550&amp;image=\/media\/images\/2012\/julio\/cultura\/26\/tastoanes_efe.jpg"},{"@type":"BreadcrumbList","@id":"https:\/\/blogs.uninter.edu.mx\/difusioncultural\/?p=1968#breadcrumb","itemListElement":[{"@type":"ListItem","position":1,"name":"Inicio","item":"https:\/\/blogs.uninter.edu.mx\/difusioncultural\/"},{"@type":"ListItem","position":2,"name":"Gritos por varazos : La danza de los Tastoanes"}]},{"@type":"WebSite","@id":"https:\/\/blogs.uninter.edu.mx\/difusioncultural\/#website","url":"https:\/\/blogs.uninter.edu.mx\/difusioncultural\/","name":"Difusi\u00f3n Cultural","description":"UNINTER","publisher":{"@id":"https:\/\/blogs.uninter.edu.mx\/difusioncultural\/#organization"},"potentialAction":[{"@type":"SearchAction","target":{"@type":"EntryPoint","urlTemplate":"https:\/\/blogs.uninter.edu.mx\/difusioncultural\/?s={search_term_string}"},"query-input":{"@type":"PropertyValueSpecification","valueRequired":true,"valueName":"search_term_string"}}],"inLanguage":"es"},{"@type":"Organization","@id":"https:\/\/blogs.uninter.edu.mx\/difusioncultural\/#organization","name":"Difusi\u00f3n Cultural","url":"https:\/\/blogs.uninter.edu.mx\/difusioncultural\/","logo":{"@type":"ImageObject","inLanguage":"es","@id":"https:\/\/blogs.uninter.edu.mx\/difusioncultural\/#\/schema\/logo\/image\/","url":"https:\/\/blogs.uninter.edu.mx\/difusioncultural\/wp-content\/uploads\/2022\/09\/uninter.jpg","contentUrl":"https:\/\/blogs.uninter.edu.mx\/difusioncultural\/wp-content\/uploads\/2022\/09\/uninter.jpg","width":2048,"height":2048,"caption":"Difusi\u00f3n Cultural"},"image":{"@id":"https:\/\/blogs.uninter.edu.mx\/difusioncultural\/#\/schema\/logo\/image\/"}},{"@type":"Person","@id":"https:\/\/blogs.uninter.edu.mx\/difusioncultural\/#\/schema\/person\/c710e37686022500827405824a08a18c","name":"Aslhey Alejandra Gonz\u00e1lez Castro","image":{"@type":"ImageObject","inLanguage":"es","@id":"https:\/\/blogs.uninter.edu.mx\/difusioncultural\/#\/schema\/person\/image\/","url":"https:\/\/secure.gravatar.com\/avatar\/1905d6ed47b47ccbfb53e4b64f72f2017309e25d96ef418088d4f998ecf6552e?s=96&d=mm&r=g","contentUrl":"https:\/\/secure.gravatar.com\/avatar\/1905d6ed47b47ccbfb53e4b64f72f2017309e25d96ef418088d4f998ecf6552e?s=96&d=mm&r=g","caption":"Aslhey Alejandra Gonz\u00e1lez Castro"},"url":"https:\/\/blogs.uninter.edu.mx\/difusioncultural\/?author=24"}]}},"jetpack_publicize_connections":[],"jetpack_featured_media_url":"","jetpack_sharing_enabled":true,"_links":{"self":[{"href":"https:\/\/blogs.uninter.edu.mx\/difusioncultural\/index.php?rest_route=\/wp\/v2\/posts\/1968","targetHints":{"allow":["GET"]}}],"collection":[{"href":"https:\/\/blogs.uninter.edu.mx\/difusioncultural\/index.php?rest_route=\/wp\/v2\/posts"}],"about":[{"href":"https:\/\/blogs.uninter.edu.mx\/difusioncultural\/index.php?rest_route=\/wp\/v2\/types\/post"}],"author":[{"embeddable":true,"href":"https:\/\/blogs.uninter.edu.mx\/difusioncultural\/index.php?rest_route=\/wp\/v2\/users\/24"}],"replies":[{"embeddable":true,"href":"https:\/\/blogs.uninter.edu.mx\/difusioncultural\/index.php?rest_route=%2Fwp%2Fv2%2Fcomments&post=1968"}],"version-history":[{"count":0,"href":"https:\/\/blogs.uninter.edu.mx\/difusioncultural\/index.php?rest_route=\/wp\/v2\/posts\/1968\/revisions"}],"wp:attachment":[{"href":"https:\/\/blogs.uninter.edu.mx\/difusioncultural\/index.php?rest_route=%2Fwp%2Fv2%2Fmedia&parent=1968"}],"wp:term":[{"taxonomy":"category","embeddable":true,"href":"https:\/\/blogs.uninter.edu.mx\/difusioncultural\/index.php?rest_route=%2Fwp%2Fv2%2Fcategories&post=1968"},{"taxonomy":"post_tag","embeddable":true,"href":"https:\/\/blogs.uninter.edu.mx\/difusioncultural\/index.php?rest_route=%2Fwp%2Fv2%2Ftags&post=1968"}],"curies":[{"name":"wp","href":"https:\/\/api.w.org\/{rel}","templated":true}]}}