{"id":1972,"date":"2013-07-29T05:02:37","date_gmt":"2013-07-29T05:02:37","guid":{"rendered":"http:\/\/difusionculturaluninter.wordpress.com\/?p=1972"},"modified":"2013-07-29T05:02:37","modified_gmt":"2013-07-29T05:02:37","slug":"28-de-julio-un-dia-triste-para-la-musica-mueren-johann-sebastian-bach-y-antonio-vivaldi","status":"publish","type":"post","link":"https:\/\/blogs.uninter.edu.mx\/difusioncultural\/?p=1972","title":{"rendered":"28 de Julio un d\u00eda triste para la m\u00fasica : Mueren Johann Sebasti\u00e1n Bach y Antonio Vivaldi"},"content":{"rendered":"<p>Un 28 de julio nacieron figuras de la cultura como los artistas pl\u00e1sticos Joaqu\u00edn Torres y Marcel Duchamp, el fil\u00f3sofo Karl Popper; y muri\u00f3 el novelista Cyrano de Bergerac, y los compositores Antonio Vivaldi y Johann Sebastian Bach<\/p>\n<p>En el a\u00f1o de 1741,muere el compositor y violinista italiano Antonio Vivaldi, autor de m\u00e1s de 500 conciertos, 70 sonatas, 45 \u00f3peras y m\u00fasica religiosa. Nace el 4 de marzo de 1678.<\/p>\n<p>Y en el a\u00f1o de 1750 , muere de apoplej\u00eda Johann Sebasti\u00e1n Bach, despu\u00e9s de una intervenci\u00f3n quir\u00fargica fracasada en un ojo, realizada por un cirujano ambulante ingl\u00e9s llamado John Taylor. vivald\u00ed es autor de\u00a0obras de m\u00fasica religiosa, vocal e instrumental son admiradas por la riqueza y sublimidad de la inspiraci\u00f3n y la ciencia de la armon\u00eda. Nace el 21 de marzo de 1685.<\/p>\n<p>Sin duda un gran d\u00eda de luto para la m\u00fasica, dos de los m\u00e1s grandes autores murieron para pasar a la historia hasta nuestros d\u00edas .<\/p>\n<p>The best of VIVALDI<\/p>\n<p><a href=\"http:\/\/www.youtube.com\/watch?v=O6NRLYUThrY\">http:\/\/www.youtube.com\/watch?v=O6NRLYUThrY<\/a><\/p>\n<p>The best of BACH<\/p>\n<p><a href=\"http:\/\/www.youtube.com\/watch?v=6JQm5aSjX6g\">http:\/\/www.youtube.com\/watch?v=6JQm5aSjX6g<\/a><\/p>\n<p>&nbsp;<\/p>\n<p><img decoding=\"async\" alt=\"INTERNET\/Medios\" src=\"http:\/\/portal.andina.com.pe\/EDPFotografia\/Thumbnail\/2012\/07\/27\/000188102T.jpg\" \/><\/p>\n<p>&nbsp;<\/p>\n","protected":false},"excerpt":{"rendered":"<p>Un 28 de julio nacieron figuras de la cultura como los artistas pl\u00e1sticos Joaqu\u00edn Torres y Marcel Duchamp, el fil\u00f3sofo Karl Popper; y muri\u00f3 el novelista Cyrano de Bergerac, y los compositores Antonio Vivaldi y Johann Sebastian Bach En el a\u00f1o de 1741,muere el compositor y violinista italiano Antonio Vivaldi, autor de m\u00e1s de 500&hellip;<\/p>\n","protected":false},"author":24,"featured_media":0,"comment_status":"open","ping_status":"open","sticky":false,"template":"","format":"standard","meta":{"_jetpack_memberships_contains_paid_content":false,"footnotes":"","jetpack_publicize_message":"","jetpack_publicize_feature_enabled":true,"jetpack_social_post_already_shared":false,"jetpack_social_options":{"image_generator_settings":{"template":"highway","default_image_id":0,"font":"","enabled":false},"version":2}},"categories":[1],"tags":[],"class_list":["post-1972","post","type-post","status-publish","format-standard","hentry","category-sin-categoria"],"yoast_head":"<!-- This site is optimized with the Yoast SEO plugin v26.3 - https:\/\/yoast.com\/wordpress\/plugins\/seo\/ -->\r\n<title>28 de Julio un d\u00eda triste para la m\u00fasica : Mueren Johann Sebasti\u00e1n Bach y Antonio Vivaldi - Difusi\u00f3n Cultural<\/title>\r\n<meta name=\"robots\" content=\"index, follow, max-snippet:-1, max-image-preview:large, max-video-preview:-1\" \/>\r\n<link rel=\"canonical\" href=\"https:\/\/blogs.uninter.edu.mx\/difusioncultural\/?p=1972\" \/>\r\n<meta property=\"og:locale\" content=\"es_MX\" \/>\r\n<meta property=\"og:type\" content=\"article\" \/>\r\n<meta property=\"og:title\" content=\"28 de Julio un d\u00eda triste para la m\u00fasica : Mueren Johann Sebasti\u00e1n Bach y Antonio Vivaldi - Difusi\u00f3n Cultural\" \/>\r\n<meta property=\"og:description\" content=\"Un 28 de julio nacieron figuras de la cultura como los artistas pl\u00e1sticos Joaqu\u00edn Torres y Marcel Duchamp, el fil\u00f3sofo Karl Popper; y muri\u00f3 el novelista Cyrano de Bergerac, y los compositores Antonio Vivaldi y Johann Sebastian Bach En el a\u00f1o de 1741,muere el compositor y violinista italiano Antonio Vivaldi, autor de m\u00e1s de 500&hellip;\" \/>\r\n<meta property=\"og:url\" content=\"https:\/\/blogs.uninter.edu.mx\/difusioncultural\/?p=1972\" \/>\r\n<meta property=\"og:site_name\" content=\"Difusi\u00f3n Cultural\" \/>\r\n<meta property=\"article:published_time\" content=\"2013-07-29T05:02:37+00:00\" \/>\r\n<meta property=\"og:image\" content=\"http:\/\/portal.andina.com.pe\/EDPFotografia\/Thumbnail\/2012\/07\/27\/000188102T.jpg\" \/>\r\n<meta name=\"author\" content=\"Aslhey Alejandra Gonz\u00e1lez Castro\" \/>\r\n<meta name=\"twitter:card\" content=\"summary_large_image\" \/>\r\n<meta name=\"twitter:label1\" content=\"Escrito por\" \/>\n\t<meta name=\"twitter:data1\" content=\"Aslhey Alejandra Gonz\u00e1lez Castro\" \/>\n\t<meta name=\"twitter:label2\" content=\"Tiempo de lectura\" \/>\n\t<meta name=\"twitter:data2\" content=\"1 minuto\" \/>\r\n<script type=\"application\/ld+json\" class=\"yoast-schema-graph\">{\"@context\":\"https:\/\/schema.org\",\"@graph\":[{\"@type\":\"Article\",\"@id\":\"https:\/\/blogs.uninter.edu.mx\/difusioncultural\/?p=1972#article\",\"isPartOf\":{\"@id\":\"https:\/\/blogs.uninter.edu.mx\/difusioncultural\/?p=1972\"},\"author\":{\"name\":\"Aslhey Alejandra Gonz\u00e1lez Castro\",\"@id\":\"https:\/\/blogs.uninter.edu.mx\/difusioncultural\/#\/schema\/person\/c710e37686022500827405824a08a18c\"},\"headline\":\"28 de Julio un d\u00eda triste para la m\u00fasica : Mueren Johann Sebasti\u00e1n Bach y Antonio Vivaldi\",\"datePublished\":\"2013-07-29T05:02:37+00:00\",\"mainEntityOfPage\":{\"@id\":\"https:\/\/blogs.uninter.edu.mx\/difusioncultural\/?p=1972\"},\"wordCount\":215,\"commentCount\":0,\"publisher\":{\"@id\":\"https:\/\/blogs.uninter.edu.mx\/difusioncultural\/#organization\"},\"image\":{\"@id\":\"https:\/\/blogs.uninter.edu.mx\/difusioncultural\/?p=1972#primaryimage\"},\"thumbnailUrl\":\"http:\/\/portal.andina.com.pe\/EDPFotografia\/Thumbnail\/2012\/07\/27\/000188102T.jpg\",\"inLanguage\":\"es\",\"potentialAction\":[{\"@type\":\"CommentAction\",\"name\":\"Comment\",\"target\":[\"https:\/\/blogs.uninter.edu.mx\/difusioncultural\/?p=1972#respond\"]}]},{\"@type\":\"WebPage\",\"@id\":\"https:\/\/blogs.uninter.edu.mx\/difusioncultural\/?p=1972\",\"url\":\"https:\/\/blogs.uninter.edu.mx\/difusioncultural\/?p=1972\",\"name\":\"28 de Julio un d\u00eda triste para la m\u00fasica : Mueren Johann Sebasti\u00e1n Bach y Antonio Vivaldi - Difusi\u00f3n Cultural\",\"isPartOf\":{\"@id\":\"https:\/\/blogs.uninter.edu.mx\/difusioncultural\/#website\"},\"primaryImageOfPage\":{\"@id\":\"https:\/\/blogs.uninter.edu.mx\/difusioncultural\/?p=1972#primaryimage\"},\"image\":{\"@id\":\"https:\/\/blogs.uninter.edu.mx\/difusioncultural\/?p=1972#primaryimage\"},\"thumbnailUrl\":\"http:\/\/portal.andina.com.pe\/EDPFotografia\/Thumbnail\/2012\/07\/27\/000188102T.jpg\",\"datePublished\":\"2013-07-29T05:02:37+00:00\",\"breadcrumb\":{\"@id\":\"https:\/\/blogs.uninter.edu.mx\/difusioncultural\/?p=1972#breadcrumb\"},\"inLanguage\":\"es\",\"potentialAction\":[{\"@type\":\"ReadAction\",\"target\":[\"https:\/\/blogs.uninter.edu.mx\/difusioncultural\/?p=1972\"]}]},{\"@type\":\"ImageObject\",\"inLanguage\":\"es\",\"@id\":\"https:\/\/blogs.uninter.edu.mx\/difusioncultural\/?p=1972#primaryimage\",\"url\":\"http:\/\/portal.andina.com.pe\/EDPFotografia\/Thumbnail\/2012\/07\/27\/000188102T.jpg\",\"contentUrl\":\"http:\/\/portal.andina.com.pe\/EDPFotografia\/Thumbnail\/2012\/07\/27\/000188102T.jpg\"},{\"@type\":\"BreadcrumbList\",\"@id\":\"https:\/\/blogs.uninter.edu.mx\/difusioncultural\/?p=1972#breadcrumb\",\"itemListElement\":[{\"@type\":\"ListItem\",\"position\":1,\"name\":\"Inicio\",\"item\":\"https:\/\/blogs.uninter.edu.mx\/difusioncultural\/\"},{\"@type\":\"ListItem\",\"position\":2,\"name\":\"28 de Julio un d\u00eda triste para la m\u00fasica : Mueren Johann Sebasti\u00e1n Bach y Antonio Vivaldi\"}]},{\"@type\":\"WebSite\",\"@id\":\"https:\/\/blogs.uninter.edu.mx\/difusioncultural\/#website\",\"url\":\"https:\/\/blogs.uninter.edu.mx\/difusioncultural\/\",\"name\":\"Difusi\u00f3n Cultural\",\"description\":\"UNINTER\",\"publisher\":{\"@id\":\"https:\/\/blogs.uninter.edu.mx\/difusioncultural\/#organization\"},\"potentialAction\":[{\"@type\":\"SearchAction\",\"target\":{\"@type\":\"EntryPoint\",\"urlTemplate\":\"https:\/\/blogs.uninter.edu.mx\/difusioncultural\/?s={search_term_string}\"},\"query-input\":{\"@type\":\"PropertyValueSpecification\",\"valueRequired\":true,\"valueName\":\"search_term_string\"}}],\"inLanguage\":\"es\"},{\"@type\":\"Organization\",\"@id\":\"https:\/\/blogs.uninter.edu.mx\/difusioncultural\/#organization\",\"name\":\"Difusi\u00f3n Cultural\",\"url\":\"https:\/\/blogs.uninter.edu.mx\/difusioncultural\/\",\"logo\":{\"@type\":\"ImageObject\",\"inLanguage\":\"es\",\"@id\":\"https:\/\/blogs.uninter.edu.mx\/difusioncultural\/#\/schema\/logo\/image\/\",\"url\":\"https:\/\/blogs.uninter.edu.mx\/difusioncultural\/wp-content\/uploads\/2022\/09\/uninter.jpg\",\"contentUrl\":\"https:\/\/blogs.uninter.edu.mx\/difusioncultural\/wp-content\/uploads\/2022\/09\/uninter.jpg\",\"width\":2048,\"height\":2048,\"caption\":\"Difusi\u00f3n Cultural\"},\"image\":{\"@id\":\"https:\/\/blogs.uninter.edu.mx\/difusioncultural\/#\/schema\/logo\/image\/\"}},{\"@type\":\"Person\",\"@id\":\"https:\/\/blogs.uninter.edu.mx\/difusioncultural\/#\/schema\/person\/c710e37686022500827405824a08a18c\",\"name\":\"Aslhey Alejandra Gonz\u00e1lez Castro\",\"image\":{\"@type\":\"ImageObject\",\"inLanguage\":\"es\",\"@id\":\"https:\/\/blogs.uninter.edu.mx\/difusioncultural\/#\/schema\/person\/image\/\",\"url\":\"https:\/\/secure.gravatar.com\/avatar\/1905d6ed47b47ccbfb53e4b64f72f2017309e25d96ef418088d4f998ecf6552e?s=96&d=mm&r=g\",\"contentUrl\":\"https:\/\/secure.gravatar.com\/avatar\/1905d6ed47b47ccbfb53e4b64f72f2017309e25d96ef418088d4f998ecf6552e?s=96&d=mm&r=g\",\"caption\":\"Aslhey Alejandra Gonz\u00e1lez Castro\"},\"url\":\"https:\/\/blogs.uninter.edu.mx\/difusioncultural\/?author=24\"}]}<\/script>\r\n<!-- \/ Yoast SEO plugin. -->","yoast_head_json":{"title":"28 de Julio un d\u00eda triste para la m\u00fasica : Mueren Johann Sebasti\u00e1n Bach y Antonio Vivaldi - Difusi\u00f3n Cultural","robots":{"index":"index","follow":"follow","max-snippet":"max-snippet:-1","max-image-preview":"max-image-preview:large","max-video-preview":"max-video-preview:-1"},"canonical":"https:\/\/blogs.uninter.edu.mx\/difusioncultural\/?p=1972","og_locale":"es_MX","og_type":"article","og_title":"28 de Julio un d\u00eda triste para la m\u00fasica : Mueren Johann Sebasti\u00e1n Bach y Antonio Vivaldi - Difusi\u00f3n Cultural","og_description":"Un 28 de julio nacieron figuras de la cultura como los artistas pl\u00e1sticos Joaqu\u00edn Torres y Marcel Duchamp, el fil\u00f3sofo Karl Popper; y muri\u00f3 el novelista Cyrano de Bergerac, y los compositores Antonio Vivaldi y Johann Sebastian Bach En el a\u00f1o de 1741,muere el compositor y violinista italiano Antonio Vivaldi, autor de m\u00e1s de 500&hellip;","og_url":"https:\/\/blogs.uninter.edu.mx\/difusioncultural\/?p=1972","og_site_name":"Difusi\u00f3n Cultural","article_published_time":"2013-07-29T05:02:37+00:00","og_image":[{"url":"http:\/\/portal.andina.com.pe\/EDPFotografia\/Thumbnail\/2012\/07\/27\/000188102T.jpg","type":"","width":"","height":""}],"author":"Aslhey Alejandra Gonz\u00e1lez Castro","twitter_card":"summary_large_image","twitter_misc":{"Escrito por":"Aslhey Alejandra Gonz\u00e1lez Castro","Tiempo de lectura":"1 minuto"},"schema":{"@context":"https:\/\/schema.org","@graph":[{"@type":"Article","@id":"https:\/\/blogs.uninter.edu.mx\/difusioncultural\/?p=1972#article","isPartOf":{"@id":"https:\/\/blogs.uninter.edu.mx\/difusioncultural\/?p=1972"},"author":{"name":"Aslhey Alejandra Gonz\u00e1lez Castro","@id":"https:\/\/blogs.uninter.edu.mx\/difusioncultural\/#\/schema\/person\/c710e37686022500827405824a08a18c"},"headline":"28 de Julio un d\u00eda triste para la m\u00fasica : Mueren Johann Sebasti\u00e1n Bach y Antonio Vivaldi","datePublished":"2013-07-29T05:02:37+00:00","mainEntityOfPage":{"@id":"https:\/\/blogs.uninter.edu.mx\/difusioncultural\/?p=1972"},"wordCount":215,"commentCount":0,"publisher":{"@id":"https:\/\/blogs.uninter.edu.mx\/difusioncultural\/#organization"},"image":{"@id":"https:\/\/blogs.uninter.edu.mx\/difusioncultural\/?p=1972#primaryimage"},"thumbnailUrl":"http:\/\/portal.andina.com.pe\/EDPFotografia\/Thumbnail\/2012\/07\/27\/000188102T.jpg","inLanguage":"es","potentialAction":[{"@type":"CommentAction","name":"Comment","target":["https:\/\/blogs.uninter.edu.mx\/difusioncultural\/?p=1972#respond"]}]},{"@type":"WebPage","@id":"https:\/\/blogs.uninter.edu.mx\/difusioncultural\/?p=1972","url":"https:\/\/blogs.uninter.edu.mx\/difusioncultural\/?p=1972","name":"28 de Julio un d\u00eda triste para la m\u00fasica : Mueren Johann Sebasti\u00e1n Bach y Antonio Vivaldi - Difusi\u00f3n Cultural","isPartOf":{"@id":"https:\/\/blogs.uninter.edu.mx\/difusioncultural\/#website"},"primaryImageOfPage":{"@id":"https:\/\/blogs.uninter.edu.mx\/difusioncultural\/?p=1972#primaryimage"},"image":{"@id":"https:\/\/blogs.uninter.edu.mx\/difusioncultural\/?p=1972#primaryimage"},"thumbnailUrl":"http:\/\/portal.andina.com.pe\/EDPFotografia\/Thumbnail\/2012\/07\/27\/000188102T.jpg","datePublished":"2013-07-29T05:02:37+00:00","breadcrumb":{"@id":"https:\/\/blogs.uninter.edu.mx\/difusioncultural\/?p=1972#breadcrumb"},"inLanguage":"es","potentialAction":[{"@type":"ReadAction","target":["https:\/\/blogs.uninter.edu.mx\/difusioncultural\/?p=1972"]}]},{"@type":"ImageObject","inLanguage":"es","@id":"https:\/\/blogs.uninter.edu.mx\/difusioncultural\/?p=1972#primaryimage","url":"http:\/\/portal.andina.com.pe\/EDPFotografia\/Thumbnail\/2012\/07\/27\/000188102T.jpg","contentUrl":"http:\/\/portal.andina.com.pe\/EDPFotografia\/Thumbnail\/2012\/07\/27\/000188102T.jpg"},{"@type":"BreadcrumbList","@id":"https:\/\/blogs.uninter.edu.mx\/difusioncultural\/?p=1972#breadcrumb","itemListElement":[{"@type":"ListItem","position":1,"name":"Inicio","item":"https:\/\/blogs.uninter.edu.mx\/difusioncultural\/"},{"@type":"ListItem","position":2,"name":"28 de Julio un d\u00eda triste para la m\u00fasica : Mueren Johann Sebasti\u00e1n Bach y Antonio Vivaldi"}]},{"@type":"WebSite","@id":"https:\/\/blogs.uninter.edu.mx\/difusioncultural\/#website","url":"https:\/\/blogs.uninter.edu.mx\/difusioncultural\/","name":"Difusi\u00f3n Cultural","description":"UNINTER","publisher":{"@id":"https:\/\/blogs.uninter.edu.mx\/difusioncultural\/#organization"},"potentialAction":[{"@type":"SearchAction","target":{"@type":"EntryPoint","urlTemplate":"https:\/\/blogs.uninter.edu.mx\/difusioncultural\/?s={search_term_string}"},"query-input":{"@type":"PropertyValueSpecification","valueRequired":true,"valueName":"search_term_string"}}],"inLanguage":"es"},{"@type":"Organization","@id":"https:\/\/blogs.uninter.edu.mx\/difusioncultural\/#organization","name":"Difusi\u00f3n Cultural","url":"https:\/\/blogs.uninter.edu.mx\/difusioncultural\/","logo":{"@type":"ImageObject","inLanguage":"es","@id":"https:\/\/blogs.uninter.edu.mx\/difusioncultural\/#\/schema\/logo\/image\/","url":"https:\/\/blogs.uninter.edu.mx\/difusioncultural\/wp-content\/uploads\/2022\/09\/uninter.jpg","contentUrl":"https:\/\/blogs.uninter.edu.mx\/difusioncultural\/wp-content\/uploads\/2022\/09\/uninter.jpg","width":2048,"height":2048,"caption":"Difusi\u00f3n Cultural"},"image":{"@id":"https:\/\/blogs.uninter.edu.mx\/difusioncultural\/#\/schema\/logo\/image\/"}},{"@type":"Person","@id":"https:\/\/blogs.uninter.edu.mx\/difusioncultural\/#\/schema\/person\/c710e37686022500827405824a08a18c","name":"Aslhey Alejandra Gonz\u00e1lez Castro","image":{"@type":"ImageObject","inLanguage":"es","@id":"https:\/\/blogs.uninter.edu.mx\/difusioncultural\/#\/schema\/person\/image\/","url":"https:\/\/secure.gravatar.com\/avatar\/1905d6ed47b47ccbfb53e4b64f72f2017309e25d96ef418088d4f998ecf6552e?s=96&d=mm&r=g","contentUrl":"https:\/\/secure.gravatar.com\/avatar\/1905d6ed47b47ccbfb53e4b64f72f2017309e25d96ef418088d4f998ecf6552e?s=96&d=mm&r=g","caption":"Aslhey Alejandra Gonz\u00e1lez Castro"},"url":"https:\/\/blogs.uninter.edu.mx\/difusioncultural\/?author=24"}]}},"jetpack_publicize_connections":[],"jetpack_featured_media_url":"","jetpack_sharing_enabled":true,"_links":{"self":[{"href":"https:\/\/blogs.uninter.edu.mx\/difusioncultural\/index.php?rest_route=\/wp\/v2\/posts\/1972","targetHints":{"allow":["GET"]}}],"collection":[{"href":"https:\/\/blogs.uninter.edu.mx\/difusioncultural\/index.php?rest_route=\/wp\/v2\/posts"}],"about":[{"href":"https:\/\/blogs.uninter.edu.mx\/difusioncultural\/index.php?rest_route=\/wp\/v2\/types\/post"}],"author":[{"embeddable":true,"href":"https:\/\/blogs.uninter.edu.mx\/difusioncultural\/index.php?rest_route=\/wp\/v2\/users\/24"}],"replies":[{"embeddable":true,"href":"https:\/\/blogs.uninter.edu.mx\/difusioncultural\/index.php?rest_route=%2Fwp%2Fv2%2Fcomments&post=1972"}],"version-history":[{"count":0,"href":"https:\/\/blogs.uninter.edu.mx\/difusioncultural\/index.php?rest_route=\/wp\/v2\/posts\/1972\/revisions"}],"wp:attachment":[{"href":"https:\/\/blogs.uninter.edu.mx\/difusioncultural\/index.php?rest_route=%2Fwp%2Fv2%2Fmedia&parent=1972"}],"wp:term":[{"taxonomy":"category","embeddable":true,"href":"https:\/\/blogs.uninter.edu.mx\/difusioncultural\/index.php?rest_route=%2Fwp%2Fv2%2Fcategories&post=1972"},{"taxonomy":"post_tag","embeddable":true,"href":"https:\/\/blogs.uninter.edu.mx\/difusioncultural\/index.php?rest_route=%2Fwp%2Fv2%2Ftags&post=1972"}],"curies":[{"name":"wp","href":"https:\/\/api.w.org\/{rel}","templated":true}]}}