{"id":1975,"date":"2013-07-31T04:53:53","date_gmt":"2013-07-31T04:53:53","guid":{"rendered":"http:\/\/difusionculturaluninter.wordpress.com\/?p=1975"},"modified":"2013-07-31T04:53:53","modified_gmt":"2013-07-31T04:53:53","slug":"pequenos-grandes-musicos","status":"publish","type":"post","link":"https:\/\/blogs.uninter.edu.mx\/difusioncultural\/?p=1975","title":{"rendered":"Peque\u00f1os grandes m\u00fasicos"},"content":{"rendered":"<p>Los asientos vac\u00edos en el Teatro Degollado pod\u00edan contarse con los dedos de las manos, y eso que este lunes 29 de julio no toc\u00f3 ni la Orquesta Filarm\u00f3nica de Jalisco ni se present\u00f3 en la ciudad un espect\u00e1culo extranjero.<\/p>\n<p>Los artistas en escena eran cerca de 400 ni\u00f1os y j\u00f3venes entre siete y 18 a\u00f1os: peque\u00f1os aprendices del viol\u00edn, el chelo, la flauta, el clarinete, el contrabajo, las percusiones y el canto, que forman parte de las Orquestas, Coros y Bandas Sinf\u00f3nicas de la Secretar\u00eda de Educaci\u00f3n\u00a0Jalisco (SEJ).<\/p>\n<p>Tambi\u00e9n son estudiantes\u00a0de alto rendimiento en los niveles de primaria, secundaria y educaci\u00f3n media superior, como se encarg\u00f3 de anunciar la grave voz del maestro de ceremonias, luego de que la Banda de Alientos interpretara piezas conocidas por todos: Misi\u00f3n Imposible, de Lalo Schifrin; La Pantera Rosa, de Henry Mancini; y Brasil, de Ary Barroso.<\/p>\n<p>Al ritmo de esta \u00faltima fueron saliendo los integrantes del primer conjunto con sus trajes azules de banda de marcha, y guiados por el director art\u00edstico del proyecto, Marlon Jim\u00e9nez Pati\u00f1o.<\/p>\n<p>Y no era para menos, ya que hasta hace aproximadamente un a\u00f1o y medio, la mayor\u00eda de estos ni\u00f1os y j\u00f3venes no hab\u00edan tenido en sus manos un instrumento \u00bfC\u00f3mo es posible -entonces- que siete de los m\u00e1s bajitos de la Orquesta Infantil interpretaran en solo la melod\u00eda de La Llorona; y que, minutos m\u00e1s tarde, se escuchara el primer movimiento de la c\u00e9lebre 5ta Sinfon\u00eda de Beethoven tocado en\u00e9rgicamente por la Orquesta Juvenil?<\/p>\n<p>El secreto es que se trata de \u201cun programa rel\u00e1mpago\u201d, explic\u00f3 el profesor de viol\u00edn Sergio Caratachea antes del inicio del concierto. Su nombre es aprender\u00a0Escuchando, y al enfocarse en ense\u00f1ar las melod\u00edas y los movimientos corporales, antes que las notas o la lectura del pentagrama, los chicos pueden estar tocando en cuesti\u00f3n de dos meses.<\/p>\n<p>Los ni\u00f1os de hoy \u201cvienen acelerados\u201d y su h\u00e1bil manejo de la tecnolog\u00eda les permite aprender a paso veloz, dijo por su parte Marlon Jim\u00e9nez Pati\u00f1o.<\/p>\n<p>El originario de Ecuador, pero naturalizado mexicano, es responsable en gran medida de la existencia de este proyecto que financia el Gobierno del estado a trav\u00e9s de su Secretar\u00eda de Educaci\u00f3n, con el objetivo de promover el desarrollo integral de los j\u00f3venes jaliscienses.<\/p>\n<p>Y aunque no busca formar a la nueva de generaci\u00f3n de m\u00fasicos, sino que los peque\u00f1os inviertan su tiempo en una actividad positiva, Jim\u00e9nez est\u00e1 convencido de que, en este tiempo, \u201cel nivel ha mejorado much\u00edsimo\u201d y que \u201clos resultados son maravillosos\u201d.<\/p>\n<p>Ni los instrumentos ni las clases tienen costo alguno para los m\u00e1s de 700 ni\u00f1os que en total forman parte del programa. A cambio, se les pide, \u00fanicamente, que tengan disciplina y que mantengan sus buenas calificaciones en la escuela<\/p>\n<p>&nbsp;<\/p>\n<p><img decoding=\"async\" alt=\"\" src=\"http:\/\/img.informador.com.mx\/biblioteca\/imagen\/370x277\/940\/939112.jpg\" \/><\/p>\n","protected":false},"excerpt":{"rendered":"<p>Los asientos vac\u00edos en el Teatro Degollado pod\u00edan contarse con los dedos de las manos, y eso que este lunes 29 de julio no toc\u00f3 ni la Orquesta Filarm\u00f3nica de Jalisco ni se present\u00f3 en la ciudad un espect\u00e1culo extranjero. Los artistas en escena eran cerca de 400 ni\u00f1os y j\u00f3venes entre siete y 18&hellip;<\/p>\n","protected":false},"author":24,"featured_media":0,"comment_status":"open","ping_status":"open","sticky":false,"template":"","format":"standard","meta":{"_jetpack_memberships_contains_paid_content":false,"footnotes":"","jetpack_publicize_message":"","jetpack_publicize_feature_enabled":true,"jetpack_social_post_already_shared":false,"jetpack_social_options":{"image_generator_settings":{"template":"highway","default_image_id":0,"font":"","enabled":false},"version":2}},"categories":[1],"tags":[],"class_list":["post-1975","post","type-post","status-publish","format-standard","hentry","category-sin-categoria"],"yoast_head":"<!-- This site is optimized with the Yoast SEO plugin v26.3 - https:\/\/yoast.com\/wordpress\/plugins\/seo\/ -->\r\n<title>Peque\u00f1os grandes m\u00fasicos - Difusi\u00f3n Cultural<\/title>\r\n<meta name=\"robots\" content=\"index, follow, max-snippet:-1, max-image-preview:large, max-video-preview:-1\" \/>\r\n<link rel=\"canonical\" href=\"https:\/\/blogs.uninter.edu.mx\/difusioncultural\/?p=1975\" \/>\r\n<meta property=\"og:locale\" content=\"es_MX\" \/>\r\n<meta property=\"og:type\" content=\"article\" \/>\r\n<meta property=\"og:title\" content=\"Peque\u00f1os grandes m\u00fasicos - Difusi\u00f3n Cultural\" \/>\r\n<meta property=\"og:description\" content=\"Los asientos vac\u00edos en el Teatro Degollado pod\u00edan contarse con los dedos de las manos, y eso que este lunes 29 de julio no toc\u00f3 ni la Orquesta Filarm\u00f3nica de Jalisco ni se present\u00f3 en la ciudad un espect\u00e1culo extranjero. Los artistas en escena eran cerca de 400 ni\u00f1os y j\u00f3venes entre siete y 18&hellip;\" \/>\r\n<meta property=\"og:url\" content=\"https:\/\/blogs.uninter.edu.mx\/difusioncultural\/?p=1975\" \/>\r\n<meta property=\"og:site_name\" content=\"Difusi\u00f3n Cultural\" \/>\r\n<meta property=\"article:published_time\" content=\"2013-07-31T04:53:53+00:00\" \/>\r\n<meta property=\"og:image\" content=\"http:\/\/img.informador.com.mx\/biblioteca\/imagen\/370x277\/940\/939112.jpg\" \/>\r\n<meta name=\"author\" content=\"Aslhey Alejandra Gonz\u00e1lez Castro\" \/>\r\n<meta name=\"twitter:card\" content=\"summary_large_image\" \/>\r\n<meta name=\"twitter:label1\" content=\"Escrito por\" \/>\n\t<meta name=\"twitter:data1\" content=\"Aslhey Alejandra Gonz\u00e1lez Castro\" \/>\n\t<meta name=\"twitter:label2\" content=\"Tiempo de lectura\" \/>\n\t<meta name=\"twitter:data2\" content=\"3 minutos\" \/>\r\n<script type=\"application\/ld+json\" class=\"yoast-schema-graph\">{\"@context\":\"https:\/\/schema.org\",\"@graph\":[{\"@type\":\"Article\",\"@id\":\"https:\/\/blogs.uninter.edu.mx\/difusioncultural\/?p=1975#article\",\"isPartOf\":{\"@id\":\"https:\/\/blogs.uninter.edu.mx\/difusioncultural\/?p=1975\"},\"author\":{\"name\":\"Aslhey Alejandra Gonz\u00e1lez Castro\",\"@id\":\"https:\/\/blogs.uninter.edu.mx\/difusioncultural\/#\/schema\/person\/c710e37686022500827405824a08a18c\"},\"headline\":\"Peque\u00f1os grandes m\u00fasicos\",\"datePublished\":\"2013-07-31T04:53:53+00:00\",\"mainEntityOfPage\":{\"@id\":\"https:\/\/blogs.uninter.edu.mx\/difusioncultural\/?p=1975\"},\"wordCount\":512,\"commentCount\":0,\"publisher\":{\"@id\":\"https:\/\/blogs.uninter.edu.mx\/difusioncultural\/#organization\"},\"image\":{\"@id\":\"https:\/\/blogs.uninter.edu.mx\/difusioncultural\/?p=1975#primaryimage\"},\"thumbnailUrl\":\"http:\/\/img.informador.com.mx\/biblioteca\/imagen\/370x277\/940\/939112.jpg\",\"inLanguage\":\"es\",\"potentialAction\":[{\"@type\":\"CommentAction\",\"name\":\"Comment\",\"target\":[\"https:\/\/blogs.uninter.edu.mx\/difusioncultural\/?p=1975#respond\"]}]},{\"@type\":\"WebPage\",\"@id\":\"https:\/\/blogs.uninter.edu.mx\/difusioncultural\/?p=1975\",\"url\":\"https:\/\/blogs.uninter.edu.mx\/difusioncultural\/?p=1975\",\"name\":\"Peque\u00f1os grandes m\u00fasicos - Difusi\u00f3n Cultural\",\"isPartOf\":{\"@id\":\"https:\/\/blogs.uninter.edu.mx\/difusioncultural\/#website\"},\"primaryImageOfPage\":{\"@id\":\"https:\/\/blogs.uninter.edu.mx\/difusioncultural\/?p=1975#primaryimage\"},\"image\":{\"@id\":\"https:\/\/blogs.uninter.edu.mx\/difusioncultural\/?p=1975#primaryimage\"},\"thumbnailUrl\":\"http:\/\/img.informador.com.mx\/biblioteca\/imagen\/370x277\/940\/939112.jpg\",\"datePublished\":\"2013-07-31T04:53:53+00:00\",\"breadcrumb\":{\"@id\":\"https:\/\/blogs.uninter.edu.mx\/difusioncultural\/?p=1975#breadcrumb\"},\"inLanguage\":\"es\",\"potentialAction\":[{\"@type\":\"ReadAction\",\"target\":[\"https:\/\/blogs.uninter.edu.mx\/difusioncultural\/?p=1975\"]}]},{\"@type\":\"ImageObject\",\"inLanguage\":\"es\",\"@id\":\"https:\/\/blogs.uninter.edu.mx\/difusioncultural\/?p=1975#primaryimage\",\"url\":\"http:\/\/img.informador.com.mx\/biblioteca\/imagen\/370x277\/940\/939112.jpg\",\"contentUrl\":\"http:\/\/img.informador.com.mx\/biblioteca\/imagen\/370x277\/940\/939112.jpg\"},{\"@type\":\"BreadcrumbList\",\"@id\":\"https:\/\/blogs.uninter.edu.mx\/difusioncultural\/?p=1975#breadcrumb\",\"itemListElement\":[{\"@type\":\"ListItem\",\"position\":1,\"name\":\"Inicio\",\"item\":\"https:\/\/blogs.uninter.edu.mx\/difusioncultural\/\"},{\"@type\":\"ListItem\",\"position\":2,\"name\":\"Peque\u00f1os grandes m\u00fasicos\"}]},{\"@type\":\"WebSite\",\"@id\":\"https:\/\/blogs.uninter.edu.mx\/difusioncultural\/#website\",\"url\":\"https:\/\/blogs.uninter.edu.mx\/difusioncultural\/\",\"name\":\"Difusi\u00f3n Cultural\",\"description\":\"UNINTER\",\"publisher\":{\"@id\":\"https:\/\/blogs.uninter.edu.mx\/difusioncultural\/#organization\"},\"potentialAction\":[{\"@type\":\"SearchAction\",\"target\":{\"@type\":\"EntryPoint\",\"urlTemplate\":\"https:\/\/blogs.uninter.edu.mx\/difusioncultural\/?s={search_term_string}\"},\"query-input\":{\"@type\":\"PropertyValueSpecification\",\"valueRequired\":true,\"valueName\":\"search_term_string\"}}],\"inLanguage\":\"es\"},{\"@type\":\"Organization\",\"@id\":\"https:\/\/blogs.uninter.edu.mx\/difusioncultural\/#organization\",\"name\":\"Difusi\u00f3n Cultural\",\"url\":\"https:\/\/blogs.uninter.edu.mx\/difusioncultural\/\",\"logo\":{\"@type\":\"ImageObject\",\"inLanguage\":\"es\",\"@id\":\"https:\/\/blogs.uninter.edu.mx\/difusioncultural\/#\/schema\/logo\/image\/\",\"url\":\"https:\/\/blogs.uninter.edu.mx\/difusioncultural\/wp-content\/uploads\/2022\/09\/uninter.jpg\",\"contentUrl\":\"https:\/\/blogs.uninter.edu.mx\/difusioncultural\/wp-content\/uploads\/2022\/09\/uninter.jpg\",\"width\":2048,\"height\":2048,\"caption\":\"Difusi\u00f3n Cultural\"},\"image\":{\"@id\":\"https:\/\/blogs.uninter.edu.mx\/difusioncultural\/#\/schema\/logo\/image\/\"}},{\"@type\":\"Person\",\"@id\":\"https:\/\/blogs.uninter.edu.mx\/difusioncultural\/#\/schema\/person\/c710e37686022500827405824a08a18c\",\"name\":\"Aslhey Alejandra Gonz\u00e1lez Castro\",\"image\":{\"@type\":\"ImageObject\",\"inLanguage\":\"es\",\"@id\":\"https:\/\/blogs.uninter.edu.mx\/difusioncultural\/#\/schema\/person\/image\/\",\"url\":\"https:\/\/secure.gravatar.com\/avatar\/1905d6ed47b47ccbfb53e4b64f72f2017309e25d96ef418088d4f998ecf6552e?s=96&d=mm&r=g\",\"contentUrl\":\"https:\/\/secure.gravatar.com\/avatar\/1905d6ed47b47ccbfb53e4b64f72f2017309e25d96ef418088d4f998ecf6552e?s=96&d=mm&r=g\",\"caption\":\"Aslhey Alejandra Gonz\u00e1lez Castro\"},\"url\":\"https:\/\/blogs.uninter.edu.mx\/difusioncultural\/?author=24\"}]}<\/script>\r\n<!-- \/ Yoast SEO plugin. -->","yoast_head_json":{"title":"Peque\u00f1os grandes m\u00fasicos - Difusi\u00f3n Cultural","robots":{"index":"index","follow":"follow","max-snippet":"max-snippet:-1","max-image-preview":"max-image-preview:large","max-video-preview":"max-video-preview:-1"},"canonical":"https:\/\/blogs.uninter.edu.mx\/difusioncultural\/?p=1975","og_locale":"es_MX","og_type":"article","og_title":"Peque\u00f1os grandes m\u00fasicos - Difusi\u00f3n Cultural","og_description":"Los asientos vac\u00edos en el Teatro Degollado pod\u00edan contarse con los dedos de las manos, y eso que este lunes 29 de julio no toc\u00f3 ni la Orquesta Filarm\u00f3nica de Jalisco ni se present\u00f3 en la ciudad un espect\u00e1culo extranjero. Los artistas en escena eran cerca de 400 ni\u00f1os y j\u00f3venes entre siete y 18&hellip;","og_url":"https:\/\/blogs.uninter.edu.mx\/difusioncultural\/?p=1975","og_site_name":"Difusi\u00f3n Cultural","article_published_time":"2013-07-31T04:53:53+00:00","og_image":[{"url":"http:\/\/img.informador.com.mx\/biblioteca\/imagen\/370x277\/940\/939112.jpg","type":"","width":"","height":""}],"author":"Aslhey Alejandra Gonz\u00e1lez Castro","twitter_card":"summary_large_image","twitter_misc":{"Escrito por":"Aslhey Alejandra Gonz\u00e1lez Castro","Tiempo de lectura":"3 minutos"},"schema":{"@context":"https:\/\/schema.org","@graph":[{"@type":"Article","@id":"https:\/\/blogs.uninter.edu.mx\/difusioncultural\/?p=1975#article","isPartOf":{"@id":"https:\/\/blogs.uninter.edu.mx\/difusioncultural\/?p=1975"},"author":{"name":"Aslhey Alejandra Gonz\u00e1lez Castro","@id":"https:\/\/blogs.uninter.edu.mx\/difusioncultural\/#\/schema\/person\/c710e37686022500827405824a08a18c"},"headline":"Peque\u00f1os grandes m\u00fasicos","datePublished":"2013-07-31T04:53:53+00:00","mainEntityOfPage":{"@id":"https:\/\/blogs.uninter.edu.mx\/difusioncultural\/?p=1975"},"wordCount":512,"commentCount":0,"publisher":{"@id":"https:\/\/blogs.uninter.edu.mx\/difusioncultural\/#organization"},"image":{"@id":"https:\/\/blogs.uninter.edu.mx\/difusioncultural\/?p=1975#primaryimage"},"thumbnailUrl":"http:\/\/img.informador.com.mx\/biblioteca\/imagen\/370x277\/940\/939112.jpg","inLanguage":"es","potentialAction":[{"@type":"CommentAction","name":"Comment","target":["https:\/\/blogs.uninter.edu.mx\/difusioncultural\/?p=1975#respond"]}]},{"@type":"WebPage","@id":"https:\/\/blogs.uninter.edu.mx\/difusioncultural\/?p=1975","url":"https:\/\/blogs.uninter.edu.mx\/difusioncultural\/?p=1975","name":"Peque\u00f1os grandes m\u00fasicos - Difusi\u00f3n Cultural","isPartOf":{"@id":"https:\/\/blogs.uninter.edu.mx\/difusioncultural\/#website"},"primaryImageOfPage":{"@id":"https:\/\/blogs.uninter.edu.mx\/difusioncultural\/?p=1975#primaryimage"},"image":{"@id":"https:\/\/blogs.uninter.edu.mx\/difusioncultural\/?p=1975#primaryimage"},"thumbnailUrl":"http:\/\/img.informador.com.mx\/biblioteca\/imagen\/370x277\/940\/939112.jpg","datePublished":"2013-07-31T04:53:53+00:00","breadcrumb":{"@id":"https:\/\/blogs.uninter.edu.mx\/difusioncultural\/?p=1975#breadcrumb"},"inLanguage":"es","potentialAction":[{"@type":"ReadAction","target":["https:\/\/blogs.uninter.edu.mx\/difusioncultural\/?p=1975"]}]},{"@type":"ImageObject","inLanguage":"es","@id":"https:\/\/blogs.uninter.edu.mx\/difusioncultural\/?p=1975#primaryimage","url":"http:\/\/img.informador.com.mx\/biblioteca\/imagen\/370x277\/940\/939112.jpg","contentUrl":"http:\/\/img.informador.com.mx\/biblioteca\/imagen\/370x277\/940\/939112.jpg"},{"@type":"BreadcrumbList","@id":"https:\/\/blogs.uninter.edu.mx\/difusioncultural\/?p=1975#breadcrumb","itemListElement":[{"@type":"ListItem","position":1,"name":"Inicio","item":"https:\/\/blogs.uninter.edu.mx\/difusioncultural\/"},{"@type":"ListItem","position":2,"name":"Peque\u00f1os grandes m\u00fasicos"}]},{"@type":"WebSite","@id":"https:\/\/blogs.uninter.edu.mx\/difusioncultural\/#website","url":"https:\/\/blogs.uninter.edu.mx\/difusioncultural\/","name":"Difusi\u00f3n Cultural","description":"UNINTER","publisher":{"@id":"https:\/\/blogs.uninter.edu.mx\/difusioncultural\/#organization"},"potentialAction":[{"@type":"SearchAction","target":{"@type":"EntryPoint","urlTemplate":"https:\/\/blogs.uninter.edu.mx\/difusioncultural\/?s={search_term_string}"},"query-input":{"@type":"PropertyValueSpecification","valueRequired":true,"valueName":"search_term_string"}}],"inLanguage":"es"},{"@type":"Organization","@id":"https:\/\/blogs.uninter.edu.mx\/difusioncultural\/#organization","name":"Difusi\u00f3n Cultural","url":"https:\/\/blogs.uninter.edu.mx\/difusioncultural\/","logo":{"@type":"ImageObject","inLanguage":"es","@id":"https:\/\/blogs.uninter.edu.mx\/difusioncultural\/#\/schema\/logo\/image\/","url":"https:\/\/blogs.uninter.edu.mx\/difusioncultural\/wp-content\/uploads\/2022\/09\/uninter.jpg","contentUrl":"https:\/\/blogs.uninter.edu.mx\/difusioncultural\/wp-content\/uploads\/2022\/09\/uninter.jpg","width":2048,"height":2048,"caption":"Difusi\u00f3n Cultural"},"image":{"@id":"https:\/\/blogs.uninter.edu.mx\/difusioncultural\/#\/schema\/logo\/image\/"}},{"@type":"Person","@id":"https:\/\/blogs.uninter.edu.mx\/difusioncultural\/#\/schema\/person\/c710e37686022500827405824a08a18c","name":"Aslhey Alejandra Gonz\u00e1lez Castro","image":{"@type":"ImageObject","inLanguage":"es","@id":"https:\/\/blogs.uninter.edu.mx\/difusioncultural\/#\/schema\/person\/image\/","url":"https:\/\/secure.gravatar.com\/avatar\/1905d6ed47b47ccbfb53e4b64f72f2017309e25d96ef418088d4f998ecf6552e?s=96&d=mm&r=g","contentUrl":"https:\/\/secure.gravatar.com\/avatar\/1905d6ed47b47ccbfb53e4b64f72f2017309e25d96ef418088d4f998ecf6552e?s=96&d=mm&r=g","caption":"Aslhey Alejandra Gonz\u00e1lez Castro"},"url":"https:\/\/blogs.uninter.edu.mx\/difusioncultural\/?author=24"}]}},"jetpack_publicize_connections":[],"jetpack_featured_media_url":"","jetpack_sharing_enabled":true,"_links":{"self":[{"href":"https:\/\/blogs.uninter.edu.mx\/difusioncultural\/index.php?rest_route=\/wp\/v2\/posts\/1975","targetHints":{"allow":["GET"]}}],"collection":[{"href":"https:\/\/blogs.uninter.edu.mx\/difusioncultural\/index.php?rest_route=\/wp\/v2\/posts"}],"about":[{"href":"https:\/\/blogs.uninter.edu.mx\/difusioncultural\/index.php?rest_route=\/wp\/v2\/types\/post"}],"author":[{"embeddable":true,"href":"https:\/\/blogs.uninter.edu.mx\/difusioncultural\/index.php?rest_route=\/wp\/v2\/users\/24"}],"replies":[{"embeddable":true,"href":"https:\/\/blogs.uninter.edu.mx\/difusioncultural\/index.php?rest_route=%2Fwp%2Fv2%2Fcomments&post=1975"}],"version-history":[{"count":0,"href":"https:\/\/blogs.uninter.edu.mx\/difusioncultural\/index.php?rest_route=\/wp\/v2\/posts\/1975\/revisions"}],"wp:attachment":[{"href":"https:\/\/blogs.uninter.edu.mx\/difusioncultural\/index.php?rest_route=%2Fwp%2Fv2%2Fmedia&parent=1975"}],"wp:term":[{"taxonomy":"category","embeddable":true,"href":"https:\/\/blogs.uninter.edu.mx\/difusioncultural\/index.php?rest_route=%2Fwp%2Fv2%2Fcategories&post=1975"},{"taxonomy":"post_tag","embeddable":true,"href":"https:\/\/blogs.uninter.edu.mx\/difusioncultural\/index.php?rest_route=%2Fwp%2Fv2%2Ftags&post=1975"}],"curies":[{"name":"wp","href":"https:\/\/api.w.org\/{rel}","templated":true}]}}