{"id":1984,"date":"2013-08-05T03:57:53","date_gmt":"2013-08-05T03:57:53","guid":{"rendered":"http:\/\/difusionculturaluninter.wordpress.com\/?p=1984"},"modified":"2013-08-05T03:57:53","modified_gmt":"2013-08-05T03:57:53","slug":"el-primer-hombre-en-pisar-la-luna-05-de-agosto-nacimiento-de-neil-armstrong","status":"publish","type":"post","link":"https:\/\/blogs.uninter.edu.mx\/difusioncultural\/?p=1984","title":{"rendered":"El primer hombre en pisar la luna : 05 de Agosto Nacimiento de Neil Armstrong"},"content":{"rendered":"<p>Un d\u00eda como hoy \u00a05 de Agosto pero de 1930 nace \u00a0Neil Amstrong, \u00a0el primer ser humano en pisar la Luna, nuestro sat\u00e9lite natural. Desde ni\u00f1o Armstrong desarroll\u00f3 un peculiar inter\u00e9s por volar. A los seis a\u00f1os realiz\u00f3 su primer vuelo en un Tri-Motor, llamado popularmente \u201cGanso de Lata\u201d y a partir de ah\u00ed su afici\u00f3n por la aviaci\u00f3n se convirti\u00f3 en casi obsesi\u00f3n.<\/p>\n<p>A los 15 a\u00f1os, Armstrong empez\u00f3 a tomar clases de vuelo al norte de su pueblo natal, Wapakoneta y ya a los 16 a\u00f1os ten\u00eda licencia para volar, antes de siquiera graduarse de la secundaria en 1947. Recibi\u00f3 entonces una beca de la Marina norteamericana y poco despu\u00e9s fue a la Universidad de Purdue, para estudiar ingenier\u00eda aeron\u00e1utica.<\/p>\n<p>Para 1952, Armstrong se uni\u00f3 a la NACA, la cual a la postre se convertir\u00eda en la NASA, en donde se convirti\u00f3 en piloto de investigaciones a alta velocidades.En el a\u00f1o 1962, Armstrong se conviirt\u00f3 en astronauta y se mud\u00f3 a El Lago, Texas, cerca del Centro de Vuelos Espaciales, en Houston, para comenzar con su entrenamiento. Fue sometido a un fuerte trabajo por cuatro a\u00f1os, para que finalmente la NASA, a trav\u00e9s de su programa Apolo, pudiese llevar a un hombre a la Luna, meta prometida por John F. Kennedy, en 1961. El 16 de marzo de 1966 vol\u00f3 en su primera misi\u00f3n espacial, siendo \u00e9l quien comandara el Gemini 8, junto con su colega, David Scott.<\/p>\n<p>En 1969 fue elegido como el comandante del Apolo 11 y fue quien gan\u00f3 la distinci\u00f3n de pisar la superficie lunar por vez primera. El 21 de julio de 1969 Neil Armstrong pis\u00f3 la superficie de la Luna, frente a millones de personas que por televisi\u00f3n siguieron la haza\u00f1a y fue ah\u00ed donde pronunci\u00f3 su famosa frase: \u201cEs un peque\u00f1o paso para un hombre, pero un gran salto para la humanidad\u201d (\u201cThat\u2019s one small step for man, one giant leap for mankind\u201d). Su compa\u00f1ero , Buzz Aldrin, y \u00e9l estuvieron unas 2 horas y media en la Luna, recogiendo muestras y haciendo experimentos, as\u00ed como tomando miles de fotograf\u00edas. Los tres astronautas arribaron a la Tierra el 24 de julio, de nuevo en el oc\u00e9ano Pac\u00edfico pero despu\u00e9s de este fant\u00e1stico viaje\u00a0 ninguno de ellos volver\u00eda al espacio nunca m\u00e1s.<\/p>\n<p>Neil Armstrong muri\u00f3 el 25 de agosto del 2012. Acababa de cumplir 82 a\u00f1os. El 7 de ese mes se hab\u00eda sometido a cirug\u00eda de coraz\u00f3n, aparentemente por complicaciones derivadas de esta cirug\u00eda de bypass<\/p>\n<p><img decoding=\"async\" alt=\"armstrong\" src=\"http:\/\/www.unocero.com\/wp-content\/uploads\/2013\/08\/armstrong.jpg\" \/><\/p>\n<p>&nbsp;<\/p>\n<p>&nbsp;<\/p>\n","protected":false},"excerpt":{"rendered":"<p>Un d\u00eda como hoy \u00a05 de Agosto pero de 1930 nace \u00a0Neil Amstrong, \u00a0el primer ser humano en pisar la Luna, nuestro sat\u00e9lite natural. Desde ni\u00f1o Armstrong desarroll\u00f3 un peculiar inter\u00e9s por volar. A los seis a\u00f1os realiz\u00f3 su primer vuelo en un Tri-Motor, llamado popularmente \u201cGanso de Lata\u201d y a partir de ah\u00ed su&hellip;<\/p>\n","protected":false},"author":24,"featured_media":0,"comment_status":"open","ping_status":"open","sticky":false,"template":"","format":"standard","meta":{"_jetpack_memberships_contains_paid_content":false,"footnotes":"","jetpack_publicize_message":"","jetpack_publicize_feature_enabled":true,"jetpack_social_post_already_shared":false,"jetpack_social_options":{"image_generator_settings":{"template":"highway","default_image_id":0,"font":"","enabled":false},"version":2}},"categories":[1],"tags":[],"class_list":["post-1984","post","type-post","status-publish","format-standard","hentry","category-sin-categoria"],"yoast_head":"<!-- This site is optimized with the Yoast SEO plugin v26.3 - https:\/\/yoast.com\/wordpress\/plugins\/seo\/ -->\r\n<title>El primer hombre en pisar la luna : 05 de Agosto Nacimiento de Neil Armstrong - Difusi\u00f3n Cultural<\/title>\r\n<meta name=\"robots\" content=\"index, follow, max-snippet:-1, max-image-preview:large, max-video-preview:-1\" \/>\r\n<link rel=\"canonical\" href=\"https:\/\/blogs.uninter.edu.mx\/difusioncultural\/?p=1984\" \/>\r\n<meta property=\"og:locale\" content=\"es_MX\" \/>\r\n<meta property=\"og:type\" content=\"article\" \/>\r\n<meta property=\"og:title\" content=\"El primer hombre en pisar la luna : 05 de Agosto Nacimiento de Neil Armstrong - Difusi\u00f3n Cultural\" \/>\r\n<meta property=\"og:description\" content=\"Un d\u00eda como hoy \u00a05 de Agosto pero de 1930 nace \u00a0Neil Amstrong, \u00a0el primer ser humano en pisar la Luna, nuestro sat\u00e9lite natural. Desde ni\u00f1o Armstrong desarroll\u00f3 un peculiar inter\u00e9s por volar. A los seis a\u00f1os realiz\u00f3 su primer vuelo en un Tri-Motor, llamado popularmente \u201cGanso de Lata\u201d y a partir de ah\u00ed su&hellip;\" \/>\r\n<meta property=\"og:url\" content=\"https:\/\/blogs.uninter.edu.mx\/difusioncultural\/?p=1984\" \/>\r\n<meta property=\"og:site_name\" content=\"Difusi\u00f3n Cultural\" \/>\r\n<meta property=\"article:published_time\" content=\"2013-08-05T03:57:53+00:00\" \/>\r\n<meta property=\"og:image\" content=\"http:\/\/www.unocero.com\/wp-content\/uploads\/2013\/08\/armstrong.jpg\" \/>\r\n<meta name=\"author\" content=\"Aslhey Alejandra Gonz\u00e1lez Castro\" \/>\r\n<meta name=\"twitter:card\" content=\"summary_large_image\" \/>\r\n<meta name=\"twitter:label1\" content=\"Escrito por\" \/>\n\t<meta name=\"twitter:data1\" content=\"Aslhey Alejandra Gonz\u00e1lez Castro\" \/>\n\t<meta name=\"twitter:label2\" content=\"Tiempo de lectura\" \/>\n\t<meta name=\"twitter:data2\" content=\"2 minutos\" \/>\r\n<script type=\"application\/ld+json\" class=\"yoast-schema-graph\">{\"@context\":\"https:\/\/schema.org\",\"@graph\":[{\"@type\":\"Article\",\"@id\":\"https:\/\/blogs.uninter.edu.mx\/difusioncultural\/?p=1984#article\",\"isPartOf\":{\"@id\":\"https:\/\/blogs.uninter.edu.mx\/difusioncultural\/?p=1984\"},\"author\":{\"name\":\"Aslhey Alejandra Gonz\u00e1lez Castro\",\"@id\":\"https:\/\/blogs.uninter.edu.mx\/difusioncultural\/#\/schema\/person\/c710e37686022500827405824a08a18c\"},\"headline\":\"El primer hombre en pisar la luna : 05 de Agosto Nacimiento de Neil Armstrong\",\"datePublished\":\"2013-08-05T03:57:53+00:00\",\"mainEntityOfPage\":{\"@id\":\"https:\/\/blogs.uninter.edu.mx\/difusioncultural\/?p=1984\"},\"wordCount\":446,\"commentCount\":0,\"publisher\":{\"@id\":\"https:\/\/blogs.uninter.edu.mx\/difusioncultural\/#organization\"},\"image\":{\"@id\":\"https:\/\/blogs.uninter.edu.mx\/difusioncultural\/?p=1984#primaryimage\"},\"thumbnailUrl\":\"http:\/\/www.unocero.com\/wp-content\/uploads\/2013\/08\/armstrong.jpg\",\"inLanguage\":\"es\",\"potentialAction\":[{\"@type\":\"CommentAction\",\"name\":\"Comment\",\"target\":[\"https:\/\/blogs.uninter.edu.mx\/difusioncultural\/?p=1984#respond\"]}]},{\"@type\":\"WebPage\",\"@id\":\"https:\/\/blogs.uninter.edu.mx\/difusioncultural\/?p=1984\",\"url\":\"https:\/\/blogs.uninter.edu.mx\/difusioncultural\/?p=1984\",\"name\":\"El primer hombre en pisar la luna : 05 de Agosto Nacimiento de Neil Armstrong - Difusi\u00f3n Cultural\",\"isPartOf\":{\"@id\":\"https:\/\/blogs.uninter.edu.mx\/difusioncultural\/#website\"},\"primaryImageOfPage\":{\"@id\":\"https:\/\/blogs.uninter.edu.mx\/difusioncultural\/?p=1984#primaryimage\"},\"image\":{\"@id\":\"https:\/\/blogs.uninter.edu.mx\/difusioncultural\/?p=1984#primaryimage\"},\"thumbnailUrl\":\"http:\/\/www.unocero.com\/wp-content\/uploads\/2013\/08\/armstrong.jpg\",\"datePublished\":\"2013-08-05T03:57:53+00:00\",\"breadcrumb\":{\"@id\":\"https:\/\/blogs.uninter.edu.mx\/difusioncultural\/?p=1984#breadcrumb\"},\"inLanguage\":\"es\",\"potentialAction\":[{\"@type\":\"ReadAction\",\"target\":[\"https:\/\/blogs.uninter.edu.mx\/difusioncultural\/?p=1984\"]}]},{\"@type\":\"ImageObject\",\"inLanguage\":\"es\",\"@id\":\"https:\/\/blogs.uninter.edu.mx\/difusioncultural\/?p=1984#primaryimage\",\"url\":\"http:\/\/www.unocero.com\/wp-content\/uploads\/2013\/08\/armstrong.jpg\",\"contentUrl\":\"http:\/\/www.unocero.com\/wp-content\/uploads\/2013\/08\/armstrong.jpg\"},{\"@type\":\"BreadcrumbList\",\"@id\":\"https:\/\/blogs.uninter.edu.mx\/difusioncultural\/?p=1984#breadcrumb\",\"itemListElement\":[{\"@type\":\"ListItem\",\"position\":1,\"name\":\"Inicio\",\"item\":\"https:\/\/blogs.uninter.edu.mx\/difusioncultural\/\"},{\"@type\":\"ListItem\",\"position\":2,\"name\":\"El primer hombre en pisar la luna : 05 de Agosto Nacimiento de Neil Armstrong\"}]},{\"@type\":\"WebSite\",\"@id\":\"https:\/\/blogs.uninter.edu.mx\/difusioncultural\/#website\",\"url\":\"https:\/\/blogs.uninter.edu.mx\/difusioncultural\/\",\"name\":\"Difusi\u00f3n Cultural\",\"description\":\"UNINTER\",\"publisher\":{\"@id\":\"https:\/\/blogs.uninter.edu.mx\/difusioncultural\/#organization\"},\"potentialAction\":[{\"@type\":\"SearchAction\",\"target\":{\"@type\":\"EntryPoint\",\"urlTemplate\":\"https:\/\/blogs.uninter.edu.mx\/difusioncultural\/?s={search_term_string}\"},\"query-input\":{\"@type\":\"PropertyValueSpecification\",\"valueRequired\":true,\"valueName\":\"search_term_string\"}}],\"inLanguage\":\"es\"},{\"@type\":\"Organization\",\"@id\":\"https:\/\/blogs.uninter.edu.mx\/difusioncultural\/#organization\",\"name\":\"Difusi\u00f3n Cultural\",\"url\":\"https:\/\/blogs.uninter.edu.mx\/difusioncultural\/\",\"logo\":{\"@type\":\"ImageObject\",\"inLanguage\":\"es\",\"@id\":\"https:\/\/blogs.uninter.edu.mx\/difusioncultural\/#\/schema\/logo\/image\/\",\"url\":\"https:\/\/blogs.uninter.edu.mx\/difusioncultural\/wp-content\/uploads\/2022\/09\/uninter.jpg\",\"contentUrl\":\"https:\/\/blogs.uninter.edu.mx\/difusioncultural\/wp-content\/uploads\/2022\/09\/uninter.jpg\",\"width\":2048,\"height\":2048,\"caption\":\"Difusi\u00f3n Cultural\"},\"image\":{\"@id\":\"https:\/\/blogs.uninter.edu.mx\/difusioncultural\/#\/schema\/logo\/image\/\"}},{\"@type\":\"Person\",\"@id\":\"https:\/\/blogs.uninter.edu.mx\/difusioncultural\/#\/schema\/person\/c710e37686022500827405824a08a18c\",\"name\":\"Aslhey Alejandra Gonz\u00e1lez Castro\",\"image\":{\"@type\":\"ImageObject\",\"inLanguage\":\"es\",\"@id\":\"https:\/\/blogs.uninter.edu.mx\/difusioncultural\/#\/schema\/person\/image\/\",\"url\":\"https:\/\/secure.gravatar.com\/avatar\/1905d6ed47b47ccbfb53e4b64f72f2017309e25d96ef418088d4f998ecf6552e?s=96&d=mm&r=g\",\"contentUrl\":\"https:\/\/secure.gravatar.com\/avatar\/1905d6ed47b47ccbfb53e4b64f72f2017309e25d96ef418088d4f998ecf6552e?s=96&d=mm&r=g\",\"caption\":\"Aslhey Alejandra Gonz\u00e1lez Castro\"},\"url\":\"https:\/\/blogs.uninter.edu.mx\/difusioncultural\/?author=24\"}]}<\/script>\r\n<!-- \/ Yoast SEO plugin. -->","yoast_head_json":{"title":"El primer hombre en pisar la luna : 05 de Agosto Nacimiento de Neil Armstrong - Difusi\u00f3n Cultural","robots":{"index":"index","follow":"follow","max-snippet":"max-snippet:-1","max-image-preview":"max-image-preview:large","max-video-preview":"max-video-preview:-1"},"canonical":"https:\/\/blogs.uninter.edu.mx\/difusioncultural\/?p=1984","og_locale":"es_MX","og_type":"article","og_title":"El primer hombre en pisar la luna : 05 de Agosto Nacimiento de Neil Armstrong - Difusi\u00f3n Cultural","og_description":"Un d\u00eda como hoy \u00a05 de Agosto pero de 1930 nace \u00a0Neil Amstrong, \u00a0el primer ser humano en pisar la Luna, nuestro sat\u00e9lite natural. Desde ni\u00f1o Armstrong desarroll\u00f3 un peculiar inter\u00e9s por volar. A los seis a\u00f1os realiz\u00f3 su primer vuelo en un Tri-Motor, llamado popularmente \u201cGanso de Lata\u201d y a partir de ah\u00ed su&hellip;","og_url":"https:\/\/blogs.uninter.edu.mx\/difusioncultural\/?p=1984","og_site_name":"Difusi\u00f3n Cultural","article_published_time":"2013-08-05T03:57:53+00:00","og_image":[{"url":"http:\/\/www.unocero.com\/wp-content\/uploads\/2013\/08\/armstrong.jpg","type":"","width":"","height":""}],"author":"Aslhey Alejandra Gonz\u00e1lez Castro","twitter_card":"summary_large_image","twitter_misc":{"Escrito por":"Aslhey Alejandra Gonz\u00e1lez Castro","Tiempo de lectura":"2 minutos"},"schema":{"@context":"https:\/\/schema.org","@graph":[{"@type":"Article","@id":"https:\/\/blogs.uninter.edu.mx\/difusioncultural\/?p=1984#article","isPartOf":{"@id":"https:\/\/blogs.uninter.edu.mx\/difusioncultural\/?p=1984"},"author":{"name":"Aslhey Alejandra Gonz\u00e1lez Castro","@id":"https:\/\/blogs.uninter.edu.mx\/difusioncultural\/#\/schema\/person\/c710e37686022500827405824a08a18c"},"headline":"El primer hombre en pisar la luna : 05 de Agosto Nacimiento de Neil Armstrong","datePublished":"2013-08-05T03:57:53+00:00","mainEntityOfPage":{"@id":"https:\/\/blogs.uninter.edu.mx\/difusioncultural\/?p=1984"},"wordCount":446,"commentCount":0,"publisher":{"@id":"https:\/\/blogs.uninter.edu.mx\/difusioncultural\/#organization"},"image":{"@id":"https:\/\/blogs.uninter.edu.mx\/difusioncultural\/?p=1984#primaryimage"},"thumbnailUrl":"http:\/\/www.unocero.com\/wp-content\/uploads\/2013\/08\/armstrong.jpg","inLanguage":"es","potentialAction":[{"@type":"CommentAction","name":"Comment","target":["https:\/\/blogs.uninter.edu.mx\/difusioncultural\/?p=1984#respond"]}]},{"@type":"WebPage","@id":"https:\/\/blogs.uninter.edu.mx\/difusioncultural\/?p=1984","url":"https:\/\/blogs.uninter.edu.mx\/difusioncultural\/?p=1984","name":"El primer hombre en pisar la luna : 05 de Agosto Nacimiento de Neil Armstrong - Difusi\u00f3n Cultural","isPartOf":{"@id":"https:\/\/blogs.uninter.edu.mx\/difusioncultural\/#website"},"primaryImageOfPage":{"@id":"https:\/\/blogs.uninter.edu.mx\/difusioncultural\/?p=1984#primaryimage"},"image":{"@id":"https:\/\/blogs.uninter.edu.mx\/difusioncultural\/?p=1984#primaryimage"},"thumbnailUrl":"http:\/\/www.unocero.com\/wp-content\/uploads\/2013\/08\/armstrong.jpg","datePublished":"2013-08-05T03:57:53+00:00","breadcrumb":{"@id":"https:\/\/blogs.uninter.edu.mx\/difusioncultural\/?p=1984#breadcrumb"},"inLanguage":"es","potentialAction":[{"@type":"ReadAction","target":["https:\/\/blogs.uninter.edu.mx\/difusioncultural\/?p=1984"]}]},{"@type":"ImageObject","inLanguage":"es","@id":"https:\/\/blogs.uninter.edu.mx\/difusioncultural\/?p=1984#primaryimage","url":"http:\/\/www.unocero.com\/wp-content\/uploads\/2013\/08\/armstrong.jpg","contentUrl":"http:\/\/www.unocero.com\/wp-content\/uploads\/2013\/08\/armstrong.jpg"},{"@type":"BreadcrumbList","@id":"https:\/\/blogs.uninter.edu.mx\/difusioncultural\/?p=1984#breadcrumb","itemListElement":[{"@type":"ListItem","position":1,"name":"Inicio","item":"https:\/\/blogs.uninter.edu.mx\/difusioncultural\/"},{"@type":"ListItem","position":2,"name":"El primer hombre en pisar la luna : 05 de Agosto Nacimiento de Neil Armstrong"}]},{"@type":"WebSite","@id":"https:\/\/blogs.uninter.edu.mx\/difusioncultural\/#website","url":"https:\/\/blogs.uninter.edu.mx\/difusioncultural\/","name":"Difusi\u00f3n Cultural","description":"UNINTER","publisher":{"@id":"https:\/\/blogs.uninter.edu.mx\/difusioncultural\/#organization"},"potentialAction":[{"@type":"SearchAction","target":{"@type":"EntryPoint","urlTemplate":"https:\/\/blogs.uninter.edu.mx\/difusioncultural\/?s={search_term_string}"},"query-input":{"@type":"PropertyValueSpecification","valueRequired":true,"valueName":"search_term_string"}}],"inLanguage":"es"},{"@type":"Organization","@id":"https:\/\/blogs.uninter.edu.mx\/difusioncultural\/#organization","name":"Difusi\u00f3n Cultural","url":"https:\/\/blogs.uninter.edu.mx\/difusioncultural\/","logo":{"@type":"ImageObject","inLanguage":"es","@id":"https:\/\/blogs.uninter.edu.mx\/difusioncultural\/#\/schema\/logo\/image\/","url":"https:\/\/blogs.uninter.edu.mx\/difusioncultural\/wp-content\/uploads\/2022\/09\/uninter.jpg","contentUrl":"https:\/\/blogs.uninter.edu.mx\/difusioncultural\/wp-content\/uploads\/2022\/09\/uninter.jpg","width":2048,"height":2048,"caption":"Difusi\u00f3n Cultural"},"image":{"@id":"https:\/\/blogs.uninter.edu.mx\/difusioncultural\/#\/schema\/logo\/image\/"}},{"@type":"Person","@id":"https:\/\/blogs.uninter.edu.mx\/difusioncultural\/#\/schema\/person\/c710e37686022500827405824a08a18c","name":"Aslhey Alejandra Gonz\u00e1lez Castro","image":{"@type":"ImageObject","inLanguage":"es","@id":"https:\/\/blogs.uninter.edu.mx\/difusioncultural\/#\/schema\/person\/image\/","url":"https:\/\/secure.gravatar.com\/avatar\/1905d6ed47b47ccbfb53e4b64f72f2017309e25d96ef418088d4f998ecf6552e?s=96&d=mm&r=g","contentUrl":"https:\/\/secure.gravatar.com\/avatar\/1905d6ed47b47ccbfb53e4b64f72f2017309e25d96ef418088d4f998ecf6552e?s=96&d=mm&r=g","caption":"Aslhey Alejandra Gonz\u00e1lez Castro"},"url":"https:\/\/blogs.uninter.edu.mx\/difusioncultural\/?author=24"}]}},"jetpack_publicize_connections":[],"jetpack_featured_media_url":"","jetpack_sharing_enabled":true,"_links":{"self":[{"href":"https:\/\/blogs.uninter.edu.mx\/difusioncultural\/index.php?rest_route=\/wp\/v2\/posts\/1984","targetHints":{"allow":["GET"]}}],"collection":[{"href":"https:\/\/blogs.uninter.edu.mx\/difusioncultural\/index.php?rest_route=\/wp\/v2\/posts"}],"about":[{"href":"https:\/\/blogs.uninter.edu.mx\/difusioncultural\/index.php?rest_route=\/wp\/v2\/types\/post"}],"author":[{"embeddable":true,"href":"https:\/\/blogs.uninter.edu.mx\/difusioncultural\/index.php?rest_route=\/wp\/v2\/users\/24"}],"replies":[{"embeddable":true,"href":"https:\/\/blogs.uninter.edu.mx\/difusioncultural\/index.php?rest_route=%2Fwp%2Fv2%2Fcomments&post=1984"}],"version-history":[{"count":0,"href":"https:\/\/blogs.uninter.edu.mx\/difusioncultural\/index.php?rest_route=\/wp\/v2\/posts\/1984\/revisions"}],"wp:attachment":[{"href":"https:\/\/blogs.uninter.edu.mx\/difusioncultural\/index.php?rest_route=%2Fwp%2Fv2%2Fmedia&parent=1984"}],"wp:term":[{"taxonomy":"category","embeddable":true,"href":"https:\/\/blogs.uninter.edu.mx\/difusioncultural\/index.php?rest_route=%2Fwp%2Fv2%2Fcategories&post=1984"},{"taxonomy":"post_tag","embeddable":true,"href":"https:\/\/blogs.uninter.edu.mx\/difusioncultural\/index.php?rest_route=%2Fwp%2Fv2%2Ftags&post=1984"}],"curies":[{"name":"wp","href":"https:\/\/api.w.org\/{rel}","templated":true}]}}