{"id":1993,"date":"2013-08-07T04:28:04","date_gmt":"2013-08-07T04:28:04","guid":{"rendered":"http:\/\/difusionculturaluninter.wordpress.com\/?p=1993"},"modified":"2013-08-07T04:28:04","modified_gmt":"2013-08-07T04:28:04","slug":"07-de-agosto-nace-jimmy-wales-fundador-de-wikipedia","status":"publish","type":"post","link":"https:\/\/blogs.uninter.edu.mx\/difusioncultural\/?p=1993","title":{"rendered":"07 de agosto nace Jimmy Wales, fundador de Wikipedia"},"content":{"rendered":"<p>Un d\u00eda como <strong>hoy 07 de agosto<\/strong> nace en Estados Unidos , \u00a0<strong>Jimmy Wales<\/strong>, <strong>\u00a0 un empresario de Internet\u00a0, cofundador y promotor de Wikipedia<\/strong>,\u00a0\u00a0una enciclopedia\u00a0basada en el concepto wikiy el modelo de software libre.<\/p>\n<p>Fue fundador adem\u00e1s de Nupedia, antecesora de Wikipedia, y junto \u00a0a Tim Shell, de la compa\u00f1\u00eda Bomis. Tambi\u00e9n fue cofundador de la empresa con fines de lucro Wikia, junto con Angela Bessley. Se gradu\u00f3 en las universidades de Auburn yAlabama. Junto con Larry Sanger, Wales fund\u00f3\u00a0<a title=\"Wikipedia\" href=\"http:\/\/es.wikipedia.org\/wiki\/Wikipedia\">Wikipedia<\/a>.<a title=\"Software libre\" href=\"http:\/\/es.wikipedia.org\/wiki\/Software_libre\"><br \/>\n<\/a><\/p>\n<p>Debido a su gran aporte a la humanidad , Wales ha recibido variados premios entre estos podemos encontrar :\u00a0El 8 de mayo del 2006\u00a0recibe el\u00a0<i>Time 100 Award<\/i>\u00a0como una de las personalidades m\u00e1s influyentes del mundoen la categor\u00eda de cient\u00edficos e intelectuales.\u00a0En 2007 el Foro Econ\u00f3mico Mundial\u00a0reconoce a Wales como miembro de\u00a0<i>Young Global Leaders<\/i>\u00a0.<\/p>\n<p>El 14 de Octubre del 2010, recibe las llaves de la ciudad de Tijuana (M\u00e9xico ), por su conferencia en el evento Tijuana \u00a0Innovadora, realizado en esta ciudad.En 2010 recibe el premio\u00a0<i>Gottlieb Duttweiler<\/i>\u00a02011 \u00abpor su contribuci\u00f3n a la democratizaci\u00f3n del acceso al saber\u00bb.<\/p>\n<p>Uno de los personajes m\u00e1s representantes de los ultimos a\u00f1os, que dio un giro impresionante a la forma de obetener la informaci\u00f3n y el saber de una manera eficaz, r\u00e1pida y libre para cada persona de la orbe .<a title=\"Software libre\" href=\"http:\/\/es.wikipedia.org\/wiki\/Software_libre\"><br \/>\n<\/a><\/p>\n<p><img decoding=\"async\" alt=\"Jimmy Wales Fundraiser Appeal edit.jpg\" src=\"http:\/\/upload.wikimedia.org\/wikipedia\/commons\/thumb\/2\/23\/Jimmy_Wales_Fundraiser_Appeal_edit.jpg\/220px-Jimmy_Wales_Fundraiser_Appeal_edit.jpg\" \/><\/p>\n","protected":false},"excerpt":{"rendered":"<p>Un d\u00eda como hoy 07 de agosto nace en Estados Unidos , \u00a0Jimmy Wales, \u00a0 un empresario de Internet\u00a0, cofundador y promotor de Wikipedia,\u00a0\u00a0una enciclopedia\u00a0basada en el concepto wikiy el modelo de software libre. Fue fundador adem\u00e1s de Nupedia, antecesora de Wikipedia, y junto \u00a0a Tim Shell, de la compa\u00f1\u00eda Bomis. Tambi\u00e9n fue cofundador de&hellip;<\/p>\n","protected":false},"author":24,"featured_media":0,"comment_status":"open","ping_status":"open","sticky":false,"template":"","format":"standard","meta":{"_jetpack_memberships_contains_paid_content":false,"footnotes":"","jetpack_publicize_message":"","jetpack_publicize_feature_enabled":true,"jetpack_social_post_already_shared":false,"jetpack_social_options":{"image_generator_settings":{"template":"highway","default_image_id":0,"font":"","enabled":false},"version":2}},"categories":[1],"tags":[],"class_list":["post-1993","post","type-post","status-publish","format-standard","hentry","category-sin-categoria"],"yoast_head":"<!-- This site is optimized with the Yoast SEO plugin v26.3 - https:\/\/yoast.com\/wordpress\/plugins\/seo\/ -->\r\n<title>07 de agosto nace Jimmy Wales, fundador de Wikipedia - Difusi\u00f3n Cultural<\/title>\r\n<meta name=\"robots\" content=\"index, follow, max-snippet:-1, max-image-preview:large, max-video-preview:-1\" \/>\r\n<link rel=\"canonical\" href=\"https:\/\/blogs.uninter.edu.mx\/difusioncultural\/?p=1993\" \/>\r\n<meta property=\"og:locale\" content=\"es_MX\" \/>\r\n<meta property=\"og:type\" content=\"article\" \/>\r\n<meta property=\"og:title\" content=\"07 de agosto nace Jimmy Wales, fundador de Wikipedia - Difusi\u00f3n Cultural\" \/>\r\n<meta property=\"og:description\" content=\"Un d\u00eda como hoy 07 de agosto nace en Estados Unidos , \u00a0Jimmy Wales, \u00a0 un empresario de Internet\u00a0, cofundador y promotor de Wikipedia,\u00a0\u00a0una enciclopedia\u00a0basada en el concepto wikiy el modelo de software libre. Fue fundador adem\u00e1s de Nupedia, antecesora de Wikipedia, y junto \u00a0a Tim Shell, de la compa\u00f1\u00eda Bomis. Tambi\u00e9n fue cofundador de&hellip;\" \/>\r\n<meta property=\"og:url\" content=\"https:\/\/blogs.uninter.edu.mx\/difusioncultural\/?p=1993\" \/>\r\n<meta property=\"og:site_name\" content=\"Difusi\u00f3n Cultural\" \/>\r\n<meta property=\"article:published_time\" content=\"2013-08-07T04:28:04+00:00\" \/>\r\n<meta property=\"og:image\" content=\"http:\/\/upload.wikimedia.org\/wikipedia\/commons\/thumb\/2\/23\/Jimmy_Wales_Fundraiser_Appeal_edit.jpg\/220px-Jimmy_Wales_Fundraiser_Appeal_edit.jpg\" \/>\r\n<meta name=\"author\" content=\"Aslhey Alejandra Gonz\u00e1lez Castro\" \/>\r\n<meta name=\"twitter:card\" content=\"summary_large_image\" \/>\r\n<meta name=\"twitter:label1\" content=\"Escrito por\" \/>\n\t<meta name=\"twitter:data1\" content=\"Aslhey Alejandra Gonz\u00e1lez Castro\" \/>\n\t<meta name=\"twitter:label2\" content=\"Tiempo de lectura\" \/>\n\t<meta name=\"twitter:data2\" content=\"1 minuto\" \/>\r\n<script type=\"application\/ld+json\" class=\"yoast-schema-graph\">{\"@context\":\"https:\/\/schema.org\",\"@graph\":[{\"@type\":\"Article\",\"@id\":\"https:\/\/blogs.uninter.edu.mx\/difusioncultural\/?p=1993#article\",\"isPartOf\":{\"@id\":\"https:\/\/blogs.uninter.edu.mx\/difusioncultural\/?p=1993\"},\"author\":{\"name\":\"Aslhey Alejandra Gonz\u00e1lez Castro\",\"@id\":\"https:\/\/blogs.uninter.edu.mx\/difusioncultural\/#\/schema\/person\/c710e37686022500827405824a08a18c\"},\"headline\":\"07 de agosto nace Jimmy Wales, fundador de Wikipedia\",\"datePublished\":\"2013-08-07T04:28:04+00:00\",\"mainEntityOfPage\":{\"@id\":\"https:\/\/blogs.uninter.edu.mx\/difusioncultural\/?p=1993\"},\"wordCount\":236,\"commentCount\":0,\"publisher\":{\"@id\":\"https:\/\/blogs.uninter.edu.mx\/difusioncultural\/#organization\"},\"image\":{\"@id\":\"https:\/\/blogs.uninter.edu.mx\/difusioncultural\/?p=1993#primaryimage\"},\"thumbnailUrl\":\"http:\/\/upload.wikimedia.org\/wikipedia\/commons\/thumb\/2\/23\/Jimmy_Wales_Fundraiser_Appeal_edit.jpg\/220px-Jimmy_Wales_Fundraiser_Appeal_edit.jpg\",\"inLanguage\":\"es\",\"potentialAction\":[{\"@type\":\"CommentAction\",\"name\":\"Comment\",\"target\":[\"https:\/\/blogs.uninter.edu.mx\/difusioncultural\/?p=1993#respond\"]}]},{\"@type\":\"WebPage\",\"@id\":\"https:\/\/blogs.uninter.edu.mx\/difusioncultural\/?p=1993\",\"url\":\"https:\/\/blogs.uninter.edu.mx\/difusioncultural\/?p=1993\",\"name\":\"07 de agosto nace Jimmy Wales, fundador de Wikipedia - Difusi\u00f3n Cultural\",\"isPartOf\":{\"@id\":\"https:\/\/blogs.uninter.edu.mx\/difusioncultural\/#website\"},\"primaryImageOfPage\":{\"@id\":\"https:\/\/blogs.uninter.edu.mx\/difusioncultural\/?p=1993#primaryimage\"},\"image\":{\"@id\":\"https:\/\/blogs.uninter.edu.mx\/difusioncultural\/?p=1993#primaryimage\"},\"thumbnailUrl\":\"http:\/\/upload.wikimedia.org\/wikipedia\/commons\/thumb\/2\/23\/Jimmy_Wales_Fundraiser_Appeal_edit.jpg\/220px-Jimmy_Wales_Fundraiser_Appeal_edit.jpg\",\"datePublished\":\"2013-08-07T04:28:04+00:00\",\"breadcrumb\":{\"@id\":\"https:\/\/blogs.uninter.edu.mx\/difusioncultural\/?p=1993#breadcrumb\"},\"inLanguage\":\"es\",\"potentialAction\":[{\"@type\":\"ReadAction\",\"target\":[\"https:\/\/blogs.uninter.edu.mx\/difusioncultural\/?p=1993\"]}]},{\"@type\":\"ImageObject\",\"inLanguage\":\"es\",\"@id\":\"https:\/\/blogs.uninter.edu.mx\/difusioncultural\/?p=1993#primaryimage\",\"url\":\"http:\/\/upload.wikimedia.org\/wikipedia\/commons\/thumb\/2\/23\/Jimmy_Wales_Fundraiser_Appeal_edit.jpg\/220px-Jimmy_Wales_Fundraiser_Appeal_edit.jpg\",\"contentUrl\":\"http:\/\/upload.wikimedia.org\/wikipedia\/commons\/thumb\/2\/23\/Jimmy_Wales_Fundraiser_Appeal_edit.jpg\/220px-Jimmy_Wales_Fundraiser_Appeal_edit.jpg\"},{\"@type\":\"BreadcrumbList\",\"@id\":\"https:\/\/blogs.uninter.edu.mx\/difusioncultural\/?p=1993#breadcrumb\",\"itemListElement\":[{\"@type\":\"ListItem\",\"position\":1,\"name\":\"Inicio\",\"item\":\"https:\/\/blogs.uninter.edu.mx\/difusioncultural\/\"},{\"@type\":\"ListItem\",\"position\":2,\"name\":\"07 de agosto nace Jimmy Wales, fundador de Wikipedia\"}]},{\"@type\":\"WebSite\",\"@id\":\"https:\/\/blogs.uninter.edu.mx\/difusioncultural\/#website\",\"url\":\"https:\/\/blogs.uninter.edu.mx\/difusioncultural\/\",\"name\":\"Difusi\u00f3n Cultural\",\"description\":\"UNINTER\",\"publisher\":{\"@id\":\"https:\/\/blogs.uninter.edu.mx\/difusioncultural\/#organization\"},\"potentialAction\":[{\"@type\":\"SearchAction\",\"target\":{\"@type\":\"EntryPoint\",\"urlTemplate\":\"https:\/\/blogs.uninter.edu.mx\/difusioncultural\/?s={search_term_string}\"},\"query-input\":{\"@type\":\"PropertyValueSpecification\",\"valueRequired\":true,\"valueName\":\"search_term_string\"}}],\"inLanguage\":\"es\"},{\"@type\":\"Organization\",\"@id\":\"https:\/\/blogs.uninter.edu.mx\/difusioncultural\/#organization\",\"name\":\"Difusi\u00f3n Cultural\",\"url\":\"https:\/\/blogs.uninter.edu.mx\/difusioncultural\/\",\"logo\":{\"@type\":\"ImageObject\",\"inLanguage\":\"es\",\"@id\":\"https:\/\/blogs.uninter.edu.mx\/difusioncultural\/#\/schema\/logo\/image\/\",\"url\":\"https:\/\/blogs.uninter.edu.mx\/difusioncultural\/wp-content\/uploads\/2022\/09\/uninter.jpg\",\"contentUrl\":\"https:\/\/blogs.uninter.edu.mx\/difusioncultural\/wp-content\/uploads\/2022\/09\/uninter.jpg\",\"width\":2048,\"height\":2048,\"caption\":\"Difusi\u00f3n Cultural\"},\"image\":{\"@id\":\"https:\/\/blogs.uninter.edu.mx\/difusioncultural\/#\/schema\/logo\/image\/\"}},{\"@type\":\"Person\",\"@id\":\"https:\/\/blogs.uninter.edu.mx\/difusioncultural\/#\/schema\/person\/c710e37686022500827405824a08a18c\",\"name\":\"Aslhey Alejandra Gonz\u00e1lez Castro\",\"image\":{\"@type\":\"ImageObject\",\"inLanguage\":\"es\",\"@id\":\"https:\/\/blogs.uninter.edu.mx\/difusioncultural\/#\/schema\/person\/image\/\",\"url\":\"https:\/\/secure.gravatar.com\/avatar\/1905d6ed47b47ccbfb53e4b64f72f2017309e25d96ef418088d4f998ecf6552e?s=96&d=mm&r=g\",\"contentUrl\":\"https:\/\/secure.gravatar.com\/avatar\/1905d6ed47b47ccbfb53e4b64f72f2017309e25d96ef418088d4f998ecf6552e?s=96&d=mm&r=g\",\"caption\":\"Aslhey Alejandra Gonz\u00e1lez Castro\"},\"url\":\"https:\/\/blogs.uninter.edu.mx\/difusioncultural\/?author=24\"}]}<\/script>\r\n<!-- \/ Yoast SEO plugin. -->","yoast_head_json":{"title":"07 de agosto nace Jimmy Wales, fundador de Wikipedia - Difusi\u00f3n Cultural","robots":{"index":"index","follow":"follow","max-snippet":"max-snippet:-1","max-image-preview":"max-image-preview:large","max-video-preview":"max-video-preview:-1"},"canonical":"https:\/\/blogs.uninter.edu.mx\/difusioncultural\/?p=1993","og_locale":"es_MX","og_type":"article","og_title":"07 de agosto nace Jimmy Wales, fundador de Wikipedia - Difusi\u00f3n Cultural","og_description":"Un d\u00eda como hoy 07 de agosto nace en Estados Unidos , \u00a0Jimmy Wales, \u00a0 un empresario de Internet\u00a0, cofundador y promotor de Wikipedia,\u00a0\u00a0una enciclopedia\u00a0basada en el concepto wikiy el modelo de software libre. Fue fundador adem\u00e1s de Nupedia, antecesora de Wikipedia, y junto \u00a0a Tim Shell, de la compa\u00f1\u00eda Bomis. Tambi\u00e9n fue cofundador de&hellip;","og_url":"https:\/\/blogs.uninter.edu.mx\/difusioncultural\/?p=1993","og_site_name":"Difusi\u00f3n Cultural","article_published_time":"2013-08-07T04:28:04+00:00","og_image":[{"url":"http:\/\/upload.wikimedia.org\/wikipedia\/commons\/thumb\/2\/23\/Jimmy_Wales_Fundraiser_Appeal_edit.jpg\/220px-Jimmy_Wales_Fundraiser_Appeal_edit.jpg","type":"","width":"","height":""}],"author":"Aslhey Alejandra Gonz\u00e1lez Castro","twitter_card":"summary_large_image","twitter_misc":{"Escrito por":"Aslhey Alejandra Gonz\u00e1lez Castro","Tiempo de lectura":"1 minuto"},"schema":{"@context":"https:\/\/schema.org","@graph":[{"@type":"Article","@id":"https:\/\/blogs.uninter.edu.mx\/difusioncultural\/?p=1993#article","isPartOf":{"@id":"https:\/\/blogs.uninter.edu.mx\/difusioncultural\/?p=1993"},"author":{"name":"Aslhey Alejandra Gonz\u00e1lez Castro","@id":"https:\/\/blogs.uninter.edu.mx\/difusioncultural\/#\/schema\/person\/c710e37686022500827405824a08a18c"},"headline":"07 de agosto nace Jimmy Wales, fundador de Wikipedia","datePublished":"2013-08-07T04:28:04+00:00","mainEntityOfPage":{"@id":"https:\/\/blogs.uninter.edu.mx\/difusioncultural\/?p=1993"},"wordCount":236,"commentCount":0,"publisher":{"@id":"https:\/\/blogs.uninter.edu.mx\/difusioncultural\/#organization"},"image":{"@id":"https:\/\/blogs.uninter.edu.mx\/difusioncultural\/?p=1993#primaryimage"},"thumbnailUrl":"http:\/\/upload.wikimedia.org\/wikipedia\/commons\/thumb\/2\/23\/Jimmy_Wales_Fundraiser_Appeal_edit.jpg\/220px-Jimmy_Wales_Fundraiser_Appeal_edit.jpg","inLanguage":"es","potentialAction":[{"@type":"CommentAction","name":"Comment","target":["https:\/\/blogs.uninter.edu.mx\/difusioncultural\/?p=1993#respond"]}]},{"@type":"WebPage","@id":"https:\/\/blogs.uninter.edu.mx\/difusioncultural\/?p=1993","url":"https:\/\/blogs.uninter.edu.mx\/difusioncultural\/?p=1993","name":"07 de agosto nace Jimmy Wales, fundador de Wikipedia - Difusi\u00f3n Cultural","isPartOf":{"@id":"https:\/\/blogs.uninter.edu.mx\/difusioncultural\/#website"},"primaryImageOfPage":{"@id":"https:\/\/blogs.uninter.edu.mx\/difusioncultural\/?p=1993#primaryimage"},"image":{"@id":"https:\/\/blogs.uninter.edu.mx\/difusioncultural\/?p=1993#primaryimage"},"thumbnailUrl":"http:\/\/upload.wikimedia.org\/wikipedia\/commons\/thumb\/2\/23\/Jimmy_Wales_Fundraiser_Appeal_edit.jpg\/220px-Jimmy_Wales_Fundraiser_Appeal_edit.jpg","datePublished":"2013-08-07T04:28:04+00:00","breadcrumb":{"@id":"https:\/\/blogs.uninter.edu.mx\/difusioncultural\/?p=1993#breadcrumb"},"inLanguage":"es","potentialAction":[{"@type":"ReadAction","target":["https:\/\/blogs.uninter.edu.mx\/difusioncultural\/?p=1993"]}]},{"@type":"ImageObject","inLanguage":"es","@id":"https:\/\/blogs.uninter.edu.mx\/difusioncultural\/?p=1993#primaryimage","url":"http:\/\/upload.wikimedia.org\/wikipedia\/commons\/thumb\/2\/23\/Jimmy_Wales_Fundraiser_Appeal_edit.jpg\/220px-Jimmy_Wales_Fundraiser_Appeal_edit.jpg","contentUrl":"http:\/\/upload.wikimedia.org\/wikipedia\/commons\/thumb\/2\/23\/Jimmy_Wales_Fundraiser_Appeal_edit.jpg\/220px-Jimmy_Wales_Fundraiser_Appeal_edit.jpg"},{"@type":"BreadcrumbList","@id":"https:\/\/blogs.uninter.edu.mx\/difusioncultural\/?p=1993#breadcrumb","itemListElement":[{"@type":"ListItem","position":1,"name":"Inicio","item":"https:\/\/blogs.uninter.edu.mx\/difusioncultural\/"},{"@type":"ListItem","position":2,"name":"07 de agosto nace Jimmy Wales, fundador de Wikipedia"}]},{"@type":"WebSite","@id":"https:\/\/blogs.uninter.edu.mx\/difusioncultural\/#website","url":"https:\/\/blogs.uninter.edu.mx\/difusioncultural\/","name":"Difusi\u00f3n Cultural","description":"UNINTER","publisher":{"@id":"https:\/\/blogs.uninter.edu.mx\/difusioncultural\/#organization"},"potentialAction":[{"@type":"SearchAction","target":{"@type":"EntryPoint","urlTemplate":"https:\/\/blogs.uninter.edu.mx\/difusioncultural\/?s={search_term_string}"},"query-input":{"@type":"PropertyValueSpecification","valueRequired":true,"valueName":"search_term_string"}}],"inLanguage":"es"},{"@type":"Organization","@id":"https:\/\/blogs.uninter.edu.mx\/difusioncultural\/#organization","name":"Difusi\u00f3n Cultural","url":"https:\/\/blogs.uninter.edu.mx\/difusioncultural\/","logo":{"@type":"ImageObject","inLanguage":"es","@id":"https:\/\/blogs.uninter.edu.mx\/difusioncultural\/#\/schema\/logo\/image\/","url":"https:\/\/blogs.uninter.edu.mx\/difusioncultural\/wp-content\/uploads\/2022\/09\/uninter.jpg","contentUrl":"https:\/\/blogs.uninter.edu.mx\/difusioncultural\/wp-content\/uploads\/2022\/09\/uninter.jpg","width":2048,"height":2048,"caption":"Difusi\u00f3n Cultural"},"image":{"@id":"https:\/\/blogs.uninter.edu.mx\/difusioncultural\/#\/schema\/logo\/image\/"}},{"@type":"Person","@id":"https:\/\/blogs.uninter.edu.mx\/difusioncultural\/#\/schema\/person\/c710e37686022500827405824a08a18c","name":"Aslhey Alejandra Gonz\u00e1lez Castro","image":{"@type":"ImageObject","inLanguage":"es","@id":"https:\/\/blogs.uninter.edu.mx\/difusioncultural\/#\/schema\/person\/image\/","url":"https:\/\/secure.gravatar.com\/avatar\/1905d6ed47b47ccbfb53e4b64f72f2017309e25d96ef418088d4f998ecf6552e?s=96&d=mm&r=g","contentUrl":"https:\/\/secure.gravatar.com\/avatar\/1905d6ed47b47ccbfb53e4b64f72f2017309e25d96ef418088d4f998ecf6552e?s=96&d=mm&r=g","caption":"Aslhey Alejandra Gonz\u00e1lez Castro"},"url":"https:\/\/blogs.uninter.edu.mx\/difusioncultural\/?author=24"}]}},"jetpack_publicize_connections":[],"jetpack_featured_media_url":"","jetpack_sharing_enabled":true,"_links":{"self":[{"href":"https:\/\/blogs.uninter.edu.mx\/difusioncultural\/index.php?rest_route=\/wp\/v2\/posts\/1993","targetHints":{"allow":["GET"]}}],"collection":[{"href":"https:\/\/blogs.uninter.edu.mx\/difusioncultural\/index.php?rest_route=\/wp\/v2\/posts"}],"about":[{"href":"https:\/\/blogs.uninter.edu.mx\/difusioncultural\/index.php?rest_route=\/wp\/v2\/types\/post"}],"author":[{"embeddable":true,"href":"https:\/\/blogs.uninter.edu.mx\/difusioncultural\/index.php?rest_route=\/wp\/v2\/users\/24"}],"replies":[{"embeddable":true,"href":"https:\/\/blogs.uninter.edu.mx\/difusioncultural\/index.php?rest_route=%2Fwp%2Fv2%2Fcomments&post=1993"}],"version-history":[{"count":0,"href":"https:\/\/blogs.uninter.edu.mx\/difusioncultural\/index.php?rest_route=\/wp\/v2\/posts\/1993\/revisions"}],"wp:attachment":[{"href":"https:\/\/blogs.uninter.edu.mx\/difusioncultural\/index.php?rest_route=%2Fwp%2Fv2%2Fmedia&parent=1993"}],"wp:term":[{"taxonomy":"category","embeddable":true,"href":"https:\/\/blogs.uninter.edu.mx\/difusioncultural\/index.php?rest_route=%2Fwp%2Fv2%2Fcategories&post=1993"},{"taxonomy":"post_tag","embeddable":true,"href":"https:\/\/blogs.uninter.edu.mx\/difusioncultural\/index.php?rest_route=%2Fwp%2Fv2%2Ftags&post=1993"}],"curies":[{"name":"wp","href":"https:\/\/api.w.org\/{rel}","templated":true}]}}