{"id":2004,"date":"2013-08-11T03:03:29","date_gmt":"2013-08-11T03:03:29","guid":{"rendered":"http:\/\/difusionculturaluninter.wordpress.com\/?p=2004"},"modified":"2013-08-11T03:03:29","modified_gmt":"2013-08-11T03:03:29","slug":"11-de-agosto-nacimiento-de-gustavo-cerati-54-anos-regalando-musica-ligera","status":"publish","type":"post","link":"https:\/\/blogs.uninter.edu.mx\/difusioncultural\/?p=2004","title":{"rendered":"11 de agosto Nacimiento de Gustavo Cerati : 54 a\u00f1os regalando m\u00fasica ligera"},"content":{"rendered":"<p>Un d\u00eda como hoy 11 de agosto pero de de 1959 nace Gustavo Cerati, es un m\u00fasico, contautor, compositor y productor discogr\u00e1fico argentino, una de las figuras m\u00e1s emblem\u00e1ticas del rock en Am\u00e9rica Latina, gracias a su m\u00fasica al lado de Soda Stereo y como solista, y quien se mantiene en estado de coma por un accidente cerebro-vascular que sufri\u00f3 hace tres a\u00f1os, llega a los 54 a\u00f1os de edad .<\/p>\n<p>Sus principales influencias musicales fueron David Bowie y grupos como King Crimson, The Beatles, Pink Floyd, as\u00ed como los guitarristas Jimmy Page (Led Zeppelin) y Ritchie Blackmore (Deep Purple).<\/p>\n<p>En 1979, en la Universidad de El Salvador, cuando cursaba la carrera de publicidad, conoci\u00f3 a H\u00e9ctor \u201cZeta\u201d Bosio (futuro bajista de Soda Stereo), que junto con otro grupo de estudiantes pasaban parte de sus horas de clase inventando nombres para bandas de rock.<\/p>\n<p>En 1982, Cerati y \u201cZeta\u201d Bosio comenzaron a idear una agrupaci\u00f3n en la que tocaran temas propios, por ese entonces conocieron a Charly Alberti a trav\u00e9s de la hermana de Gustavo, con lo que fortalecieron el proyecto de integrar Soda Stereo.<\/p>\n<p>El tr\u00edo precursor del rock de los a\u00f1os 80 qued\u00f3 conformado as\u00ed: Gustavo Cerati en voz y guitarra, \u201cZeta\u201d Bosio en bajo y Charly Alberti en bater\u00eda. El resto es historia conocida.<\/p>\n<p>Como conmemoraci\u00f3n de su nacimiento Gustavo Mas\u00f3 le realizar\u00e1 , que incluye una muestra conformada por pinturas realizadas hace dos a\u00f1os, llamada \u201cEl peque\u00f1o habit\u00e1culo misterioso\u201d. Hoy en d\u00eda Cerati continua en estado vegetativo dejando a miles de seguidores esperando que cualquier d\u00eda vuelva a contar en los escenarios transmitiendo todo su gran amor por la m\u00fasica.<\/p>\n<p><img decoding=\"async\" alt=\"\" src=\"http:\/\/24.media.tumblr.com\/tumblr_m41prg6oDn1r12xfjo1_500.jpg\" \/><\/p>\n","protected":false},"excerpt":{"rendered":"<p>Un d\u00eda como hoy 11 de agosto pero de de 1959 nace Gustavo Cerati, es un m\u00fasico, contautor, compositor y productor discogr\u00e1fico argentino, una de las figuras m\u00e1s emblem\u00e1ticas del rock en Am\u00e9rica Latina, gracias a su m\u00fasica al lado de Soda Stereo y como solista, y quien se mantiene en estado de coma por&hellip;<\/p>\n","protected":false},"author":24,"featured_media":0,"comment_status":"open","ping_status":"open","sticky":false,"template":"","format":"standard","meta":{"_jetpack_memberships_contains_paid_content":false,"footnotes":"","jetpack_publicize_message":"","jetpack_publicize_feature_enabled":true,"jetpack_social_post_already_shared":false,"jetpack_social_options":{"image_generator_settings":{"template":"highway","default_image_id":0,"font":"","enabled":false},"version":2}},"categories":[1],"tags":[],"class_list":["post-2004","post","type-post","status-publish","format-standard","hentry","category-sin-categoria"],"yoast_head":"<!-- This site is optimized with the Yoast SEO plugin v26.3 - https:\/\/yoast.com\/wordpress\/plugins\/seo\/ -->\r\n<title>11 de agosto Nacimiento de Gustavo Cerati : 54 a\u00f1os regalando m\u00fasica ligera - Difusi\u00f3n Cultural<\/title>\r\n<meta name=\"robots\" content=\"index, follow, max-snippet:-1, max-image-preview:large, max-video-preview:-1\" \/>\r\n<link rel=\"canonical\" href=\"https:\/\/blogs.uninter.edu.mx\/difusioncultural\/?p=2004\" \/>\r\n<meta property=\"og:locale\" content=\"es_MX\" \/>\r\n<meta property=\"og:type\" content=\"article\" \/>\r\n<meta property=\"og:title\" content=\"11 de agosto Nacimiento de Gustavo Cerati : 54 a\u00f1os regalando m\u00fasica ligera - Difusi\u00f3n Cultural\" \/>\r\n<meta property=\"og:description\" content=\"Un d\u00eda como hoy 11 de agosto pero de de 1959 nace Gustavo Cerati, es un m\u00fasico, contautor, compositor y productor discogr\u00e1fico argentino, una de las figuras m\u00e1s emblem\u00e1ticas del rock en Am\u00e9rica Latina, gracias a su m\u00fasica al lado de Soda Stereo y como solista, y quien se mantiene en estado de coma por&hellip;\" \/>\r\n<meta property=\"og:url\" content=\"https:\/\/blogs.uninter.edu.mx\/difusioncultural\/?p=2004\" \/>\r\n<meta property=\"og:site_name\" content=\"Difusi\u00f3n Cultural\" \/>\r\n<meta property=\"article:published_time\" content=\"2013-08-11T03:03:29+00:00\" \/>\r\n<meta property=\"og:image\" content=\"http:\/\/24.media.tumblr.com\/tumblr_m41prg6oDn1r12xfjo1_500.jpg\" \/>\r\n<meta name=\"author\" content=\"Aslhey Alejandra Gonz\u00e1lez Castro\" \/>\r\n<meta name=\"twitter:card\" content=\"summary_large_image\" \/>\r\n<meta name=\"twitter:label1\" content=\"Escrito por\" \/>\n\t<meta name=\"twitter:data1\" content=\"Aslhey Alejandra Gonz\u00e1lez Castro\" \/>\n\t<meta name=\"twitter:label2\" content=\"Tiempo de lectura\" \/>\n\t<meta name=\"twitter:data2\" content=\"1 minuto\" \/>\r\n<script type=\"application\/ld+json\" class=\"yoast-schema-graph\">{\"@context\":\"https:\/\/schema.org\",\"@graph\":[{\"@type\":\"Article\",\"@id\":\"https:\/\/blogs.uninter.edu.mx\/difusioncultural\/?p=2004#article\",\"isPartOf\":{\"@id\":\"https:\/\/blogs.uninter.edu.mx\/difusioncultural\/?p=2004\"},\"author\":{\"name\":\"Aslhey Alejandra Gonz\u00e1lez Castro\",\"@id\":\"https:\/\/blogs.uninter.edu.mx\/difusioncultural\/#\/schema\/person\/c710e37686022500827405824a08a18c\"},\"headline\":\"11 de agosto Nacimiento de Gustavo Cerati : 54 a\u00f1os regalando m\u00fasica ligera\",\"datePublished\":\"2013-08-11T03:03:29+00:00\",\"mainEntityOfPage\":{\"@id\":\"https:\/\/blogs.uninter.edu.mx\/difusioncultural\/?p=2004\"},\"wordCount\":300,\"commentCount\":0,\"publisher\":{\"@id\":\"https:\/\/blogs.uninter.edu.mx\/difusioncultural\/#organization\"},\"image\":{\"@id\":\"https:\/\/blogs.uninter.edu.mx\/difusioncultural\/?p=2004#primaryimage\"},\"thumbnailUrl\":\"http:\/\/24.media.tumblr.com\/tumblr_m41prg6oDn1r12xfjo1_500.jpg\",\"inLanguage\":\"es\",\"potentialAction\":[{\"@type\":\"CommentAction\",\"name\":\"Comment\",\"target\":[\"https:\/\/blogs.uninter.edu.mx\/difusioncultural\/?p=2004#respond\"]}]},{\"@type\":\"WebPage\",\"@id\":\"https:\/\/blogs.uninter.edu.mx\/difusioncultural\/?p=2004\",\"url\":\"https:\/\/blogs.uninter.edu.mx\/difusioncultural\/?p=2004\",\"name\":\"11 de agosto Nacimiento de Gustavo Cerati : 54 a\u00f1os regalando m\u00fasica ligera - Difusi\u00f3n Cultural\",\"isPartOf\":{\"@id\":\"https:\/\/blogs.uninter.edu.mx\/difusioncultural\/#website\"},\"primaryImageOfPage\":{\"@id\":\"https:\/\/blogs.uninter.edu.mx\/difusioncultural\/?p=2004#primaryimage\"},\"image\":{\"@id\":\"https:\/\/blogs.uninter.edu.mx\/difusioncultural\/?p=2004#primaryimage\"},\"thumbnailUrl\":\"http:\/\/24.media.tumblr.com\/tumblr_m41prg6oDn1r12xfjo1_500.jpg\",\"datePublished\":\"2013-08-11T03:03:29+00:00\",\"breadcrumb\":{\"@id\":\"https:\/\/blogs.uninter.edu.mx\/difusioncultural\/?p=2004#breadcrumb\"},\"inLanguage\":\"es\",\"potentialAction\":[{\"@type\":\"ReadAction\",\"target\":[\"https:\/\/blogs.uninter.edu.mx\/difusioncultural\/?p=2004\"]}]},{\"@type\":\"ImageObject\",\"inLanguage\":\"es\",\"@id\":\"https:\/\/blogs.uninter.edu.mx\/difusioncultural\/?p=2004#primaryimage\",\"url\":\"http:\/\/24.media.tumblr.com\/tumblr_m41prg6oDn1r12xfjo1_500.jpg\",\"contentUrl\":\"http:\/\/24.media.tumblr.com\/tumblr_m41prg6oDn1r12xfjo1_500.jpg\"},{\"@type\":\"BreadcrumbList\",\"@id\":\"https:\/\/blogs.uninter.edu.mx\/difusioncultural\/?p=2004#breadcrumb\",\"itemListElement\":[{\"@type\":\"ListItem\",\"position\":1,\"name\":\"Inicio\",\"item\":\"https:\/\/blogs.uninter.edu.mx\/difusioncultural\/\"},{\"@type\":\"ListItem\",\"position\":2,\"name\":\"11 de agosto Nacimiento de Gustavo Cerati : 54 a\u00f1os regalando m\u00fasica ligera\"}]},{\"@type\":\"WebSite\",\"@id\":\"https:\/\/blogs.uninter.edu.mx\/difusioncultural\/#website\",\"url\":\"https:\/\/blogs.uninter.edu.mx\/difusioncultural\/\",\"name\":\"Difusi\u00f3n Cultural\",\"description\":\"UNINTER\",\"publisher\":{\"@id\":\"https:\/\/blogs.uninter.edu.mx\/difusioncultural\/#organization\"},\"potentialAction\":[{\"@type\":\"SearchAction\",\"target\":{\"@type\":\"EntryPoint\",\"urlTemplate\":\"https:\/\/blogs.uninter.edu.mx\/difusioncultural\/?s={search_term_string}\"},\"query-input\":{\"@type\":\"PropertyValueSpecification\",\"valueRequired\":true,\"valueName\":\"search_term_string\"}}],\"inLanguage\":\"es\"},{\"@type\":\"Organization\",\"@id\":\"https:\/\/blogs.uninter.edu.mx\/difusioncultural\/#organization\",\"name\":\"Difusi\u00f3n Cultural\",\"url\":\"https:\/\/blogs.uninter.edu.mx\/difusioncultural\/\",\"logo\":{\"@type\":\"ImageObject\",\"inLanguage\":\"es\",\"@id\":\"https:\/\/blogs.uninter.edu.mx\/difusioncultural\/#\/schema\/logo\/image\/\",\"url\":\"https:\/\/blogs.uninter.edu.mx\/difusioncultural\/wp-content\/uploads\/2022\/09\/uninter.jpg\",\"contentUrl\":\"https:\/\/blogs.uninter.edu.mx\/difusioncultural\/wp-content\/uploads\/2022\/09\/uninter.jpg\",\"width\":2048,\"height\":2048,\"caption\":\"Difusi\u00f3n Cultural\"},\"image\":{\"@id\":\"https:\/\/blogs.uninter.edu.mx\/difusioncultural\/#\/schema\/logo\/image\/\"}},{\"@type\":\"Person\",\"@id\":\"https:\/\/blogs.uninter.edu.mx\/difusioncultural\/#\/schema\/person\/c710e37686022500827405824a08a18c\",\"name\":\"Aslhey Alejandra Gonz\u00e1lez Castro\",\"image\":{\"@type\":\"ImageObject\",\"inLanguage\":\"es\",\"@id\":\"https:\/\/blogs.uninter.edu.mx\/difusioncultural\/#\/schema\/person\/image\/\",\"url\":\"https:\/\/secure.gravatar.com\/avatar\/1905d6ed47b47ccbfb53e4b64f72f2017309e25d96ef418088d4f998ecf6552e?s=96&d=mm&r=g\",\"contentUrl\":\"https:\/\/secure.gravatar.com\/avatar\/1905d6ed47b47ccbfb53e4b64f72f2017309e25d96ef418088d4f998ecf6552e?s=96&d=mm&r=g\",\"caption\":\"Aslhey Alejandra Gonz\u00e1lez Castro\"},\"url\":\"https:\/\/blogs.uninter.edu.mx\/difusioncultural\/?author=24\"}]}<\/script>\r\n<!-- \/ Yoast SEO plugin. -->","yoast_head_json":{"title":"11 de agosto Nacimiento de Gustavo Cerati : 54 a\u00f1os regalando m\u00fasica ligera - Difusi\u00f3n Cultural","robots":{"index":"index","follow":"follow","max-snippet":"max-snippet:-1","max-image-preview":"max-image-preview:large","max-video-preview":"max-video-preview:-1"},"canonical":"https:\/\/blogs.uninter.edu.mx\/difusioncultural\/?p=2004","og_locale":"es_MX","og_type":"article","og_title":"11 de agosto Nacimiento de Gustavo Cerati : 54 a\u00f1os regalando m\u00fasica ligera - Difusi\u00f3n Cultural","og_description":"Un d\u00eda como hoy 11 de agosto pero de de 1959 nace Gustavo Cerati, es un m\u00fasico, contautor, compositor y productor discogr\u00e1fico argentino, una de las figuras m\u00e1s emblem\u00e1ticas del rock en Am\u00e9rica Latina, gracias a su m\u00fasica al lado de Soda Stereo y como solista, y quien se mantiene en estado de coma por&hellip;","og_url":"https:\/\/blogs.uninter.edu.mx\/difusioncultural\/?p=2004","og_site_name":"Difusi\u00f3n Cultural","article_published_time":"2013-08-11T03:03:29+00:00","og_image":[{"url":"http:\/\/24.media.tumblr.com\/tumblr_m41prg6oDn1r12xfjo1_500.jpg","type":"","width":"","height":""}],"author":"Aslhey Alejandra Gonz\u00e1lez Castro","twitter_card":"summary_large_image","twitter_misc":{"Escrito por":"Aslhey Alejandra Gonz\u00e1lez Castro","Tiempo de lectura":"1 minuto"},"schema":{"@context":"https:\/\/schema.org","@graph":[{"@type":"Article","@id":"https:\/\/blogs.uninter.edu.mx\/difusioncultural\/?p=2004#article","isPartOf":{"@id":"https:\/\/blogs.uninter.edu.mx\/difusioncultural\/?p=2004"},"author":{"name":"Aslhey Alejandra Gonz\u00e1lez Castro","@id":"https:\/\/blogs.uninter.edu.mx\/difusioncultural\/#\/schema\/person\/c710e37686022500827405824a08a18c"},"headline":"11 de agosto Nacimiento de Gustavo Cerati : 54 a\u00f1os regalando m\u00fasica ligera","datePublished":"2013-08-11T03:03:29+00:00","mainEntityOfPage":{"@id":"https:\/\/blogs.uninter.edu.mx\/difusioncultural\/?p=2004"},"wordCount":300,"commentCount":0,"publisher":{"@id":"https:\/\/blogs.uninter.edu.mx\/difusioncultural\/#organization"},"image":{"@id":"https:\/\/blogs.uninter.edu.mx\/difusioncultural\/?p=2004#primaryimage"},"thumbnailUrl":"http:\/\/24.media.tumblr.com\/tumblr_m41prg6oDn1r12xfjo1_500.jpg","inLanguage":"es","potentialAction":[{"@type":"CommentAction","name":"Comment","target":["https:\/\/blogs.uninter.edu.mx\/difusioncultural\/?p=2004#respond"]}]},{"@type":"WebPage","@id":"https:\/\/blogs.uninter.edu.mx\/difusioncultural\/?p=2004","url":"https:\/\/blogs.uninter.edu.mx\/difusioncultural\/?p=2004","name":"11 de agosto Nacimiento de Gustavo Cerati : 54 a\u00f1os regalando m\u00fasica ligera - Difusi\u00f3n Cultural","isPartOf":{"@id":"https:\/\/blogs.uninter.edu.mx\/difusioncultural\/#website"},"primaryImageOfPage":{"@id":"https:\/\/blogs.uninter.edu.mx\/difusioncultural\/?p=2004#primaryimage"},"image":{"@id":"https:\/\/blogs.uninter.edu.mx\/difusioncultural\/?p=2004#primaryimage"},"thumbnailUrl":"http:\/\/24.media.tumblr.com\/tumblr_m41prg6oDn1r12xfjo1_500.jpg","datePublished":"2013-08-11T03:03:29+00:00","breadcrumb":{"@id":"https:\/\/blogs.uninter.edu.mx\/difusioncultural\/?p=2004#breadcrumb"},"inLanguage":"es","potentialAction":[{"@type":"ReadAction","target":["https:\/\/blogs.uninter.edu.mx\/difusioncultural\/?p=2004"]}]},{"@type":"ImageObject","inLanguage":"es","@id":"https:\/\/blogs.uninter.edu.mx\/difusioncultural\/?p=2004#primaryimage","url":"http:\/\/24.media.tumblr.com\/tumblr_m41prg6oDn1r12xfjo1_500.jpg","contentUrl":"http:\/\/24.media.tumblr.com\/tumblr_m41prg6oDn1r12xfjo1_500.jpg"},{"@type":"BreadcrumbList","@id":"https:\/\/blogs.uninter.edu.mx\/difusioncultural\/?p=2004#breadcrumb","itemListElement":[{"@type":"ListItem","position":1,"name":"Inicio","item":"https:\/\/blogs.uninter.edu.mx\/difusioncultural\/"},{"@type":"ListItem","position":2,"name":"11 de agosto Nacimiento de Gustavo Cerati : 54 a\u00f1os regalando m\u00fasica ligera"}]},{"@type":"WebSite","@id":"https:\/\/blogs.uninter.edu.mx\/difusioncultural\/#website","url":"https:\/\/blogs.uninter.edu.mx\/difusioncultural\/","name":"Difusi\u00f3n Cultural","description":"UNINTER","publisher":{"@id":"https:\/\/blogs.uninter.edu.mx\/difusioncultural\/#organization"},"potentialAction":[{"@type":"SearchAction","target":{"@type":"EntryPoint","urlTemplate":"https:\/\/blogs.uninter.edu.mx\/difusioncultural\/?s={search_term_string}"},"query-input":{"@type":"PropertyValueSpecification","valueRequired":true,"valueName":"search_term_string"}}],"inLanguage":"es"},{"@type":"Organization","@id":"https:\/\/blogs.uninter.edu.mx\/difusioncultural\/#organization","name":"Difusi\u00f3n Cultural","url":"https:\/\/blogs.uninter.edu.mx\/difusioncultural\/","logo":{"@type":"ImageObject","inLanguage":"es","@id":"https:\/\/blogs.uninter.edu.mx\/difusioncultural\/#\/schema\/logo\/image\/","url":"https:\/\/blogs.uninter.edu.mx\/difusioncultural\/wp-content\/uploads\/2022\/09\/uninter.jpg","contentUrl":"https:\/\/blogs.uninter.edu.mx\/difusioncultural\/wp-content\/uploads\/2022\/09\/uninter.jpg","width":2048,"height":2048,"caption":"Difusi\u00f3n Cultural"},"image":{"@id":"https:\/\/blogs.uninter.edu.mx\/difusioncultural\/#\/schema\/logo\/image\/"}},{"@type":"Person","@id":"https:\/\/blogs.uninter.edu.mx\/difusioncultural\/#\/schema\/person\/c710e37686022500827405824a08a18c","name":"Aslhey Alejandra Gonz\u00e1lez Castro","image":{"@type":"ImageObject","inLanguage":"es","@id":"https:\/\/blogs.uninter.edu.mx\/difusioncultural\/#\/schema\/person\/image\/","url":"https:\/\/secure.gravatar.com\/avatar\/1905d6ed47b47ccbfb53e4b64f72f2017309e25d96ef418088d4f998ecf6552e?s=96&d=mm&r=g","contentUrl":"https:\/\/secure.gravatar.com\/avatar\/1905d6ed47b47ccbfb53e4b64f72f2017309e25d96ef418088d4f998ecf6552e?s=96&d=mm&r=g","caption":"Aslhey Alejandra Gonz\u00e1lez Castro"},"url":"https:\/\/blogs.uninter.edu.mx\/difusioncultural\/?author=24"}]}},"jetpack_publicize_connections":[],"jetpack_featured_media_url":"","jetpack_sharing_enabled":true,"_links":{"self":[{"href":"https:\/\/blogs.uninter.edu.mx\/difusioncultural\/index.php?rest_route=\/wp\/v2\/posts\/2004","targetHints":{"allow":["GET"]}}],"collection":[{"href":"https:\/\/blogs.uninter.edu.mx\/difusioncultural\/index.php?rest_route=\/wp\/v2\/posts"}],"about":[{"href":"https:\/\/blogs.uninter.edu.mx\/difusioncultural\/index.php?rest_route=\/wp\/v2\/types\/post"}],"author":[{"embeddable":true,"href":"https:\/\/blogs.uninter.edu.mx\/difusioncultural\/index.php?rest_route=\/wp\/v2\/users\/24"}],"replies":[{"embeddable":true,"href":"https:\/\/blogs.uninter.edu.mx\/difusioncultural\/index.php?rest_route=%2Fwp%2Fv2%2Fcomments&post=2004"}],"version-history":[{"count":0,"href":"https:\/\/blogs.uninter.edu.mx\/difusioncultural\/index.php?rest_route=\/wp\/v2\/posts\/2004\/revisions"}],"wp:attachment":[{"href":"https:\/\/blogs.uninter.edu.mx\/difusioncultural\/index.php?rest_route=%2Fwp%2Fv2%2Fmedia&parent=2004"}],"wp:term":[{"taxonomy":"category","embeddable":true,"href":"https:\/\/blogs.uninter.edu.mx\/difusioncultural\/index.php?rest_route=%2Fwp%2Fv2%2Fcategories&post=2004"},{"taxonomy":"post_tag","embeddable":true,"href":"https:\/\/blogs.uninter.edu.mx\/difusioncultural\/index.php?rest_route=%2Fwp%2Fv2%2Ftags&post=2004"}],"curies":[{"name":"wp","href":"https:\/\/api.w.org\/{rel}","templated":true}]}}