{"id":2027,"date":"2013-08-30T14:47:57","date_gmt":"2013-08-30T14:47:57","guid":{"rendered":"http:\/\/difusionculturaluninter.wordpress.com\/?p=2027"},"modified":"2013-08-30T14:47:57","modified_gmt":"2013-08-30T14:47:57","slug":"a-que-suena-mexico","status":"publish","type":"post","link":"https:\/\/blogs.uninter.edu.mx\/difusioncultural\/?p=2027","title":{"rendered":"\u00bfA qu\u00e9 suena M\u00e9xico ?"},"content":{"rendered":"<p>Por d\u00e9cadas,  acad\u00e9micos, cr\u00edticos y m\u00fasicos se han gastado r\u00edos de tinta tratando de encontrar la respuesta a una pregunta fundamental: \u00bfA qu\u00e9 suena M\u00e9xico? \u00bfMariachi?, \u00bfBolero?, \u00bfHuapango?, \u00bfValona?, \u00bfVals?, \u00bfRock?, \u00bfBalada? Quiz\u00e1 la respuesta m\u00e1s apropiada sea que M\u00e9xico suena a todo aquel instrumento que sus artistas, m\u00fasicos y compositores tomen entre sus manos. <\/p>\n<p>El sentimiento de una naci\u00f3n se define a trav\u00e9s de sus expresiones culturales, y la m\u00fasica acompa\u00f1a a nuestro pa\u00eds mucho tiempo antes de que tomara su actual nombre. Ha estado presente en los nacimientos, cumplea\u00f1os, bodas y funerales. Con ella se sufre, se goza, se llora y se r\u00ede. Se dan las bienvenidas y las despedidas. No hay silencio que no sea capaz de ceder ante una buena pieza musical.<\/p>\n<p>Alguna vez Armando Manzanero, uno de los artistas definitivos en el medio sonoro nacional, defini\u00f3 el crear m\u00fasica como \u201cel mejor y m\u00e1s bello trabajo del mundo\u201d.<\/p>\n<p>\u201cEn la vida hay dos tipos de m\u00fasica: La buena, que perdura para siempre y la mala, que cumple con una funci\u00f3n y desaparece\u201d, afirmaba el gigante yucateco, exponente del sonido rom\u00e1ntico. Y si de algo puede presumir el medio art\u00edstico nacional, es que dentro de las fronteras mexicanas se han creado piezas maestras para diversos g\u00e9neros. <\/p>\n<p>De las cuerdas, madera, metal y cuero surgen los sonidos que durante m\u00e1s de 200 a\u00f1os le han dado forma al imaginario popular mexicano. Corridos, leyendas, cartas de amor y odio encontraron en las vibraciones de un instrumento la v\u00eda de escape perfecto.<\/p>\n<p>Este mes el pa\u00eds est\u00e1 de fiesta, y no estar\u00e1 de m\u00e1s tener algunos discos que retraten lo esencial de la m\u00fasica mexicana, con tres de los m\u00e1s grandes m\u00fasicos que tiene M\u00e9xico.<\/p>\n<p><strong>Pedro infante<\/strong><\/p>\n<p>Pedro Infante en vivo. Gira Centro y Sudam\u00e9rica 1957<\/p>\n<p>El \u00eddolo m\u00e1ximo del cine mexicano, Pedro Infante, dej\u00f3 un amplio testimonio sonoro de su carrera. Este disco destaca sobre otros porque fue (sin saber) la \u00faltima gira internacional que ofreci\u00f3, en enero de 1957. En abril de ese a\u00f1o falleci\u00f3 en un accidente a\u00e9reo.<br \/>\n<a href=\"https:\/\/blogs.uninter.edu.mx\/difusioncultural\/wp-content\/uploads\/2013\/08\/pedro-infante.jpg\"><img fetchpriority=\"high\" decoding=\"async\" src=\"https:\/\/blogs.uninter.edu.mx\/difusioncultural\/wp-content\/uploads\/2013\/08\/pedro-infante.jpg?w=300\" alt=\"Pedro-Infante\" width=\"300\" height=\"225\" class=\"alignnone size-medium wp-image-2028\" \/><\/a><\/p>\n<p><strong>Jos\u00e9 Alfredo Jim\u00e9nez<\/strong><\/p>\n<p>Lo esencial de Jos\u00e9 Alfredo Jim\u00e9nez<\/p>\n<p>El nacido en Dolores Hidalgo, Guanajuato (Cuna de la Patria) encarn\u00f3 a trav\u00e9s de su m\u00fasica el sentimiento vern\u00e1culo nacional. Este material, de tres discos y un DVD, permite examinar parte de la basta obra del m\u00fasico, que lo mismo compuso piezas que derrochaban miel y otras desgarradoras.<br \/>\n<a href=\"https:\/\/blogs.uninter.edu.mx\/difusioncultural\/wp-content\/uploads\/2013\/08\/jose_alfredo_jimenez.jpg\"><img decoding=\"async\" src=\"https:\/\/blogs.uninter.edu.mx\/difusioncultural\/wp-content\/uploads\/2013\/08\/jose_alfredo_jimenez.jpg?w=218\" alt=\"Jose_alfredo_jimenez\" width=\"218\" height=\"300\" class=\"alignnone size-medium wp-image-2029\" \/><\/a><\/p>\n<p><strong>Germ\u00e1n Valdez <\/strong><\/p>\n<p>Mi antolog\u00eda<\/p>\n<p>\u201cTin Tan\u201d<\/p>\n<p>Due\u00f1o de un encanto que magnetizaba al p\u00fablico, Tin Tan no brill\u00f3 s\u00f3lo como actor, tambi\u00e9n fue un c\u00e9lebre cantante, eso s\u00ed, en un estilo m\u00e1s chabacano y lejos de lo solemne. Personalidad y La cucaracha macabra, son ejemplos de su estilo.<\/p>\n<p><a href=\"https:\/\/blogs.uninter.edu.mx\/difusioncultural\/wp-content\/uploads\/2013\/08\/tin-tan.jpg\"><img decoding=\"async\" src=\"https:\/\/blogs.uninter.edu.mx\/difusioncultural\/wp-content\/uploads\/2013\/08\/tin-tan.jpg?w=227\" alt=\"tin-tan\" width=\"227\" height=\"300\" class=\"alignnone size-medium wp-image-2030\" \/><\/a><\/p>\n","protected":false},"excerpt":{"rendered":"<p>Por d\u00e9cadas, acad\u00e9micos, cr\u00edticos y m\u00fasicos se han gastado r\u00edos de tinta tratando de encontrar la respuesta a una pregunta fundamental: \u00bfA qu\u00e9 suena M\u00e9xico? \u00bfMariachi?, \u00bfBolero?, \u00bfHuapango?, \u00bfValona?, \u00bfVals?, \u00bfRock?, \u00bfBalada? Quiz\u00e1 la respuesta m\u00e1s apropiada sea que M\u00e9xico suena a todo aquel instrumento que sus artistas, m\u00fasicos y compositores tomen entre sus manos.&hellip;<\/p>\n","protected":false},"author":24,"featured_media":0,"comment_status":"open","ping_status":"open","sticky":false,"template":"","format":"standard","meta":{"_jetpack_memberships_contains_paid_content":false,"footnotes":"","jetpack_publicize_message":"","jetpack_publicize_feature_enabled":true,"jetpack_social_post_already_shared":false,"jetpack_social_options":{"image_generator_settings":{"template":"highway","default_image_id":0,"font":"","enabled":false},"version":2}},"categories":[1],"tags":[],"class_list":["post-2027","post","type-post","status-publish","format-standard","hentry","category-sin-categoria"],"yoast_head":"<!-- This site is optimized with the Yoast SEO plugin v26.3 - https:\/\/yoast.com\/wordpress\/plugins\/seo\/ -->\r\n<title>\u00bfA qu\u00e9 suena M\u00e9xico ? - Difusi\u00f3n Cultural<\/title>\r\n<meta name=\"robots\" content=\"index, follow, max-snippet:-1, max-image-preview:large, max-video-preview:-1\" \/>\r\n<link rel=\"canonical\" href=\"https:\/\/blogs.uninter.edu.mx\/difusioncultural\/?p=2027\" \/>\r\n<meta property=\"og:locale\" content=\"es_MX\" \/>\r\n<meta property=\"og:type\" content=\"article\" \/>\r\n<meta property=\"og:title\" content=\"\u00bfA qu\u00e9 suena M\u00e9xico ? - Difusi\u00f3n Cultural\" \/>\r\n<meta property=\"og:description\" content=\"Por d\u00e9cadas, acad\u00e9micos, cr\u00edticos y m\u00fasicos se han gastado r\u00edos de tinta tratando de encontrar la respuesta a una pregunta fundamental: \u00bfA qu\u00e9 suena M\u00e9xico? \u00bfMariachi?, \u00bfBolero?, \u00bfHuapango?, \u00bfValona?, \u00bfVals?, \u00bfRock?, \u00bfBalada? Quiz\u00e1 la respuesta m\u00e1s apropiada sea que M\u00e9xico suena a todo aquel instrumento que sus artistas, m\u00fasicos y compositores tomen entre sus manos.&hellip;\" \/>\r\n<meta property=\"og:url\" content=\"https:\/\/blogs.uninter.edu.mx\/difusioncultural\/?p=2027\" \/>\r\n<meta property=\"og:site_name\" content=\"Difusi\u00f3n Cultural\" \/>\r\n<meta property=\"article:published_time\" content=\"2013-08-30T14:47:57+00:00\" \/>\r\n<meta property=\"og:image\" content=\"https:\/\/blogs.uninter.edu.mx\/difusioncultural\/wp-content\/uploads\/2013\/08\/pedro-infante.jpg?w=300\" \/>\r\n<meta name=\"author\" content=\"Aslhey Alejandra Gonz\u00e1lez Castro\" \/>\r\n<meta name=\"twitter:card\" content=\"summary_large_image\" \/>\r\n<meta name=\"twitter:label1\" content=\"Escrito por\" \/>\n\t<meta name=\"twitter:data1\" content=\"Aslhey Alejandra Gonz\u00e1lez Castro\" \/>\n\t<meta name=\"twitter:label2\" content=\"Tiempo de lectura\" \/>\n\t<meta name=\"twitter:data2\" content=\"2 minutos\" \/>\r\n<script type=\"application\/ld+json\" class=\"yoast-schema-graph\">{\"@context\":\"https:\/\/schema.org\",\"@graph\":[{\"@type\":\"Article\",\"@id\":\"https:\/\/blogs.uninter.edu.mx\/difusioncultural\/?p=2027#article\",\"isPartOf\":{\"@id\":\"https:\/\/blogs.uninter.edu.mx\/difusioncultural\/?p=2027\"},\"author\":{\"name\":\"Aslhey Alejandra Gonz\u00e1lez Castro\",\"@id\":\"https:\/\/blogs.uninter.edu.mx\/difusioncultural\/#\/schema\/person\/c710e37686022500827405824a08a18c\"},\"headline\":\"\u00bfA qu\u00e9 suena M\u00e9xico ?\",\"datePublished\":\"2013-08-30T14:47:57+00:00\",\"mainEntityOfPage\":{\"@id\":\"https:\/\/blogs.uninter.edu.mx\/difusioncultural\/?p=2027\"},\"wordCount\":499,\"commentCount\":0,\"publisher\":{\"@id\":\"https:\/\/blogs.uninter.edu.mx\/difusioncultural\/#organization\"},\"image\":{\"@id\":\"https:\/\/blogs.uninter.edu.mx\/difusioncultural\/?p=2027#primaryimage\"},\"thumbnailUrl\":\"https:\/\/blogs.uninter.edu.mx\/difusioncultural\/wp-content\/uploads\/2013\/08\/pedro-infante.jpg?w=300\",\"inLanguage\":\"es\",\"potentialAction\":[{\"@type\":\"CommentAction\",\"name\":\"Comment\",\"target\":[\"https:\/\/blogs.uninter.edu.mx\/difusioncultural\/?p=2027#respond\"]}]},{\"@type\":\"WebPage\",\"@id\":\"https:\/\/blogs.uninter.edu.mx\/difusioncultural\/?p=2027\",\"url\":\"https:\/\/blogs.uninter.edu.mx\/difusioncultural\/?p=2027\",\"name\":\"\u00bfA qu\u00e9 suena M\u00e9xico ? - Difusi\u00f3n Cultural\",\"isPartOf\":{\"@id\":\"https:\/\/blogs.uninter.edu.mx\/difusioncultural\/#website\"},\"primaryImageOfPage\":{\"@id\":\"https:\/\/blogs.uninter.edu.mx\/difusioncultural\/?p=2027#primaryimage\"},\"image\":{\"@id\":\"https:\/\/blogs.uninter.edu.mx\/difusioncultural\/?p=2027#primaryimage\"},\"thumbnailUrl\":\"https:\/\/blogs.uninter.edu.mx\/difusioncultural\/wp-content\/uploads\/2013\/08\/pedro-infante.jpg?w=300\",\"datePublished\":\"2013-08-30T14:47:57+00:00\",\"breadcrumb\":{\"@id\":\"https:\/\/blogs.uninter.edu.mx\/difusioncultural\/?p=2027#breadcrumb\"},\"inLanguage\":\"es\",\"potentialAction\":[{\"@type\":\"ReadAction\",\"target\":[\"https:\/\/blogs.uninter.edu.mx\/difusioncultural\/?p=2027\"]}]},{\"@type\":\"ImageObject\",\"inLanguage\":\"es\",\"@id\":\"https:\/\/blogs.uninter.edu.mx\/difusioncultural\/?p=2027#primaryimage\",\"url\":\"https:\/\/blogs.uninter.edu.mx\/difusioncultural\/wp-content\/uploads\/2013\/08\/pedro-infante.jpg?w=300\",\"contentUrl\":\"https:\/\/blogs.uninter.edu.mx\/difusioncultural\/wp-content\/uploads\/2013\/08\/pedro-infante.jpg?w=300\"},{\"@type\":\"BreadcrumbList\",\"@id\":\"https:\/\/blogs.uninter.edu.mx\/difusioncultural\/?p=2027#breadcrumb\",\"itemListElement\":[{\"@type\":\"ListItem\",\"position\":1,\"name\":\"Inicio\",\"item\":\"https:\/\/blogs.uninter.edu.mx\/difusioncultural\/\"},{\"@type\":\"ListItem\",\"position\":2,\"name\":\"\u00bfA qu\u00e9 suena M\u00e9xico ?\"}]},{\"@type\":\"WebSite\",\"@id\":\"https:\/\/blogs.uninter.edu.mx\/difusioncultural\/#website\",\"url\":\"https:\/\/blogs.uninter.edu.mx\/difusioncultural\/\",\"name\":\"Difusi\u00f3n Cultural\",\"description\":\"UNINTER\",\"publisher\":{\"@id\":\"https:\/\/blogs.uninter.edu.mx\/difusioncultural\/#organization\"},\"potentialAction\":[{\"@type\":\"SearchAction\",\"target\":{\"@type\":\"EntryPoint\",\"urlTemplate\":\"https:\/\/blogs.uninter.edu.mx\/difusioncultural\/?s={search_term_string}\"},\"query-input\":{\"@type\":\"PropertyValueSpecification\",\"valueRequired\":true,\"valueName\":\"search_term_string\"}}],\"inLanguage\":\"es\"},{\"@type\":\"Organization\",\"@id\":\"https:\/\/blogs.uninter.edu.mx\/difusioncultural\/#organization\",\"name\":\"Difusi\u00f3n Cultural\",\"url\":\"https:\/\/blogs.uninter.edu.mx\/difusioncultural\/\",\"logo\":{\"@type\":\"ImageObject\",\"inLanguage\":\"es\",\"@id\":\"https:\/\/blogs.uninter.edu.mx\/difusioncultural\/#\/schema\/logo\/image\/\",\"url\":\"https:\/\/blogs.uninter.edu.mx\/difusioncultural\/wp-content\/uploads\/2022\/09\/uninter.jpg\",\"contentUrl\":\"https:\/\/blogs.uninter.edu.mx\/difusioncultural\/wp-content\/uploads\/2022\/09\/uninter.jpg\",\"width\":2048,\"height\":2048,\"caption\":\"Difusi\u00f3n Cultural\"},\"image\":{\"@id\":\"https:\/\/blogs.uninter.edu.mx\/difusioncultural\/#\/schema\/logo\/image\/\"}},{\"@type\":\"Person\",\"@id\":\"https:\/\/blogs.uninter.edu.mx\/difusioncultural\/#\/schema\/person\/c710e37686022500827405824a08a18c\",\"name\":\"Aslhey Alejandra Gonz\u00e1lez Castro\",\"image\":{\"@type\":\"ImageObject\",\"inLanguage\":\"es\",\"@id\":\"https:\/\/blogs.uninter.edu.mx\/difusioncultural\/#\/schema\/person\/image\/\",\"url\":\"https:\/\/secure.gravatar.com\/avatar\/1905d6ed47b47ccbfb53e4b64f72f2017309e25d96ef418088d4f998ecf6552e?s=96&d=mm&r=g\",\"contentUrl\":\"https:\/\/secure.gravatar.com\/avatar\/1905d6ed47b47ccbfb53e4b64f72f2017309e25d96ef418088d4f998ecf6552e?s=96&d=mm&r=g\",\"caption\":\"Aslhey Alejandra Gonz\u00e1lez Castro\"},\"url\":\"https:\/\/blogs.uninter.edu.mx\/difusioncultural\/?author=24\"}]}<\/script>\r\n<!-- \/ Yoast SEO plugin. -->","yoast_head_json":{"title":"\u00bfA qu\u00e9 suena M\u00e9xico ? - Difusi\u00f3n Cultural","robots":{"index":"index","follow":"follow","max-snippet":"max-snippet:-1","max-image-preview":"max-image-preview:large","max-video-preview":"max-video-preview:-1"},"canonical":"https:\/\/blogs.uninter.edu.mx\/difusioncultural\/?p=2027","og_locale":"es_MX","og_type":"article","og_title":"\u00bfA qu\u00e9 suena M\u00e9xico ? - Difusi\u00f3n Cultural","og_description":"Por d\u00e9cadas, acad\u00e9micos, cr\u00edticos y m\u00fasicos se han gastado r\u00edos de tinta tratando de encontrar la respuesta a una pregunta fundamental: \u00bfA qu\u00e9 suena M\u00e9xico? \u00bfMariachi?, \u00bfBolero?, \u00bfHuapango?, \u00bfValona?, \u00bfVals?, \u00bfRock?, \u00bfBalada? Quiz\u00e1 la respuesta m\u00e1s apropiada sea que M\u00e9xico suena a todo aquel instrumento que sus artistas, m\u00fasicos y compositores tomen entre sus manos.&hellip;","og_url":"https:\/\/blogs.uninter.edu.mx\/difusioncultural\/?p=2027","og_site_name":"Difusi\u00f3n Cultural","article_published_time":"2013-08-30T14:47:57+00:00","og_image":[{"url":"https:\/\/blogs.uninter.edu.mx\/difusioncultural\/wp-content\/uploads\/2013\/08\/pedro-infante.jpg?w=300","type":"","width":"","height":""}],"author":"Aslhey Alejandra Gonz\u00e1lez Castro","twitter_card":"summary_large_image","twitter_misc":{"Escrito por":"Aslhey Alejandra Gonz\u00e1lez Castro","Tiempo de lectura":"2 minutos"},"schema":{"@context":"https:\/\/schema.org","@graph":[{"@type":"Article","@id":"https:\/\/blogs.uninter.edu.mx\/difusioncultural\/?p=2027#article","isPartOf":{"@id":"https:\/\/blogs.uninter.edu.mx\/difusioncultural\/?p=2027"},"author":{"name":"Aslhey Alejandra Gonz\u00e1lez Castro","@id":"https:\/\/blogs.uninter.edu.mx\/difusioncultural\/#\/schema\/person\/c710e37686022500827405824a08a18c"},"headline":"\u00bfA qu\u00e9 suena M\u00e9xico ?","datePublished":"2013-08-30T14:47:57+00:00","mainEntityOfPage":{"@id":"https:\/\/blogs.uninter.edu.mx\/difusioncultural\/?p=2027"},"wordCount":499,"commentCount":0,"publisher":{"@id":"https:\/\/blogs.uninter.edu.mx\/difusioncultural\/#organization"},"image":{"@id":"https:\/\/blogs.uninter.edu.mx\/difusioncultural\/?p=2027#primaryimage"},"thumbnailUrl":"https:\/\/blogs.uninter.edu.mx\/difusioncultural\/wp-content\/uploads\/2013\/08\/pedro-infante.jpg?w=300","inLanguage":"es","potentialAction":[{"@type":"CommentAction","name":"Comment","target":["https:\/\/blogs.uninter.edu.mx\/difusioncultural\/?p=2027#respond"]}]},{"@type":"WebPage","@id":"https:\/\/blogs.uninter.edu.mx\/difusioncultural\/?p=2027","url":"https:\/\/blogs.uninter.edu.mx\/difusioncultural\/?p=2027","name":"\u00bfA qu\u00e9 suena M\u00e9xico ? - Difusi\u00f3n Cultural","isPartOf":{"@id":"https:\/\/blogs.uninter.edu.mx\/difusioncultural\/#website"},"primaryImageOfPage":{"@id":"https:\/\/blogs.uninter.edu.mx\/difusioncultural\/?p=2027#primaryimage"},"image":{"@id":"https:\/\/blogs.uninter.edu.mx\/difusioncultural\/?p=2027#primaryimage"},"thumbnailUrl":"https:\/\/blogs.uninter.edu.mx\/difusioncultural\/wp-content\/uploads\/2013\/08\/pedro-infante.jpg?w=300","datePublished":"2013-08-30T14:47:57+00:00","breadcrumb":{"@id":"https:\/\/blogs.uninter.edu.mx\/difusioncultural\/?p=2027#breadcrumb"},"inLanguage":"es","potentialAction":[{"@type":"ReadAction","target":["https:\/\/blogs.uninter.edu.mx\/difusioncultural\/?p=2027"]}]},{"@type":"ImageObject","inLanguage":"es","@id":"https:\/\/blogs.uninter.edu.mx\/difusioncultural\/?p=2027#primaryimage","url":"https:\/\/blogs.uninter.edu.mx\/difusioncultural\/wp-content\/uploads\/2013\/08\/pedro-infante.jpg?w=300","contentUrl":"https:\/\/blogs.uninter.edu.mx\/difusioncultural\/wp-content\/uploads\/2013\/08\/pedro-infante.jpg?w=300"},{"@type":"BreadcrumbList","@id":"https:\/\/blogs.uninter.edu.mx\/difusioncultural\/?p=2027#breadcrumb","itemListElement":[{"@type":"ListItem","position":1,"name":"Inicio","item":"https:\/\/blogs.uninter.edu.mx\/difusioncultural\/"},{"@type":"ListItem","position":2,"name":"\u00bfA qu\u00e9 suena M\u00e9xico ?"}]},{"@type":"WebSite","@id":"https:\/\/blogs.uninter.edu.mx\/difusioncultural\/#website","url":"https:\/\/blogs.uninter.edu.mx\/difusioncultural\/","name":"Difusi\u00f3n Cultural","description":"UNINTER","publisher":{"@id":"https:\/\/blogs.uninter.edu.mx\/difusioncultural\/#organization"},"potentialAction":[{"@type":"SearchAction","target":{"@type":"EntryPoint","urlTemplate":"https:\/\/blogs.uninter.edu.mx\/difusioncultural\/?s={search_term_string}"},"query-input":{"@type":"PropertyValueSpecification","valueRequired":true,"valueName":"search_term_string"}}],"inLanguage":"es"},{"@type":"Organization","@id":"https:\/\/blogs.uninter.edu.mx\/difusioncultural\/#organization","name":"Difusi\u00f3n Cultural","url":"https:\/\/blogs.uninter.edu.mx\/difusioncultural\/","logo":{"@type":"ImageObject","inLanguage":"es","@id":"https:\/\/blogs.uninter.edu.mx\/difusioncultural\/#\/schema\/logo\/image\/","url":"https:\/\/blogs.uninter.edu.mx\/difusioncultural\/wp-content\/uploads\/2022\/09\/uninter.jpg","contentUrl":"https:\/\/blogs.uninter.edu.mx\/difusioncultural\/wp-content\/uploads\/2022\/09\/uninter.jpg","width":2048,"height":2048,"caption":"Difusi\u00f3n Cultural"},"image":{"@id":"https:\/\/blogs.uninter.edu.mx\/difusioncultural\/#\/schema\/logo\/image\/"}},{"@type":"Person","@id":"https:\/\/blogs.uninter.edu.mx\/difusioncultural\/#\/schema\/person\/c710e37686022500827405824a08a18c","name":"Aslhey Alejandra Gonz\u00e1lez Castro","image":{"@type":"ImageObject","inLanguage":"es","@id":"https:\/\/blogs.uninter.edu.mx\/difusioncultural\/#\/schema\/person\/image\/","url":"https:\/\/secure.gravatar.com\/avatar\/1905d6ed47b47ccbfb53e4b64f72f2017309e25d96ef418088d4f998ecf6552e?s=96&d=mm&r=g","contentUrl":"https:\/\/secure.gravatar.com\/avatar\/1905d6ed47b47ccbfb53e4b64f72f2017309e25d96ef418088d4f998ecf6552e?s=96&d=mm&r=g","caption":"Aslhey Alejandra Gonz\u00e1lez Castro"},"url":"https:\/\/blogs.uninter.edu.mx\/difusioncultural\/?author=24"}]}},"jetpack_publicize_connections":[],"jetpack_featured_media_url":"","jetpack_sharing_enabled":true,"_links":{"self":[{"href":"https:\/\/blogs.uninter.edu.mx\/difusioncultural\/index.php?rest_route=\/wp\/v2\/posts\/2027","targetHints":{"allow":["GET"]}}],"collection":[{"href":"https:\/\/blogs.uninter.edu.mx\/difusioncultural\/index.php?rest_route=\/wp\/v2\/posts"}],"about":[{"href":"https:\/\/blogs.uninter.edu.mx\/difusioncultural\/index.php?rest_route=\/wp\/v2\/types\/post"}],"author":[{"embeddable":true,"href":"https:\/\/blogs.uninter.edu.mx\/difusioncultural\/index.php?rest_route=\/wp\/v2\/users\/24"}],"replies":[{"embeddable":true,"href":"https:\/\/blogs.uninter.edu.mx\/difusioncultural\/index.php?rest_route=%2Fwp%2Fv2%2Fcomments&post=2027"}],"version-history":[{"count":0,"href":"https:\/\/blogs.uninter.edu.mx\/difusioncultural\/index.php?rest_route=\/wp\/v2\/posts\/2027\/revisions"}],"wp:attachment":[{"href":"https:\/\/blogs.uninter.edu.mx\/difusioncultural\/index.php?rest_route=%2Fwp%2Fv2%2Fmedia&parent=2027"}],"wp:term":[{"taxonomy":"category","embeddable":true,"href":"https:\/\/blogs.uninter.edu.mx\/difusioncultural\/index.php?rest_route=%2Fwp%2Fv2%2Fcategories&post=2027"},{"taxonomy":"post_tag","embeddable":true,"href":"https:\/\/blogs.uninter.edu.mx\/difusioncultural\/index.php?rest_route=%2Fwp%2Fv2%2Ftags&post=2027"}],"curies":[{"name":"wp","href":"https:\/\/api.w.org\/{rel}","templated":true}]}}