{"id":2035,"date":"2013-09-05T13:49:15","date_gmt":"2013-09-05T13:49:15","guid":{"rendered":"http:\/\/difusionculturaluninter.wordpress.com\/?p=2035"},"modified":"2013-09-05T13:49:15","modified_gmt":"2013-09-05T13:49:15","slug":"zapopan-entre-maiz-pintura-y-un-homenaje-a-jose-alfredo-jimenez","status":"publish","type":"post","link":"https:\/\/blogs.uninter.edu.mx\/difusioncultural\/?p=2035","title":{"rendered":"Zapopan, entre ma\u00edz, pintura y un homenaje a Jos\u00e9 Alfredo Jim\u00e9nez"},"content":{"rendered":"<p>Durante esta semana, Zapopan ser\u00e1 sede de eventos variopintos: en primer lugar, el 5 de septiembre a las 19:00 horas, en la Galer\u00eda Central (Vicente Guerrero 233, casi esquina con Avenida Hidalgo, en el centro zapopano), se llevar\u00e1 a cabo la inauguraci\u00f3n de la exposici\u00f3n Sal\u00f3n de Pintura 2013, en la que se seleccionaron 16 piezas de un total de 600, luego de una convocatoria realizada por Galer\u00eda V\u00e9rtice.<\/p>\n<p>La intenci\u00f3n de esta exposici\u00f3n, curada por Lewis Kant es hallar y mostrar un corte de la realidad contempor\u00e1nea y celebrar el arraigo de la pintura en M\u00e9xico, desde lo m\u00e1s natural hasta lo m\u00e1s sofisticado. Entre los participantes est\u00e1n Ana Lilian Lobato, Barbar\u00e1 Hess, Beatriz Navarro Hern\u00e1ndez, Chapis Fregoso, Elba Uribe Montalbo, Gabriela Tolentino, Jacob Monroy, Josefina Orozco, Laura Villanueva, Lixi Castellanos, Ma. De Jes\u00fas de la Torre, Jos\u00e9 Lozano, Marcel Salles, Mario Navarro, Marisa Salazar y Mayra Zazueta.<\/p>\n<p>La exposici\u00f3n permanecer\u00e1 hasta el 27 de septiembre. La entrada es gratuita.<\/p>\n<p>Homenaje a Jos\u00e9 Alfredo<\/p>\n<p>&#8220;Olv\u00eddate de todo, menos de m\u00ed&#8221; es el nombre del homenaje que el Instituto de Cultura de Zapopan rendir\u00e1 al cantautor mexicano Jos\u00e9 Alfredo Jim\u00e9nez y que formar\u00e1 parte de las actividades del Encuentro de Mariachi Tradicional.<\/p>\n<p>El evento tendr\u00e1 lugar en Unidad Bas\u00edlica, Sal\u00f3n 3, en la Plaza de las Am\u00e9ricas, el viernes 6 de septiembre a las 19:00 horas. Estar\u00e1 presente Paloma Jim\u00e9nez, hija de Jos\u00e9 Alfredo, y estar\u00e1 acompa\u00f1ada por William Gradante, especialista en la obra del cantante. Ambos encabezar\u00e1n una conferencia en la que hablar\u00e1n sobre la trayectoria art\u00edstica del guanajuatense y su vida personal. Al final del di\u00e1logo, amenizar\u00e1 la noche el mariachi tradicional El Tequile\u00f1o.<\/p>\n<p>Festival del Ma\u00edz<\/p>\n<p>El Festival del Ma\u00edz, evento tradicional en Zapopan, se llevar\u00e1 a cabo el 7 de septiembre dentro del Palacio Municipal zapopano, de las 14:00 a las 16:30 horas.<\/p>\n<p>Entre los municipios participantes estar\u00e1n los municipios de la metr\u00f3poli, adem\u00e1s de Tepatitl\u00e1n, Ahualulco de Mercado y Zapotlanejo. Habr\u00e1 comida, tejuino y postres. De lo que se trata es que los asistentes degusten los alimentos que se ofrecer\u00e1n, escuchen m\u00fasica de mariachi y se queden a la entrega del Cham\u00e1n del Ma\u00edz, escultura realizada por \u00d3scar Zamarripa y que se otorgar\u00e1 a don Marcelino, vendedor de tejuino.<br \/>\n<a href=\"https:\/\/blogs.uninter.edu.mx\/difusioncultural\/wp-content\/uploads\/2013\/09\/f6f8d4407afb09dd91dd96db0174ee91_int470.jpg\"><img fetchpriority=\"high\" decoding=\"async\" src=\"https:\/\/blogs.uninter.edu.mx\/difusioncultural\/wp-content\/uploads\/2013\/09\/f6f8d4407afb09dd91dd96db0174ee91_int470.jpg?w=300\" alt=\"f6f8d4407afb09dd91dd96db0174ee91_int470\" width=\"300\" height=\"223\" class=\"alignnone size-medium wp-image-2036\" \/><\/a><\/p>\n","protected":false},"excerpt":{"rendered":"<p>Durante esta semana, Zapopan ser\u00e1 sede de eventos variopintos: en primer lugar, el 5 de septiembre a las 19:00 horas, en la Galer\u00eda Central (Vicente Guerrero 233, casi esquina con Avenida Hidalgo, en el centro zapopano), se llevar\u00e1 a cabo la inauguraci\u00f3n de la exposici\u00f3n Sal\u00f3n de Pintura 2013, en la que se seleccionaron 16&hellip;<\/p>\n","protected":false},"author":24,"featured_media":0,"comment_status":"open","ping_status":"open","sticky":false,"template":"","format":"standard","meta":{"_jetpack_memberships_contains_paid_content":false,"footnotes":"","jetpack_publicize_message":"","jetpack_publicize_feature_enabled":true,"jetpack_social_post_already_shared":false,"jetpack_social_options":{"image_generator_settings":{"template":"highway","default_image_id":0,"font":"","enabled":false},"version":2}},"categories":[1],"tags":[],"class_list":["post-2035","post","type-post","status-publish","format-standard","hentry","category-sin-categoria"],"yoast_head":"<!-- This site is optimized with the Yoast SEO plugin v26.3 - https:\/\/yoast.com\/wordpress\/plugins\/seo\/ -->\r\n<title>Zapopan, entre ma\u00edz, pintura y un homenaje a Jos\u00e9 Alfredo Jim\u00e9nez - Difusi\u00f3n Cultural<\/title>\r\n<meta name=\"robots\" content=\"index, follow, max-snippet:-1, max-image-preview:large, max-video-preview:-1\" \/>\r\n<link rel=\"canonical\" href=\"https:\/\/blogs.uninter.edu.mx\/difusioncultural\/?p=2035\" \/>\r\n<meta property=\"og:locale\" content=\"es_MX\" \/>\r\n<meta property=\"og:type\" content=\"article\" \/>\r\n<meta property=\"og:title\" content=\"Zapopan, entre ma\u00edz, pintura y un homenaje a Jos\u00e9 Alfredo Jim\u00e9nez - Difusi\u00f3n Cultural\" \/>\r\n<meta property=\"og:description\" content=\"Durante esta semana, Zapopan ser\u00e1 sede de eventos variopintos: en primer lugar, el 5 de septiembre a las 19:00 horas, en la Galer\u00eda Central (Vicente Guerrero 233, casi esquina con Avenida Hidalgo, en el centro zapopano), se llevar\u00e1 a cabo la inauguraci\u00f3n de la exposici\u00f3n Sal\u00f3n de Pintura 2013, en la que se seleccionaron 16&hellip;\" \/>\r\n<meta property=\"og:url\" content=\"https:\/\/blogs.uninter.edu.mx\/difusioncultural\/?p=2035\" \/>\r\n<meta property=\"og:site_name\" content=\"Difusi\u00f3n Cultural\" \/>\r\n<meta property=\"article:published_time\" content=\"2013-09-05T13:49:15+00:00\" \/>\r\n<meta property=\"og:image\" content=\"https:\/\/blogs.uninter.edu.mx\/difusioncultural\/wp-content\/uploads\/2013\/09\/f6f8d4407afb09dd91dd96db0174ee91_int470.jpg?w=300\" \/>\r\n<meta name=\"author\" content=\"Aslhey Alejandra Gonz\u00e1lez Castro\" \/>\r\n<meta name=\"twitter:card\" content=\"summary_large_image\" \/>\r\n<meta name=\"twitter:label1\" content=\"Escrito por\" \/>\n\t<meta name=\"twitter:data1\" content=\"Aslhey Alejandra Gonz\u00e1lez Castro\" \/>\n\t<meta name=\"twitter:label2\" content=\"Tiempo de lectura\" \/>\n\t<meta name=\"twitter:data2\" content=\"2 minutos\" \/>\r\n<script type=\"application\/ld+json\" class=\"yoast-schema-graph\">{\"@context\":\"https:\/\/schema.org\",\"@graph\":[{\"@type\":\"Article\",\"@id\":\"https:\/\/blogs.uninter.edu.mx\/difusioncultural\/?p=2035#article\",\"isPartOf\":{\"@id\":\"https:\/\/blogs.uninter.edu.mx\/difusioncultural\/?p=2035\"},\"author\":{\"name\":\"Aslhey Alejandra Gonz\u00e1lez Castro\",\"@id\":\"https:\/\/blogs.uninter.edu.mx\/difusioncultural\/#\/schema\/person\/c710e37686022500827405824a08a18c\"},\"headline\":\"Zapopan, entre ma\u00edz, pintura y un homenaje a Jos\u00e9 Alfredo Jim\u00e9nez\",\"datePublished\":\"2013-09-05T13:49:15+00:00\",\"mainEntityOfPage\":{\"@id\":\"https:\/\/blogs.uninter.edu.mx\/difusioncultural\/?p=2035\"},\"wordCount\":412,\"commentCount\":0,\"publisher\":{\"@id\":\"https:\/\/blogs.uninter.edu.mx\/difusioncultural\/#organization\"},\"image\":{\"@id\":\"https:\/\/blogs.uninter.edu.mx\/difusioncultural\/?p=2035#primaryimage\"},\"thumbnailUrl\":\"https:\/\/blogs.uninter.edu.mx\/difusioncultural\/wp-content\/uploads\/2013\/09\/f6f8d4407afb09dd91dd96db0174ee91_int470.jpg?w=300\",\"inLanguage\":\"es\",\"potentialAction\":[{\"@type\":\"CommentAction\",\"name\":\"Comment\",\"target\":[\"https:\/\/blogs.uninter.edu.mx\/difusioncultural\/?p=2035#respond\"]}]},{\"@type\":\"WebPage\",\"@id\":\"https:\/\/blogs.uninter.edu.mx\/difusioncultural\/?p=2035\",\"url\":\"https:\/\/blogs.uninter.edu.mx\/difusioncultural\/?p=2035\",\"name\":\"Zapopan, entre ma\u00edz, pintura y un homenaje a Jos\u00e9 Alfredo Jim\u00e9nez - Difusi\u00f3n Cultural\",\"isPartOf\":{\"@id\":\"https:\/\/blogs.uninter.edu.mx\/difusioncultural\/#website\"},\"primaryImageOfPage\":{\"@id\":\"https:\/\/blogs.uninter.edu.mx\/difusioncultural\/?p=2035#primaryimage\"},\"image\":{\"@id\":\"https:\/\/blogs.uninter.edu.mx\/difusioncultural\/?p=2035#primaryimage\"},\"thumbnailUrl\":\"https:\/\/blogs.uninter.edu.mx\/difusioncultural\/wp-content\/uploads\/2013\/09\/f6f8d4407afb09dd91dd96db0174ee91_int470.jpg?w=300\",\"datePublished\":\"2013-09-05T13:49:15+00:00\",\"breadcrumb\":{\"@id\":\"https:\/\/blogs.uninter.edu.mx\/difusioncultural\/?p=2035#breadcrumb\"},\"inLanguage\":\"es\",\"potentialAction\":[{\"@type\":\"ReadAction\",\"target\":[\"https:\/\/blogs.uninter.edu.mx\/difusioncultural\/?p=2035\"]}]},{\"@type\":\"ImageObject\",\"inLanguage\":\"es\",\"@id\":\"https:\/\/blogs.uninter.edu.mx\/difusioncultural\/?p=2035#primaryimage\",\"url\":\"https:\/\/blogs.uninter.edu.mx\/difusioncultural\/wp-content\/uploads\/2013\/09\/f6f8d4407afb09dd91dd96db0174ee91_int470.jpg?w=300\",\"contentUrl\":\"https:\/\/blogs.uninter.edu.mx\/difusioncultural\/wp-content\/uploads\/2013\/09\/f6f8d4407afb09dd91dd96db0174ee91_int470.jpg?w=300\"},{\"@type\":\"BreadcrumbList\",\"@id\":\"https:\/\/blogs.uninter.edu.mx\/difusioncultural\/?p=2035#breadcrumb\",\"itemListElement\":[{\"@type\":\"ListItem\",\"position\":1,\"name\":\"Inicio\",\"item\":\"https:\/\/blogs.uninter.edu.mx\/difusioncultural\/\"},{\"@type\":\"ListItem\",\"position\":2,\"name\":\"Zapopan, entre ma\u00edz, pintura y un homenaje a Jos\u00e9 Alfredo Jim\u00e9nez\"}]},{\"@type\":\"WebSite\",\"@id\":\"https:\/\/blogs.uninter.edu.mx\/difusioncultural\/#website\",\"url\":\"https:\/\/blogs.uninter.edu.mx\/difusioncultural\/\",\"name\":\"Difusi\u00f3n Cultural\",\"description\":\"UNINTER\",\"publisher\":{\"@id\":\"https:\/\/blogs.uninter.edu.mx\/difusioncultural\/#organization\"},\"potentialAction\":[{\"@type\":\"SearchAction\",\"target\":{\"@type\":\"EntryPoint\",\"urlTemplate\":\"https:\/\/blogs.uninter.edu.mx\/difusioncultural\/?s={search_term_string}\"},\"query-input\":{\"@type\":\"PropertyValueSpecification\",\"valueRequired\":true,\"valueName\":\"search_term_string\"}}],\"inLanguage\":\"es\"},{\"@type\":\"Organization\",\"@id\":\"https:\/\/blogs.uninter.edu.mx\/difusioncultural\/#organization\",\"name\":\"Difusi\u00f3n Cultural\",\"url\":\"https:\/\/blogs.uninter.edu.mx\/difusioncultural\/\",\"logo\":{\"@type\":\"ImageObject\",\"inLanguage\":\"es\",\"@id\":\"https:\/\/blogs.uninter.edu.mx\/difusioncultural\/#\/schema\/logo\/image\/\",\"url\":\"https:\/\/blogs.uninter.edu.mx\/difusioncultural\/wp-content\/uploads\/2022\/09\/uninter.jpg\",\"contentUrl\":\"https:\/\/blogs.uninter.edu.mx\/difusioncultural\/wp-content\/uploads\/2022\/09\/uninter.jpg\",\"width\":2048,\"height\":2048,\"caption\":\"Difusi\u00f3n Cultural\"},\"image\":{\"@id\":\"https:\/\/blogs.uninter.edu.mx\/difusioncultural\/#\/schema\/logo\/image\/\"}},{\"@type\":\"Person\",\"@id\":\"https:\/\/blogs.uninter.edu.mx\/difusioncultural\/#\/schema\/person\/c710e37686022500827405824a08a18c\",\"name\":\"Aslhey Alejandra Gonz\u00e1lez Castro\",\"image\":{\"@type\":\"ImageObject\",\"inLanguage\":\"es\",\"@id\":\"https:\/\/blogs.uninter.edu.mx\/difusioncultural\/#\/schema\/person\/image\/\",\"url\":\"https:\/\/secure.gravatar.com\/avatar\/1905d6ed47b47ccbfb53e4b64f72f2017309e25d96ef418088d4f998ecf6552e?s=96&d=mm&r=g\",\"contentUrl\":\"https:\/\/secure.gravatar.com\/avatar\/1905d6ed47b47ccbfb53e4b64f72f2017309e25d96ef418088d4f998ecf6552e?s=96&d=mm&r=g\",\"caption\":\"Aslhey Alejandra Gonz\u00e1lez Castro\"},\"url\":\"https:\/\/blogs.uninter.edu.mx\/difusioncultural\/?author=24\"}]}<\/script>\r\n<!-- \/ Yoast SEO plugin. -->","yoast_head_json":{"title":"Zapopan, entre ma\u00edz, pintura y un homenaje a Jos\u00e9 Alfredo Jim\u00e9nez - Difusi\u00f3n Cultural","robots":{"index":"index","follow":"follow","max-snippet":"max-snippet:-1","max-image-preview":"max-image-preview:large","max-video-preview":"max-video-preview:-1"},"canonical":"https:\/\/blogs.uninter.edu.mx\/difusioncultural\/?p=2035","og_locale":"es_MX","og_type":"article","og_title":"Zapopan, entre ma\u00edz, pintura y un homenaje a Jos\u00e9 Alfredo Jim\u00e9nez - Difusi\u00f3n Cultural","og_description":"Durante esta semana, Zapopan ser\u00e1 sede de eventos variopintos: en primer lugar, el 5 de septiembre a las 19:00 horas, en la Galer\u00eda Central (Vicente Guerrero 233, casi esquina con Avenida Hidalgo, en el centro zapopano), se llevar\u00e1 a cabo la inauguraci\u00f3n de la exposici\u00f3n Sal\u00f3n de Pintura 2013, en la que se seleccionaron 16&hellip;","og_url":"https:\/\/blogs.uninter.edu.mx\/difusioncultural\/?p=2035","og_site_name":"Difusi\u00f3n Cultural","article_published_time":"2013-09-05T13:49:15+00:00","og_image":[{"url":"https:\/\/blogs.uninter.edu.mx\/difusioncultural\/wp-content\/uploads\/2013\/09\/f6f8d4407afb09dd91dd96db0174ee91_int470.jpg?w=300","type":"","width":"","height":""}],"author":"Aslhey Alejandra Gonz\u00e1lez Castro","twitter_card":"summary_large_image","twitter_misc":{"Escrito por":"Aslhey Alejandra Gonz\u00e1lez Castro","Tiempo de lectura":"2 minutos"},"schema":{"@context":"https:\/\/schema.org","@graph":[{"@type":"Article","@id":"https:\/\/blogs.uninter.edu.mx\/difusioncultural\/?p=2035#article","isPartOf":{"@id":"https:\/\/blogs.uninter.edu.mx\/difusioncultural\/?p=2035"},"author":{"name":"Aslhey Alejandra Gonz\u00e1lez Castro","@id":"https:\/\/blogs.uninter.edu.mx\/difusioncultural\/#\/schema\/person\/c710e37686022500827405824a08a18c"},"headline":"Zapopan, entre ma\u00edz, pintura y un homenaje a Jos\u00e9 Alfredo Jim\u00e9nez","datePublished":"2013-09-05T13:49:15+00:00","mainEntityOfPage":{"@id":"https:\/\/blogs.uninter.edu.mx\/difusioncultural\/?p=2035"},"wordCount":412,"commentCount":0,"publisher":{"@id":"https:\/\/blogs.uninter.edu.mx\/difusioncultural\/#organization"},"image":{"@id":"https:\/\/blogs.uninter.edu.mx\/difusioncultural\/?p=2035#primaryimage"},"thumbnailUrl":"https:\/\/blogs.uninter.edu.mx\/difusioncultural\/wp-content\/uploads\/2013\/09\/f6f8d4407afb09dd91dd96db0174ee91_int470.jpg?w=300","inLanguage":"es","potentialAction":[{"@type":"CommentAction","name":"Comment","target":["https:\/\/blogs.uninter.edu.mx\/difusioncultural\/?p=2035#respond"]}]},{"@type":"WebPage","@id":"https:\/\/blogs.uninter.edu.mx\/difusioncultural\/?p=2035","url":"https:\/\/blogs.uninter.edu.mx\/difusioncultural\/?p=2035","name":"Zapopan, entre ma\u00edz, pintura y un homenaje a Jos\u00e9 Alfredo Jim\u00e9nez - Difusi\u00f3n Cultural","isPartOf":{"@id":"https:\/\/blogs.uninter.edu.mx\/difusioncultural\/#website"},"primaryImageOfPage":{"@id":"https:\/\/blogs.uninter.edu.mx\/difusioncultural\/?p=2035#primaryimage"},"image":{"@id":"https:\/\/blogs.uninter.edu.mx\/difusioncultural\/?p=2035#primaryimage"},"thumbnailUrl":"https:\/\/blogs.uninter.edu.mx\/difusioncultural\/wp-content\/uploads\/2013\/09\/f6f8d4407afb09dd91dd96db0174ee91_int470.jpg?w=300","datePublished":"2013-09-05T13:49:15+00:00","breadcrumb":{"@id":"https:\/\/blogs.uninter.edu.mx\/difusioncultural\/?p=2035#breadcrumb"},"inLanguage":"es","potentialAction":[{"@type":"ReadAction","target":["https:\/\/blogs.uninter.edu.mx\/difusioncultural\/?p=2035"]}]},{"@type":"ImageObject","inLanguage":"es","@id":"https:\/\/blogs.uninter.edu.mx\/difusioncultural\/?p=2035#primaryimage","url":"https:\/\/blogs.uninter.edu.mx\/difusioncultural\/wp-content\/uploads\/2013\/09\/f6f8d4407afb09dd91dd96db0174ee91_int470.jpg?w=300","contentUrl":"https:\/\/blogs.uninter.edu.mx\/difusioncultural\/wp-content\/uploads\/2013\/09\/f6f8d4407afb09dd91dd96db0174ee91_int470.jpg?w=300"},{"@type":"BreadcrumbList","@id":"https:\/\/blogs.uninter.edu.mx\/difusioncultural\/?p=2035#breadcrumb","itemListElement":[{"@type":"ListItem","position":1,"name":"Inicio","item":"https:\/\/blogs.uninter.edu.mx\/difusioncultural\/"},{"@type":"ListItem","position":2,"name":"Zapopan, entre ma\u00edz, pintura y un homenaje a Jos\u00e9 Alfredo Jim\u00e9nez"}]},{"@type":"WebSite","@id":"https:\/\/blogs.uninter.edu.mx\/difusioncultural\/#website","url":"https:\/\/blogs.uninter.edu.mx\/difusioncultural\/","name":"Difusi\u00f3n Cultural","description":"UNINTER","publisher":{"@id":"https:\/\/blogs.uninter.edu.mx\/difusioncultural\/#organization"},"potentialAction":[{"@type":"SearchAction","target":{"@type":"EntryPoint","urlTemplate":"https:\/\/blogs.uninter.edu.mx\/difusioncultural\/?s={search_term_string}"},"query-input":{"@type":"PropertyValueSpecification","valueRequired":true,"valueName":"search_term_string"}}],"inLanguage":"es"},{"@type":"Organization","@id":"https:\/\/blogs.uninter.edu.mx\/difusioncultural\/#organization","name":"Difusi\u00f3n Cultural","url":"https:\/\/blogs.uninter.edu.mx\/difusioncultural\/","logo":{"@type":"ImageObject","inLanguage":"es","@id":"https:\/\/blogs.uninter.edu.mx\/difusioncultural\/#\/schema\/logo\/image\/","url":"https:\/\/blogs.uninter.edu.mx\/difusioncultural\/wp-content\/uploads\/2022\/09\/uninter.jpg","contentUrl":"https:\/\/blogs.uninter.edu.mx\/difusioncultural\/wp-content\/uploads\/2022\/09\/uninter.jpg","width":2048,"height":2048,"caption":"Difusi\u00f3n Cultural"},"image":{"@id":"https:\/\/blogs.uninter.edu.mx\/difusioncultural\/#\/schema\/logo\/image\/"}},{"@type":"Person","@id":"https:\/\/blogs.uninter.edu.mx\/difusioncultural\/#\/schema\/person\/c710e37686022500827405824a08a18c","name":"Aslhey Alejandra Gonz\u00e1lez Castro","image":{"@type":"ImageObject","inLanguage":"es","@id":"https:\/\/blogs.uninter.edu.mx\/difusioncultural\/#\/schema\/person\/image\/","url":"https:\/\/secure.gravatar.com\/avatar\/1905d6ed47b47ccbfb53e4b64f72f2017309e25d96ef418088d4f998ecf6552e?s=96&d=mm&r=g","contentUrl":"https:\/\/secure.gravatar.com\/avatar\/1905d6ed47b47ccbfb53e4b64f72f2017309e25d96ef418088d4f998ecf6552e?s=96&d=mm&r=g","caption":"Aslhey Alejandra Gonz\u00e1lez Castro"},"url":"https:\/\/blogs.uninter.edu.mx\/difusioncultural\/?author=24"}]}},"jetpack_publicize_connections":[],"jetpack_featured_media_url":"","jetpack_sharing_enabled":true,"_links":{"self":[{"href":"https:\/\/blogs.uninter.edu.mx\/difusioncultural\/index.php?rest_route=\/wp\/v2\/posts\/2035","targetHints":{"allow":["GET"]}}],"collection":[{"href":"https:\/\/blogs.uninter.edu.mx\/difusioncultural\/index.php?rest_route=\/wp\/v2\/posts"}],"about":[{"href":"https:\/\/blogs.uninter.edu.mx\/difusioncultural\/index.php?rest_route=\/wp\/v2\/types\/post"}],"author":[{"embeddable":true,"href":"https:\/\/blogs.uninter.edu.mx\/difusioncultural\/index.php?rest_route=\/wp\/v2\/users\/24"}],"replies":[{"embeddable":true,"href":"https:\/\/blogs.uninter.edu.mx\/difusioncultural\/index.php?rest_route=%2Fwp%2Fv2%2Fcomments&post=2035"}],"version-history":[{"count":0,"href":"https:\/\/blogs.uninter.edu.mx\/difusioncultural\/index.php?rest_route=\/wp\/v2\/posts\/2035\/revisions"}],"wp:attachment":[{"href":"https:\/\/blogs.uninter.edu.mx\/difusioncultural\/index.php?rest_route=%2Fwp%2Fv2%2Fmedia&parent=2035"}],"wp:term":[{"taxonomy":"category","embeddable":true,"href":"https:\/\/blogs.uninter.edu.mx\/difusioncultural\/index.php?rest_route=%2Fwp%2Fv2%2Fcategories&post=2035"},{"taxonomy":"post_tag","embeddable":true,"href":"https:\/\/blogs.uninter.edu.mx\/difusioncultural\/index.php?rest_route=%2Fwp%2Fv2%2Ftags&post=2035"}],"curies":[{"name":"wp","href":"https:\/\/api.w.org\/{rel}","templated":true}]}}