{"id":2039,"date":"2013-09-07T04:35:46","date_gmt":"2013-09-07T04:35:46","guid":{"rendered":"http:\/\/difusionculturaluninter.wordpress.com\/?p=2039"},"modified":"2013-09-07T04:35:46","modified_gmt":"2013-09-07T04:35:46","slug":"tijuana-y-su-nueva-vision-del-arte","status":"publish","type":"post","link":"https:\/\/blogs.uninter.edu.mx\/difusioncultural\/?p=2039","title":{"rendered":"Tijuana y su nueva visi\u00f3n del arte"},"content":{"rendered":"<p> Para producir arte contempor\u00e1neo, distribuirlo, promoverlo y criticarlo, se necesita, primero, reconocer la existencia de una comunidad art\u00edstica internacional sin fronteras geogr\u00e1ficas, y segundo, tender puentes entre los actores internos y los observadores externos que comparten a las artes visuales como un discurso y un medio de expresi\u00f3n.<\/p>\n<p>As\u00ed surge el Laboratorio de Agentes del Arte Contempor\u00e1neo (LAAC) en Tijuana, Baja California, concebido como un espacio para el di\u00e1logo y el pensamiento cr\u00edtico en el ejercicio de arte actual. Su creadora y promotora, Illya Haro, lleva cuatro a\u00f1os trabajando en este proyecto y ahora se encuentra en Guadalajara para difundir sus actividades entre todos los actores del \u00e1mbito cultural &#8211;ha concretado encuentros con artistas, directores de museos, funcionarios p\u00fablicos y promotores&#8211; y el s\u00e1bado 7 de septiembre ofrecer\u00e1 una charla abierta al p\u00fablico en el Museo de Arte de Zapopan (MAZ), a las 12:00 horas.<\/p>\n<p>Esta visita, agradece Haro, se concret\u00f3 con la colaboraci\u00f3n de Laboratorio Sensorial, cuyo fundador es Andr\u00e9s Aguilar Mart\u00ednez Negrete y su directora es Mariana Aguirre, as\u00ed como de la promotora de arte, Mar\u00eda \u00c1lvarez del Castillo, y de Paulina Ascencio, quien hace labores de curadur\u00eda en el MAZ. La intenci\u00f3n no s\u00f3lo es promover el laboratorio, &#8220;sino adquirir conocimiento de la creaci\u00f3n art\u00edstica de Guadalajara y utilizarlo para generar proyectos a futuro en Tijuana&#8221;, agrega.<\/p>\n<p>El LAAC tiene como objetivo central crear comunidad entre todos los actores involucrados en el \u00e1mbito cultural para la promoci\u00f3n del arte, la gesti\u00f3n de proyectos, la creaci\u00f3n de v\u00ednculos que faciliten la producci\u00f3n y la generaci\u00f3n de conocimiento en el tema. Es decir, su labor no es concretamente participar en la creaci\u00f3n art\u00edstica, en el montaje de exposiciones o en la apertura de galer\u00edas, sino que buscan &#8220;la reflexi\u00f3n, la profesionalizaci\u00f3n y generar redes de di\u00e1logos horizontales utilizando el arte contempor\u00e1neo como herramienta para tener incidencia en la comunidad inmediata&#8221;.<\/p>\n<p>Una de sus actividades en marcha actualmente es el Programa Internacional de Residencia Art\u00edstica &#8220;Se renta&#8221;, que tiene por objetivo construir una red de colaboraci\u00f3n con artistas, galeristas y gestores independientes, al margen de si participan o no las instituciones gubernamentales, para facilitar la movilidad de los creadores, intercambiar obra para exhibici\u00f3n, realizar asesor\u00edas, revisar portafolios e incentivar una reflexi\u00f3n colectiva sobre el uso de los espacios en Tijuana, en donde los edificios se ocupan y se vac\u00edan constantemente dejando &#8220;una ciudad en estado de abandono, su centro cambia y no hay una procuraci\u00f3n del bien cultural en los inmuebles para la memoria y el patrimonio&#8221;. De ah\u00ed que el proyecto se llame &#8220;Se renta&#8221;.<\/p>\n<p>Otras actividades que realizan son el PechaKucha, un formato de presentaci\u00f3n art\u00edstica que surgi\u00f3 primeramente en Jap\u00f3n y se realiza en varios lugares del mundo (incluido Guadalajara); el Encuentro de Agentes del Arte Contempor\u00e1neo (cuya primera edici\u00f3n se llev\u00f3 a cabo el a\u00f1o pasado en Tijuana) y la creaci\u00f3n de una Biblioteca de Arte Contempor\u00e1neo (BiCA), que tambi\u00e9n funge como la sede f\u00edsica del LAAC.<\/p>\n<p>Actualmente tienen colaboradores en la Ciudad de M\u00e9xico, Los \u00c1ngeles, San Diego y Padua (Italia). Adem\u00e1s est\u00e1n en pl\u00e1ticas con actores en Monterrey y Oaxaca para poder extender los lazos de esta red.<\/p>\n<p>El LAAC se ha financiado principalmente con fondos privados y con el apoyo de su gran comunidad. Para el Encuentro de Agentes del Arte Contempor\u00e1neo recibieron recursos del Consejo Nacional para la Cultura y las Artes (Conaculta) y del Patronato de Arte Contempor\u00e1neo (PAC), un asociaci\u00f3n civil que realiza labores para el soporte y financiamiento de las manifestaciones art\u00edsticas.<\/p>\n<p><a href=\"https:\/\/blogs.uninter.edu.mx\/difusioncultural\/wp-content\/uploads\/2013\/09\/images-1.jpg\"><img fetchpriority=\"high\" decoding=\"async\" src=\"https:\/\/blogs.uninter.edu.mx\/difusioncultural\/wp-content\/uploads\/2013\/09\/images-1.jpg\" alt=\"images (1)\" width=\"268\" height=\"188\" class=\"alignnone size-full wp-image-2040\" \/><\/a><\/p>\n","protected":false},"excerpt":{"rendered":"<p>Para producir arte contempor\u00e1neo, distribuirlo, promoverlo y criticarlo, se necesita, primero, reconocer la existencia de una comunidad art\u00edstica internacional sin fronteras geogr\u00e1ficas, y segundo, tender puentes entre los actores internos y los observadores externos que comparten a las artes visuales como un discurso y un medio de expresi\u00f3n. As\u00ed surge el Laboratorio de Agentes del&hellip;<\/p>\n","protected":false},"author":24,"featured_media":0,"comment_status":"open","ping_status":"open","sticky":false,"template":"","format":"standard","meta":{"_jetpack_memberships_contains_paid_content":false,"footnotes":"","jetpack_publicize_message":"","jetpack_publicize_feature_enabled":true,"jetpack_social_post_already_shared":false,"jetpack_social_options":{"image_generator_settings":{"template":"highway","default_image_id":0,"font":"","enabled":false},"version":2}},"categories":[1],"tags":[],"class_list":["post-2039","post","type-post","status-publish","format-standard","hentry","category-sin-categoria"],"yoast_head":"<!-- This site is optimized with the Yoast SEO plugin v26.3 - https:\/\/yoast.com\/wordpress\/plugins\/seo\/ -->\r\n<title>Tijuana y su nueva visi\u00f3n del arte - Difusi\u00f3n Cultural<\/title>\r\n<meta name=\"robots\" content=\"index, follow, max-snippet:-1, max-image-preview:large, max-video-preview:-1\" \/>\r\n<link rel=\"canonical\" href=\"https:\/\/blogs.uninter.edu.mx\/difusioncultural\/?p=2039\" \/>\r\n<meta property=\"og:locale\" content=\"es_MX\" \/>\r\n<meta property=\"og:type\" content=\"article\" \/>\r\n<meta property=\"og:title\" content=\"Tijuana y su nueva visi\u00f3n del arte - Difusi\u00f3n Cultural\" \/>\r\n<meta property=\"og:description\" content=\"Para producir arte contempor\u00e1neo, distribuirlo, promoverlo y criticarlo, se necesita, primero, reconocer la existencia de una comunidad art\u00edstica internacional sin fronteras geogr\u00e1ficas, y segundo, tender puentes entre los actores internos y los observadores externos que comparten a las artes visuales como un discurso y un medio de expresi\u00f3n. As\u00ed surge el Laboratorio de Agentes del&hellip;\" \/>\r\n<meta property=\"og:url\" content=\"https:\/\/blogs.uninter.edu.mx\/difusioncultural\/?p=2039\" \/>\r\n<meta property=\"og:site_name\" content=\"Difusi\u00f3n Cultural\" \/>\r\n<meta property=\"article:published_time\" content=\"2013-09-07T04:35:46+00:00\" \/>\r\n<meta property=\"og:image\" content=\"https:\/\/blogs.uninter.edu.mx\/difusioncultural\/wp-content\/uploads\/2013\/09\/images-1.jpg\" \/>\r\n<meta name=\"author\" content=\"Aslhey Alejandra Gonz\u00e1lez Castro\" \/>\r\n<meta name=\"twitter:card\" content=\"summary_large_image\" \/>\r\n<meta name=\"twitter:label1\" content=\"Escrito por\" \/>\n\t<meta name=\"twitter:data1\" content=\"Aslhey Alejandra Gonz\u00e1lez Castro\" \/>\n\t<meta name=\"twitter:label2\" content=\"Tiempo de lectura\" \/>\n\t<meta name=\"twitter:data2\" content=\"3 minutos\" \/>\r\n<script type=\"application\/ld+json\" class=\"yoast-schema-graph\">{\"@context\":\"https:\/\/schema.org\",\"@graph\":[{\"@type\":\"Article\",\"@id\":\"https:\/\/blogs.uninter.edu.mx\/difusioncultural\/?p=2039#article\",\"isPartOf\":{\"@id\":\"https:\/\/blogs.uninter.edu.mx\/difusioncultural\/?p=2039\"},\"author\":{\"name\":\"Aslhey Alejandra Gonz\u00e1lez Castro\",\"@id\":\"https:\/\/blogs.uninter.edu.mx\/difusioncultural\/#\/schema\/person\/c710e37686022500827405824a08a18c\"},\"headline\":\"Tijuana y su nueva visi\u00f3n del arte\",\"datePublished\":\"2013-09-07T04:35:46+00:00\",\"mainEntityOfPage\":{\"@id\":\"https:\/\/blogs.uninter.edu.mx\/difusioncultural\/?p=2039\"},\"wordCount\":647,\"commentCount\":0,\"publisher\":{\"@id\":\"https:\/\/blogs.uninter.edu.mx\/difusioncultural\/#organization\"},\"image\":{\"@id\":\"https:\/\/blogs.uninter.edu.mx\/difusioncultural\/?p=2039#primaryimage\"},\"thumbnailUrl\":\"https:\/\/blogs.uninter.edu.mx\/difusioncultural\/wp-content\/uploads\/2013\/09\/images-1.jpg\",\"inLanguage\":\"es\",\"potentialAction\":[{\"@type\":\"CommentAction\",\"name\":\"Comment\",\"target\":[\"https:\/\/blogs.uninter.edu.mx\/difusioncultural\/?p=2039#respond\"]}]},{\"@type\":\"WebPage\",\"@id\":\"https:\/\/blogs.uninter.edu.mx\/difusioncultural\/?p=2039\",\"url\":\"https:\/\/blogs.uninter.edu.mx\/difusioncultural\/?p=2039\",\"name\":\"Tijuana y su nueva visi\u00f3n del arte - Difusi\u00f3n Cultural\",\"isPartOf\":{\"@id\":\"https:\/\/blogs.uninter.edu.mx\/difusioncultural\/#website\"},\"primaryImageOfPage\":{\"@id\":\"https:\/\/blogs.uninter.edu.mx\/difusioncultural\/?p=2039#primaryimage\"},\"image\":{\"@id\":\"https:\/\/blogs.uninter.edu.mx\/difusioncultural\/?p=2039#primaryimage\"},\"thumbnailUrl\":\"https:\/\/blogs.uninter.edu.mx\/difusioncultural\/wp-content\/uploads\/2013\/09\/images-1.jpg\",\"datePublished\":\"2013-09-07T04:35:46+00:00\",\"breadcrumb\":{\"@id\":\"https:\/\/blogs.uninter.edu.mx\/difusioncultural\/?p=2039#breadcrumb\"},\"inLanguage\":\"es\",\"potentialAction\":[{\"@type\":\"ReadAction\",\"target\":[\"https:\/\/blogs.uninter.edu.mx\/difusioncultural\/?p=2039\"]}]},{\"@type\":\"ImageObject\",\"inLanguage\":\"es\",\"@id\":\"https:\/\/blogs.uninter.edu.mx\/difusioncultural\/?p=2039#primaryimage\",\"url\":\"https:\/\/blogs.uninter.edu.mx\/difusioncultural\/wp-content\/uploads\/2013\/09\/images-1.jpg\",\"contentUrl\":\"https:\/\/blogs.uninter.edu.mx\/difusioncultural\/wp-content\/uploads\/2013\/09\/images-1.jpg\",\"width\":268,\"height\":188},{\"@type\":\"BreadcrumbList\",\"@id\":\"https:\/\/blogs.uninter.edu.mx\/difusioncultural\/?p=2039#breadcrumb\",\"itemListElement\":[{\"@type\":\"ListItem\",\"position\":1,\"name\":\"Inicio\",\"item\":\"https:\/\/blogs.uninter.edu.mx\/difusioncultural\/\"},{\"@type\":\"ListItem\",\"position\":2,\"name\":\"Tijuana y su nueva visi\u00f3n del arte\"}]},{\"@type\":\"WebSite\",\"@id\":\"https:\/\/blogs.uninter.edu.mx\/difusioncultural\/#website\",\"url\":\"https:\/\/blogs.uninter.edu.mx\/difusioncultural\/\",\"name\":\"Difusi\u00f3n Cultural\",\"description\":\"UNINTER\",\"publisher\":{\"@id\":\"https:\/\/blogs.uninter.edu.mx\/difusioncultural\/#organization\"},\"potentialAction\":[{\"@type\":\"SearchAction\",\"target\":{\"@type\":\"EntryPoint\",\"urlTemplate\":\"https:\/\/blogs.uninter.edu.mx\/difusioncultural\/?s={search_term_string}\"},\"query-input\":{\"@type\":\"PropertyValueSpecification\",\"valueRequired\":true,\"valueName\":\"search_term_string\"}}],\"inLanguage\":\"es\"},{\"@type\":\"Organization\",\"@id\":\"https:\/\/blogs.uninter.edu.mx\/difusioncultural\/#organization\",\"name\":\"Difusi\u00f3n Cultural\",\"url\":\"https:\/\/blogs.uninter.edu.mx\/difusioncultural\/\",\"logo\":{\"@type\":\"ImageObject\",\"inLanguage\":\"es\",\"@id\":\"https:\/\/blogs.uninter.edu.mx\/difusioncultural\/#\/schema\/logo\/image\/\",\"url\":\"https:\/\/blogs.uninter.edu.mx\/difusioncultural\/wp-content\/uploads\/2022\/09\/uninter.jpg\",\"contentUrl\":\"https:\/\/blogs.uninter.edu.mx\/difusioncultural\/wp-content\/uploads\/2022\/09\/uninter.jpg\",\"width\":2048,\"height\":2048,\"caption\":\"Difusi\u00f3n Cultural\"},\"image\":{\"@id\":\"https:\/\/blogs.uninter.edu.mx\/difusioncultural\/#\/schema\/logo\/image\/\"}},{\"@type\":\"Person\",\"@id\":\"https:\/\/blogs.uninter.edu.mx\/difusioncultural\/#\/schema\/person\/c710e37686022500827405824a08a18c\",\"name\":\"Aslhey Alejandra Gonz\u00e1lez Castro\",\"image\":{\"@type\":\"ImageObject\",\"inLanguage\":\"es\",\"@id\":\"https:\/\/blogs.uninter.edu.mx\/difusioncultural\/#\/schema\/person\/image\/\",\"url\":\"https:\/\/secure.gravatar.com\/avatar\/1905d6ed47b47ccbfb53e4b64f72f2017309e25d96ef418088d4f998ecf6552e?s=96&d=mm&r=g\",\"contentUrl\":\"https:\/\/secure.gravatar.com\/avatar\/1905d6ed47b47ccbfb53e4b64f72f2017309e25d96ef418088d4f998ecf6552e?s=96&d=mm&r=g\",\"caption\":\"Aslhey Alejandra Gonz\u00e1lez Castro\"},\"url\":\"https:\/\/blogs.uninter.edu.mx\/difusioncultural\/?author=24\"}]}<\/script>\r\n<!-- \/ Yoast SEO plugin. -->","yoast_head_json":{"title":"Tijuana y su nueva visi\u00f3n del arte - Difusi\u00f3n Cultural","robots":{"index":"index","follow":"follow","max-snippet":"max-snippet:-1","max-image-preview":"max-image-preview:large","max-video-preview":"max-video-preview:-1"},"canonical":"https:\/\/blogs.uninter.edu.mx\/difusioncultural\/?p=2039","og_locale":"es_MX","og_type":"article","og_title":"Tijuana y su nueva visi\u00f3n del arte - Difusi\u00f3n Cultural","og_description":"Para producir arte contempor\u00e1neo, distribuirlo, promoverlo y criticarlo, se necesita, primero, reconocer la existencia de una comunidad art\u00edstica internacional sin fronteras geogr\u00e1ficas, y segundo, tender puentes entre los actores internos y los observadores externos que comparten a las artes visuales como un discurso y un medio de expresi\u00f3n. As\u00ed surge el Laboratorio de Agentes del&hellip;","og_url":"https:\/\/blogs.uninter.edu.mx\/difusioncultural\/?p=2039","og_site_name":"Difusi\u00f3n Cultural","article_published_time":"2013-09-07T04:35:46+00:00","og_image":[{"url":"https:\/\/blogs.uninter.edu.mx\/difusioncultural\/wp-content\/uploads\/2013\/09\/images-1.jpg","type":"","width":"","height":""}],"author":"Aslhey Alejandra Gonz\u00e1lez Castro","twitter_card":"summary_large_image","twitter_misc":{"Escrito por":"Aslhey Alejandra Gonz\u00e1lez Castro","Tiempo de lectura":"3 minutos"},"schema":{"@context":"https:\/\/schema.org","@graph":[{"@type":"Article","@id":"https:\/\/blogs.uninter.edu.mx\/difusioncultural\/?p=2039#article","isPartOf":{"@id":"https:\/\/blogs.uninter.edu.mx\/difusioncultural\/?p=2039"},"author":{"name":"Aslhey Alejandra Gonz\u00e1lez Castro","@id":"https:\/\/blogs.uninter.edu.mx\/difusioncultural\/#\/schema\/person\/c710e37686022500827405824a08a18c"},"headline":"Tijuana y su nueva visi\u00f3n del arte","datePublished":"2013-09-07T04:35:46+00:00","mainEntityOfPage":{"@id":"https:\/\/blogs.uninter.edu.mx\/difusioncultural\/?p=2039"},"wordCount":647,"commentCount":0,"publisher":{"@id":"https:\/\/blogs.uninter.edu.mx\/difusioncultural\/#organization"},"image":{"@id":"https:\/\/blogs.uninter.edu.mx\/difusioncultural\/?p=2039#primaryimage"},"thumbnailUrl":"https:\/\/blogs.uninter.edu.mx\/difusioncultural\/wp-content\/uploads\/2013\/09\/images-1.jpg","inLanguage":"es","potentialAction":[{"@type":"CommentAction","name":"Comment","target":["https:\/\/blogs.uninter.edu.mx\/difusioncultural\/?p=2039#respond"]}]},{"@type":"WebPage","@id":"https:\/\/blogs.uninter.edu.mx\/difusioncultural\/?p=2039","url":"https:\/\/blogs.uninter.edu.mx\/difusioncultural\/?p=2039","name":"Tijuana y su nueva visi\u00f3n del arte - Difusi\u00f3n Cultural","isPartOf":{"@id":"https:\/\/blogs.uninter.edu.mx\/difusioncultural\/#website"},"primaryImageOfPage":{"@id":"https:\/\/blogs.uninter.edu.mx\/difusioncultural\/?p=2039#primaryimage"},"image":{"@id":"https:\/\/blogs.uninter.edu.mx\/difusioncultural\/?p=2039#primaryimage"},"thumbnailUrl":"https:\/\/blogs.uninter.edu.mx\/difusioncultural\/wp-content\/uploads\/2013\/09\/images-1.jpg","datePublished":"2013-09-07T04:35:46+00:00","breadcrumb":{"@id":"https:\/\/blogs.uninter.edu.mx\/difusioncultural\/?p=2039#breadcrumb"},"inLanguage":"es","potentialAction":[{"@type":"ReadAction","target":["https:\/\/blogs.uninter.edu.mx\/difusioncultural\/?p=2039"]}]},{"@type":"ImageObject","inLanguage":"es","@id":"https:\/\/blogs.uninter.edu.mx\/difusioncultural\/?p=2039#primaryimage","url":"https:\/\/blogs.uninter.edu.mx\/difusioncultural\/wp-content\/uploads\/2013\/09\/images-1.jpg","contentUrl":"https:\/\/blogs.uninter.edu.mx\/difusioncultural\/wp-content\/uploads\/2013\/09\/images-1.jpg","width":268,"height":188},{"@type":"BreadcrumbList","@id":"https:\/\/blogs.uninter.edu.mx\/difusioncultural\/?p=2039#breadcrumb","itemListElement":[{"@type":"ListItem","position":1,"name":"Inicio","item":"https:\/\/blogs.uninter.edu.mx\/difusioncultural\/"},{"@type":"ListItem","position":2,"name":"Tijuana y su nueva visi\u00f3n del arte"}]},{"@type":"WebSite","@id":"https:\/\/blogs.uninter.edu.mx\/difusioncultural\/#website","url":"https:\/\/blogs.uninter.edu.mx\/difusioncultural\/","name":"Difusi\u00f3n Cultural","description":"UNINTER","publisher":{"@id":"https:\/\/blogs.uninter.edu.mx\/difusioncultural\/#organization"},"potentialAction":[{"@type":"SearchAction","target":{"@type":"EntryPoint","urlTemplate":"https:\/\/blogs.uninter.edu.mx\/difusioncultural\/?s={search_term_string}"},"query-input":{"@type":"PropertyValueSpecification","valueRequired":true,"valueName":"search_term_string"}}],"inLanguage":"es"},{"@type":"Organization","@id":"https:\/\/blogs.uninter.edu.mx\/difusioncultural\/#organization","name":"Difusi\u00f3n Cultural","url":"https:\/\/blogs.uninter.edu.mx\/difusioncultural\/","logo":{"@type":"ImageObject","inLanguage":"es","@id":"https:\/\/blogs.uninter.edu.mx\/difusioncultural\/#\/schema\/logo\/image\/","url":"https:\/\/blogs.uninter.edu.mx\/difusioncultural\/wp-content\/uploads\/2022\/09\/uninter.jpg","contentUrl":"https:\/\/blogs.uninter.edu.mx\/difusioncultural\/wp-content\/uploads\/2022\/09\/uninter.jpg","width":2048,"height":2048,"caption":"Difusi\u00f3n Cultural"},"image":{"@id":"https:\/\/blogs.uninter.edu.mx\/difusioncultural\/#\/schema\/logo\/image\/"}},{"@type":"Person","@id":"https:\/\/blogs.uninter.edu.mx\/difusioncultural\/#\/schema\/person\/c710e37686022500827405824a08a18c","name":"Aslhey Alejandra Gonz\u00e1lez Castro","image":{"@type":"ImageObject","inLanguage":"es","@id":"https:\/\/blogs.uninter.edu.mx\/difusioncultural\/#\/schema\/person\/image\/","url":"https:\/\/secure.gravatar.com\/avatar\/1905d6ed47b47ccbfb53e4b64f72f2017309e25d96ef418088d4f998ecf6552e?s=96&d=mm&r=g","contentUrl":"https:\/\/secure.gravatar.com\/avatar\/1905d6ed47b47ccbfb53e4b64f72f2017309e25d96ef418088d4f998ecf6552e?s=96&d=mm&r=g","caption":"Aslhey Alejandra Gonz\u00e1lez Castro"},"url":"https:\/\/blogs.uninter.edu.mx\/difusioncultural\/?author=24"}]}},"jetpack_publicize_connections":[],"jetpack_featured_media_url":"","jetpack_sharing_enabled":true,"_links":{"self":[{"href":"https:\/\/blogs.uninter.edu.mx\/difusioncultural\/index.php?rest_route=\/wp\/v2\/posts\/2039","targetHints":{"allow":["GET"]}}],"collection":[{"href":"https:\/\/blogs.uninter.edu.mx\/difusioncultural\/index.php?rest_route=\/wp\/v2\/posts"}],"about":[{"href":"https:\/\/blogs.uninter.edu.mx\/difusioncultural\/index.php?rest_route=\/wp\/v2\/types\/post"}],"author":[{"embeddable":true,"href":"https:\/\/blogs.uninter.edu.mx\/difusioncultural\/index.php?rest_route=\/wp\/v2\/users\/24"}],"replies":[{"embeddable":true,"href":"https:\/\/blogs.uninter.edu.mx\/difusioncultural\/index.php?rest_route=%2Fwp%2Fv2%2Fcomments&post=2039"}],"version-history":[{"count":0,"href":"https:\/\/blogs.uninter.edu.mx\/difusioncultural\/index.php?rest_route=\/wp\/v2\/posts\/2039\/revisions"}],"wp:attachment":[{"href":"https:\/\/blogs.uninter.edu.mx\/difusioncultural\/index.php?rest_route=%2Fwp%2Fv2%2Fmedia&parent=2039"}],"wp:term":[{"taxonomy":"category","embeddable":true,"href":"https:\/\/blogs.uninter.edu.mx\/difusioncultural\/index.php?rest_route=%2Fwp%2Fv2%2Fcategories&post=2039"},{"taxonomy":"post_tag","embeddable":true,"href":"https:\/\/blogs.uninter.edu.mx\/difusioncultural\/index.php?rest_route=%2Fwp%2Fv2%2Ftags&post=2039"}],"curies":[{"name":"wp","href":"https:\/\/api.w.org\/{rel}","templated":true}]}}