{"id":2054,"date":"2013-09-13T13:35:03","date_gmt":"2013-09-13T13:35:03","guid":{"rendered":"http:\/\/difusionculturaluninter.wordpress.com\/?p=2054"},"modified":"2013-09-13T13:35:03","modified_gmt":"2013-09-13T13:35:03","slug":"13-de-septimebre-cumpleanos-de-la-gran-mexicana-cristina-pacheco","status":"publish","type":"post","link":"https:\/\/blogs.uninter.edu.mx\/difusioncultural\/?p=2054","title":{"rendered":"13 de Septiembre : Cumplea\u00f1os de la gran mexicana Cristina Pacheco"},"content":{"rendered":"<p>  Acostumbrada a dar a conocer a los grandes personajes de la vida cotidiana, la periodista y narradora mexicana Cristina Pacheco cambi\u00f3 su rol cuando un documental de Once TV M\u00e9xico abord\u00f3 la trayectoria de quien por m\u00e1s de 50 a\u00f1os se ha encargado de documentar los distintos rostros de este pa\u00eds.<\/p>\n<p>Testimonios, relatos y entrevistas diversas fueron perfilando a esta profesional de los medios de comunicaci\u00f3n que ma\u00f1ana cumplir\u00e1 72 a\u00f1os de vida ejemplar, dedicada a lo que le apasiona, que es dar voz al M\u00e9xico de hoy, incluido \u00e9se que a veces ha quedado escondido por la marginaci\u00f3n.<\/p>\n<p>El programa biogr\u00e1fico, denominado &#8220;Cristina Pacheco: mujer de historias&#8221;, se transmiti\u00f3 el s\u00e1bado pasado, por Once TV M\u00e9xico, en el marco del 35 aniversario del programa &#8220;Aqu\u00ed nos toc\u00f3 vivir&#8221;, que junto con &#8220;Conversando con&#8230;&#8221; o su columna dominical &#8220;Mar de Historias&#8221;, son sus principales tribunas.<\/p>\n<p>Cristina Romo Hern\u00e1ndez naci\u00f3 en San Felipe, Guanajuato, el 13 de septiembre de 1941. Adopt\u00f3 el apellido Pacheco luego de contraer matrimonio con el escritor mexicano Jos\u00e9 Emilio Pacheco.Se mud\u00f3 al Distrito Federal desde la infancia y aqu\u00ed se form\u00f3 en la Universidad Nacional Aut\u00f3noma de M\u00e9xico (UNAM), donde egres\u00f3 de la carrera de Lenguas Hisp\u00e1nicas.<\/p>\n<p>De acuerdo con datos biogr\u00e1ficos consultados, su actividad period\u00edstica arranca en 1960, en diarios como &#8220;El Popular&#8221; o &#8220;Novedades&#8221;; poco despu\u00e9s comienza a publicar tambi\u00e9n en la revista &#8220;Sucesos&#8221;, bajo el seud\u00f3nimo de Juan \u00c1ngel Real; m\u00e1s tarde, en 1977, se integra al equipo de colaboradores de la revista &#8220;Siempre!&#8221;, donde publicaba una entrevista a la semana.<\/p>\n<p>En aquella \u00e9poca tambi\u00e9n destac\u00f3 como editora de la serie de libros &#8220;Contenido&#8221;; como secretaria de redacci\u00f3n de la Revista de la Universidad de M\u00e9xico y de &#8220;S\u00e1bado&#8221;, suplemento cultural de &#8220;Unom\u00e1suno&#8221;; adem\u00e1s dirigi\u00f3 las revistas &#8220;Familia&#8221; y &#8220;Mujer de hoy&#8221;.<br \/>\nTambi\u00e9n ha colaborado en los peri\u00f3dicos &#8220;El sol de M\u00e9xico&#8221; (1976-1977), &#8220;El D\u00eda&#8221; (1977-1985), donde destac\u00f3 su secci\u00f3n &#8220;Cuadrante de la soledad&#8221;, y para &#8220;La Jornada&#8221;, desde 1986, donde actualmente se publica cada domingo su secci\u00f3n &#8220;Mar de historias&#8221;.<\/p>\n<p>En televisi\u00f3n fue comentarista del noticiario nocturno y de la serie semanal &#8220;S\u00e9ptimo d\u00eda&#8221;, de Canal 13, ah\u00ed tambi\u00e9n realiz\u00f3 una serie de conversaciones con el escritor Renato Leduc.<\/p>\n<p>Desde 1980 conduce los programas &#8220;Conversando con Cristina Pacheco&#8221; y &#8220;Aqu\u00ed nos toc\u00f3 vivir&#8221;, catalogadas como un testimonio vivo de la vida y cultura de M\u00e9xico.<\/p>\n<p>Su trayectoria ha sido reconocida con m\u00e1s de 38 premios, entre los que destacan el Nacional de Periodismo, en el g\u00e9nero de entrevista; el de la Asociaci\u00f3n Nacional de Periodistas, por &#8220;Aqu\u00ed nos toc\u00f3 vivir&#8221;; el Teponaxtli de Malinalco, por su labor en televisi\u00f3n y la Medalla Al M\u00e9rito Ciudadano, por su trayectoria period\u00edstica en temas de inter\u00e9s social y humano.<\/p>\n<p>Del trabajo literario de Pacheco destacan, en narrativa &#8220;Para vivir aqu\u00ed&#8221;, &#8220;Cuarto de azotea&#8221; y &#8220;Zona de desastres&#8221;; la cr\u00f3nica &#8220;La rueda de la fortuna&#8221; y varios vol\u00famenes de entrevistas como &#8220;Orozco, iconograf\u00eda personal&#8221;, &#8220;Los due\u00f1os de la noche&#8221;, &#8220;La luz de M\u00e9xico&#8221; y &#8220;La \u00faltima noche del Tigre&#8221;.<\/p>\n<p>Y precisamente de ello dieron testimonio personalidades como la escritora Angeles Mastretta, los periodistas Carmen Aristegui y Jacobo Zabludovsky, el escritor Paco Ignacio Taibo II y el chelista Carlos Prieto, entre otros, que fueron entrevistados en el documental biogr\u00e1fico con el que Once TV M\u00e9xico celebra a la periodista.<\/p>\n<p><a href=\"https:\/\/blogs.uninter.edu.mx\/difusioncultural\/wp-content\/uploads\/2013\/09\/cristina.jpg\"><img fetchpriority=\"high\" decoding=\"async\" src=\"https:\/\/blogs.uninter.edu.mx\/difusioncultural\/wp-content\/uploads\/2013\/09\/cristina.jpg?w=182\" alt=\"cristina\" width=\"182\" height=\"300\" class=\"alignnone size-medium wp-image-2055\" \/><\/a><\/p>\n","protected":false},"excerpt":{"rendered":"<p>Acostumbrada a dar a conocer a los grandes personajes de la vida cotidiana, la periodista y narradora mexicana Cristina Pacheco cambi\u00f3 su rol cuando un documental de Once TV M\u00e9xico abord\u00f3 la trayectoria de quien por m\u00e1s de 50 a\u00f1os se ha encargado de documentar los distintos rostros de este pa\u00eds. Testimonios, relatos y entrevistas&hellip;<\/p>\n","protected":false},"author":24,"featured_media":0,"comment_status":"open","ping_status":"open","sticky":false,"template":"","format":"standard","meta":{"_jetpack_memberships_contains_paid_content":false,"footnotes":"","jetpack_publicize_message":"","jetpack_publicize_feature_enabled":true,"jetpack_social_post_already_shared":false,"jetpack_social_options":{"image_generator_settings":{"template":"highway","default_image_id":0,"font":"","enabled":false},"version":2}},"categories":[1],"tags":[],"class_list":["post-2054","post","type-post","status-publish","format-standard","hentry","category-sin-categoria"],"yoast_head":"<!-- This site is optimized with the Yoast SEO plugin v26.3 - https:\/\/yoast.com\/wordpress\/plugins\/seo\/ -->\r\n<title>13 de Septiembre : Cumplea\u00f1os de la gran mexicana Cristina Pacheco - Difusi\u00f3n Cultural<\/title>\r\n<meta name=\"robots\" content=\"index, follow, max-snippet:-1, max-image-preview:large, max-video-preview:-1\" \/>\r\n<link rel=\"canonical\" href=\"https:\/\/blogs.uninter.edu.mx\/difusioncultural\/?p=2054\" \/>\r\n<meta property=\"og:locale\" content=\"es_MX\" \/>\r\n<meta property=\"og:type\" content=\"article\" \/>\r\n<meta property=\"og:title\" content=\"13 de Septiembre : Cumplea\u00f1os de la gran mexicana Cristina Pacheco - Difusi\u00f3n Cultural\" \/>\r\n<meta property=\"og:description\" content=\"Acostumbrada a dar a conocer a los grandes personajes de la vida cotidiana, la periodista y narradora mexicana Cristina Pacheco cambi\u00f3 su rol cuando un documental de Once TV M\u00e9xico abord\u00f3 la trayectoria de quien por m\u00e1s de 50 a\u00f1os se ha encargado de documentar los distintos rostros de este pa\u00eds. Testimonios, relatos y entrevistas&hellip;\" \/>\r\n<meta property=\"og:url\" content=\"https:\/\/blogs.uninter.edu.mx\/difusioncultural\/?p=2054\" \/>\r\n<meta property=\"og:site_name\" content=\"Difusi\u00f3n Cultural\" \/>\r\n<meta property=\"article:published_time\" content=\"2013-09-13T13:35:03+00:00\" \/>\r\n<meta property=\"og:image\" content=\"https:\/\/blogs.uninter.edu.mx\/difusioncultural\/wp-content\/uploads\/2013\/09\/cristina.jpg?w=182\" \/>\r\n<meta name=\"author\" content=\"Aslhey Alejandra Gonz\u00e1lez Castro\" \/>\r\n<meta name=\"twitter:card\" content=\"summary_large_image\" \/>\r\n<meta name=\"twitter:label1\" content=\"Escrito por\" \/>\n\t<meta name=\"twitter:data1\" content=\"Aslhey Alejandra Gonz\u00e1lez Castro\" \/>\n\t<meta name=\"twitter:label2\" content=\"Tiempo de lectura\" \/>\n\t<meta name=\"twitter:data2\" content=\"3 minutos\" \/>\r\n<script type=\"application\/ld+json\" class=\"yoast-schema-graph\">{\"@context\":\"https:\/\/schema.org\",\"@graph\":[{\"@type\":\"Article\",\"@id\":\"https:\/\/blogs.uninter.edu.mx\/difusioncultural\/?p=2054#article\",\"isPartOf\":{\"@id\":\"https:\/\/blogs.uninter.edu.mx\/difusioncultural\/?p=2054\"},\"author\":{\"name\":\"Aslhey Alejandra Gonz\u00e1lez Castro\",\"@id\":\"https:\/\/blogs.uninter.edu.mx\/difusioncultural\/#\/schema\/person\/c710e37686022500827405824a08a18c\"},\"headline\":\"13 de Septiembre : Cumplea\u00f1os de la gran mexicana Cristina Pacheco\",\"datePublished\":\"2013-09-13T13:35:03+00:00\",\"mainEntityOfPage\":{\"@id\":\"https:\/\/blogs.uninter.edu.mx\/difusioncultural\/?p=2054\"},\"wordCount\":605,\"commentCount\":0,\"publisher\":{\"@id\":\"https:\/\/blogs.uninter.edu.mx\/difusioncultural\/#organization\"},\"image\":{\"@id\":\"https:\/\/blogs.uninter.edu.mx\/difusioncultural\/?p=2054#primaryimage\"},\"thumbnailUrl\":\"https:\/\/blogs.uninter.edu.mx\/difusioncultural\/wp-content\/uploads\/2013\/09\/cristina.jpg?w=182\",\"inLanguage\":\"es\",\"potentialAction\":[{\"@type\":\"CommentAction\",\"name\":\"Comment\",\"target\":[\"https:\/\/blogs.uninter.edu.mx\/difusioncultural\/?p=2054#respond\"]}]},{\"@type\":\"WebPage\",\"@id\":\"https:\/\/blogs.uninter.edu.mx\/difusioncultural\/?p=2054\",\"url\":\"https:\/\/blogs.uninter.edu.mx\/difusioncultural\/?p=2054\",\"name\":\"13 de Septiembre : Cumplea\u00f1os de la gran mexicana Cristina Pacheco - Difusi\u00f3n Cultural\",\"isPartOf\":{\"@id\":\"https:\/\/blogs.uninter.edu.mx\/difusioncultural\/#website\"},\"primaryImageOfPage\":{\"@id\":\"https:\/\/blogs.uninter.edu.mx\/difusioncultural\/?p=2054#primaryimage\"},\"image\":{\"@id\":\"https:\/\/blogs.uninter.edu.mx\/difusioncultural\/?p=2054#primaryimage\"},\"thumbnailUrl\":\"https:\/\/blogs.uninter.edu.mx\/difusioncultural\/wp-content\/uploads\/2013\/09\/cristina.jpg?w=182\",\"datePublished\":\"2013-09-13T13:35:03+00:00\",\"breadcrumb\":{\"@id\":\"https:\/\/blogs.uninter.edu.mx\/difusioncultural\/?p=2054#breadcrumb\"},\"inLanguage\":\"es\",\"potentialAction\":[{\"@type\":\"ReadAction\",\"target\":[\"https:\/\/blogs.uninter.edu.mx\/difusioncultural\/?p=2054\"]}]},{\"@type\":\"ImageObject\",\"inLanguage\":\"es\",\"@id\":\"https:\/\/blogs.uninter.edu.mx\/difusioncultural\/?p=2054#primaryimage\",\"url\":\"https:\/\/blogs.uninter.edu.mx\/difusioncultural\/wp-content\/uploads\/2013\/09\/cristina.jpg?w=182\",\"contentUrl\":\"https:\/\/blogs.uninter.edu.mx\/difusioncultural\/wp-content\/uploads\/2013\/09\/cristina.jpg?w=182\"},{\"@type\":\"BreadcrumbList\",\"@id\":\"https:\/\/blogs.uninter.edu.mx\/difusioncultural\/?p=2054#breadcrumb\",\"itemListElement\":[{\"@type\":\"ListItem\",\"position\":1,\"name\":\"Inicio\",\"item\":\"https:\/\/blogs.uninter.edu.mx\/difusioncultural\/\"},{\"@type\":\"ListItem\",\"position\":2,\"name\":\"13 de Septiembre : Cumplea\u00f1os de la gran mexicana Cristina Pacheco\"}]},{\"@type\":\"WebSite\",\"@id\":\"https:\/\/blogs.uninter.edu.mx\/difusioncultural\/#website\",\"url\":\"https:\/\/blogs.uninter.edu.mx\/difusioncultural\/\",\"name\":\"Difusi\u00f3n Cultural\",\"description\":\"UNINTER\",\"publisher\":{\"@id\":\"https:\/\/blogs.uninter.edu.mx\/difusioncultural\/#organization\"},\"potentialAction\":[{\"@type\":\"SearchAction\",\"target\":{\"@type\":\"EntryPoint\",\"urlTemplate\":\"https:\/\/blogs.uninter.edu.mx\/difusioncultural\/?s={search_term_string}\"},\"query-input\":{\"@type\":\"PropertyValueSpecification\",\"valueRequired\":true,\"valueName\":\"search_term_string\"}}],\"inLanguage\":\"es\"},{\"@type\":\"Organization\",\"@id\":\"https:\/\/blogs.uninter.edu.mx\/difusioncultural\/#organization\",\"name\":\"Difusi\u00f3n Cultural\",\"url\":\"https:\/\/blogs.uninter.edu.mx\/difusioncultural\/\",\"logo\":{\"@type\":\"ImageObject\",\"inLanguage\":\"es\",\"@id\":\"https:\/\/blogs.uninter.edu.mx\/difusioncultural\/#\/schema\/logo\/image\/\",\"url\":\"https:\/\/blogs.uninter.edu.mx\/difusioncultural\/wp-content\/uploads\/2022\/09\/uninter.jpg\",\"contentUrl\":\"https:\/\/blogs.uninter.edu.mx\/difusioncultural\/wp-content\/uploads\/2022\/09\/uninter.jpg\",\"width\":2048,\"height\":2048,\"caption\":\"Difusi\u00f3n Cultural\"},\"image\":{\"@id\":\"https:\/\/blogs.uninter.edu.mx\/difusioncultural\/#\/schema\/logo\/image\/\"}},{\"@type\":\"Person\",\"@id\":\"https:\/\/blogs.uninter.edu.mx\/difusioncultural\/#\/schema\/person\/c710e37686022500827405824a08a18c\",\"name\":\"Aslhey Alejandra Gonz\u00e1lez Castro\",\"image\":{\"@type\":\"ImageObject\",\"inLanguage\":\"es\",\"@id\":\"https:\/\/blogs.uninter.edu.mx\/difusioncultural\/#\/schema\/person\/image\/\",\"url\":\"https:\/\/secure.gravatar.com\/avatar\/1905d6ed47b47ccbfb53e4b64f72f2017309e25d96ef418088d4f998ecf6552e?s=96&d=mm&r=g\",\"contentUrl\":\"https:\/\/secure.gravatar.com\/avatar\/1905d6ed47b47ccbfb53e4b64f72f2017309e25d96ef418088d4f998ecf6552e?s=96&d=mm&r=g\",\"caption\":\"Aslhey Alejandra Gonz\u00e1lez Castro\"},\"url\":\"https:\/\/blogs.uninter.edu.mx\/difusioncultural\/?author=24\"}]}<\/script>\r\n<!-- \/ Yoast SEO plugin. -->","yoast_head_json":{"title":"13 de Septiembre : Cumplea\u00f1os de la gran mexicana Cristina Pacheco - Difusi\u00f3n Cultural","robots":{"index":"index","follow":"follow","max-snippet":"max-snippet:-1","max-image-preview":"max-image-preview:large","max-video-preview":"max-video-preview:-1"},"canonical":"https:\/\/blogs.uninter.edu.mx\/difusioncultural\/?p=2054","og_locale":"es_MX","og_type":"article","og_title":"13 de Septiembre : Cumplea\u00f1os de la gran mexicana Cristina Pacheco - Difusi\u00f3n Cultural","og_description":"Acostumbrada a dar a conocer a los grandes personajes de la vida cotidiana, la periodista y narradora mexicana Cristina Pacheco cambi\u00f3 su rol cuando un documental de Once TV M\u00e9xico abord\u00f3 la trayectoria de quien por m\u00e1s de 50 a\u00f1os se ha encargado de documentar los distintos rostros de este pa\u00eds. Testimonios, relatos y entrevistas&hellip;","og_url":"https:\/\/blogs.uninter.edu.mx\/difusioncultural\/?p=2054","og_site_name":"Difusi\u00f3n Cultural","article_published_time":"2013-09-13T13:35:03+00:00","og_image":[{"url":"https:\/\/blogs.uninter.edu.mx\/difusioncultural\/wp-content\/uploads\/2013\/09\/cristina.jpg?w=182","type":"","width":"","height":""}],"author":"Aslhey Alejandra Gonz\u00e1lez Castro","twitter_card":"summary_large_image","twitter_misc":{"Escrito por":"Aslhey Alejandra Gonz\u00e1lez Castro","Tiempo de lectura":"3 minutos"},"schema":{"@context":"https:\/\/schema.org","@graph":[{"@type":"Article","@id":"https:\/\/blogs.uninter.edu.mx\/difusioncultural\/?p=2054#article","isPartOf":{"@id":"https:\/\/blogs.uninter.edu.mx\/difusioncultural\/?p=2054"},"author":{"name":"Aslhey Alejandra Gonz\u00e1lez Castro","@id":"https:\/\/blogs.uninter.edu.mx\/difusioncultural\/#\/schema\/person\/c710e37686022500827405824a08a18c"},"headline":"13 de Septiembre : Cumplea\u00f1os de la gran mexicana Cristina Pacheco","datePublished":"2013-09-13T13:35:03+00:00","mainEntityOfPage":{"@id":"https:\/\/blogs.uninter.edu.mx\/difusioncultural\/?p=2054"},"wordCount":605,"commentCount":0,"publisher":{"@id":"https:\/\/blogs.uninter.edu.mx\/difusioncultural\/#organization"},"image":{"@id":"https:\/\/blogs.uninter.edu.mx\/difusioncultural\/?p=2054#primaryimage"},"thumbnailUrl":"https:\/\/blogs.uninter.edu.mx\/difusioncultural\/wp-content\/uploads\/2013\/09\/cristina.jpg?w=182","inLanguage":"es","potentialAction":[{"@type":"CommentAction","name":"Comment","target":["https:\/\/blogs.uninter.edu.mx\/difusioncultural\/?p=2054#respond"]}]},{"@type":"WebPage","@id":"https:\/\/blogs.uninter.edu.mx\/difusioncultural\/?p=2054","url":"https:\/\/blogs.uninter.edu.mx\/difusioncultural\/?p=2054","name":"13 de Septiembre : Cumplea\u00f1os de la gran mexicana Cristina Pacheco - Difusi\u00f3n Cultural","isPartOf":{"@id":"https:\/\/blogs.uninter.edu.mx\/difusioncultural\/#website"},"primaryImageOfPage":{"@id":"https:\/\/blogs.uninter.edu.mx\/difusioncultural\/?p=2054#primaryimage"},"image":{"@id":"https:\/\/blogs.uninter.edu.mx\/difusioncultural\/?p=2054#primaryimage"},"thumbnailUrl":"https:\/\/blogs.uninter.edu.mx\/difusioncultural\/wp-content\/uploads\/2013\/09\/cristina.jpg?w=182","datePublished":"2013-09-13T13:35:03+00:00","breadcrumb":{"@id":"https:\/\/blogs.uninter.edu.mx\/difusioncultural\/?p=2054#breadcrumb"},"inLanguage":"es","potentialAction":[{"@type":"ReadAction","target":["https:\/\/blogs.uninter.edu.mx\/difusioncultural\/?p=2054"]}]},{"@type":"ImageObject","inLanguage":"es","@id":"https:\/\/blogs.uninter.edu.mx\/difusioncultural\/?p=2054#primaryimage","url":"https:\/\/blogs.uninter.edu.mx\/difusioncultural\/wp-content\/uploads\/2013\/09\/cristina.jpg?w=182","contentUrl":"https:\/\/blogs.uninter.edu.mx\/difusioncultural\/wp-content\/uploads\/2013\/09\/cristina.jpg?w=182"},{"@type":"BreadcrumbList","@id":"https:\/\/blogs.uninter.edu.mx\/difusioncultural\/?p=2054#breadcrumb","itemListElement":[{"@type":"ListItem","position":1,"name":"Inicio","item":"https:\/\/blogs.uninter.edu.mx\/difusioncultural\/"},{"@type":"ListItem","position":2,"name":"13 de Septiembre : Cumplea\u00f1os de la gran mexicana Cristina Pacheco"}]},{"@type":"WebSite","@id":"https:\/\/blogs.uninter.edu.mx\/difusioncultural\/#website","url":"https:\/\/blogs.uninter.edu.mx\/difusioncultural\/","name":"Difusi\u00f3n Cultural","description":"UNINTER","publisher":{"@id":"https:\/\/blogs.uninter.edu.mx\/difusioncultural\/#organization"},"potentialAction":[{"@type":"SearchAction","target":{"@type":"EntryPoint","urlTemplate":"https:\/\/blogs.uninter.edu.mx\/difusioncultural\/?s={search_term_string}"},"query-input":{"@type":"PropertyValueSpecification","valueRequired":true,"valueName":"search_term_string"}}],"inLanguage":"es"},{"@type":"Organization","@id":"https:\/\/blogs.uninter.edu.mx\/difusioncultural\/#organization","name":"Difusi\u00f3n Cultural","url":"https:\/\/blogs.uninter.edu.mx\/difusioncultural\/","logo":{"@type":"ImageObject","inLanguage":"es","@id":"https:\/\/blogs.uninter.edu.mx\/difusioncultural\/#\/schema\/logo\/image\/","url":"https:\/\/blogs.uninter.edu.mx\/difusioncultural\/wp-content\/uploads\/2022\/09\/uninter.jpg","contentUrl":"https:\/\/blogs.uninter.edu.mx\/difusioncultural\/wp-content\/uploads\/2022\/09\/uninter.jpg","width":2048,"height":2048,"caption":"Difusi\u00f3n Cultural"},"image":{"@id":"https:\/\/blogs.uninter.edu.mx\/difusioncultural\/#\/schema\/logo\/image\/"}},{"@type":"Person","@id":"https:\/\/blogs.uninter.edu.mx\/difusioncultural\/#\/schema\/person\/c710e37686022500827405824a08a18c","name":"Aslhey Alejandra Gonz\u00e1lez Castro","image":{"@type":"ImageObject","inLanguage":"es","@id":"https:\/\/blogs.uninter.edu.mx\/difusioncultural\/#\/schema\/person\/image\/","url":"https:\/\/secure.gravatar.com\/avatar\/1905d6ed47b47ccbfb53e4b64f72f2017309e25d96ef418088d4f998ecf6552e?s=96&d=mm&r=g","contentUrl":"https:\/\/secure.gravatar.com\/avatar\/1905d6ed47b47ccbfb53e4b64f72f2017309e25d96ef418088d4f998ecf6552e?s=96&d=mm&r=g","caption":"Aslhey Alejandra Gonz\u00e1lez Castro"},"url":"https:\/\/blogs.uninter.edu.mx\/difusioncultural\/?author=24"}]}},"jetpack_publicize_connections":[],"jetpack_featured_media_url":"","jetpack_sharing_enabled":true,"_links":{"self":[{"href":"https:\/\/blogs.uninter.edu.mx\/difusioncultural\/index.php?rest_route=\/wp\/v2\/posts\/2054","targetHints":{"allow":["GET"]}}],"collection":[{"href":"https:\/\/blogs.uninter.edu.mx\/difusioncultural\/index.php?rest_route=\/wp\/v2\/posts"}],"about":[{"href":"https:\/\/blogs.uninter.edu.mx\/difusioncultural\/index.php?rest_route=\/wp\/v2\/types\/post"}],"author":[{"embeddable":true,"href":"https:\/\/blogs.uninter.edu.mx\/difusioncultural\/index.php?rest_route=\/wp\/v2\/users\/24"}],"replies":[{"embeddable":true,"href":"https:\/\/blogs.uninter.edu.mx\/difusioncultural\/index.php?rest_route=%2Fwp%2Fv2%2Fcomments&post=2054"}],"version-history":[{"count":0,"href":"https:\/\/blogs.uninter.edu.mx\/difusioncultural\/index.php?rest_route=\/wp\/v2\/posts\/2054\/revisions"}],"wp:attachment":[{"href":"https:\/\/blogs.uninter.edu.mx\/difusioncultural\/index.php?rest_route=%2Fwp%2Fv2%2Fmedia&parent=2054"}],"wp:term":[{"taxonomy":"category","embeddable":true,"href":"https:\/\/blogs.uninter.edu.mx\/difusioncultural\/index.php?rest_route=%2Fwp%2Fv2%2Fcategories&post=2054"},{"taxonomy":"post_tag","embeddable":true,"href":"https:\/\/blogs.uninter.edu.mx\/difusioncultural\/index.php?rest_route=%2Fwp%2Fv2%2Ftags&post=2054"}],"curies":[{"name":"wp","href":"https:\/\/api.w.org\/{rel}","templated":true}]}}