{"id":2065,"date":"2013-09-29T04:59:15","date_gmt":"2013-09-29T04:59:15","guid":{"rendered":"http:\/\/difusionculturaluninter.wordpress.com\/?p=2065"},"modified":"2013-09-29T04:59:15","modified_gmt":"2013-09-29T04:59:15","slug":"efemerides-del-dia-29-de-septiembre","status":"publish","type":"post","link":"https:\/\/blogs.uninter.edu.mx\/difusioncultural\/?p=2065","title":{"rendered":"Efem\u00e9rides del d\u00eda : 29 de Septiembre"},"content":{"rendered":"<p>Un 29 de septiembre nacieron figuras de la cultura como el humanista Miguel Servet y los escritores Miguel de Cervantes Saavedra y Miguel de Unamuno; murieron el pintor Andrea del Sarto, el autor Shusaku Endo y el dibujante Charles Addams.<\/p>\n<p>1530.- Muere el pintor italiano renacentista Andrea del Sarto, excelente retratista, h\u00e1bil colorista y experto en el uso de luces y sombras. Destaca por la sucesi\u00f3n de frescos sobre la vida de San Juan Bautista, en el claustro del Scalzo, en Florencia. Nace el 16 de julio de 1486.<\/p>\n<p>1547.- Nace el escritor espa\u00f1ol Miguel de Cervantes Saavedra, autor de &#8220;El Ingenioso Hidalgo Don Quijote de la Mancha&#8221;. Fallece el 22 de abril de 1616 en Madrid.<\/p>\n<p>1864.- Nace el escritor espa\u00f1ol Miguel de Unamuno, autor de obras como &#8220;Niebla&#8221;, &#8220;Del sentimiento tr\u00e1gico de la vida&#8221;, &#8220;Abel S\u00e1nchez&#8221;, &#8220;La agon\u00eda del cristianismo&#8221;, &#8220;La paz en la guerra&#8221; y &#8220;Medea&#8221;, entre otras. Muere el 31 de diciembre de 1936 en Salamanca.<\/p>\n<p>1907.- Nace el dramaturgo, narrador y poeta mexicano Miguel \u00c1lvarez Acosta. Su vasta obra lo hizo merecedor de varios premios como el de la Ciudad de M\u00e9xico y el Internacional de Buenos Aires. Muri\u00f3 el 24 de marzo de 1996.<\/p>\n<p>1912.- Nace el guionista, documentalista y director de cine italiano Michelangelo Antonioni, sus pel\u00edculas giran en torno a las clases sociales, al simbolismo visual, el aburrimiento o el erotismo sin amor. Muere en Roma el 30 de julio de 2007.<\/p>\n<p>1913.- Nace en Ciudad Real el arquitecto espa\u00f1ol Miguel Fisac, quien consigue armonizar las ideas racionalistas logrando un estilo de gran personalidad. En 1994 obtiene la Medalla de Oro de Arquitectura. Muere el 12 de mayo de 2006.<\/p>\n<p>1921.- En M\u00e9xico se publica el decreto presidencial de \u00c1lvaro Obreg\u00f3n, que elabora la Secretar\u00eda de Educaci\u00f3n P\u00fablica (SEP), y fue impulsada por los intelectuales Pedro de Alba, Antonio Caso, Jaime Torres Bodet y Jos\u00e9 Vasconcelos.<\/p>\n<p>1934.- Inauguran en la Ciudad de M\u00e9xico el Palacio de Bellas Artes, la ceremonia es encabezada por el entonces presidente Abelardo L. Rodr\u00edguez. La construcci\u00f3n del recinto tard\u00f3 30 a\u00f1os.<\/p>\n<p>1951.- Nace el escritor colombiano Andr\u00e9s Caicedo, cuya producci\u00f3n literaria inicia desde los 13 a\u00f1os. En ella refleja la violencia y los grandes problemas de los j\u00f3venes de la urbe, tales como las drogas y el alcohol. Se suicida el 4 de marzo de 1977.<\/p>\n<p>1988.- Muere el artista estadounidense Charles Samuel Addams, famoso por sus caricaturas de humor negro que representaban el m\u00f3rbido comportamiento de un grupo de profanadores de tumbas que parodiaban las actividades de una familia normal. Estos personajes m\u00e1s tarde se convirtieron en &#8220;Los locos Addams &#8220;. Nace el 7 de enero de 1912.<\/p>\n<p>1997.- Muere el pintor estadounidense Roy Lichtenstein, perteneciente a la corriente del &#8220;pop art&#8221;, destaca tambi\u00e9n como artista gr\u00e1fico y escultor, conocido por sus interpretaciones a gran escala del arte del c\u00f3mic. Nace el 27 de octubre de 1923.<\/p>\n<p>2005.- El artista y fil\u00e1ntropo mexicano Francisco Toledo es galardonado con el Premio Nobel Alternativo en Estocolmo, por su compromiso en la protecci\u00f3n, el desarrollo y la renovaci\u00f3n de la herencia arquitect\u00f3nica y cultural, as\u00ed como el ambiente y la vida comunitaria de su natal Oaxaca.<\/p>\n<p>2011.- Fallece la escritora holandesa Hella Haasse, reconocida por sus obras hist\u00f3ricas, cuentos y ensayos literarios, como &#8220;Oeroeg&#8221;, &#8220;El bosque de la larga espera&#8221;, &#8220;Los se\u00f1ores del t\u00e9&#8221; y &#8220;La ciudad escarlata&#8221;. Nace el 2 de febrero de 1918 en Indonesia.<\/p>\n<p><a href=\"https:\/\/blogs.uninter.edu.mx\/difusioncultural\/wp-content\/uploads\/2013\/09\/yut6.jpg\"><img fetchpriority=\"high\" decoding=\"async\" src=\"https:\/\/blogs.uninter.edu.mx\/difusioncultural\/wp-content\/uploads\/2013\/09\/yut6.jpg\" alt=\"yut6\" width=\"281\" height=\"179\" class=\"alignnone size-full wp-image-2068\" \/><\/a><\/p>\n<p><a href=\"https:\/\/blogs.uninter.edu.mx\/difusioncultural\/wp-content\/uploads\/2013\/09\/andres-caicedo-2.jpg\"><img decoding=\"async\" src=\"https:\/\/blogs.uninter.edu.mx\/difusioncultural\/wp-content\/uploads\/2013\/09\/andres-caicedo-2.jpg?w=243\" alt=\"andres-caicedo-2\" width=\"243\" height=\"300\" class=\"alignnone size-medium wp-image-2069\" \/><\/a><\/p>\n","protected":false},"excerpt":{"rendered":"<p>Un 29 de septiembre nacieron figuras de la cultura como el humanista Miguel Servet y los escritores Miguel de Cervantes Saavedra y Miguel de Unamuno; murieron el pintor Andrea del Sarto, el autor Shusaku Endo y el dibujante Charles Addams. 1530.- Muere el pintor italiano renacentista Andrea del Sarto, excelente retratista, h\u00e1bil colorista y experto&hellip;<\/p>\n","protected":false},"author":1,"featured_media":0,"comment_status":"open","ping_status":"open","sticky":false,"template":"","format":"standard","meta":{"_jetpack_memberships_contains_paid_content":false,"footnotes":"","jetpack_publicize_message":"","jetpack_publicize_feature_enabled":true,"jetpack_social_post_already_shared":false,"jetpack_social_options":{"image_generator_settings":{"template":"highway","default_image_id":0,"font":"","enabled":false},"version":2}},"categories":[1],"tags":[],"class_list":["post-2065","post","type-post","status-publish","format-standard","hentry","category-sin-categoria"],"yoast_head":"<!-- This site is optimized with the Yoast SEO plugin v26.3 - https:\/\/yoast.com\/wordpress\/plugins\/seo\/ -->\r\n<title>Efem\u00e9rides del d\u00eda : 29 de Septiembre - Difusi\u00f3n Cultural<\/title>\r\n<meta name=\"robots\" content=\"index, follow, max-snippet:-1, max-image-preview:large, max-video-preview:-1\" \/>\r\n<link rel=\"canonical\" href=\"https:\/\/blogs.uninter.edu.mx\/difusioncultural\/?p=2065\" \/>\r\n<meta property=\"og:locale\" content=\"es_MX\" \/>\r\n<meta property=\"og:type\" content=\"article\" \/>\r\n<meta property=\"og:title\" content=\"Efem\u00e9rides del d\u00eda : 29 de Septiembre - Difusi\u00f3n Cultural\" \/>\r\n<meta property=\"og:description\" content=\"Un 29 de septiembre nacieron figuras de la cultura como el humanista Miguel Servet y los escritores Miguel de Cervantes Saavedra y Miguel de Unamuno; murieron el pintor Andrea del Sarto, el autor Shusaku Endo y el dibujante Charles Addams. 1530.- Muere el pintor italiano renacentista Andrea del Sarto, excelente retratista, h\u00e1bil colorista y experto&hellip;\" \/>\r\n<meta property=\"og:url\" content=\"https:\/\/blogs.uninter.edu.mx\/difusioncultural\/?p=2065\" \/>\r\n<meta property=\"og:site_name\" content=\"Difusi\u00f3n Cultural\" \/>\r\n<meta property=\"article:published_time\" content=\"2013-09-29T04:59:15+00:00\" \/>\r\n<meta property=\"og:image\" content=\"https:\/\/blogs.uninter.edu.mx\/difusioncultural\/wp-content\/uploads\/2013\/09\/yut6.jpg\" \/>\r\n<meta name=\"author\" content=\"webmaster\" \/>\r\n<meta name=\"twitter:card\" content=\"summary_large_image\" \/>\r\n<meta name=\"twitter:label1\" content=\"Escrito por\" \/>\n\t<meta name=\"twitter:data1\" content=\"webmaster\" \/>\n\t<meta name=\"twitter:label2\" content=\"Tiempo de lectura\" \/>\n\t<meta name=\"twitter:data2\" content=\"3 minutos\" \/>\r\n<script type=\"application\/ld+json\" class=\"yoast-schema-graph\">{\"@context\":\"https:\/\/schema.org\",\"@graph\":[{\"@type\":\"Article\",\"@id\":\"https:\/\/blogs.uninter.edu.mx\/difusioncultural\/?p=2065#article\",\"isPartOf\":{\"@id\":\"https:\/\/blogs.uninter.edu.mx\/difusioncultural\/?p=2065\"},\"author\":{\"name\":\"webmaster\",\"@id\":\"https:\/\/blogs.uninter.edu.mx\/difusioncultural\/#\/schema\/person\/37a0926f4dd300a814993fd595abdc4a\"},\"headline\":\"Efem\u00e9rides del d\u00eda : 29 de Septiembre\",\"datePublished\":\"2013-09-29T04:59:15+00:00\",\"mainEntityOfPage\":{\"@id\":\"https:\/\/blogs.uninter.edu.mx\/difusioncultural\/?p=2065\"},\"wordCount\":584,\"commentCount\":0,\"publisher\":{\"@id\":\"https:\/\/blogs.uninter.edu.mx\/difusioncultural\/#organization\"},\"image\":{\"@id\":\"https:\/\/blogs.uninter.edu.mx\/difusioncultural\/?p=2065#primaryimage\"},\"thumbnailUrl\":\"https:\/\/blogs.uninter.edu.mx\/difusioncultural\/wp-content\/uploads\/2013\/09\/yut6.jpg\",\"inLanguage\":\"es\",\"potentialAction\":[{\"@type\":\"CommentAction\",\"name\":\"Comment\",\"target\":[\"https:\/\/blogs.uninter.edu.mx\/difusioncultural\/?p=2065#respond\"]}]},{\"@type\":\"WebPage\",\"@id\":\"https:\/\/blogs.uninter.edu.mx\/difusioncultural\/?p=2065\",\"url\":\"https:\/\/blogs.uninter.edu.mx\/difusioncultural\/?p=2065\",\"name\":\"Efem\u00e9rides del d\u00eda : 29 de Septiembre - Difusi\u00f3n Cultural\",\"isPartOf\":{\"@id\":\"https:\/\/blogs.uninter.edu.mx\/difusioncultural\/#website\"},\"primaryImageOfPage\":{\"@id\":\"https:\/\/blogs.uninter.edu.mx\/difusioncultural\/?p=2065#primaryimage\"},\"image\":{\"@id\":\"https:\/\/blogs.uninter.edu.mx\/difusioncultural\/?p=2065#primaryimage\"},\"thumbnailUrl\":\"https:\/\/blogs.uninter.edu.mx\/difusioncultural\/wp-content\/uploads\/2013\/09\/yut6.jpg\",\"datePublished\":\"2013-09-29T04:59:15+00:00\",\"breadcrumb\":{\"@id\":\"https:\/\/blogs.uninter.edu.mx\/difusioncultural\/?p=2065#breadcrumb\"},\"inLanguage\":\"es\",\"potentialAction\":[{\"@type\":\"ReadAction\",\"target\":[\"https:\/\/blogs.uninter.edu.mx\/difusioncultural\/?p=2065\"]}]},{\"@type\":\"ImageObject\",\"inLanguage\":\"es\",\"@id\":\"https:\/\/blogs.uninter.edu.mx\/difusioncultural\/?p=2065#primaryimage\",\"url\":\"https:\/\/blogs.uninter.edu.mx\/difusioncultural\/wp-content\/uploads\/2013\/09\/yut6.jpg\",\"contentUrl\":\"https:\/\/blogs.uninter.edu.mx\/difusioncultural\/wp-content\/uploads\/2013\/09\/yut6.jpg\",\"width\":281,\"height\":179},{\"@type\":\"BreadcrumbList\",\"@id\":\"https:\/\/blogs.uninter.edu.mx\/difusioncultural\/?p=2065#breadcrumb\",\"itemListElement\":[{\"@type\":\"ListItem\",\"position\":1,\"name\":\"Inicio\",\"item\":\"https:\/\/blogs.uninter.edu.mx\/difusioncultural\/\"},{\"@type\":\"ListItem\",\"position\":2,\"name\":\"Efem\u00e9rides del d\u00eda : 29 de Septiembre\"}]},{\"@type\":\"WebSite\",\"@id\":\"https:\/\/blogs.uninter.edu.mx\/difusioncultural\/#website\",\"url\":\"https:\/\/blogs.uninter.edu.mx\/difusioncultural\/\",\"name\":\"Difusi\u00f3n Cultural\",\"description\":\"UNINTER\",\"publisher\":{\"@id\":\"https:\/\/blogs.uninter.edu.mx\/difusioncultural\/#organization\"},\"potentialAction\":[{\"@type\":\"SearchAction\",\"target\":{\"@type\":\"EntryPoint\",\"urlTemplate\":\"https:\/\/blogs.uninter.edu.mx\/difusioncultural\/?s={search_term_string}\"},\"query-input\":{\"@type\":\"PropertyValueSpecification\",\"valueRequired\":true,\"valueName\":\"search_term_string\"}}],\"inLanguage\":\"es\"},{\"@type\":\"Organization\",\"@id\":\"https:\/\/blogs.uninter.edu.mx\/difusioncultural\/#organization\",\"name\":\"Difusi\u00f3n Cultural\",\"url\":\"https:\/\/blogs.uninter.edu.mx\/difusioncultural\/\",\"logo\":{\"@type\":\"ImageObject\",\"inLanguage\":\"es\",\"@id\":\"https:\/\/blogs.uninter.edu.mx\/difusioncultural\/#\/schema\/logo\/image\/\",\"url\":\"https:\/\/blogs.uninter.edu.mx\/difusioncultural\/wp-content\/uploads\/2022\/09\/uninter.jpg\",\"contentUrl\":\"https:\/\/blogs.uninter.edu.mx\/difusioncultural\/wp-content\/uploads\/2022\/09\/uninter.jpg\",\"width\":2048,\"height\":2048,\"caption\":\"Difusi\u00f3n Cultural\"},\"image\":{\"@id\":\"https:\/\/blogs.uninter.edu.mx\/difusioncultural\/#\/schema\/logo\/image\/\"}},{\"@type\":\"Person\",\"@id\":\"https:\/\/blogs.uninter.edu.mx\/difusioncultural\/#\/schema\/person\/37a0926f4dd300a814993fd595abdc4a\",\"name\":\"webmaster\",\"image\":{\"@type\":\"ImageObject\",\"inLanguage\":\"es\",\"@id\":\"https:\/\/blogs.uninter.edu.mx\/difusioncultural\/#\/schema\/person\/image\/\",\"url\":\"https:\/\/secure.gravatar.com\/avatar\/a59c276b01147463ef3aab4118e3137ebc5e1ad6700deb39ccdf8b89e517f7dc?s=96&d=mm&r=g\",\"contentUrl\":\"https:\/\/secure.gravatar.com\/avatar\/a59c276b01147463ef3aab4118e3137ebc5e1ad6700deb39ccdf8b89e517f7dc?s=96&d=mm&r=g\",\"caption\":\"webmaster\"},\"sameAs\":[\"https:\/\/blogs.uninter.edu.mx\/difusioncultural\"],\"url\":\"https:\/\/blogs.uninter.edu.mx\/difusioncultural\/?author=1\"}]}<\/script>\r\n<!-- \/ Yoast SEO plugin. -->","yoast_head_json":{"title":"Efem\u00e9rides del d\u00eda : 29 de Septiembre - Difusi\u00f3n Cultural","robots":{"index":"index","follow":"follow","max-snippet":"max-snippet:-1","max-image-preview":"max-image-preview:large","max-video-preview":"max-video-preview:-1"},"canonical":"https:\/\/blogs.uninter.edu.mx\/difusioncultural\/?p=2065","og_locale":"es_MX","og_type":"article","og_title":"Efem\u00e9rides del d\u00eda : 29 de Septiembre - Difusi\u00f3n Cultural","og_description":"Un 29 de septiembre nacieron figuras de la cultura como el humanista Miguel Servet y los escritores Miguel de Cervantes Saavedra y Miguel de Unamuno; murieron el pintor Andrea del Sarto, el autor Shusaku Endo y el dibujante Charles Addams. 1530.- Muere el pintor italiano renacentista Andrea del Sarto, excelente retratista, h\u00e1bil colorista y experto&hellip;","og_url":"https:\/\/blogs.uninter.edu.mx\/difusioncultural\/?p=2065","og_site_name":"Difusi\u00f3n Cultural","article_published_time":"2013-09-29T04:59:15+00:00","og_image":[{"url":"https:\/\/blogs.uninter.edu.mx\/difusioncultural\/wp-content\/uploads\/2013\/09\/yut6.jpg","type":"","width":"","height":""}],"author":"webmaster","twitter_card":"summary_large_image","twitter_misc":{"Escrito por":"webmaster","Tiempo de lectura":"3 minutos"},"schema":{"@context":"https:\/\/schema.org","@graph":[{"@type":"Article","@id":"https:\/\/blogs.uninter.edu.mx\/difusioncultural\/?p=2065#article","isPartOf":{"@id":"https:\/\/blogs.uninter.edu.mx\/difusioncultural\/?p=2065"},"author":{"name":"webmaster","@id":"https:\/\/blogs.uninter.edu.mx\/difusioncultural\/#\/schema\/person\/37a0926f4dd300a814993fd595abdc4a"},"headline":"Efem\u00e9rides del d\u00eda : 29 de Septiembre","datePublished":"2013-09-29T04:59:15+00:00","mainEntityOfPage":{"@id":"https:\/\/blogs.uninter.edu.mx\/difusioncultural\/?p=2065"},"wordCount":584,"commentCount":0,"publisher":{"@id":"https:\/\/blogs.uninter.edu.mx\/difusioncultural\/#organization"},"image":{"@id":"https:\/\/blogs.uninter.edu.mx\/difusioncultural\/?p=2065#primaryimage"},"thumbnailUrl":"https:\/\/blogs.uninter.edu.mx\/difusioncultural\/wp-content\/uploads\/2013\/09\/yut6.jpg","inLanguage":"es","potentialAction":[{"@type":"CommentAction","name":"Comment","target":["https:\/\/blogs.uninter.edu.mx\/difusioncultural\/?p=2065#respond"]}]},{"@type":"WebPage","@id":"https:\/\/blogs.uninter.edu.mx\/difusioncultural\/?p=2065","url":"https:\/\/blogs.uninter.edu.mx\/difusioncultural\/?p=2065","name":"Efem\u00e9rides del d\u00eda : 29 de Septiembre - Difusi\u00f3n Cultural","isPartOf":{"@id":"https:\/\/blogs.uninter.edu.mx\/difusioncultural\/#website"},"primaryImageOfPage":{"@id":"https:\/\/blogs.uninter.edu.mx\/difusioncultural\/?p=2065#primaryimage"},"image":{"@id":"https:\/\/blogs.uninter.edu.mx\/difusioncultural\/?p=2065#primaryimage"},"thumbnailUrl":"https:\/\/blogs.uninter.edu.mx\/difusioncultural\/wp-content\/uploads\/2013\/09\/yut6.jpg","datePublished":"2013-09-29T04:59:15+00:00","breadcrumb":{"@id":"https:\/\/blogs.uninter.edu.mx\/difusioncultural\/?p=2065#breadcrumb"},"inLanguage":"es","potentialAction":[{"@type":"ReadAction","target":["https:\/\/blogs.uninter.edu.mx\/difusioncultural\/?p=2065"]}]},{"@type":"ImageObject","inLanguage":"es","@id":"https:\/\/blogs.uninter.edu.mx\/difusioncultural\/?p=2065#primaryimage","url":"https:\/\/blogs.uninter.edu.mx\/difusioncultural\/wp-content\/uploads\/2013\/09\/yut6.jpg","contentUrl":"https:\/\/blogs.uninter.edu.mx\/difusioncultural\/wp-content\/uploads\/2013\/09\/yut6.jpg","width":281,"height":179},{"@type":"BreadcrumbList","@id":"https:\/\/blogs.uninter.edu.mx\/difusioncultural\/?p=2065#breadcrumb","itemListElement":[{"@type":"ListItem","position":1,"name":"Inicio","item":"https:\/\/blogs.uninter.edu.mx\/difusioncultural\/"},{"@type":"ListItem","position":2,"name":"Efem\u00e9rides del d\u00eda : 29 de Septiembre"}]},{"@type":"WebSite","@id":"https:\/\/blogs.uninter.edu.mx\/difusioncultural\/#website","url":"https:\/\/blogs.uninter.edu.mx\/difusioncultural\/","name":"Difusi\u00f3n Cultural","description":"UNINTER","publisher":{"@id":"https:\/\/blogs.uninter.edu.mx\/difusioncultural\/#organization"},"potentialAction":[{"@type":"SearchAction","target":{"@type":"EntryPoint","urlTemplate":"https:\/\/blogs.uninter.edu.mx\/difusioncultural\/?s={search_term_string}"},"query-input":{"@type":"PropertyValueSpecification","valueRequired":true,"valueName":"search_term_string"}}],"inLanguage":"es"},{"@type":"Organization","@id":"https:\/\/blogs.uninter.edu.mx\/difusioncultural\/#organization","name":"Difusi\u00f3n Cultural","url":"https:\/\/blogs.uninter.edu.mx\/difusioncultural\/","logo":{"@type":"ImageObject","inLanguage":"es","@id":"https:\/\/blogs.uninter.edu.mx\/difusioncultural\/#\/schema\/logo\/image\/","url":"https:\/\/blogs.uninter.edu.mx\/difusioncultural\/wp-content\/uploads\/2022\/09\/uninter.jpg","contentUrl":"https:\/\/blogs.uninter.edu.mx\/difusioncultural\/wp-content\/uploads\/2022\/09\/uninter.jpg","width":2048,"height":2048,"caption":"Difusi\u00f3n Cultural"},"image":{"@id":"https:\/\/blogs.uninter.edu.mx\/difusioncultural\/#\/schema\/logo\/image\/"}},{"@type":"Person","@id":"https:\/\/blogs.uninter.edu.mx\/difusioncultural\/#\/schema\/person\/37a0926f4dd300a814993fd595abdc4a","name":"webmaster","image":{"@type":"ImageObject","inLanguage":"es","@id":"https:\/\/blogs.uninter.edu.mx\/difusioncultural\/#\/schema\/person\/image\/","url":"https:\/\/secure.gravatar.com\/avatar\/a59c276b01147463ef3aab4118e3137ebc5e1ad6700deb39ccdf8b89e517f7dc?s=96&d=mm&r=g","contentUrl":"https:\/\/secure.gravatar.com\/avatar\/a59c276b01147463ef3aab4118e3137ebc5e1ad6700deb39ccdf8b89e517f7dc?s=96&d=mm&r=g","caption":"webmaster"},"sameAs":["https:\/\/blogs.uninter.edu.mx\/difusioncultural"],"url":"https:\/\/blogs.uninter.edu.mx\/difusioncultural\/?author=1"}]}},"jetpack_publicize_connections":[],"jetpack_featured_media_url":"","jetpack_sharing_enabled":true,"_links":{"self":[{"href":"https:\/\/blogs.uninter.edu.mx\/difusioncultural\/index.php?rest_route=\/wp\/v2\/posts\/2065","targetHints":{"allow":["GET"]}}],"collection":[{"href":"https:\/\/blogs.uninter.edu.mx\/difusioncultural\/index.php?rest_route=\/wp\/v2\/posts"}],"about":[{"href":"https:\/\/blogs.uninter.edu.mx\/difusioncultural\/index.php?rest_route=\/wp\/v2\/types\/post"}],"author":[{"embeddable":true,"href":"https:\/\/blogs.uninter.edu.mx\/difusioncultural\/index.php?rest_route=\/wp\/v2\/users\/1"}],"replies":[{"embeddable":true,"href":"https:\/\/blogs.uninter.edu.mx\/difusioncultural\/index.php?rest_route=%2Fwp%2Fv2%2Fcomments&post=2065"}],"version-history":[{"count":0,"href":"https:\/\/blogs.uninter.edu.mx\/difusioncultural\/index.php?rest_route=\/wp\/v2\/posts\/2065\/revisions"}],"wp:attachment":[{"href":"https:\/\/blogs.uninter.edu.mx\/difusioncultural\/index.php?rest_route=%2Fwp%2Fv2%2Fmedia&parent=2065"}],"wp:term":[{"taxonomy":"category","embeddable":true,"href":"https:\/\/blogs.uninter.edu.mx\/difusioncultural\/index.php?rest_route=%2Fwp%2Fv2%2Fcategories&post=2065"},{"taxonomy":"post_tag","embeddable":true,"href":"https:\/\/blogs.uninter.edu.mx\/difusioncultural\/index.php?rest_route=%2Fwp%2Fv2%2Ftags&post=2065"}],"curies":[{"name":"wp","href":"https:\/\/api.w.org\/{rel}","templated":true}]}}