{"id":2150,"date":"2013-10-16T04:31:25","date_gmt":"2013-10-16T04:31:25","guid":{"rendered":"http:\/\/difusionculturaluninter.wordpress.com\/?p=2150"},"modified":"2013-10-16T04:31:25","modified_gmt":"2013-10-16T04:31:25","slug":"salvador-lavado-quino-protagonista-en-feria-del-libro-oaxaca","status":"publish","type":"post","link":"https:\/\/blogs.uninter.edu.mx\/difusioncultural\/?p=2150","title":{"rendered":"Salvador Lavado &#8216;Quino&#8217;, protagonista en Feria del Libro Oaxaca"},"content":{"rendered":"<p>Salvador Lavado &#8220;Quino&#8221;, padre creador de la hiperactiva &#8220;Mafalda&#8221; ser\u00e1 el protagonista de la Feria Internacional del Libro Oaxaca 2013, que se realizar\u00e1 del 2 al 10 de noviembre.<\/p>\n<p>Dicha feria tambi\u00e9n tiene por vez primera un pa\u00eds invitado de honor y es Argentina, que llegar\u00e1 con una delegaci\u00f3n importante de escritores y creadores como los narradores C\u00e9sar Aira, Ricardo Piglia y Andr\u00e9s Neuman, as\u00ed como artistas como los Babas\u00f3nicos y Luis Pescetti.<\/p>\n<p>El encuentro literario que se ha consolidado como una de las citas m\u00e1s importantes del pa\u00eds, contar\u00e1 con m\u00e1s de 80 escritores invitados, entre los que destacan otros autores como Richard Ford, Mart\u00edn Caparr\u00f3s, Laura Restrepo, Pedro Juan Guti\u00e9rrez, Hern\u00e1n Rosino, Oliverio Coelho, Kously Lamkojuan, Villoro, Eric Nepomuceno, Francisco Goldman, Yuri Herrera, Antonio Ortu\u00f1o, \u00c9lmer Mendoza y \u00c1lvaro Enrigue, entre otros.<\/p>\n<p>Guillermo Quijas Corzo, director general de la Editorial Almad\u00eda y Proveedora Escolar de Oaxaca, organizadores de la feria junto con el Fondo Editorial ventura, dijo en entrevista que han notado que cada vez es m\u00e1s f\u00e1cil conformar un programa y que los escritores acepten venir, cada vez hay m\u00e1s interesados en participar desde las editoriales y los autores.<\/p>\n<p>&#8220;Eso trae una complicaci\u00f3n porque no podemos traer a todos, adem\u00e1s tener un invitado como Argentina gracias a las relaciones institucionales que sostenemos con ese pa\u00eds, nos ayuda tambi\u00e9n a conformar un programa. Argentina fue natural, desde hace diez a\u00f1os tenemos relaciones con editoriales para distribuirlos en M\u00e9xico, en Oaxaca, empezamos a mandar nuestros libros de Almad\u00eda a Argentina&#8221;, se\u00f1al\u00f3 Quijas Corzo.<\/p>\n<p>El director general de la editorial y de la feria dijo que convencer a &#8220;Quino&#8221; de que viniera a M\u00e9xico tom\u00f3 su tiempo. &#8220;La primera invitaci\u00f3n que le hicimos fue hace cinco a\u00f1os y este a\u00f1o se dieron las cosas; el a\u00f1o pasado a mediados fuimos a Argentina, nos sentamos y creo que \u00e9l en estos cinco a\u00f1os tuvo oportunidad de ver m\u00e1s de cerca la feria y saber qui\u00e9nes hab\u00edan venido, qu\u00e9 tipo de evento era, y al final dijo que s\u00ed, que estaba encantado de participar, tiene un afecto por M\u00e9xico no s\u00f3lo por lo que representa, sino por los lectores que aqu\u00ed tiene&#8221;.<\/p>\n<p>&#8220;Quino&#8221; recibir\u00e1 el homenaje especial que rinde cada a\u00f1o a un escritor o artista la Feria Internacional del Libro de Oaxaca, como lo ha hecho con Francisco Toledo, Sergio Pitol, Miguel \u00c1ngel Granados Chapa, Carlos Monsiv\u00e1is, Arturo Ripstein, Julio Scherer y Jos\u00e9 Emilio Pacheco. Tendr\u00e1 dos actividades especiales: firmar\u00e1 libros tras el homenaje y tendr\u00e1 un encuentro con j\u00f3venes lectores acompa\u00f1ado del caricaturista mexicano &#8220;Rius&#8221;.<\/p>\n<p>Otro evento significativo ser\u00e1 el encuentro de basquetbol entre el equipo de ni\u00f1os triquis basquetbolistas y los escritores invitados a la FILO (Feria del Libro Oaxaca), que se realizar\u00e1 en el Gimnasio de la Universidad Aut\u00f3noma de Oaxaca.<\/p>\n<p><a href=\"https:\/\/blogs.uninter.edu.mx\/difusioncultural\/wp-content\/uploads\/2013\/10\/quino-y-mafalda-4.jpg\"><img fetchpriority=\"high\" decoding=\"async\" src=\"https:\/\/blogs.uninter.edu.mx\/difusioncultural\/wp-content\/uploads\/2013\/10\/quino-y-mafalda-4.jpg?w=300\" alt=\"Quino-y-Mafalda-4\" width=\"300\" height=\"228\" class=\"alignnone size-medium wp-image-2151\" \/><\/a><\/p>\n","protected":false},"excerpt":{"rendered":"<p>Salvador Lavado &#8220;Quino&#8221;, padre creador de la hiperactiva &#8220;Mafalda&#8221; ser\u00e1 el protagonista de la Feria Internacional del Libro Oaxaca 2013, que se realizar\u00e1 del 2 al 10 de noviembre. Dicha feria tambi\u00e9n tiene por vez primera un pa\u00eds invitado de honor y es Argentina, que llegar\u00e1 con una delegaci\u00f3n importante de escritores y creadores como&hellip;<\/p>\n","protected":false},"author":1,"featured_media":0,"comment_status":"open","ping_status":"open","sticky":false,"template":"","format":"standard","meta":{"_jetpack_memberships_contains_paid_content":false,"footnotes":"","jetpack_publicize_message":"","jetpack_publicize_feature_enabled":true,"jetpack_social_post_already_shared":false,"jetpack_social_options":{"image_generator_settings":{"template":"highway","default_image_id":0,"font":"","enabled":false},"version":2}},"categories":[1],"tags":[],"class_list":["post-2150","post","type-post","status-publish","format-standard","hentry","category-sin-categoria"],"yoast_head":"<!-- This site is optimized with the Yoast SEO plugin v26.3 - https:\/\/yoast.com\/wordpress\/plugins\/seo\/ -->\r\n<title>Salvador Lavado &#039;Quino&#039;, protagonista en Feria del Libro Oaxaca - Difusi\u00f3n Cultural<\/title>\r\n<meta name=\"robots\" content=\"index, follow, max-snippet:-1, max-image-preview:large, max-video-preview:-1\" \/>\r\n<link rel=\"canonical\" href=\"https:\/\/blogs.uninter.edu.mx\/difusioncultural\/?p=2150\" \/>\r\n<meta property=\"og:locale\" content=\"es_MX\" \/>\r\n<meta property=\"og:type\" content=\"article\" \/>\r\n<meta property=\"og:title\" content=\"Salvador Lavado &#039;Quino&#039;, protagonista en Feria del Libro Oaxaca - Difusi\u00f3n Cultural\" \/>\r\n<meta property=\"og:description\" content=\"Salvador Lavado &#8220;Quino&#8221;, padre creador de la hiperactiva &#8220;Mafalda&#8221; ser\u00e1 el protagonista de la Feria Internacional del Libro Oaxaca 2013, que se realizar\u00e1 del 2 al 10 de noviembre. Dicha feria tambi\u00e9n tiene por vez primera un pa\u00eds invitado de honor y es Argentina, que llegar\u00e1 con una delegaci\u00f3n importante de escritores y creadores como&hellip;\" \/>\r\n<meta property=\"og:url\" content=\"https:\/\/blogs.uninter.edu.mx\/difusioncultural\/?p=2150\" \/>\r\n<meta property=\"og:site_name\" content=\"Difusi\u00f3n Cultural\" \/>\r\n<meta property=\"article:published_time\" content=\"2013-10-16T04:31:25+00:00\" \/>\r\n<meta property=\"og:image\" content=\"https:\/\/blogs.uninter.edu.mx\/difusioncultural\/wp-content\/uploads\/2013\/10\/quino-y-mafalda-4.jpg?w=300\" \/>\r\n<meta name=\"author\" content=\"webmaster\" \/>\r\n<meta name=\"twitter:card\" content=\"summary_large_image\" \/>\r\n<meta name=\"twitter:label1\" content=\"Escrito por\" \/>\n\t<meta name=\"twitter:data1\" content=\"webmaster\" \/>\n\t<meta name=\"twitter:label2\" content=\"Tiempo de lectura\" \/>\n\t<meta name=\"twitter:data2\" content=\"3 minutos\" \/>\r\n<script type=\"application\/ld+json\" class=\"yoast-schema-graph\">{\"@context\":\"https:\/\/schema.org\",\"@graph\":[{\"@type\":\"Article\",\"@id\":\"https:\/\/blogs.uninter.edu.mx\/difusioncultural\/?p=2150#article\",\"isPartOf\":{\"@id\":\"https:\/\/blogs.uninter.edu.mx\/difusioncultural\/?p=2150\"},\"author\":{\"name\":\"webmaster\",\"@id\":\"https:\/\/blogs.uninter.edu.mx\/difusioncultural\/#\/schema\/person\/37a0926f4dd300a814993fd595abdc4a\"},\"headline\":\"Salvador Lavado &#8216;Quino&#8217;, protagonista en Feria del Libro Oaxaca\",\"datePublished\":\"2013-10-16T04:31:25+00:00\",\"mainEntityOfPage\":{\"@id\":\"https:\/\/blogs.uninter.edu.mx\/difusioncultural\/?p=2150\"},\"wordCount\":511,\"commentCount\":0,\"publisher\":{\"@id\":\"https:\/\/blogs.uninter.edu.mx\/difusioncultural\/#organization\"},\"image\":{\"@id\":\"https:\/\/blogs.uninter.edu.mx\/difusioncultural\/?p=2150#primaryimage\"},\"thumbnailUrl\":\"https:\/\/blogs.uninter.edu.mx\/difusioncultural\/wp-content\/uploads\/2013\/10\/quino-y-mafalda-4.jpg?w=300\",\"inLanguage\":\"es\",\"potentialAction\":[{\"@type\":\"CommentAction\",\"name\":\"Comment\",\"target\":[\"https:\/\/blogs.uninter.edu.mx\/difusioncultural\/?p=2150#respond\"]}]},{\"@type\":\"WebPage\",\"@id\":\"https:\/\/blogs.uninter.edu.mx\/difusioncultural\/?p=2150\",\"url\":\"https:\/\/blogs.uninter.edu.mx\/difusioncultural\/?p=2150\",\"name\":\"Salvador Lavado 'Quino', protagonista en Feria del Libro Oaxaca - Difusi\u00f3n Cultural\",\"isPartOf\":{\"@id\":\"https:\/\/blogs.uninter.edu.mx\/difusioncultural\/#website\"},\"primaryImageOfPage\":{\"@id\":\"https:\/\/blogs.uninter.edu.mx\/difusioncultural\/?p=2150#primaryimage\"},\"image\":{\"@id\":\"https:\/\/blogs.uninter.edu.mx\/difusioncultural\/?p=2150#primaryimage\"},\"thumbnailUrl\":\"https:\/\/blogs.uninter.edu.mx\/difusioncultural\/wp-content\/uploads\/2013\/10\/quino-y-mafalda-4.jpg?w=300\",\"datePublished\":\"2013-10-16T04:31:25+00:00\",\"breadcrumb\":{\"@id\":\"https:\/\/blogs.uninter.edu.mx\/difusioncultural\/?p=2150#breadcrumb\"},\"inLanguage\":\"es\",\"potentialAction\":[{\"@type\":\"ReadAction\",\"target\":[\"https:\/\/blogs.uninter.edu.mx\/difusioncultural\/?p=2150\"]}]},{\"@type\":\"ImageObject\",\"inLanguage\":\"es\",\"@id\":\"https:\/\/blogs.uninter.edu.mx\/difusioncultural\/?p=2150#primaryimage\",\"url\":\"https:\/\/blogs.uninter.edu.mx\/difusioncultural\/wp-content\/uploads\/2013\/10\/quino-y-mafalda-4.jpg?w=300\",\"contentUrl\":\"https:\/\/blogs.uninter.edu.mx\/difusioncultural\/wp-content\/uploads\/2013\/10\/quino-y-mafalda-4.jpg?w=300\"},{\"@type\":\"BreadcrumbList\",\"@id\":\"https:\/\/blogs.uninter.edu.mx\/difusioncultural\/?p=2150#breadcrumb\",\"itemListElement\":[{\"@type\":\"ListItem\",\"position\":1,\"name\":\"Inicio\",\"item\":\"https:\/\/blogs.uninter.edu.mx\/difusioncultural\/\"},{\"@type\":\"ListItem\",\"position\":2,\"name\":\"Salvador Lavado &#8216;Quino&#8217;, protagonista en Feria del Libro Oaxaca\"}]},{\"@type\":\"WebSite\",\"@id\":\"https:\/\/blogs.uninter.edu.mx\/difusioncultural\/#website\",\"url\":\"https:\/\/blogs.uninter.edu.mx\/difusioncultural\/\",\"name\":\"Difusi\u00f3n Cultural\",\"description\":\"UNINTER\",\"publisher\":{\"@id\":\"https:\/\/blogs.uninter.edu.mx\/difusioncultural\/#organization\"},\"potentialAction\":[{\"@type\":\"SearchAction\",\"target\":{\"@type\":\"EntryPoint\",\"urlTemplate\":\"https:\/\/blogs.uninter.edu.mx\/difusioncultural\/?s={search_term_string}\"},\"query-input\":{\"@type\":\"PropertyValueSpecification\",\"valueRequired\":true,\"valueName\":\"search_term_string\"}}],\"inLanguage\":\"es\"},{\"@type\":\"Organization\",\"@id\":\"https:\/\/blogs.uninter.edu.mx\/difusioncultural\/#organization\",\"name\":\"Difusi\u00f3n Cultural\",\"url\":\"https:\/\/blogs.uninter.edu.mx\/difusioncultural\/\",\"logo\":{\"@type\":\"ImageObject\",\"inLanguage\":\"es\",\"@id\":\"https:\/\/blogs.uninter.edu.mx\/difusioncultural\/#\/schema\/logo\/image\/\",\"url\":\"https:\/\/blogs.uninter.edu.mx\/difusioncultural\/wp-content\/uploads\/2022\/09\/uninter.jpg\",\"contentUrl\":\"https:\/\/blogs.uninter.edu.mx\/difusioncultural\/wp-content\/uploads\/2022\/09\/uninter.jpg\",\"width\":2048,\"height\":2048,\"caption\":\"Difusi\u00f3n Cultural\"},\"image\":{\"@id\":\"https:\/\/blogs.uninter.edu.mx\/difusioncultural\/#\/schema\/logo\/image\/\"}},{\"@type\":\"Person\",\"@id\":\"https:\/\/blogs.uninter.edu.mx\/difusioncultural\/#\/schema\/person\/37a0926f4dd300a814993fd595abdc4a\",\"name\":\"webmaster\",\"image\":{\"@type\":\"ImageObject\",\"inLanguage\":\"es\",\"@id\":\"https:\/\/blogs.uninter.edu.mx\/difusioncultural\/#\/schema\/person\/image\/\",\"url\":\"https:\/\/secure.gravatar.com\/avatar\/a59c276b01147463ef3aab4118e3137ebc5e1ad6700deb39ccdf8b89e517f7dc?s=96&d=mm&r=g\",\"contentUrl\":\"https:\/\/secure.gravatar.com\/avatar\/a59c276b01147463ef3aab4118e3137ebc5e1ad6700deb39ccdf8b89e517f7dc?s=96&d=mm&r=g\",\"caption\":\"webmaster\"},\"sameAs\":[\"https:\/\/blogs.uninter.edu.mx\/difusioncultural\"],\"url\":\"https:\/\/blogs.uninter.edu.mx\/difusioncultural\/?author=1\"}]}<\/script>\r\n<!-- \/ Yoast SEO plugin. -->","yoast_head_json":{"title":"Salvador Lavado 'Quino', protagonista en Feria del Libro Oaxaca - Difusi\u00f3n Cultural","robots":{"index":"index","follow":"follow","max-snippet":"max-snippet:-1","max-image-preview":"max-image-preview:large","max-video-preview":"max-video-preview:-1"},"canonical":"https:\/\/blogs.uninter.edu.mx\/difusioncultural\/?p=2150","og_locale":"es_MX","og_type":"article","og_title":"Salvador Lavado 'Quino', protagonista en Feria del Libro Oaxaca - Difusi\u00f3n Cultural","og_description":"Salvador Lavado &#8220;Quino&#8221;, padre creador de la hiperactiva &#8220;Mafalda&#8221; ser\u00e1 el protagonista de la Feria Internacional del Libro Oaxaca 2013, que se realizar\u00e1 del 2 al 10 de noviembre. Dicha feria tambi\u00e9n tiene por vez primera un pa\u00eds invitado de honor y es Argentina, que llegar\u00e1 con una delegaci\u00f3n importante de escritores y creadores como&hellip;","og_url":"https:\/\/blogs.uninter.edu.mx\/difusioncultural\/?p=2150","og_site_name":"Difusi\u00f3n Cultural","article_published_time":"2013-10-16T04:31:25+00:00","og_image":[{"url":"https:\/\/blogs.uninter.edu.mx\/difusioncultural\/wp-content\/uploads\/2013\/10\/quino-y-mafalda-4.jpg?w=300","type":"","width":"","height":""}],"author":"webmaster","twitter_card":"summary_large_image","twitter_misc":{"Escrito por":"webmaster","Tiempo de lectura":"3 minutos"},"schema":{"@context":"https:\/\/schema.org","@graph":[{"@type":"Article","@id":"https:\/\/blogs.uninter.edu.mx\/difusioncultural\/?p=2150#article","isPartOf":{"@id":"https:\/\/blogs.uninter.edu.mx\/difusioncultural\/?p=2150"},"author":{"name":"webmaster","@id":"https:\/\/blogs.uninter.edu.mx\/difusioncultural\/#\/schema\/person\/37a0926f4dd300a814993fd595abdc4a"},"headline":"Salvador Lavado &#8216;Quino&#8217;, protagonista en Feria del Libro Oaxaca","datePublished":"2013-10-16T04:31:25+00:00","mainEntityOfPage":{"@id":"https:\/\/blogs.uninter.edu.mx\/difusioncultural\/?p=2150"},"wordCount":511,"commentCount":0,"publisher":{"@id":"https:\/\/blogs.uninter.edu.mx\/difusioncultural\/#organization"},"image":{"@id":"https:\/\/blogs.uninter.edu.mx\/difusioncultural\/?p=2150#primaryimage"},"thumbnailUrl":"https:\/\/blogs.uninter.edu.mx\/difusioncultural\/wp-content\/uploads\/2013\/10\/quino-y-mafalda-4.jpg?w=300","inLanguage":"es","potentialAction":[{"@type":"CommentAction","name":"Comment","target":["https:\/\/blogs.uninter.edu.mx\/difusioncultural\/?p=2150#respond"]}]},{"@type":"WebPage","@id":"https:\/\/blogs.uninter.edu.mx\/difusioncultural\/?p=2150","url":"https:\/\/blogs.uninter.edu.mx\/difusioncultural\/?p=2150","name":"Salvador Lavado 'Quino', protagonista en Feria del Libro Oaxaca - Difusi\u00f3n Cultural","isPartOf":{"@id":"https:\/\/blogs.uninter.edu.mx\/difusioncultural\/#website"},"primaryImageOfPage":{"@id":"https:\/\/blogs.uninter.edu.mx\/difusioncultural\/?p=2150#primaryimage"},"image":{"@id":"https:\/\/blogs.uninter.edu.mx\/difusioncultural\/?p=2150#primaryimage"},"thumbnailUrl":"https:\/\/blogs.uninter.edu.mx\/difusioncultural\/wp-content\/uploads\/2013\/10\/quino-y-mafalda-4.jpg?w=300","datePublished":"2013-10-16T04:31:25+00:00","breadcrumb":{"@id":"https:\/\/blogs.uninter.edu.mx\/difusioncultural\/?p=2150#breadcrumb"},"inLanguage":"es","potentialAction":[{"@type":"ReadAction","target":["https:\/\/blogs.uninter.edu.mx\/difusioncultural\/?p=2150"]}]},{"@type":"ImageObject","inLanguage":"es","@id":"https:\/\/blogs.uninter.edu.mx\/difusioncultural\/?p=2150#primaryimage","url":"https:\/\/blogs.uninter.edu.mx\/difusioncultural\/wp-content\/uploads\/2013\/10\/quino-y-mafalda-4.jpg?w=300","contentUrl":"https:\/\/blogs.uninter.edu.mx\/difusioncultural\/wp-content\/uploads\/2013\/10\/quino-y-mafalda-4.jpg?w=300"},{"@type":"BreadcrumbList","@id":"https:\/\/blogs.uninter.edu.mx\/difusioncultural\/?p=2150#breadcrumb","itemListElement":[{"@type":"ListItem","position":1,"name":"Inicio","item":"https:\/\/blogs.uninter.edu.mx\/difusioncultural\/"},{"@type":"ListItem","position":2,"name":"Salvador Lavado &#8216;Quino&#8217;, protagonista en Feria del Libro Oaxaca"}]},{"@type":"WebSite","@id":"https:\/\/blogs.uninter.edu.mx\/difusioncultural\/#website","url":"https:\/\/blogs.uninter.edu.mx\/difusioncultural\/","name":"Difusi\u00f3n Cultural","description":"UNINTER","publisher":{"@id":"https:\/\/blogs.uninter.edu.mx\/difusioncultural\/#organization"},"potentialAction":[{"@type":"SearchAction","target":{"@type":"EntryPoint","urlTemplate":"https:\/\/blogs.uninter.edu.mx\/difusioncultural\/?s={search_term_string}"},"query-input":{"@type":"PropertyValueSpecification","valueRequired":true,"valueName":"search_term_string"}}],"inLanguage":"es"},{"@type":"Organization","@id":"https:\/\/blogs.uninter.edu.mx\/difusioncultural\/#organization","name":"Difusi\u00f3n Cultural","url":"https:\/\/blogs.uninter.edu.mx\/difusioncultural\/","logo":{"@type":"ImageObject","inLanguage":"es","@id":"https:\/\/blogs.uninter.edu.mx\/difusioncultural\/#\/schema\/logo\/image\/","url":"https:\/\/blogs.uninter.edu.mx\/difusioncultural\/wp-content\/uploads\/2022\/09\/uninter.jpg","contentUrl":"https:\/\/blogs.uninter.edu.mx\/difusioncultural\/wp-content\/uploads\/2022\/09\/uninter.jpg","width":2048,"height":2048,"caption":"Difusi\u00f3n Cultural"},"image":{"@id":"https:\/\/blogs.uninter.edu.mx\/difusioncultural\/#\/schema\/logo\/image\/"}},{"@type":"Person","@id":"https:\/\/blogs.uninter.edu.mx\/difusioncultural\/#\/schema\/person\/37a0926f4dd300a814993fd595abdc4a","name":"webmaster","image":{"@type":"ImageObject","inLanguage":"es","@id":"https:\/\/blogs.uninter.edu.mx\/difusioncultural\/#\/schema\/person\/image\/","url":"https:\/\/secure.gravatar.com\/avatar\/a59c276b01147463ef3aab4118e3137ebc5e1ad6700deb39ccdf8b89e517f7dc?s=96&d=mm&r=g","contentUrl":"https:\/\/secure.gravatar.com\/avatar\/a59c276b01147463ef3aab4118e3137ebc5e1ad6700deb39ccdf8b89e517f7dc?s=96&d=mm&r=g","caption":"webmaster"},"sameAs":["https:\/\/blogs.uninter.edu.mx\/difusioncultural"],"url":"https:\/\/blogs.uninter.edu.mx\/difusioncultural\/?author=1"}]}},"jetpack_publicize_connections":[],"jetpack_featured_media_url":"","jetpack_sharing_enabled":true,"_links":{"self":[{"href":"https:\/\/blogs.uninter.edu.mx\/difusioncultural\/index.php?rest_route=\/wp\/v2\/posts\/2150","targetHints":{"allow":["GET"]}}],"collection":[{"href":"https:\/\/blogs.uninter.edu.mx\/difusioncultural\/index.php?rest_route=\/wp\/v2\/posts"}],"about":[{"href":"https:\/\/blogs.uninter.edu.mx\/difusioncultural\/index.php?rest_route=\/wp\/v2\/types\/post"}],"author":[{"embeddable":true,"href":"https:\/\/blogs.uninter.edu.mx\/difusioncultural\/index.php?rest_route=\/wp\/v2\/users\/1"}],"replies":[{"embeddable":true,"href":"https:\/\/blogs.uninter.edu.mx\/difusioncultural\/index.php?rest_route=%2Fwp%2Fv2%2Fcomments&post=2150"}],"version-history":[{"count":0,"href":"https:\/\/blogs.uninter.edu.mx\/difusioncultural\/index.php?rest_route=\/wp\/v2\/posts\/2150\/revisions"}],"wp:attachment":[{"href":"https:\/\/blogs.uninter.edu.mx\/difusioncultural\/index.php?rest_route=%2Fwp%2Fv2%2Fmedia&parent=2150"}],"wp:term":[{"taxonomy":"category","embeddable":true,"href":"https:\/\/blogs.uninter.edu.mx\/difusioncultural\/index.php?rest_route=%2Fwp%2Fv2%2Fcategories&post=2150"},{"taxonomy":"post_tag","embeddable":true,"href":"https:\/\/blogs.uninter.edu.mx\/difusioncultural\/index.php?rest_route=%2Fwp%2Fv2%2Ftags&post=2150"}],"curies":[{"name":"wp","href":"https:\/\/api.w.org\/{rel}","templated":true}]}}