{"id":2187,"date":"2013-10-28T14:25:23","date_gmt":"2013-10-28T14:25:23","guid":{"rendered":"http:\/\/difusionculturaluninter.wordpress.com\/?p=2187"},"modified":"2013-10-28T14:25:23","modified_gmt":"2013-10-28T14:25:23","slug":"28-de-octubre-dia-mundial-de-la-animacion","status":"publish","type":"post","link":"https:\/\/blogs.uninter.edu.mx\/difusioncultural\/?p=2187","title":{"rendered":"28 de Octubre : D\u00eda Mundial de la Animaci\u00f3n"},"content":{"rendered":"<p>El 28 de octubre se celebra el D\u00eda Mundial de la Animaci\u00f3n, seg\u00fan una iniciativa de la Asociaci\u00f3n Internacional de Films de Animaci\u00f3n (ASIFA). Durante esta fecha se conmemora la primera proyecci\u00f3n p\u00fablica del Teatro \u00d3ptico de Emile Reynaud en el Museo Grevin de Paris en 1982, antecedente de la cinematograf\u00eda de animaci\u00f3n. La animaci\u00f3n es un proceso mediante el cual las im\u00e1genes parecen tener movimiento. Este proceso se lleva a cabo mediante diversas t\u00e9cnicas que ayudan a percibir el movimiento por ejemplo en los dibujos animales, los cuales parecen tener vida propia. Durante este d\u00eda, se realizan diferentes actividades como concursos, talleres y festivales de animaci\u00f3n que realizan proyecciones y exposiciones de pioneros del cine de animaci\u00f3n. Conectate.com<\/p>\n<p> Carlos Narro, subdirector de Extensi\u00f3n Cultural de Radio UNAM, anunci\u00f3 que habr\u00e1 exposiciones, charlas y proyecciones en diferentes recintos universitarios, en este encuentro que se lleva a cabo por cuarto a\u00f1o consecutivo.<\/p>\n<p>Profesora y tutora del Posgrado en Artes y Dise\u00f1o de la UNAM, Tania de Le\u00f3n proyecto los cortometrajes Involuci\u00f3n y Un d\u00eda y se refiri\u00f3 a las formas en que los realiz\u00f3 con t\u00e9cnicas experimentales, un de ellas, la del segundo film, llamada stop motion. Al contar con presupuestos limitados, dijo, se debe echar mano de la creatividad. As\u00ed, para hacer Un d\u00eda, tom\u00f3 una gran cantidad de fotograf\u00edas y se sincronizaron m\u00faltiples dibujos con una pieza musical.<\/p>\n<p>Finalmente, Nuria Menchaca, egresada de la ENAP, proyect\u00f3 sus trabajos Perra vida y Aimer, hechos con la t\u00e9cnica rotoscopia, mediante la cual se redibuja manualmente la imagen cuadro por cuadro del filme, con base en una secuencia de im\u00e1genes de acci\u00f3n real, filmadas previamente ya sea en cine o en video.<\/p>\n<p>La cineasta obtuvo el primer lugar en el Tercer Concurso internacional de Animaci\u00f3n Animasivo, y dio a conocer la versi\u00f3n preliminar de Rebote, su cortometraje m\u00e1s reciente, en el cual recrea su experiencia de hacer historias animadas hoja por hoja.<\/p>\n<p>De otra parte, se abri\u00f3 en el Museo Universitario del Chopo la exposici\u00f3n T\u00edteres de Luz. Marionetas mexicanas del cine de animaci\u00f3n, curada por Crisia Gonz\u00e1lez y Brenda Isabel, en la cual se re\u00fanen 13 piezas y seis escenograf\u00edas aparecidas en distintos cortos producidos y dise\u00f1ados por \u201clos mejores animadores de M\u00e9xico\u201d.<\/p>\n<p>Son mu\u00f1ecos hechos de alambre con l\u00e1tex, fibra de vidrio, hule espuma, tela, cart\u00f3n, madera e incluso materiales que simulan piel humana y que cobraron vida \u201ccon el arte de la ilusi\u00f3n\u201d en las distintas pel\u00edculas. Y podr\u00e1n ser vistos por el p\u00fablico en la Galer\u00eda Underground, del Museo, que organiz\u00f3 la muestra conjuntamente con Radio UNAM y la ENAP.<\/p>\n<p>Al inaugurar estas actividades, previas al D\u00eda Mundial de la Animaci\u00f3n, Carlos Narro destac\u00f3:<\/p>\n<p>\u201cEn M\u00e9xico la animaci\u00f3n vive el inicio de una etapa de oro. En los \u00faltimos a\u00f1os, los artistas en este campo han forjado, en colectivos y de manera individual, un cuerpo de obras que ya coloca a nuestro pa\u00eds en el panorama mundial, en ese esfuerzo destacan quienes construyen escenarios y personajes tridimensionales en distintas t\u00e9cnicas\u201d.<\/p>\n<p><a href=\"https:\/\/blogs.uninter.edu.mx\/difusioncultural\/wp-content\/uploads\/2013\/10\/img_2453web2.jpg\"><img fetchpriority=\"high\" decoding=\"async\" src=\"https:\/\/blogs.uninter.edu.mx\/difusioncultural\/wp-content\/uploads\/2013\/10\/img_2453web2.jpg?w=198\" alt=\"IMG_2453web2\" width=\"198\" height=\"300\" class=\"alignnone size-medium wp-image-2188\" \/><\/a><\/p>\n","protected":false},"excerpt":{"rendered":"<p>El 28 de octubre se celebra el D\u00eda Mundial de la Animaci\u00f3n, seg\u00fan una iniciativa de la Asociaci\u00f3n Internacional de Films de Animaci\u00f3n (ASIFA). Durante esta fecha se conmemora la primera proyecci\u00f3n p\u00fablica del Teatro \u00d3ptico de Emile Reynaud en el Museo Grevin de Paris en 1982, antecedente de la cinematograf\u00eda de animaci\u00f3n. La animaci\u00f3n&hellip;<\/p>\n","protected":false},"author":1,"featured_media":0,"comment_status":"open","ping_status":"open","sticky":false,"template":"","format":"standard","meta":{"_jetpack_memberships_contains_paid_content":false,"footnotes":"","jetpack_publicize_message":"","jetpack_publicize_feature_enabled":true,"jetpack_social_post_already_shared":false,"jetpack_social_options":{"image_generator_settings":{"template":"highway","default_image_id":0,"font":"","enabled":false},"version":2}},"categories":[1],"tags":[],"class_list":["post-2187","post","type-post","status-publish","format-standard","hentry","category-sin-categoria"],"yoast_head":"<!-- This site is optimized with the Yoast SEO plugin v26.3 - https:\/\/yoast.com\/wordpress\/plugins\/seo\/ -->\r\n<title>28 de Octubre : D\u00eda Mundial de la Animaci\u00f3n - Difusi\u00f3n Cultural<\/title>\r\n<meta name=\"robots\" content=\"index, follow, max-snippet:-1, max-image-preview:large, max-video-preview:-1\" \/>\r\n<link rel=\"canonical\" href=\"https:\/\/blogs.uninter.edu.mx\/difusioncultural\/?p=2187\" \/>\r\n<meta property=\"og:locale\" content=\"es_MX\" \/>\r\n<meta property=\"og:type\" content=\"article\" \/>\r\n<meta property=\"og:title\" content=\"28 de Octubre : D\u00eda Mundial de la Animaci\u00f3n - Difusi\u00f3n Cultural\" \/>\r\n<meta property=\"og:description\" content=\"El 28 de octubre se celebra el D\u00eda Mundial de la Animaci\u00f3n, seg\u00fan una iniciativa de la Asociaci\u00f3n Internacional de Films de Animaci\u00f3n (ASIFA). Durante esta fecha se conmemora la primera proyecci\u00f3n p\u00fablica del Teatro \u00d3ptico de Emile Reynaud en el Museo Grevin de Paris en 1982, antecedente de la cinematograf\u00eda de animaci\u00f3n. La animaci\u00f3n&hellip;\" \/>\r\n<meta property=\"og:url\" content=\"https:\/\/blogs.uninter.edu.mx\/difusioncultural\/?p=2187\" \/>\r\n<meta property=\"og:site_name\" content=\"Difusi\u00f3n Cultural\" \/>\r\n<meta property=\"article:published_time\" content=\"2013-10-28T14:25:23+00:00\" \/>\r\n<meta property=\"og:image\" content=\"https:\/\/blogs.uninter.edu.mx\/difusioncultural\/wp-content\/uploads\/2013\/10\/img_2453web2.jpg?w=198\" \/>\r\n<meta name=\"author\" content=\"webmaster\" \/>\r\n<meta name=\"twitter:card\" content=\"summary_large_image\" \/>\r\n<meta name=\"twitter:label1\" content=\"Escrito por\" \/>\n\t<meta name=\"twitter:data1\" content=\"webmaster\" \/>\n\t<meta name=\"twitter:label2\" content=\"Tiempo de lectura\" \/>\n\t<meta name=\"twitter:data2\" content=\"3 minutos\" \/>\r\n<script type=\"application\/ld+json\" class=\"yoast-schema-graph\">{\"@context\":\"https:\/\/schema.org\",\"@graph\":[{\"@type\":\"Article\",\"@id\":\"https:\/\/blogs.uninter.edu.mx\/difusioncultural\/?p=2187#article\",\"isPartOf\":{\"@id\":\"https:\/\/blogs.uninter.edu.mx\/difusioncultural\/?p=2187\"},\"author\":{\"name\":\"webmaster\",\"@id\":\"https:\/\/blogs.uninter.edu.mx\/difusioncultural\/#\/schema\/person\/37a0926f4dd300a814993fd595abdc4a\"},\"headline\":\"28 de Octubre : D\u00eda Mundial de la Animaci\u00f3n\",\"datePublished\":\"2013-10-28T14:25:23+00:00\",\"mainEntityOfPage\":{\"@id\":\"https:\/\/blogs.uninter.edu.mx\/difusioncultural\/?p=2187\"},\"wordCount\":563,\"commentCount\":0,\"publisher\":{\"@id\":\"https:\/\/blogs.uninter.edu.mx\/difusioncultural\/#organization\"},\"image\":{\"@id\":\"https:\/\/blogs.uninter.edu.mx\/difusioncultural\/?p=2187#primaryimage\"},\"thumbnailUrl\":\"https:\/\/blogs.uninter.edu.mx\/difusioncultural\/wp-content\/uploads\/2013\/10\/img_2453web2.jpg?w=198\",\"inLanguage\":\"es\",\"potentialAction\":[{\"@type\":\"CommentAction\",\"name\":\"Comment\",\"target\":[\"https:\/\/blogs.uninter.edu.mx\/difusioncultural\/?p=2187#respond\"]}]},{\"@type\":\"WebPage\",\"@id\":\"https:\/\/blogs.uninter.edu.mx\/difusioncultural\/?p=2187\",\"url\":\"https:\/\/blogs.uninter.edu.mx\/difusioncultural\/?p=2187\",\"name\":\"28 de Octubre : D\u00eda Mundial de la Animaci\u00f3n - Difusi\u00f3n Cultural\",\"isPartOf\":{\"@id\":\"https:\/\/blogs.uninter.edu.mx\/difusioncultural\/#website\"},\"primaryImageOfPage\":{\"@id\":\"https:\/\/blogs.uninter.edu.mx\/difusioncultural\/?p=2187#primaryimage\"},\"image\":{\"@id\":\"https:\/\/blogs.uninter.edu.mx\/difusioncultural\/?p=2187#primaryimage\"},\"thumbnailUrl\":\"https:\/\/blogs.uninter.edu.mx\/difusioncultural\/wp-content\/uploads\/2013\/10\/img_2453web2.jpg?w=198\",\"datePublished\":\"2013-10-28T14:25:23+00:00\",\"breadcrumb\":{\"@id\":\"https:\/\/blogs.uninter.edu.mx\/difusioncultural\/?p=2187#breadcrumb\"},\"inLanguage\":\"es\",\"potentialAction\":[{\"@type\":\"ReadAction\",\"target\":[\"https:\/\/blogs.uninter.edu.mx\/difusioncultural\/?p=2187\"]}]},{\"@type\":\"ImageObject\",\"inLanguage\":\"es\",\"@id\":\"https:\/\/blogs.uninter.edu.mx\/difusioncultural\/?p=2187#primaryimage\",\"url\":\"https:\/\/blogs.uninter.edu.mx\/difusioncultural\/wp-content\/uploads\/2013\/10\/img_2453web2.jpg?w=198\",\"contentUrl\":\"https:\/\/blogs.uninter.edu.mx\/difusioncultural\/wp-content\/uploads\/2013\/10\/img_2453web2.jpg?w=198\"},{\"@type\":\"BreadcrumbList\",\"@id\":\"https:\/\/blogs.uninter.edu.mx\/difusioncultural\/?p=2187#breadcrumb\",\"itemListElement\":[{\"@type\":\"ListItem\",\"position\":1,\"name\":\"Inicio\",\"item\":\"https:\/\/blogs.uninter.edu.mx\/difusioncultural\/\"},{\"@type\":\"ListItem\",\"position\":2,\"name\":\"28 de Octubre : D\u00eda Mundial de la Animaci\u00f3n\"}]},{\"@type\":\"WebSite\",\"@id\":\"https:\/\/blogs.uninter.edu.mx\/difusioncultural\/#website\",\"url\":\"https:\/\/blogs.uninter.edu.mx\/difusioncultural\/\",\"name\":\"Difusi\u00f3n Cultural\",\"description\":\"UNINTER\",\"publisher\":{\"@id\":\"https:\/\/blogs.uninter.edu.mx\/difusioncultural\/#organization\"},\"potentialAction\":[{\"@type\":\"SearchAction\",\"target\":{\"@type\":\"EntryPoint\",\"urlTemplate\":\"https:\/\/blogs.uninter.edu.mx\/difusioncultural\/?s={search_term_string}\"},\"query-input\":{\"@type\":\"PropertyValueSpecification\",\"valueRequired\":true,\"valueName\":\"search_term_string\"}}],\"inLanguage\":\"es\"},{\"@type\":\"Organization\",\"@id\":\"https:\/\/blogs.uninter.edu.mx\/difusioncultural\/#organization\",\"name\":\"Difusi\u00f3n Cultural\",\"url\":\"https:\/\/blogs.uninter.edu.mx\/difusioncultural\/\",\"logo\":{\"@type\":\"ImageObject\",\"inLanguage\":\"es\",\"@id\":\"https:\/\/blogs.uninter.edu.mx\/difusioncultural\/#\/schema\/logo\/image\/\",\"url\":\"https:\/\/blogs.uninter.edu.mx\/difusioncultural\/wp-content\/uploads\/2022\/09\/uninter.jpg\",\"contentUrl\":\"https:\/\/blogs.uninter.edu.mx\/difusioncultural\/wp-content\/uploads\/2022\/09\/uninter.jpg\",\"width\":2048,\"height\":2048,\"caption\":\"Difusi\u00f3n Cultural\"},\"image\":{\"@id\":\"https:\/\/blogs.uninter.edu.mx\/difusioncultural\/#\/schema\/logo\/image\/\"}},{\"@type\":\"Person\",\"@id\":\"https:\/\/blogs.uninter.edu.mx\/difusioncultural\/#\/schema\/person\/37a0926f4dd300a814993fd595abdc4a\",\"name\":\"webmaster\",\"image\":{\"@type\":\"ImageObject\",\"inLanguage\":\"es\",\"@id\":\"https:\/\/blogs.uninter.edu.mx\/difusioncultural\/#\/schema\/person\/image\/\",\"url\":\"https:\/\/secure.gravatar.com\/avatar\/a59c276b01147463ef3aab4118e3137ebc5e1ad6700deb39ccdf8b89e517f7dc?s=96&d=mm&r=g\",\"contentUrl\":\"https:\/\/secure.gravatar.com\/avatar\/a59c276b01147463ef3aab4118e3137ebc5e1ad6700deb39ccdf8b89e517f7dc?s=96&d=mm&r=g\",\"caption\":\"webmaster\"},\"sameAs\":[\"https:\/\/blogs.uninter.edu.mx\/difusioncultural\"],\"url\":\"https:\/\/blogs.uninter.edu.mx\/difusioncultural\/?author=1\"}]}<\/script>\r\n<!-- \/ Yoast SEO plugin. -->","yoast_head_json":{"title":"28 de Octubre : D\u00eda Mundial de la Animaci\u00f3n - Difusi\u00f3n Cultural","robots":{"index":"index","follow":"follow","max-snippet":"max-snippet:-1","max-image-preview":"max-image-preview:large","max-video-preview":"max-video-preview:-1"},"canonical":"https:\/\/blogs.uninter.edu.mx\/difusioncultural\/?p=2187","og_locale":"es_MX","og_type":"article","og_title":"28 de Octubre : D\u00eda Mundial de la Animaci\u00f3n - Difusi\u00f3n Cultural","og_description":"El 28 de octubre se celebra el D\u00eda Mundial de la Animaci\u00f3n, seg\u00fan una iniciativa de la Asociaci\u00f3n Internacional de Films de Animaci\u00f3n (ASIFA). Durante esta fecha se conmemora la primera proyecci\u00f3n p\u00fablica del Teatro \u00d3ptico de Emile Reynaud en el Museo Grevin de Paris en 1982, antecedente de la cinematograf\u00eda de animaci\u00f3n. La animaci\u00f3n&hellip;","og_url":"https:\/\/blogs.uninter.edu.mx\/difusioncultural\/?p=2187","og_site_name":"Difusi\u00f3n Cultural","article_published_time":"2013-10-28T14:25:23+00:00","og_image":[{"url":"https:\/\/blogs.uninter.edu.mx\/difusioncultural\/wp-content\/uploads\/2013\/10\/img_2453web2.jpg?w=198","type":"","width":"","height":""}],"author":"webmaster","twitter_card":"summary_large_image","twitter_misc":{"Escrito por":"webmaster","Tiempo de lectura":"3 minutos"},"schema":{"@context":"https:\/\/schema.org","@graph":[{"@type":"Article","@id":"https:\/\/blogs.uninter.edu.mx\/difusioncultural\/?p=2187#article","isPartOf":{"@id":"https:\/\/blogs.uninter.edu.mx\/difusioncultural\/?p=2187"},"author":{"name":"webmaster","@id":"https:\/\/blogs.uninter.edu.mx\/difusioncultural\/#\/schema\/person\/37a0926f4dd300a814993fd595abdc4a"},"headline":"28 de Octubre : D\u00eda Mundial de la Animaci\u00f3n","datePublished":"2013-10-28T14:25:23+00:00","mainEntityOfPage":{"@id":"https:\/\/blogs.uninter.edu.mx\/difusioncultural\/?p=2187"},"wordCount":563,"commentCount":0,"publisher":{"@id":"https:\/\/blogs.uninter.edu.mx\/difusioncultural\/#organization"},"image":{"@id":"https:\/\/blogs.uninter.edu.mx\/difusioncultural\/?p=2187#primaryimage"},"thumbnailUrl":"https:\/\/blogs.uninter.edu.mx\/difusioncultural\/wp-content\/uploads\/2013\/10\/img_2453web2.jpg?w=198","inLanguage":"es","potentialAction":[{"@type":"CommentAction","name":"Comment","target":["https:\/\/blogs.uninter.edu.mx\/difusioncultural\/?p=2187#respond"]}]},{"@type":"WebPage","@id":"https:\/\/blogs.uninter.edu.mx\/difusioncultural\/?p=2187","url":"https:\/\/blogs.uninter.edu.mx\/difusioncultural\/?p=2187","name":"28 de Octubre : D\u00eda Mundial de la Animaci\u00f3n - Difusi\u00f3n Cultural","isPartOf":{"@id":"https:\/\/blogs.uninter.edu.mx\/difusioncultural\/#website"},"primaryImageOfPage":{"@id":"https:\/\/blogs.uninter.edu.mx\/difusioncultural\/?p=2187#primaryimage"},"image":{"@id":"https:\/\/blogs.uninter.edu.mx\/difusioncultural\/?p=2187#primaryimage"},"thumbnailUrl":"https:\/\/blogs.uninter.edu.mx\/difusioncultural\/wp-content\/uploads\/2013\/10\/img_2453web2.jpg?w=198","datePublished":"2013-10-28T14:25:23+00:00","breadcrumb":{"@id":"https:\/\/blogs.uninter.edu.mx\/difusioncultural\/?p=2187#breadcrumb"},"inLanguage":"es","potentialAction":[{"@type":"ReadAction","target":["https:\/\/blogs.uninter.edu.mx\/difusioncultural\/?p=2187"]}]},{"@type":"ImageObject","inLanguage":"es","@id":"https:\/\/blogs.uninter.edu.mx\/difusioncultural\/?p=2187#primaryimage","url":"https:\/\/blogs.uninter.edu.mx\/difusioncultural\/wp-content\/uploads\/2013\/10\/img_2453web2.jpg?w=198","contentUrl":"https:\/\/blogs.uninter.edu.mx\/difusioncultural\/wp-content\/uploads\/2013\/10\/img_2453web2.jpg?w=198"},{"@type":"BreadcrumbList","@id":"https:\/\/blogs.uninter.edu.mx\/difusioncultural\/?p=2187#breadcrumb","itemListElement":[{"@type":"ListItem","position":1,"name":"Inicio","item":"https:\/\/blogs.uninter.edu.mx\/difusioncultural\/"},{"@type":"ListItem","position":2,"name":"28 de Octubre : D\u00eda Mundial de la Animaci\u00f3n"}]},{"@type":"WebSite","@id":"https:\/\/blogs.uninter.edu.mx\/difusioncultural\/#website","url":"https:\/\/blogs.uninter.edu.mx\/difusioncultural\/","name":"Difusi\u00f3n Cultural","description":"UNINTER","publisher":{"@id":"https:\/\/blogs.uninter.edu.mx\/difusioncultural\/#organization"},"potentialAction":[{"@type":"SearchAction","target":{"@type":"EntryPoint","urlTemplate":"https:\/\/blogs.uninter.edu.mx\/difusioncultural\/?s={search_term_string}"},"query-input":{"@type":"PropertyValueSpecification","valueRequired":true,"valueName":"search_term_string"}}],"inLanguage":"es"},{"@type":"Organization","@id":"https:\/\/blogs.uninter.edu.mx\/difusioncultural\/#organization","name":"Difusi\u00f3n Cultural","url":"https:\/\/blogs.uninter.edu.mx\/difusioncultural\/","logo":{"@type":"ImageObject","inLanguage":"es","@id":"https:\/\/blogs.uninter.edu.mx\/difusioncultural\/#\/schema\/logo\/image\/","url":"https:\/\/blogs.uninter.edu.mx\/difusioncultural\/wp-content\/uploads\/2022\/09\/uninter.jpg","contentUrl":"https:\/\/blogs.uninter.edu.mx\/difusioncultural\/wp-content\/uploads\/2022\/09\/uninter.jpg","width":2048,"height":2048,"caption":"Difusi\u00f3n Cultural"},"image":{"@id":"https:\/\/blogs.uninter.edu.mx\/difusioncultural\/#\/schema\/logo\/image\/"}},{"@type":"Person","@id":"https:\/\/blogs.uninter.edu.mx\/difusioncultural\/#\/schema\/person\/37a0926f4dd300a814993fd595abdc4a","name":"webmaster","image":{"@type":"ImageObject","inLanguage":"es","@id":"https:\/\/blogs.uninter.edu.mx\/difusioncultural\/#\/schema\/person\/image\/","url":"https:\/\/secure.gravatar.com\/avatar\/a59c276b01147463ef3aab4118e3137ebc5e1ad6700deb39ccdf8b89e517f7dc?s=96&d=mm&r=g","contentUrl":"https:\/\/secure.gravatar.com\/avatar\/a59c276b01147463ef3aab4118e3137ebc5e1ad6700deb39ccdf8b89e517f7dc?s=96&d=mm&r=g","caption":"webmaster"},"sameAs":["https:\/\/blogs.uninter.edu.mx\/difusioncultural"],"url":"https:\/\/blogs.uninter.edu.mx\/difusioncultural\/?author=1"}]}},"jetpack_publicize_connections":[],"jetpack_featured_media_url":"","jetpack_sharing_enabled":true,"_links":{"self":[{"href":"https:\/\/blogs.uninter.edu.mx\/difusioncultural\/index.php?rest_route=\/wp\/v2\/posts\/2187","targetHints":{"allow":["GET"]}}],"collection":[{"href":"https:\/\/blogs.uninter.edu.mx\/difusioncultural\/index.php?rest_route=\/wp\/v2\/posts"}],"about":[{"href":"https:\/\/blogs.uninter.edu.mx\/difusioncultural\/index.php?rest_route=\/wp\/v2\/types\/post"}],"author":[{"embeddable":true,"href":"https:\/\/blogs.uninter.edu.mx\/difusioncultural\/index.php?rest_route=\/wp\/v2\/users\/1"}],"replies":[{"embeddable":true,"href":"https:\/\/blogs.uninter.edu.mx\/difusioncultural\/index.php?rest_route=%2Fwp%2Fv2%2Fcomments&post=2187"}],"version-history":[{"count":0,"href":"https:\/\/blogs.uninter.edu.mx\/difusioncultural\/index.php?rest_route=\/wp\/v2\/posts\/2187\/revisions"}],"wp:attachment":[{"href":"https:\/\/blogs.uninter.edu.mx\/difusioncultural\/index.php?rest_route=%2Fwp%2Fv2%2Fmedia&parent=2187"}],"wp:term":[{"taxonomy":"category","embeddable":true,"href":"https:\/\/blogs.uninter.edu.mx\/difusioncultural\/index.php?rest_route=%2Fwp%2Fv2%2Fcategories&post=2187"},{"taxonomy":"post_tag","embeddable":true,"href":"https:\/\/blogs.uninter.edu.mx\/difusioncultural\/index.php?rest_route=%2Fwp%2Fv2%2Ftags&post=2187"}],"curies":[{"name":"wp","href":"https:\/\/api.w.org\/{rel}","templated":true}]}}