{"id":2197,"date":"2013-10-30T04:56:09","date_gmt":"2013-10-30T04:56:09","guid":{"rendered":"http:\/\/difusionculturaluninter.wordpress.com\/?p=2197"},"modified":"2013-10-30T04:56:09","modified_gmt":"2013-10-30T04:56:09","slug":"30-de-octubre-nacimiento-del-musico-y-cantautor-mexicano-agustin-lara","status":"publish","type":"post","link":"https:\/\/blogs.uninter.edu.mx\/difusioncultural\/?p=2197","title":{"rendered":"30 de octubre nacimiento del m\u00fasico y cantautor mexicano Agust\u00edn Lara"},"content":{"rendered":"<p>Un d\u00eda como hoy naci\u00f3 30 de Octubre pero de 1900 \u00c1ngel Agust\u00edn Mar\u00eda Carlos Fausto Mariano Alfonso Rojas Canela del Sagrado Coraz\u00f3n de Jes\u00fas Lara y Agruirre del Pino,mejor conocido como Agust\u00edn Lara.<\/p>\n<p>El m\u00fasico y cantautor fue famoso a nivel mundial por temas como &#8220;Solamente una vez&#8221;, &#8220;Mar\u00eda bonita&#8221;, &#8220;Farolito&#8221; y &#8220;Amor de mis amores&#8221;.Agust\u00edn Lara naci\u00f3 en el seno de una familia acomodada. Sus padres fueron el Dr. Joaqu\u00edn Lara y Mar\u00eda Aguirre del Pino.<\/p>\n<p>La pasi\u00f3n de Agust\u00edn por la m\u00fasica comenz\u00f3 a edad temprana al o\u00edr a su padre tocar el piano en casa. Sin embargo, fue de la mano de su t\u00eda Remedios, con quien improvis\u00f3 sus primeras notas. La profesora Luz Torres Torrija, su maestra de piano fue quien se encarg\u00f3 de su primer aprendizaje musical.<\/p>\n<p>A los 12 a\u00f1os, su padre lo ech\u00f3 de casa por llegar tarde de una tertulia taurina, estuvo encarcelado por robo y hasta se cas\u00f3 &#8220;In art\u00edculo mortis&#8221; con su primera esposa Angelina Brusquetta, hija del due\u00f1o del cabaret &#8220;Salamb\u00f3&#8221;. En ese local conoci\u00f3 a Juan Arvizu, uno de los primeros boleristas de M\u00e9xico, que le contrat\u00f3 para que compusiera y le acompa\u00f1ara al piano.<\/p>\n<p>Lara compuso aproximadamente 700 melod\u00edas y una opereta: &#8220;El P\u00e1jaro de Oro&#8221;. Intervino tambi\u00e9n en 30 pel\u00edculas y sus canciones han dado la vuelta al mundo, lo que lo convirti\u00f3 en uno de los compositores de m\u00fasica popular m\u00e1s conocido de nuestros tiempos, siendo traducidos los textos de sus canciones a muchos idiomas.<\/p>\n<p>El tambi\u00e9n llamado &#8220;M\u00fasico Poeta&#8221;, falleci\u00f3 en el Hospital Ingl\u00e9s de la Ciudad de M\u00e9xico, el 6 de noviembre de 1970 y fue velado en el teatro de la Sociedad de Autores y Compositores de M\u00fasica, de donde fue trasladado el d\u00eda 7 al Palacio de Bellas Artes.<\/p>\n<p>El presidente D\u00edaz Ordaz, orden\u00f3 que lo sepultaran en la rotonda de los Hombres Ilustres, junto a los compositores del Himno Nacional Mexicano, en el Pante\u00f3n de Dolores.<\/p>\n<p>http:\/\/www.youtube.com\/watch?v=zDh2srGwE8A<\/p>\n<p><a href=\"https:\/\/blogs.uninter.edu.mx\/difusioncultural\/wp-content\/uploads\/2013\/10\/agustin_lara_homenaje.jpg\"><img fetchpriority=\"high\" decoding=\"async\" src=\"https:\/\/blogs.uninter.edu.mx\/difusioncultural\/wp-content\/uploads\/2013\/10\/agustin_lara_homenaje.jpg?w=238\" alt=\"AGU   NOVIEMBRE 2001. ESPECTACULOS. CANTAUTROR AGUSTIN LARA.\" width=\"238\" height=\"300\" class=\"alignnone size-medium wp-image-2198\" \/><\/a><\/p>\n","protected":false},"excerpt":{"rendered":"<p>Un d\u00eda como hoy naci\u00f3 30 de Octubre pero de 1900 \u00c1ngel Agust\u00edn Mar\u00eda Carlos Fausto Mariano Alfonso Rojas Canela del Sagrado Coraz\u00f3n de Jes\u00fas Lara y Agruirre del Pino,mejor conocido como Agust\u00edn Lara. El m\u00fasico y cantautor fue famoso a nivel mundial por temas como &#8220;Solamente una vez&#8221;, &#8220;Mar\u00eda bonita&#8221;, &#8220;Farolito&#8221; y &#8220;Amor de&hellip;<\/p>\n","protected":false},"author":1,"featured_media":0,"comment_status":"open","ping_status":"open","sticky":false,"template":"","format":"standard","meta":{"_jetpack_memberships_contains_paid_content":false,"footnotes":"","jetpack_publicize_message":"","jetpack_publicize_feature_enabled":true,"jetpack_social_post_already_shared":false,"jetpack_social_options":{"image_generator_settings":{"template":"highway","default_image_id":0,"font":"","enabled":false},"version":2}},"categories":[1],"tags":[],"class_list":["post-2197","post","type-post","status-publish","format-standard","hentry","category-sin-categoria"],"yoast_head":"<!-- This site is optimized with the Yoast SEO plugin v26.3 - https:\/\/yoast.com\/wordpress\/plugins\/seo\/ -->\r\n<title>30 de octubre nacimiento del m\u00fasico y cantautor mexicano Agust\u00edn Lara - Difusi\u00f3n Cultural<\/title>\r\n<meta name=\"robots\" content=\"index, follow, max-snippet:-1, max-image-preview:large, max-video-preview:-1\" \/>\r\n<link rel=\"canonical\" href=\"https:\/\/blogs.uninter.edu.mx\/difusioncultural\/?p=2197\" \/>\r\n<meta property=\"og:locale\" content=\"es_MX\" \/>\r\n<meta property=\"og:type\" content=\"article\" \/>\r\n<meta property=\"og:title\" content=\"30 de octubre nacimiento del m\u00fasico y cantautor mexicano Agust\u00edn Lara - Difusi\u00f3n Cultural\" \/>\r\n<meta property=\"og:description\" content=\"Un d\u00eda como hoy naci\u00f3 30 de Octubre pero de 1900 \u00c1ngel Agust\u00edn Mar\u00eda Carlos Fausto Mariano Alfonso Rojas Canela del Sagrado Coraz\u00f3n de Jes\u00fas Lara y Agruirre del Pino,mejor conocido como Agust\u00edn Lara. El m\u00fasico y cantautor fue famoso a nivel mundial por temas como &#8220;Solamente una vez&#8221;, &#8220;Mar\u00eda bonita&#8221;, &#8220;Farolito&#8221; y &#8220;Amor de&hellip;\" \/>\r\n<meta property=\"og:url\" content=\"https:\/\/blogs.uninter.edu.mx\/difusioncultural\/?p=2197\" \/>\r\n<meta property=\"og:site_name\" content=\"Difusi\u00f3n Cultural\" \/>\r\n<meta property=\"article:published_time\" content=\"2013-10-30T04:56:09+00:00\" \/>\r\n<meta property=\"og:image\" content=\"https:\/\/blogs.uninter.edu.mx\/difusioncultural\/wp-content\/uploads\/2013\/10\/agustin_lara_homenaje.jpg?w=238\" \/>\r\n<meta name=\"author\" content=\"webmaster\" \/>\r\n<meta name=\"twitter:card\" content=\"summary_large_image\" \/>\r\n<meta name=\"twitter:label1\" content=\"Escrito por\" \/>\n\t<meta name=\"twitter:data1\" content=\"webmaster\" \/>\n\t<meta name=\"twitter:label2\" content=\"Tiempo de lectura\" \/>\n\t<meta name=\"twitter:data2\" content=\"2 minutos\" \/>\r\n<script type=\"application\/ld+json\" class=\"yoast-schema-graph\">{\"@context\":\"https:\/\/schema.org\",\"@graph\":[{\"@type\":\"Article\",\"@id\":\"https:\/\/blogs.uninter.edu.mx\/difusioncultural\/?p=2197#article\",\"isPartOf\":{\"@id\":\"https:\/\/blogs.uninter.edu.mx\/difusioncultural\/?p=2197\"},\"author\":{\"name\":\"webmaster\",\"@id\":\"https:\/\/blogs.uninter.edu.mx\/difusioncultural\/#\/schema\/person\/37a0926f4dd300a814993fd595abdc4a\"},\"headline\":\"30 de octubre nacimiento del m\u00fasico y cantautor mexicano Agust\u00edn Lara\",\"datePublished\":\"2013-10-30T04:56:09+00:00\",\"mainEntityOfPage\":{\"@id\":\"https:\/\/blogs.uninter.edu.mx\/difusioncultural\/?p=2197\"},\"wordCount\":377,\"commentCount\":0,\"publisher\":{\"@id\":\"https:\/\/blogs.uninter.edu.mx\/difusioncultural\/#organization\"},\"image\":{\"@id\":\"https:\/\/blogs.uninter.edu.mx\/difusioncultural\/?p=2197#primaryimage\"},\"thumbnailUrl\":\"https:\/\/blogs.uninter.edu.mx\/difusioncultural\/wp-content\/uploads\/2013\/10\/agustin_lara_homenaje.jpg?w=238\",\"inLanguage\":\"es\",\"potentialAction\":[{\"@type\":\"CommentAction\",\"name\":\"Comment\",\"target\":[\"https:\/\/blogs.uninter.edu.mx\/difusioncultural\/?p=2197#respond\"]}]},{\"@type\":\"WebPage\",\"@id\":\"https:\/\/blogs.uninter.edu.mx\/difusioncultural\/?p=2197\",\"url\":\"https:\/\/blogs.uninter.edu.mx\/difusioncultural\/?p=2197\",\"name\":\"30 de octubre nacimiento del m\u00fasico y cantautor mexicano Agust\u00edn Lara - Difusi\u00f3n Cultural\",\"isPartOf\":{\"@id\":\"https:\/\/blogs.uninter.edu.mx\/difusioncultural\/#website\"},\"primaryImageOfPage\":{\"@id\":\"https:\/\/blogs.uninter.edu.mx\/difusioncultural\/?p=2197#primaryimage\"},\"image\":{\"@id\":\"https:\/\/blogs.uninter.edu.mx\/difusioncultural\/?p=2197#primaryimage\"},\"thumbnailUrl\":\"https:\/\/blogs.uninter.edu.mx\/difusioncultural\/wp-content\/uploads\/2013\/10\/agustin_lara_homenaje.jpg?w=238\",\"datePublished\":\"2013-10-30T04:56:09+00:00\",\"breadcrumb\":{\"@id\":\"https:\/\/blogs.uninter.edu.mx\/difusioncultural\/?p=2197#breadcrumb\"},\"inLanguage\":\"es\",\"potentialAction\":[{\"@type\":\"ReadAction\",\"target\":[\"https:\/\/blogs.uninter.edu.mx\/difusioncultural\/?p=2197\"]}]},{\"@type\":\"ImageObject\",\"inLanguage\":\"es\",\"@id\":\"https:\/\/blogs.uninter.edu.mx\/difusioncultural\/?p=2197#primaryimage\",\"url\":\"https:\/\/blogs.uninter.edu.mx\/difusioncultural\/wp-content\/uploads\/2013\/10\/agustin_lara_homenaje.jpg?w=238\",\"contentUrl\":\"https:\/\/blogs.uninter.edu.mx\/difusioncultural\/wp-content\/uploads\/2013\/10\/agustin_lara_homenaje.jpg?w=238\"},{\"@type\":\"BreadcrumbList\",\"@id\":\"https:\/\/blogs.uninter.edu.mx\/difusioncultural\/?p=2197#breadcrumb\",\"itemListElement\":[{\"@type\":\"ListItem\",\"position\":1,\"name\":\"Inicio\",\"item\":\"https:\/\/blogs.uninter.edu.mx\/difusioncultural\/\"},{\"@type\":\"ListItem\",\"position\":2,\"name\":\"30 de octubre nacimiento del m\u00fasico y cantautor mexicano Agust\u00edn Lara\"}]},{\"@type\":\"WebSite\",\"@id\":\"https:\/\/blogs.uninter.edu.mx\/difusioncultural\/#website\",\"url\":\"https:\/\/blogs.uninter.edu.mx\/difusioncultural\/\",\"name\":\"Difusi\u00f3n Cultural\",\"description\":\"UNINTER\",\"publisher\":{\"@id\":\"https:\/\/blogs.uninter.edu.mx\/difusioncultural\/#organization\"},\"potentialAction\":[{\"@type\":\"SearchAction\",\"target\":{\"@type\":\"EntryPoint\",\"urlTemplate\":\"https:\/\/blogs.uninter.edu.mx\/difusioncultural\/?s={search_term_string}\"},\"query-input\":{\"@type\":\"PropertyValueSpecification\",\"valueRequired\":true,\"valueName\":\"search_term_string\"}}],\"inLanguage\":\"es\"},{\"@type\":\"Organization\",\"@id\":\"https:\/\/blogs.uninter.edu.mx\/difusioncultural\/#organization\",\"name\":\"Difusi\u00f3n Cultural\",\"url\":\"https:\/\/blogs.uninter.edu.mx\/difusioncultural\/\",\"logo\":{\"@type\":\"ImageObject\",\"inLanguage\":\"es\",\"@id\":\"https:\/\/blogs.uninter.edu.mx\/difusioncultural\/#\/schema\/logo\/image\/\",\"url\":\"https:\/\/blogs.uninter.edu.mx\/difusioncultural\/wp-content\/uploads\/2022\/09\/uninter.jpg\",\"contentUrl\":\"https:\/\/blogs.uninter.edu.mx\/difusioncultural\/wp-content\/uploads\/2022\/09\/uninter.jpg\",\"width\":2048,\"height\":2048,\"caption\":\"Difusi\u00f3n Cultural\"},\"image\":{\"@id\":\"https:\/\/blogs.uninter.edu.mx\/difusioncultural\/#\/schema\/logo\/image\/\"}},{\"@type\":\"Person\",\"@id\":\"https:\/\/blogs.uninter.edu.mx\/difusioncultural\/#\/schema\/person\/37a0926f4dd300a814993fd595abdc4a\",\"name\":\"webmaster\",\"image\":{\"@type\":\"ImageObject\",\"inLanguage\":\"es\",\"@id\":\"https:\/\/blogs.uninter.edu.mx\/difusioncultural\/#\/schema\/person\/image\/\",\"url\":\"https:\/\/secure.gravatar.com\/avatar\/a59c276b01147463ef3aab4118e3137ebc5e1ad6700deb39ccdf8b89e517f7dc?s=96&d=mm&r=g\",\"contentUrl\":\"https:\/\/secure.gravatar.com\/avatar\/a59c276b01147463ef3aab4118e3137ebc5e1ad6700deb39ccdf8b89e517f7dc?s=96&d=mm&r=g\",\"caption\":\"webmaster\"},\"sameAs\":[\"https:\/\/blogs.uninter.edu.mx\/difusioncultural\"],\"url\":\"https:\/\/blogs.uninter.edu.mx\/difusioncultural\/?author=1\"}]}<\/script>\r\n<!-- \/ Yoast SEO plugin. -->","yoast_head_json":{"title":"30 de octubre nacimiento del m\u00fasico y cantautor mexicano Agust\u00edn Lara - Difusi\u00f3n Cultural","robots":{"index":"index","follow":"follow","max-snippet":"max-snippet:-1","max-image-preview":"max-image-preview:large","max-video-preview":"max-video-preview:-1"},"canonical":"https:\/\/blogs.uninter.edu.mx\/difusioncultural\/?p=2197","og_locale":"es_MX","og_type":"article","og_title":"30 de octubre nacimiento del m\u00fasico y cantautor mexicano Agust\u00edn Lara - Difusi\u00f3n Cultural","og_description":"Un d\u00eda como hoy naci\u00f3 30 de Octubre pero de 1900 \u00c1ngel Agust\u00edn Mar\u00eda Carlos Fausto Mariano Alfonso Rojas Canela del Sagrado Coraz\u00f3n de Jes\u00fas Lara y Agruirre del Pino,mejor conocido como Agust\u00edn Lara. El m\u00fasico y cantautor fue famoso a nivel mundial por temas como &#8220;Solamente una vez&#8221;, &#8220;Mar\u00eda bonita&#8221;, &#8220;Farolito&#8221; y &#8220;Amor de&hellip;","og_url":"https:\/\/blogs.uninter.edu.mx\/difusioncultural\/?p=2197","og_site_name":"Difusi\u00f3n Cultural","article_published_time":"2013-10-30T04:56:09+00:00","og_image":[{"url":"https:\/\/blogs.uninter.edu.mx\/difusioncultural\/wp-content\/uploads\/2013\/10\/agustin_lara_homenaje.jpg?w=238","type":"","width":"","height":""}],"author":"webmaster","twitter_card":"summary_large_image","twitter_misc":{"Escrito por":"webmaster","Tiempo de lectura":"2 minutos"},"schema":{"@context":"https:\/\/schema.org","@graph":[{"@type":"Article","@id":"https:\/\/blogs.uninter.edu.mx\/difusioncultural\/?p=2197#article","isPartOf":{"@id":"https:\/\/blogs.uninter.edu.mx\/difusioncultural\/?p=2197"},"author":{"name":"webmaster","@id":"https:\/\/blogs.uninter.edu.mx\/difusioncultural\/#\/schema\/person\/37a0926f4dd300a814993fd595abdc4a"},"headline":"30 de octubre nacimiento del m\u00fasico y cantautor mexicano Agust\u00edn Lara","datePublished":"2013-10-30T04:56:09+00:00","mainEntityOfPage":{"@id":"https:\/\/blogs.uninter.edu.mx\/difusioncultural\/?p=2197"},"wordCount":377,"commentCount":0,"publisher":{"@id":"https:\/\/blogs.uninter.edu.mx\/difusioncultural\/#organization"},"image":{"@id":"https:\/\/blogs.uninter.edu.mx\/difusioncultural\/?p=2197#primaryimage"},"thumbnailUrl":"https:\/\/blogs.uninter.edu.mx\/difusioncultural\/wp-content\/uploads\/2013\/10\/agustin_lara_homenaje.jpg?w=238","inLanguage":"es","potentialAction":[{"@type":"CommentAction","name":"Comment","target":["https:\/\/blogs.uninter.edu.mx\/difusioncultural\/?p=2197#respond"]}]},{"@type":"WebPage","@id":"https:\/\/blogs.uninter.edu.mx\/difusioncultural\/?p=2197","url":"https:\/\/blogs.uninter.edu.mx\/difusioncultural\/?p=2197","name":"30 de octubre nacimiento del m\u00fasico y cantautor mexicano Agust\u00edn Lara - Difusi\u00f3n Cultural","isPartOf":{"@id":"https:\/\/blogs.uninter.edu.mx\/difusioncultural\/#website"},"primaryImageOfPage":{"@id":"https:\/\/blogs.uninter.edu.mx\/difusioncultural\/?p=2197#primaryimage"},"image":{"@id":"https:\/\/blogs.uninter.edu.mx\/difusioncultural\/?p=2197#primaryimage"},"thumbnailUrl":"https:\/\/blogs.uninter.edu.mx\/difusioncultural\/wp-content\/uploads\/2013\/10\/agustin_lara_homenaje.jpg?w=238","datePublished":"2013-10-30T04:56:09+00:00","breadcrumb":{"@id":"https:\/\/blogs.uninter.edu.mx\/difusioncultural\/?p=2197#breadcrumb"},"inLanguage":"es","potentialAction":[{"@type":"ReadAction","target":["https:\/\/blogs.uninter.edu.mx\/difusioncultural\/?p=2197"]}]},{"@type":"ImageObject","inLanguage":"es","@id":"https:\/\/blogs.uninter.edu.mx\/difusioncultural\/?p=2197#primaryimage","url":"https:\/\/blogs.uninter.edu.mx\/difusioncultural\/wp-content\/uploads\/2013\/10\/agustin_lara_homenaje.jpg?w=238","contentUrl":"https:\/\/blogs.uninter.edu.mx\/difusioncultural\/wp-content\/uploads\/2013\/10\/agustin_lara_homenaje.jpg?w=238"},{"@type":"BreadcrumbList","@id":"https:\/\/blogs.uninter.edu.mx\/difusioncultural\/?p=2197#breadcrumb","itemListElement":[{"@type":"ListItem","position":1,"name":"Inicio","item":"https:\/\/blogs.uninter.edu.mx\/difusioncultural\/"},{"@type":"ListItem","position":2,"name":"30 de octubre nacimiento del m\u00fasico y cantautor mexicano Agust\u00edn Lara"}]},{"@type":"WebSite","@id":"https:\/\/blogs.uninter.edu.mx\/difusioncultural\/#website","url":"https:\/\/blogs.uninter.edu.mx\/difusioncultural\/","name":"Difusi\u00f3n Cultural","description":"UNINTER","publisher":{"@id":"https:\/\/blogs.uninter.edu.mx\/difusioncultural\/#organization"},"potentialAction":[{"@type":"SearchAction","target":{"@type":"EntryPoint","urlTemplate":"https:\/\/blogs.uninter.edu.mx\/difusioncultural\/?s={search_term_string}"},"query-input":{"@type":"PropertyValueSpecification","valueRequired":true,"valueName":"search_term_string"}}],"inLanguage":"es"},{"@type":"Organization","@id":"https:\/\/blogs.uninter.edu.mx\/difusioncultural\/#organization","name":"Difusi\u00f3n Cultural","url":"https:\/\/blogs.uninter.edu.mx\/difusioncultural\/","logo":{"@type":"ImageObject","inLanguage":"es","@id":"https:\/\/blogs.uninter.edu.mx\/difusioncultural\/#\/schema\/logo\/image\/","url":"https:\/\/blogs.uninter.edu.mx\/difusioncultural\/wp-content\/uploads\/2022\/09\/uninter.jpg","contentUrl":"https:\/\/blogs.uninter.edu.mx\/difusioncultural\/wp-content\/uploads\/2022\/09\/uninter.jpg","width":2048,"height":2048,"caption":"Difusi\u00f3n Cultural"},"image":{"@id":"https:\/\/blogs.uninter.edu.mx\/difusioncultural\/#\/schema\/logo\/image\/"}},{"@type":"Person","@id":"https:\/\/blogs.uninter.edu.mx\/difusioncultural\/#\/schema\/person\/37a0926f4dd300a814993fd595abdc4a","name":"webmaster","image":{"@type":"ImageObject","inLanguage":"es","@id":"https:\/\/blogs.uninter.edu.mx\/difusioncultural\/#\/schema\/person\/image\/","url":"https:\/\/secure.gravatar.com\/avatar\/a59c276b01147463ef3aab4118e3137ebc5e1ad6700deb39ccdf8b89e517f7dc?s=96&d=mm&r=g","contentUrl":"https:\/\/secure.gravatar.com\/avatar\/a59c276b01147463ef3aab4118e3137ebc5e1ad6700deb39ccdf8b89e517f7dc?s=96&d=mm&r=g","caption":"webmaster"},"sameAs":["https:\/\/blogs.uninter.edu.mx\/difusioncultural"],"url":"https:\/\/blogs.uninter.edu.mx\/difusioncultural\/?author=1"}]}},"jetpack_publicize_connections":[],"jetpack_featured_media_url":"","jetpack_sharing_enabled":true,"_links":{"self":[{"href":"https:\/\/blogs.uninter.edu.mx\/difusioncultural\/index.php?rest_route=\/wp\/v2\/posts\/2197","targetHints":{"allow":["GET"]}}],"collection":[{"href":"https:\/\/blogs.uninter.edu.mx\/difusioncultural\/index.php?rest_route=\/wp\/v2\/posts"}],"about":[{"href":"https:\/\/blogs.uninter.edu.mx\/difusioncultural\/index.php?rest_route=\/wp\/v2\/types\/post"}],"author":[{"embeddable":true,"href":"https:\/\/blogs.uninter.edu.mx\/difusioncultural\/index.php?rest_route=\/wp\/v2\/users\/1"}],"replies":[{"embeddable":true,"href":"https:\/\/blogs.uninter.edu.mx\/difusioncultural\/index.php?rest_route=%2Fwp%2Fv2%2Fcomments&post=2197"}],"version-history":[{"count":0,"href":"https:\/\/blogs.uninter.edu.mx\/difusioncultural\/index.php?rest_route=\/wp\/v2\/posts\/2197\/revisions"}],"wp:attachment":[{"href":"https:\/\/blogs.uninter.edu.mx\/difusioncultural\/index.php?rest_route=%2Fwp%2Fv2%2Fmedia&parent=2197"}],"wp:term":[{"taxonomy":"category","embeddable":true,"href":"https:\/\/blogs.uninter.edu.mx\/difusioncultural\/index.php?rest_route=%2Fwp%2Fv2%2Fcategories&post=2197"},{"taxonomy":"post_tag","embeddable":true,"href":"https:\/\/blogs.uninter.edu.mx\/difusioncultural\/index.php?rest_route=%2Fwp%2Fv2%2Ftags&post=2197"}],"curies":[{"name":"wp","href":"https:\/\/api.w.org\/{rel}","templated":true}]}}