{"id":2301,"date":"2013-11-20T15:36:21","date_gmt":"2013-11-20T15:36:21","guid":{"rendered":"http:\/\/difusionculturaluninter.wordpress.com\/?p=2301"},"modified":"2013-11-20T15:36:21","modified_gmt":"2013-11-20T15:36:21","slug":"hoy-20-de-noviembre-se-cumplen-103-anos-de-la-revolucion-mexicana","status":"publish","type":"post","link":"https:\/\/blogs.uninter.edu.mx\/difusioncultural\/?p=2301","title":{"rendered":"Hoy 20 de Noviembre se cumplen 103 a\u00f1os de la Revoluci\u00f3n Mexicana"},"content":{"rendered":"<p>Este 2013, se celebran 103 a\u00f1os del inicio de la Revoluci\u00f3n Mexicana , un conflicto armado, que inici\u00f3 el 20 de noviembre de 1910 con un levantamiento encabezado por Francisco I. Madero, contra el presidente Porfirio D\u00edaz.<\/p>\n<p>Se caracteriz\u00f3 por varios movimientos socialistas, liberales, anarquistas, populistas y agrarios. Pese a que en un principio fue una lucha contra el orden establecido, con el tiempo se transform\u00f3 en una guerra civil; esta suele ser considerada como el acontecimiento pol\u00edtico y social m\u00e1s importante del siglo XX en M\u00e9xico. \u00bfsabes c\u00f3mo fue?<\/p>\n<p>Celebrar el 20 de Noviembre va m\u00e1s all\u00e1 de recordar que es un d\u00eda feriado y que tendremos puente, aunque no lo creas, existen personas que recuerdan lo que sucedi\u00f3 en esa fecha.<\/p>\n<p>Hace 103 a\u00f1os M\u00e9xico se encontraba en un conflicto armado, este levantamiento estaba encabezado por Francisco I. Madero contra el entonces Presidente Porfirio D\u00edaz.<\/p>\n<p>\u00bfSab\u00edas que la Revoluci\u00f3n Mexicana es considerada el acontecimiento pol\u00edtico y social m\u00e1s importante del siglo XX en M\u00e9xico?<\/p>\n<p>Las cuatro etapas de la Revoluci\u00f3n Mexicana<\/p>\n<p>\u2022 Primera etapa (1910-1911): se conoce tambi\u00e9n como Revoluci\u00f3n Maderista, ya que bajo el llamado de Madero, el norte y centro del pa\u00eds se prepararon para levantarse en armas.<\/p>\n<p>\u2022 Segunda etapa (1911-1913): Madero llega al poder con Emiliano Zapata como principal opositor.<\/p>\n<p>\u2022 Tercera etapa (1913-1914): se da la \u201cDecena Tr\u00e1gica\u201d, el levantamiento de armas contra Madero y Victoriano Huerta sube al poder.<\/p>\n<p>\u2022 Cuarta etapa (1914-1917): Victoriano Huerta huye del pa\u00eds, comienza la guerra entre convencionistas y constitucionalistas, culmina con la victoria de estos \u00faltimos.<\/p>\n<p>\u00a1Conoce los museos de la Revoluci\u00f3n Mexicana!<\/p>\n<p>En toda la Rep\u00fablica Mexicana existen museos y monumentos dedicados a este conflicto, en el Distrito Federal se encuentra el Monumento a la Revoluci\u00f3n que est\u00e1 ubicado en la Plaza de la Rep\u00fablica. Originalmente estaba planeado para ser el Palacio Legislativo, fue precisamente Porfirio D\u00edaz quien puso la primera piedra el 23 de septiembre de 1920. En este monumento se encuentran los restos de Francisco I. Madero, Venustiano Carranza, Francisco Villa, Plutarco El\u00edas Calles y L\u00e1zaro C\u00e1rdenas.<\/p>\n<p>La revoluci\u00f3n y sus novelas<\/p>\n<p>Existen diversas novelas que relatan algunos sucesos, algunas ilustran con fotograf\u00edas lo sucedido en aquella fecha, si quieres leer algunas te recomendamos:<\/p>\n<p>\u2022 Los de abajo de Mariano Azuela<\/p>\n<p>\u2022 La sombra del caudillo de Mart\u00edn Luis Guzm\u00e1n<\/p>\n<p>\u2022 El resplandor de Mauricio Magdaleno<\/p>\n<p>\u2022 Ulises criollo de Jos\u00e9 Vasconcelos<\/p>\n<p>\u2022 La muerte de Artemio Cruz de Carlos Fuentes<\/p>\n<p>Recordemos este 20 de Noviembre lo que pasaba en nuestro pa\u00eds hace 103 a\u00f1os, \u00a1celebremos la Revoluci\u00f3n Mexicana!<\/p>\n<p><a href=\"https:\/\/blogs.uninter.edu.mx\/difusioncultural\/wp-content\/uploads\/2013\/11\/images-21.jpg\"><img fetchpriority=\"high\" decoding=\"async\" src=\"https:\/\/blogs.uninter.edu.mx\/difusioncultural\/wp-content\/uploads\/2013\/11\/images-21.jpg\" alt=\"images (2)\" width=\"256\" height=\"197\" class=\"alignnone size-full wp-image-2302\" \/><\/a><\/p>\n<p><a href=\"https:\/\/blogs.uninter.edu.mx\/difusioncultural\/wp-content\/uploads\/2013\/11\/mujer-revolucion-mexicana1.jpg\"><img decoding=\"async\" src=\"https:\/\/blogs.uninter.edu.mx\/difusioncultural\/wp-content\/uploads\/2013\/11\/mujer-revolucion-mexicana1.jpg?w=300\" alt=\"mujer-revolucion-mexicana1\" width=\"300\" height=\"225\" class=\"alignnone size-medium wp-image-2303\" \/><\/a><\/p>\n<p><a href=\"https:\/\/blogs.uninter.edu.mx\/difusioncultural\/wp-content\/uploads\/2013\/11\/hryhytty.jpg\"><img decoding=\"async\" src=\"https:\/\/blogs.uninter.edu.mx\/difusioncultural\/wp-content\/uploads\/2013\/11\/hryhytty.jpg\" alt=\"hryhytty\" width=\"236\" height=\"300\" class=\"alignnone size-full wp-image-2304\" \/><\/a><\/p>\n","protected":false},"excerpt":{"rendered":"<p>Este 2013, se celebran 103 a\u00f1os del inicio de la Revoluci\u00f3n Mexicana , un conflicto armado, que inici\u00f3 el 20 de noviembre de 1910 con un levantamiento encabezado por Francisco I. Madero, contra el presidente Porfirio D\u00edaz. Se caracteriz\u00f3 por varios movimientos socialistas, liberales, anarquistas, populistas y agrarios. Pese a que en un principio fue&hellip;<\/p>\n","protected":false},"author":1,"featured_media":0,"comment_status":"open","ping_status":"open","sticky":false,"template":"","format":"standard","meta":{"_jetpack_memberships_contains_paid_content":false,"footnotes":"","jetpack_publicize_message":"","jetpack_publicize_feature_enabled":true,"jetpack_social_post_already_shared":false,"jetpack_social_options":{"image_generator_settings":{"template":"highway","default_image_id":0,"font":"","enabled":false},"version":2}},"categories":[8],"tags":[],"class_list":["post-2301","post","type-post","status-publish","format-standard","hentry","category-eventos"],"yoast_head":"<!-- This site is optimized with the Yoast SEO plugin v26.3 - https:\/\/yoast.com\/wordpress\/plugins\/seo\/ -->\r\n<title>Hoy 20 de Noviembre se cumplen 103 a\u00f1os de la Revoluci\u00f3n Mexicana - Difusi\u00f3n Cultural<\/title>\r\n<meta name=\"robots\" content=\"index, follow, max-snippet:-1, max-image-preview:large, max-video-preview:-1\" \/>\r\n<link rel=\"canonical\" href=\"https:\/\/blogs.uninter.edu.mx\/difusioncultural\/?p=2301\" \/>\r\n<meta property=\"og:locale\" content=\"es_MX\" \/>\r\n<meta property=\"og:type\" content=\"article\" \/>\r\n<meta property=\"og:title\" content=\"Hoy 20 de Noviembre se cumplen 103 a\u00f1os de la Revoluci\u00f3n Mexicana - Difusi\u00f3n Cultural\" \/>\r\n<meta property=\"og:description\" content=\"Este 2013, se celebran 103 a\u00f1os del inicio de la Revoluci\u00f3n Mexicana , un conflicto armado, que inici\u00f3 el 20 de noviembre de 1910 con un levantamiento encabezado por Francisco I. Madero, contra el presidente Porfirio D\u00edaz. Se caracteriz\u00f3 por varios movimientos socialistas, liberales, anarquistas, populistas y agrarios. Pese a que en un principio fue&hellip;\" \/>\r\n<meta property=\"og:url\" content=\"https:\/\/blogs.uninter.edu.mx\/difusioncultural\/?p=2301\" \/>\r\n<meta property=\"og:site_name\" content=\"Difusi\u00f3n Cultural\" \/>\r\n<meta property=\"article:published_time\" content=\"2013-11-20T15:36:21+00:00\" \/>\r\n<meta property=\"og:image\" content=\"https:\/\/blogs.uninter.edu.mx\/difusioncultural\/wp-content\/uploads\/2013\/11\/images-21.jpg\" \/>\r\n<meta name=\"author\" content=\"webmaster\" \/>\r\n<meta name=\"twitter:card\" content=\"summary_large_image\" \/>\r\n<meta name=\"twitter:label1\" content=\"Escrito por\" \/>\n\t<meta name=\"twitter:data1\" content=\"webmaster\" \/>\n\t<meta name=\"twitter:label2\" content=\"Tiempo de lectura\" \/>\n\t<meta name=\"twitter:data2\" content=\"2 minutos\" \/>\r\n<script type=\"application\/ld+json\" class=\"yoast-schema-graph\">{\"@context\":\"https:\/\/schema.org\",\"@graph\":[{\"@type\":\"Article\",\"@id\":\"https:\/\/blogs.uninter.edu.mx\/difusioncultural\/?p=2301#article\",\"isPartOf\":{\"@id\":\"https:\/\/blogs.uninter.edu.mx\/difusioncultural\/?p=2301\"},\"author\":{\"name\":\"webmaster\",\"@id\":\"https:\/\/blogs.uninter.edu.mx\/difusioncultural\/#\/schema\/person\/37a0926f4dd300a814993fd595abdc4a\"},\"headline\":\"Hoy 20 de Noviembre se cumplen 103 a\u00f1os de la Revoluci\u00f3n Mexicana\",\"datePublished\":\"2013-11-20T15:36:21+00:00\",\"mainEntityOfPage\":{\"@id\":\"https:\/\/blogs.uninter.edu.mx\/difusioncultural\/?p=2301\"},\"wordCount\":456,\"commentCount\":0,\"publisher\":{\"@id\":\"https:\/\/blogs.uninter.edu.mx\/difusioncultural\/#organization\"},\"image\":{\"@id\":\"https:\/\/blogs.uninter.edu.mx\/difusioncultural\/?p=2301#primaryimage\"},\"thumbnailUrl\":\"https:\/\/blogs.uninter.edu.mx\/difusioncultural\/wp-content\/uploads\/2013\/11\/images-21.jpg\",\"articleSection\":[\"Eventos\"],\"inLanguage\":\"es\",\"potentialAction\":[{\"@type\":\"CommentAction\",\"name\":\"Comment\",\"target\":[\"https:\/\/blogs.uninter.edu.mx\/difusioncultural\/?p=2301#respond\"]}]},{\"@type\":\"WebPage\",\"@id\":\"https:\/\/blogs.uninter.edu.mx\/difusioncultural\/?p=2301\",\"url\":\"https:\/\/blogs.uninter.edu.mx\/difusioncultural\/?p=2301\",\"name\":\"Hoy 20 de Noviembre se cumplen 103 a\u00f1os de la Revoluci\u00f3n Mexicana - Difusi\u00f3n Cultural\",\"isPartOf\":{\"@id\":\"https:\/\/blogs.uninter.edu.mx\/difusioncultural\/#website\"},\"primaryImageOfPage\":{\"@id\":\"https:\/\/blogs.uninter.edu.mx\/difusioncultural\/?p=2301#primaryimage\"},\"image\":{\"@id\":\"https:\/\/blogs.uninter.edu.mx\/difusioncultural\/?p=2301#primaryimage\"},\"thumbnailUrl\":\"https:\/\/blogs.uninter.edu.mx\/difusioncultural\/wp-content\/uploads\/2013\/11\/images-21.jpg\",\"datePublished\":\"2013-11-20T15:36:21+00:00\",\"breadcrumb\":{\"@id\":\"https:\/\/blogs.uninter.edu.mx\/difusioncultural\/?p=2301#breadcrumb\"},\"inLanguage\":\"es\",\"potentialAction\":[{\"@type\":\"ReadAction\",\"target\":[\"https:\/\/blogs.uninter.edu.mx\/difusioncultural\/?p=2301\"]}]},{\"@type\":\"ImageObject\",\"inLanguage\":\"es\",\"@id\":\"https:\/\/blogs.uninter.edu.mx\/difusioncultural\/?p=2301#primaryimage\",\"url\":\"https:\/\/blogs.uninter.edu.mx\/difusioncultural\/wp-content\/uploads\/2013\/11\/images-21.jpg\",\"contentUrl\":\"https:\/\/blogs.uninter.edu.mx\/difusioncultural\/wp-content\/uploads\/2013\/11\/images-21.jpg\",\"width\":256,\"height\":197},{\"@type\":\"BreadcrumbList\",\"@id\":\"https:\/\/blogs.uninter.edu.mx\/difusioncultural\/?p=2301#breadcrumb\",\"itemListElement\":[{\"@type\":\"ListItem\",\"position\":1,\"name\":\"Inicio\",\"item\":\"https:\/\/blogs.uninter.edu.mx\/difusioncultural\/\"},{\"@type\":\"ListItem\",\"position\":2,\"name\":\"Hoy 20 de Noviembre se cumplen 103 a\u00f1os de la Revoluci\u00f3n Mexicana\"}]},{\"@type\":\"WebSite\",\"@id\":\"https:\/\/blogs.uninter.edu.mx\/difusioncultural\/#website\",\"url\":\"https:\/\/blogs.uninter.edu.mx\/difusioncultural\/\",\"name\":\"Difusi\u00f3n Cultural\",\"description\":\"UNINTER\",\"publisher\":{\"@id\":\"https:\/\/blogs.uninter.edu.mx\/difusioncultural\/#organization\"},\"potentialAction\":[{\"@type\":\"SearchAction\",\"target\":{\"@type\":\"EntryPoint\",\"urlTemplate\":\"https:\/\/blogs.uninter.edu.mx\/difusioncultural\/?s={search_term_string}\"},\"query-input\":{\"@type\":\"PropertyValueSpecification\",\"valueRequired\":true,\"valueName\":\"search_term_string\"}}],\"inLanguage\":\"es\"},{\"@type\":\"Organization\",\"@id\":\"https:\/\/blogs.uninter.edu.mx\/difusioncultural\/#organization\",\"name\":\"Difusi\u00f3n Cultural\",\"url\":\"https:\/\/blogs.uninter.edu.mx\/difusioncultural\/\",\"logo\":{\"@type\":\"ImageObject\",\"inLanguage\":\"es\",\"@id\":\"https:\/\/blogs.uninter.edu.mx\/difusioncultural\/#\/schema\/logo\/image\/\",\"url\":\"https:\/\/blogs.uninter.edu.mx\/difusioncultural\/wp-content\/uploads\/2022\/09\/uninter.jpg\",\"contentUrl\":\"https:\/\/blogs.uninter.edu.mx\/difusioncultural\/wp-content\/uploads\/2022\/09\/uninter.jpg\",\"width\":2048,\"height\":2048,\"caption\":\"Difusi\u00f3n Cultural\"},\"image\":{\"@id\":\"https:\/\/blogs.uninter.edu.mx\/difusioncultural\/#\/schema\/logo\/image\/\"}},{\"@type\":\"Person\",\"@id\":\"https:\/\/blogs.uninter.edu.mx\/difusioncultural\/#\/schema\/person\/37a0926f4dd300a814993fd595abdc4a\",\"name\":\"webmaster\",\"image\":{\"@type\":\"ImageObject\",\"inLanguage\":\"es\",\"@id\":\"https:\/\/blogs.uninter.edu.mx\/difusioncultural\/#\/schema\/person\/image\/\",\"url\":\"https:\/\/secure.gravatar.com\/avatar\/a59c276b01147463ef3aab4118e3137ebc5e1ad6700deb39ccdf8b89e517f7dc?s=96&d=mm&r=g\",\"contentUrl\":\"https:\/\/secure.gravatar.com\/avatar\/a59c276b01147463ef3aab4118e3137ebc5e1ad6700deb39ccdf8b89e517f7dc?s=96&d=mm&r=g\",\"caption\":\"webmaster\"},\"sameAs\":[\"https:\/\/blogs.uninter.edu.mx\/difusioncultural\"],\"url\":\"https:\/\/blogs.uninter.edu.mx\/difusioncultural\/?author=1\"}]}<\/script>\r\n<!-- \/ Yoast SEO plugin. -->","yoast_head_json":{"title":"Hoy 20 de Noviembre se cumplen 103 a\u00f1os de la Revoluci\u00f3n Mexicana - Difusi\u00f3n Cultural","robots":{"index":"index","follow":"follow","max-snippet":"max-snippet:-1","max-image-preview":"max-image-preview:large","max-video-preview":"max-video-preview:-1"},"canonical":"https:\/\/blogs.uninter.edu.mx\/difusioncultural\/?p=2301","og_locale":"es_MX","og_type":"article","og_title":"Hoy 20 de Noviembre se cumplen 103 a\u00f1os de la Revoluci\u00f3n Mexicana - Difusi\u00f3n Cultural","og_description":"Este 2013, se celebran 103 a\u00f1os del inicio de la Revoluci\u00f3n Mexicana , un conflicto armado, que inici\u00f3 el 20 de noviembre de 1910 con un levantamiento encabezado por Francisco I. Madero, contra el presidente Porfirio D\u00edaz. Se caracteriz\u00f3 por varios movimientos socialistas, liberales, anarquistas, populistas y agrarios. Pese a que en un principio fue&hellip;","og_url":"https:\/\/blogs.uninter.edu.mx\/difusioncultural\/?p=2301","og_site_name":"Difusi\u00f3n Cultural","article_published_time":"2013-11-20T15:36:21+00:00","og_image":[{"url":"https:\/\/blogs.uninter.edu.mx\/difusioncultural\/wp-content\/uploads\/2013\/11\/images-21.jpg","type":"","width":"","height":""}],"author":"webmaster","twitter_card":"summary_large_image","twitter_misc":{"Escrito por":"webmaster","Tiempo de lectura":"2 minutos"},"schema":{"@context":"https:\/\/schema.org","@graph":[{"@type":"Article","@id":"https:\/\/blogs.uninter.edu.mx\/difusioncultural\/?p=2301#article","isPartOf":{"@id":"https:\/\/blogs.uninter.edu.mx\/difusioncultural\/?p=2301"},"author":{"name":"webmaster","@id":"https:\/\/blogs.uninter.edu.mx\/difusioncultural\/#\/schema\/person\/37a0926f4dd300a814993fd595abdc4a"},"headline":"Hoy 20 de Noviembre se cumplen 103 a\u00f1os de la Revoluci\u00f3n Mexicana","datePublished":"2013-11-20T15:36:21+00:00","mainEntityOfPage":{"@id":"https:\/\/blogs.uninter.edu.mx\/difusioncultural\/?p=2301"},"wordCount":456,"commentCount":0,"publisher":{"@id":"https:\/\/blogs.uninter.edu.mx\/difusioncultural\/#organization"},"image":{"@id":"https:\/\/blogs.uninter.edu.mx\/difusioncultural\/?p=2301#primaryimage"},"thumbnailUrl":"https:\/\/blogs.uninter.edu.mx\/difusioncultural\/wp-content\/uploads\/2013\/11\/images-21.jpg","articleSection":["Eventos"],"inLanguage":"es","potentialAction":[{"@type":"CommentAction","name":"Comment","target":["https:\/\/blogs.uninter.edu.mx\/difusioncultural\/?p=2301#respond"]}]},{"@type":"WebPage","@id":"https:\/\/blogs.uninter.edu.mx\/difusioncultural\/?p=2301","url":"https:\/\/blogs.uninter.edu.mx\/difusioncultural\/?p=2301","name":"Hoy 20 de Noviembre se cumplen 103 a\u00f1os de la Revoluci\u00f3n Mexicana - Difusi\u00f3n Cultural","isPartOf":{"@id":"https:\/\/blogs.uninter.edu.mx\/difusioncultural\/#website"},"primaryImageOfPage":{"@id":"https:\/\/blogs.uninter.edu.mx\/difusioncultural\/?p=2301#primaryimage"},"image":{"@id":"https:\/\/blogs.uninter.edu.mx\/difusioncultural\/?p=2301#primaryimage"},"thumbnailUrl":"https:\/\/blogs.uninter.edu.mx\/difusioncultural\/wp-content\/uploads\/2013\/11\/images-21.jpg","datePublished":"2013-11-20T15:36:21+00:00","breadcrumb":{"@id":"https:\/\/blogs.uninter.edu.mx\/difusioncultural\/?p=2301#breadcrumb"},"inLanguage":"es","potentialAction":[{"@type":"ReadAction","target":["https:\/\/blogs.uninter.edu.mx\/difusioncultural\/?p=2301"]}]},{"@type":"ImageObject","inLanguage":"es","@id":"https:\/\/blogs.uninter.edu.mx\/difusioncultural\/?p=2301#primaryimage","url":"https:\/\/blogs.uninter.edu.mx\/difusioncultural\/wp-content\/uploads\/2013\/11\/images-21.jpg","contentUrl":"https:\/\/blogs.uninter.edu.mx\/difusioncultural\/wp-content\/uploads\/2013\/11\/images-21.jpg","width":256,"height":197},{"@type":"BreadcrumbList","@id":"https:\/\/blogs.uninter.edu.mx\/difusioncultural\/?p=2301#breadcrumb","itemListElement":[{"@type":"ListItem","position":1,"name":"Inicio","item":"https:\/\/blogs.uninter.edu.mx\/difusioncultural\/"},{"@type":"ListItem","position":2,"name":"Hoy 20 de Noviembre se cumplen 103 a\u00f1os de la Revoluci\u00f3n Mexicana"}]},{"@type":"WebSite","@id":"https:\/\/blogs.uninter.edu.mx\/difusioncultural\/#website","url":"https:\/\/blogs.uninter.edu.mx\/difusioncultural\/","name":"Difusi\u00f3n Cultural","description":"UNINTER","publisher":{"@id":"https:\/\/blogs.uninter.edu.mx\/difusioncultural\/#organization"},"potentialAction":[{"@type":"SearchAction","target":{"@type":"EntryPoint","urlTemplate":"https:\/\/blogs.uninter.edu.mx\/difusioncultural\/?s={search_term_string}"},"query-input":{"@type":"PropertyValueSpecification","valueRequired":true,"valueName":"search_term_string"}}],"inLanguage":"es"},{"@type":"Organization","@id":"https:\/\/blogs.uninter.edu.mx\/difusioncultural\/#organization","name":"Difusi\u00f3n Cultural","url":"https:\/\/blogs.uninter.edu.mx\/difusioncultural\/","logo":{"@type":"ImageObject","inLanguage":"es","@id":"https:\/\/blogs.uninter.edu.mx\/difusioncultural\/#\/schema\/logo\/image\/","url":"https:\/\/blogs.uninter.edu.mx\/difusioncultural\/wp-content\/uploads\/2022\/09\/uninter.jpg","contentUrl":"https:\/\/blogs.uninter.edu.mx\/difusioncultural\/wp-content\/uploads\/2022\/09\/uninter.jpg","width":2048,"height":2048,"caption":"Difusi\u00f3n Cultural"},"image":{"@id":"https:\/\/blogs.uninter.edu.mx\/difusioncultural\/#\/schema\/logo\/image\/"}},{"@type":"Person","@id":"https:\/\/blogs.uninter.edu.mx\/difusioncultural\/#\/schema\/person\/37a0926f4dd300a814993fd595abdc4a","name":"webmaster","image":{"@type":"ImageObject","inLanguage":"es","@id":"https:\/\/blogs.uninter.edu.mx\/difusioncultural\/#\/schema\/person\/image\/","url":"https:\/\/secure.gravatar.com\/avatar\/a59c276b01147463ef3aab4118e3137ebc5e1ad6700deb39ccdf8b89e517f7dc?s=96&d=mm&r=g","contentUrl":"https:\/\/secure.gravatar.com\/avatar\/a59c276b01147463ef3aab4118e3137ebc5e1ad6700deb39ccdf8b89e517f7dc?s=96&d=mm&r=g","caption":"webmaster"},"sameAs":["https:\/\/blogs.uninter.edu.mx\/difusioncultural"],"url":"https:\/\/blogs.uninter.edu.mx\/difusioncultural\/?author=1"}]}},"jetpack_publicize_connections":[],"jetpack_featured_media_url":"","jetpack_sharing_enabled":true,"_links":{"self":[{"href":"https:\/\/blogs.uninter.edu.mx\/difusioncultural\/index.php?rest_route=\/wp\/v2\/posts\/2301","targetHints":{"allow":["GET"]}}],"collection":[{"href":"https:\/\/blogs.uninter.edu.mx\/difusioncultural\/index.php?rest_route=\/wp\/v2\/posts"}],"about":[{"href":"https:\/\/blogs.uninter.edu.mx\/difusioncultural\/index.php?rest_route=\/wp\/v2\/types\/post"}],"author":[{"embeddable":true,"href":"https:\/\/blogs.uninter.edu.mx\/difusioncultural\/index.php?rest_route=\/wp\/v2\/users\/1"}],"replies":[{"embeddable":true,"href":"https:\/\/blogs.uninter.edu.mx\/difusioncultural\/index.php?rest_route=%2Fwp%2Fv2%2Fcomments&post=2301"}],"version-history":[{"count":0,"href":"https:\/\/blogs.uninter.edu.mx\/difusioncultural\/index.php?rest_route=\/wp\/v2\/posts\/2301\/revisions"}],"wp:attachment":[{"href":"https:\/\/blogs.uninter.edu.mx\/difusioncultural\/index.php?rest_route=%2Fwp%2Fv2%2Fmedia&parent=2301"}],"wp:term":[{"taxonomy":"category","embeddable":true,"href":"https:\/\/blogs.uninter.edu.mx\/difusioncultural\/index.php?rest_route=%2Fwp%2Fv2%2Fcategories&post=2301"},{"taxonomy":"post_tag","embeddable":true,"href":"https:\/\/blogs.uninter.edu.mx\/difusioncultural\/index.php?rest_route=%2Fwp%2Fv2%2Ftags&post=2301"}],"curies":[{"name":"wp","href":"https:\/\/api.w.org\/{rel}","templated":true}]}}