{"id":2333,"date":"2013-11-25T05:50:40","date_gmt":"2013-11-25T05:50:40","guid":{"rendered":"http:\/\/difusionculturaluninter.wordpress.com\/?p=2333"},"modified":"2013-11-25T05:50:40","modified_gmt":"2013-11-25T05:50:40","slug":"25-de-noviembre-dia-internacional-de-la-eliminacion-de-la-violencia-contra-la-mujer","status":"publish","type":"post","link":"https:\/\/blogs.uninter.edu.mx\/difusioncultural\/?p=2333","title":{"rendered":"25 de noviembre : D\u00eda Internacional de la Eliminaci\u00f3n de la Violencia Contra la Mujer"},"content":{"rendered":"<p>Hoy es 25 de Noviembre D\u00eda Internacional de la Eliminaci\u00f3n de la Violencia contra la mujer. Este d\u00eda surgi\u00f3 debido a varios motivos:<\/p>\n<p>*La violencia contra la mujer es una violaci\u00f3n de los derechos humanos<br \/>\n*La violencia contra la mujer es consecuencia de la discriminaci\u00f3n que sufre, tanto en leyes como en la pr\u00e1ctica, y la persistencia de desigualdades por raz\u00f3n de g\u00e9nero<br \/>\n*La violencia contra la mujer afecta e impide el avance en muchas \u00e1reas, incluidas la erradicaci\u00f3n de la pobreza, la lucha contra el VIH\/SIDA y la paz y la seguridad<br \/>\n*La violencia contra las mujeres y las ni\u00f1as se puede evitar. La prevenci\u00f3n es posible y esencial<br \/>\n*La violencia contra la mujer sigue siendo una pandemia global.<br \/>\n*Hasta un 70% de las mujeres sufren violencia en su vida.<\/p>\n<p>Hechos y cifras<br \/>\nHasta un 70% de las mujeres sufren violencia en su vida<br \/>\nEntre 500.000 y 2 millones de personas se calcula que son victimas cada a\u00f1o de trata, lo que las lleva a la prostituci\u00f3n, a realizar trabajos forzados, a la esclavitud o a la servidumbre, Las mujeres y las ni\u00f1as representan alrededor del 80% de esas v\u00edctimas<br \/>\nSe calcula que m\u00e1s de 130 millones de mujeres y ni\u00f1as que viven hoy en d\u00eda han sido sometidas a la mutilaci\u00f3n\/ablaci\u00f3n genital femenina, sobre todo en \u00c4frica y en algunos pa\u00edses de Oriente Medio<br \/>\nEl coste de la violencia dom\u00e9stica en los Estados Unidos supera los 5.800 millones de d\u00f3lares anuales, de los que 4.100 millones corresponden a servicios m\u00e9dicos y sanitarios. A la vez, las p\u00e9rdidas de productividad suponen cerca de 1.800 millones de d\u00f3lares.<\/p>\n<p>Pinta el mundo de naranja en 16 d\u00edas<br \/>\nLa campa\u00f1a del Secretario General \u00daNETE para poner fin a la violencia contra las mujeres ha proclamado el 25 de cada mes D\u00eda Naranja. Entre otras actividades, en ese d\u00eda se nos invita a llevar alguna prenda de ese color para resaltar el llamamiento a erradicar la violencia contra la mujer sin reservas, equ\u00edvocos o demora.<\/p>\n<p>Este a\u00f1o la campa\u00f1a \u00daNETE extiende ese D\u00eda Naranja a 16 d\u00edas de activismo contra la violencia basada en el g\u00e9nero, desde el 25 de noviembre en que se conmemora el D\u00eda Internacional de la Eliminaci\u00f3n de la Violencia contra la Mujer, hasta el 10 de diciembre, D\u00eda de los Derechos Humanos.<\/p>\n<p>La fecha del 25 de noviembre se eligi\u00f3 para conmemorar a las hermanas Mirabal, tres activistas pol\u00edticas que fueron brutalmente asesinadas en 1960 por orden del gobernante dominicano Rafael Trujillo (1930-1961)<\/p>\n<p><a href=\"https:\/\/blogs.uninter.edu.mx\/difusioncultural\/wp-content\/uploads\/2013\/11\/1321997803_dia_mundial_violnciamujer.jpg\"><img fetchpriority=\"high\" decoding=\"async\" src=\"https:\/\/blogs.uninter.edu.mx\/difusioncultural\/wp-content\/uploads\/2013\/11\/1321997803_dia_mundial_violnciamujer.jpg?w=291\" alt=\"1321997803_dia_mundial_violnciamujer\" width=\"291\" height=\"300\" class=\"alignnone size-medium wp-image-2334\" \/><\/a><\/p>\n<p><a href=\"https:\/\/blogs.uninter.edu.mx\/difusioncultural\/wp-content\/uploads\/2013\/11\/25_de_noviembre_d_a_internacional_de_la_no_violencia_contra_la_mujer.jpg\"><img decoding=\"async\" src=\"https:\/\/blogs.uninter.edu.mx\/difusioncultural\/wp-content\/uploads\/2013\/11\/25_de_noviembre_d_a_internacional_de_la_no_violencia_contra_la_mujer.jpg?w=300\" alt=\"25_de_noviembre_d_a_internacional_de_la_no_violencia_contra_la_mujer\" width=\"300\" height=\"193\" class=\"alignnone size-medium wp-image-2335\" \/><\/a><\/p>\n","protected":false},"excerpt":{"rendered":"<p>Hoy es 25 de Noviembre D\u00eda Internacional de la Eliminaci\u00f3n de la Violencia contra la mujer. Este d\u00eda surgi\u00f3 debido a varios motivos: *La violencia contra la mujer es una violaci\u00f3n de los derechos humanos *La violencia contra la mujer es consecuencia de la discriminaci\u00f3n que sufre, tanto en leyes como en la pr\u00e1ctica, y&hellip;<\/p>\n","protected":false},"author":1,"featured_media":0,"comment_status":"open","ping_status":"open","sticky":false,"template":"","format":"standard","meta":{"_jetpack_memberships_contains_paid_content":false,"footnotes":"","jetpack_publicize_message":"","jetpack_publicize_feature_enabled":true,"jetpack_social_post_already_shared":false,"jetpack_social_options":{"image_generator_settings":{"template":"highway","default_image_id":0,"font":"","enabled":false},"version":2}},"categories":[1],"tags":[],"class_list":["post-2333","post","type-post","status-publish","format-standard","hentry","category-sin-categoria"],"yoast_head":"<!-- This site is optimized with the Yoast SEO plugin v26.3 - https:\/\/yoast.com\/wordpress\/plugins\/seo\/ -->\r\n<title>25 de noviembre : D\u00eda Internacional de la Eliminaci\u00f3n de la Violencia Contra la Mujer - Difusi\u00f3n Cultural<\/title>\r\n<meta name=\"robots\" content=\"index, follow, max-snippet:-1, max-image-preview:large, max-video-preview:-1\" \/>\r\n<link rel=\"canonical\" href=\"https:\/\/blogs.uninter.edu.mx\/difusioncultural\/?p=2333\" \/>\r\n<meta property=\"og:locale\" content=\"es_MX\" \/>\r\n<meta property=\"og:type\" content=\"article\" \/>\r\n<meta property=\"og:title\" content=\"25 de noviembre : D\u00eda Internacional de la Eliminaci\u00f3n de la Violencia Contra la Mujer - Difusi\u00f3n Cultural\" \/>\r\n<meta property=\"og:description\" content=\"Hoy es 25 de Noviembre D\u00eda Internacional de la Eliminaci\u00f3n de la Violencia contra la mujer. Este d\u00eda surgi\u00f3 debido a varios motivos: *La violencia contra la mujer es una violaci\u00f3n de los derechos humanos *La violencia contra la mujer es consecuencia de la discriminaci\u00f3n que sufre, tanto en leyes como en la pr\u00e1ctica, y&hellip;\" \/>\r\n<meta property=\"og:url\" content=\"https:\/\/blogs.uninter.edu.mx\/difusioncultural\/?p=2333\" \/>\r\n<meta property=\"og:site_name\" content=\"Difusi\u00f3n Cultural\" \/>\r\n<meta property=\"article:published_time\" content=\"2013-11-25T05:50:40+00:00\" \/>\r\n<meta property=\"og:image\" content=\"https:\/\/blogs.uninter.edu.mx\/difusioncultural\/wp-content\/uploads\/2013\/11\/1321997803_dia_mundial_violnciamujer.jpg?w=291\" \/>\r\n<meta name=\"author\" content=\"webmaster\" \/>\r\n<meta name=\"twitter:card\" content=\"summary_large_image\" \/>\r\n<meta name=\"twitter:label1\" content=\"Escrito por\" \/>\n\t<meta name=\"twitter:data1\" content=\"webmaster\" \/>\n\t<meta name=\"twitter:label2\" content=\"Tiempo de lectura\" \/>\n\t<meta name=\"twitter:data2\" content=\"2 minutos\" \/>\r\n<script type=\"application\/ld+json\" class=\"yoast-schema-graph\">{\"@context\":\"https:\/\/schema.org\",\"@graph\":[{\"@type\":\"Article\",\"@id\":\"https:\/\/blogs.uninter.edu.mx\/difusioncultural\/?p=2333#article\",\"isPartOf\":{\"@id\":\"https:\/\/blogs.uninter.edu.mx\/difusioncultural\/?p=2333\"},\"author\":{\"name\":\"webmaster\",\"@id\":\"https:\/\/blogs.uninter.edu.mx\/difusioncultural\/#\/schema\/person\/37a0926f4dd300a814993fd595abdc4a\"},\"headline\":\"25 de noviembre : D\u00eda Internacional de la Eliminaci\u00f3n de la Violencia Contra la Mujer\",\"datePublished\":\"2013-11-25T05:50:40+00:00\",\"mainEntityOfPage\":{\"@id\":\"https:\/\/blogs.uninter.edu.mx\/difusioncultural\/?p=2333\"},\"wordCount\":455,\"commentCount\":0,\"publisher\":{\"@id\":\"https:\/\/blogs.uninter.edu.mx\/difusioncultural\/#organization\"},\"image\":{\"@id\":\"https:\/\/blogs.uninter.edu.mx\/difusioncultural\/?p=2333#primaryimage\"},\"thumbnailUrl\":\"https:\/\/blogs.uninter.edu.mx\/difusioncultural\/wp-content\/uploads\/2013\/11\/1321997803_dia_mundial_violnciamujer.jpg?w=291\",\"inLanguage\":\"es\",\"potentialAction\":[{\"@type\":\"CommentAction\",\"name\":\"Comment\",\"target\":[\"https:\/\/blogs.uninter.edu.mx\/difusioncultural\/?p=2333#respond\"]}]},{\"@type\":\"WebPage\",\"@id\":\"https:\/\/blogs.uninter.edu.mx\/difusioncultural\/?p=2333\",\"url\":\"https:\/\/blogs.uninter.edu.mx\/difusioncultural\/?p=2333\",\"name\":\"25 de noviembre : D\u00eda Internacional de la Eliminaci\u00f3n de la Violencia Contra la Mujer - Difusi\u00f3n Cultural\",\"isPartOf\":{\"@id\":\"https:\/\/blogs.uninter.edu.mx\/difusioncultural\/#website\"},\"primaryImageOfPage\":{\"@id\":\"https:\/\/blogs.uninter.edu.mx\/difusioncultural\/?p=2333#primaryimage\"},\"image\":{\"@id\":\"https:\/\/blogs.uninter.edu.mx\/difusioncultural\/?p=2333#primaryimage\"},\"thumbnailUrl\":\"https:\/\/blogs.uninter.edu.mx\/difusioncultural\/wp-content\/uploads\/2013\/11\/1321997803_dia_mundial_violnciamujer.jpg?w=291\",\"datePublished\":\"2013-11-25T05:50:40+00:00\",\"breadcrumb\":{\"@id\":\"https:\/\/blogs.uninter.edu.mx\/difusioncultural\/?p=2333#breadcrumb\"},\"inLanguage\":\"es\",\"potentialAction\":[{\"@type\":\"ReadAction\",\"target\":[\"https:\/\/blogs.uninter.edu.mx\/difusioncultural\/?p=2333\"]}]},{\"@type\":\"ImageObject\",\"inLanguage\":\"es\",\"@id\":\"https:\/\/blogs.uninter.edu.mx\/difusioncultural\/?p=2333#primaryimage\",\"url\":\"https:\/\/blogs.uninter.edu.mx\/difusioncultural\/wp-content\/uploads\/2013\/11\/1321997803_dia_mundial_violnciamujer.jpg?w=291\",\"contentUrl\":\"https:\/\/blogs.uninter.edu.mx\/difusioncultural\/wp-content\/uploads\/2013\/11\/1321997803_dia_mundial_violnciamujer.jpg?w=291\"},{\"@type\":\"BreadcrumbList\",\"@id\":\"https:\/\/blogs.uninter.edu.mx\/difusioncultural\/?p=2333#breadcrumb\",\"itemListElement\":[{\"@type\":\"ListItem\",\"position\":1,\"name\":\"Inicio\",\"item\":\"https:\/\/blogs.uninter.edu.mx\/difusioncultural\/\"},{\"@type\":\"ListItem\",\"position\":2,\"name\":\"25 de noviembre : D\u00eda Internacional de la Eliminaci\u00f3n de la Violencia Contra la Mujer\"}]},{\"@type\":\"WebSite\",\"@id\":\"https:\/\/blogs.uninter.edu.mx\/difusioncultural\/#website\",\"url\":\"https:\/\/blogs.uninter.edu.mx\/difusioncultural\/\",\"name\":\"Difusi\u00f3n Cultural\",\"description\":\"UNINTER\",\"publisher\":{\"@id\":\"https:\/\/blogs.uninter.edu.mx\/difusioncultural\/#organization\"},\"potentialAction\":[{\"@type\":\"SearchAction\",\"target\":{\"@type\":\"EntryPoint\",\"urlTemplate\":\"https:\/\/blogs.uninter.edu.mx\/difusioncultural\/?s={search_term_string}\"},\"query-input\":{\"@type\":\"PropertyValueSpecification\",\"valueRequired\":true,\"valueName\":\"search_term_string\"}}],\"inLanguage\":\"es\"},{\"@type\":\"Organization\",\"@id\":\"https:\/\/blogs.uninter.edu.mx\/difusioncultural\/#organization\",\"name\":\"Difusi\u00f3n Cultural\",\"url\":\"https:\/\/blogs.uninter.edu.mx\/difusioncultural\/\",\"logo\":{\"@type\":\"ImageObject\",\"inLanguage\":\"es\",\"@id\":\"https:\/\/blogs.uninter.edu.mx\/difusioncultural\/#\/schema\/logo\/image\/\",\"url\":\"https:\/\/blogs.uninter.edu.mx\/difusioncultural\/wp-content\/uploads\/2022\/09\/uninter.jpg\",\"contentUrl\":\"https:\/\/blogs.uninter.edu.mx\/difusioncultural\/wp-content\/uploads\/2022\/09\/uninter.jpg\",\"width\":2048,\"height\":2048,\"caption\":\"Difusi\u00f3n Cultural\"},\"image\":{\"@id\":\"https:\/\/blogs.uninter.edu.mx\/difusioncultural\/#\/schema\/logo\/image\/\"}},{\"@type\":\"Person\",\"@id\":\"https:\/\/blogs.uninter.edu.mx\/difusioncultural\/#\/schema\/person\/37a0926f4dd300a814993fd595abdc4a\",\"name\":\"webmaster\",\"image\":{\"@type\":\"ImageObject\",\"inLanguage\":\"es\",\"@id\":\"https:\/\/blogs.uninter.edu.mx\/difusioncultural\/#\/schema\/person\/image\/\",\"url\":\"https:\/\/secure.gravatar.com\/avatar\/a59c276b01147463ef3aab4118e3137ebc5e1ad6700deb39ccdf8b89e517f7dc?s=96&d=mm&r=g\",\"contentUrl\":\"https:\/\/secure.gravatar.com\/avatar\/a59c276b01147463ef3aab4118e3137ebc5e1ad6700deb39ccdf8b89e517f7dc?s=96&d=mm&r=g\",\"caption\":\"webmaster\"},\"sameAs\":[\"https:\/\/blogs.uninter.edu.mx\/difusioncultural\"],\"url\":\"https:\/\/blogs.uninter.edu.mx\/difusioncultural\/?author=1\"}]}<\/script>\r\n<!-- \/ Yoast SEO plugin. -->","yoast_head_json":{"title":"25 de noviembre : D\u00eda Internacional de la Eliminaci\u00f3n de la Violencia Contra la Mujer - Difusi\u00f3n Cultural","robots":{"index":"index","follow":"follow","max-snippet":"max-snippet:-1","max-image-preview":"max-image-preview:large","max-video-preview":"max-video-preview:-1"},"canonical":"https:\/\/blogs.uninter.edu.mx\/difusioncultural\/?p=2333","og_locale":"es_MX","og_type":"article","og_title":"25 de noviembre : D\u00eda Internacional de la Eliminaci\u00f3n de la Violencia Contra la Mujer - Difusi\u00f3n Cultural","og_description":"Hoy es 25 de Noviembre D\u00eda Internacional de la Eliminaci\u00f3n de la Violencia contra la mujer. Este d\u00eda surgi\u00f3 debido a varios motivos: *La violencia contra la mujer es una violaci\u00f3n de los derechos humanos *La violencia contra la mujer es consecuencia de la discriminaci\u00f3n que sufre, tanto en leyes como en la pr\u00e1ctica, y&hellip;","og_url":"https:\/\/blogs.uninter.edu.mx\/difusioncultural\/?p=2333","og_site_name":"Difusi\u00f3n Cultural","article_published_time":"2013-11-25T05:50:40+00:00","og_image":[{"url":"https:\/\/blogs.uninter.edu.mx\/difusioncultural\/wp-content\/uploads\/2013\/11\/1321997803_dia_mundial_violnciamujer.jpg?w=291","type":"","width":"","height":""}],"author":"webmaster","twitter_card":"summary_large_image","twitter_misc":{"Escrito por":"webmaster","Tiempo de lectura":"2 minutos"},"schema":{"@context":"https:\/\/schema.org","@graph":[{"@type":"Article","@id":"https:\/\/blogs.uninter.edu.mx\/difusioncultural\/?p=2333#article","isPartOf":{"@id":"https:\/\/blogs.uninter.edu.mx\/difusioncultural\/?p=2333"},"author":{"name":"webmaster","@id":"https:\/\/blogs.uninter.edu.mx\/difusioncultural\/#\/schema\/person\/37a0926f4dd300a814993fd595abdc4a"},"headline":"25 de noviembre : D\u00eda Internacional de la Eliminaci\u00f3n de la Violencia Contra la Mujer","datePublished":"2013-11-25T05:50:40+00:00","mainEntityOfPage":{"@id":"https:\/\/blogs.uninter.edu.mx\/difusioncultural\/?p=2333"},"wordCount":455,"commentCount":0,"publisher":{"@id":"https:\/\/blogs.uninter.edu.mx\/difusioncultural\/#organization"},"image":{"@id":"https:\/\/blogs.uninter.edu.mx\/difusioncultural\/?p=2333#primaryimage"},"thumbnailUrl":"https:\/\/blogs.uninter.edu.mx\/difusioncultural\/wp-content\/uploads\/2013\/11\/1321997803_dia_mundial_violnciamujer.jpg?w=291","inLanguage":"es","potentialAction":[{"@type":"CommentAction","name":"Comment","target":["https:\/\/blogs.uninter.edu.mx\/difusioncultural\/?p=2333#respond"]}]},{"@type":"WebPage","@id":"https:\/\/blogs.uninter.edu.mx\/difusioncultural\/?p=2333","url":"https:\/\/blogs.uninter.edu.mx\/difusioncultural\/?p=2333","name":"25 de noviembre : D\u00eda Internacional de la Eliminaci\u00f3n de la Violencia Contra la Mujer - Difusi\u00f3n Cultural","isPartOf":{"@id":"https:\/\/blogs.uninter.edu.mx\/difusioncultural\/#website"},"primaryImageOfPage":{"@id":"https:\/\/blogs.uninter.edu.mx\/difusioncultural\/?p=2333#primaryimage"},"image":{"@id":"https:\/\/blogs.uninter.edu.mx\/difusioncultural\/?p=2333#primaryimage"},"thumbnailUrl":"https:\/\/blogs.uninter.edu.mx\/difusioncultural\/wp-content\/uploads\/2013\/11\/1321997803_dia_mundial_violnciamujer.jpg?w=291","datePublished":"2013-11-25T05:50:40+00:00","breadcrumb":{"@id":"https:\/\/blogs.uninter.edu.mx\/difusioncultural\/?p=2333#breadcrumb"},"inLanguage":"es","potentialAction":[{"@type":"ReadAction","target":["https:\/\/blogs.uninter.edu.mx\/difusioncultural\/?p=2333"]}]},{"@type":"ImageObject","inLanguage":"es","@id":"https:\/\/blogs.uninter.edu.mx\/difusioncultural\/?p=2333#primaryimage","url":"https:\/\/blogs.uninter.edu.mx\/difusioncultural\/wp-content\/uploads\/2013\/11\/1321997803_dia_mundial_violnciamujer.jpg?w=291","contentUrl":"https:\/\/blogs.uninter.edu.mx\/difusioncultural\/wp-content\/uploads\/2013\/11\/1321997803_dia_mundial_violnciamujer.jpg?w=291"},{"@type":"BreadcrumbList","@id":"https:\/\/blogs.uninter.edu.mx\/difusioncultural\/?p=2333#breadcrumb","itemListElement":[{"@type":"ListItem","position":1,"name":"Inicio","item":"https:\/\/blogs.uninter.edu.mx\/difusioncultural\/"},{"@type":"ListItem","position":2,"name":"25 de noviembre : D\u00eda Internacional de la Eliminaci\u00f3n de la Violencia Contra la Mujer"}]},{"@type":"WebSite","@id":"https:\/\/blogs.uninter.edu.mx\/difusioncultural\/#website","url":"https:\/\/blogs.uninter.edu.mx\/difusioncultural\/","name":"Difusi\u00f3n Cultural","description":"UNINTER","publisher":{"@id":"https:\/\/blogs.uninter.edu.mx\/difusioncultural\/#organization"},"potentialAction":[{"@type":"SearchAction","target":{"@type":"EntryPoint","urlTemplate":"https:\/\/blogs.uninter.edu.mx\/difusioncultural\/?s={search_term_string}"},"query-input":{"@type":"PropertyValueSpecification","valueRequired":true,"valueName":"search_term_string"}}],"inLanguage":"es"},{"@type":"Organization","@id":"https:\/\/blogs.uninter.edu.mx\/difusioncultural\/#organization","name":"Difusi\u00f3n Cultural","url":"https:\/\/blogs.uninter.edu.mx\/difusioncultural\/","logo":{"@type":"ImageObject","inLanguage":"es","@id":"https:\/\/blogs.uninter.edu.mx\/difusioncultural\/#\/schema\/logo\/image\/","url":"https:\/\/blogs.uninter.edu.mx\/difusioncultural\/wp-content\/uploads\/2022\/09\/uninter.jpg","contentUrl":"https:\/\/blogs.uninter.edu.mx\/difusioncultural\/wp-content\/uploads\/2022\/09\/uninter.jpg","width":2048,"height":2048,"caption":"Difusi\u00f3n Cultural"},"image":{"@id":"https:\/\/blogs.uninter.edu.mx\/difusioncultural\/#\/schema\/logo\/image\/"}},{"@type":"Person","@id":"https:\/\/blogs.uninter.edu.mx\/difusioncultural\/#\/schema\/person\/37a0926f4dd300a814993fd595abdc4a","name":"webmaster","image":{"@type":"ImageObject","inLanguage":"es","@id":"https:\/\/blogs.uninter.edu.mx\/difusioncultural\/#\/schema\/person\/image\/","url":"https:\/\/secure.gravatar.com\/avatar\/a59c276b01147463ef3aab4118e3137ebc5e1ad6700deb39ccdf8b89e517f7dc?s=96&d=mm&r=g","contentUrl":"https:\/\/secure.gravatar.com\/avatar\/a59c276b01147463ef3aab4118e3137ebc5e1ad6700deb39ccdf8b89e517f7dc?s=96&d=mm&r=g","caption":"webmaster"},"sameAs":["https:\/\/blogs.uninter.edu.mx\/difusioncultural"],"url":"https:\/\/blogs.uninter.edu.mx\/difusioncultural\/?author=1"}]}},"jetpack_publicize_connections":[],"jetpack_featured_media_url":"","jetpack_sharing_enabled":true,"_links":{"self":[{"href":"https:\/\/blogs.uninter.edu.mx\/difusioncultural\/index.php?rest_route=\/wp\/v2\/posts\/2333","targetHints":{"allow":["GET"]}}],"collection":[{"href":"https:\/\/blogs.uninter.edu.mx\/difusioncultural\/index.php?rest_route=\/wp\/v2\/posts"}],"about":[{"href":"https:\/\/blogs.uninter.edu.mx\/difusioncultural\/index.php?rest_route=\/wp\/v2\/types\/post"}],"author":[{"embeddable":true,"href":"https:\/\/blogs.uninter.edu.mx\/difusioncultural\/index.php?rest_route=\/wp\/v2\/users\/1"}],"replies":[{"embeddable":true,"href":"https:\/\/blogs.uninter.edu.mx\/difusioncultural\/index.php?rest_route=%2Fwp%2Fv2%2Fcomments&post=2333"}],"version-history":[{"count":0,"href":"https:\/\/blogs.uninter.edu.mx\/difusioncultural\/index.php?rest_route=\/wp\/v2\/posts\/2333\/revisions"}],"wp:attachment":[{"href":"https:\/\/blogs.uninter.edu.mx\/difusioncultural\/index.php?rest_route=%2Fwp%2Fv2%2Fmedia&parent=2333"}],"wp:term":[{"taxonomy":"category","embeddable":true,"href":"https:\/\/blogs.uninter.edu.mx\/difusioncultural\/index.php?rest_route=%2Fwp%2Fv2%2Fcategories&post=2333"},{"taxonomy":"post_tag","embeddable":true,"href":"https:\/\/blogs.uninter.edu.mx\/difusioncultural\/index.php?rest_route=%2Fwp%2Fv2%2Ftags&post=2333"}],"curies":[{"name":"wp","href":"https:\/\/api.w.org\/{rel}","templated":true}]}}