{"id":2337,"date":"2013-11-26T05:46:11","date_gmt":"2013-11-26T05:46:11","guid":{"rendered":"http:\/\/difusionculturaluninter.wordpress.com\/?p=2337"},"modified":"2013-11-26T05:46:11","modified_gmt":"2013-11-26T05:46:11","slug":"descubrimiento-senala-que-buda-vivio-en-el-siglo-vi-a-c","status":"publish","type":"post","link":"https:\/\/blogs.uninter.edu.mx\/difusioncultural\/?p=2337","title":{"rendered":"Descubrimiento se\u00f1ala que Buda vivi\u00f3 en el siglo VI A. C."},"content":{"rendered":"<p> El descubrimiento de vestigios una estructura de madera hasta ahora desconocida en el lugar de nacimiento de Buda, en Nepal, permiti\u00f3 datar por primera vez cient\u00edficamente su nacimiento y el del inicio del budismo en el siglo VI antes de la era cristiana.<\/p>\n<p>Los estudios realizados debajo del templo Maya Devi, en Lumbini, permitieron descubrir una estructura de madera que &#8220;cient\u00edficamente ha podido ser datada del siglo VI antes de nuestra era&#8221;, anunci\u00f3 el lunes el arque\u00f3logo brit\u00e1nico Robin Coningham, de la universidad de Durham.<\/p>\n<p>Este descubrimiento aporta &#8220;nuevos elementos a un debate muy viejo&#8221; sobre el inicio de la vida de Buda, dijo Coningham durante una conferencia telef\u00f3nica organizada por la National Geographic Society en Washington.<\/p>\n<p>La vida de Buda es conocida apenas por la tradici\u00f3n oral o por textos posteriores a su vida, y tradicionalmente se indica su nacimiento en el siglo IV antes de la era cristiana.<\/p>\n<p>Todas las tradiciones se\u00f1alan que Buda muri\u00f3 a los 80 a\u00f1os de edad.<br \/>\nDespu\u00e9s de tres a\u00f1os de excavaciones y an\u00e1lisis, &#8220;tenemos la prueba del m\u00e1s antiguo santuario budista del mundo, y la prueba manifiesta que este santuario hab\u00eda sido consagrado alrededor de un \u00e1rbol&#8221;, afirm\u00f3 el arque\u00f3logo.<\/p>\n<p>De acuerdo con la tradici\u00f3n budista, Siddharta Gautama, que luego se convirti\u00f3 en Buda, naci\u00f3 en Lumbini cuando su madre embarazada, la reina Maya, se encontraba de camino a casa de sus padres. Maya se habr\u00eda agarrado a las ramas de un \u00e1rbol para el parto.<\/p>\n<p>De acuerdo con Coningham, los arque\u00f3logos delimitaron un espacio &#8220;que ha permanecido siempre abierto a los elementos y nunca estuvo cubierto por un techo&#8221;.<\/p>\n<p>Adem\u00e1s, el descubrimiento y an\u00e1lisis de &#8220;ra\u00edces de \u00e1rboles petrificadas muestran que este espacio permaneci\u00f3 abierto a ra\u00edz de un \u00e1rbol que se encontraba all\u00ed originalmente&#8221;, dijo.<\/p>\n<p>De un culto local a una religi\u00f3n mundial<\/p>\n<p>Hasta el presente, la m\u00e1s antigua estructura relativa al budismo en Lumbini databa del siglo III antes de la era cristiana, \u00e9poca en que esta religi\u00f3n se expand\u00eda bajo la protecci\u00f3n del emperador indio Ashoka (304-232 a.C).<\/p>\n<p>Lumbini, situado cerca de la frontera con India, est\u00e1 en la lista del Patrimonio Mundial de la UNESCO y es uno de los centros m\u00e1s importantes de peregrinaje del budismo, frecuentada alrededor de un mill\u00f3n de personas al a\u00f1o.<\/p>\n<p>Se estima que el budismo cuenta con 500 millones de seguidores en todo el mundo.El ministro nepal\u00e9s de Cultura, Ram Kumar Shrestha, dijo que los descubrimientos son &#8220;muy importantes para comprender mejor el sitio de nacimiento de Buda&#8221;.<\/p>\n<p>En una declaraci\u00f3n, la directora general de la UNESCO, Irina Bokova, pidi\u00f3 que se realicen &#8220;m\u00e1s investigaciones arqueol\u00f3gicas, se intensifiquen las tareas de conservaci\u00f3n y se refuerce la administraci\u00f3n del local&#8221; en Lumbini, ya que cada vez atrae a m\u00e1s visitantes.<\/p>\n<p>La UNESCO y el gobierno de Nepal han invitado a Coningham para que se sume a los esfuerzos para proteger Lumbini.Como se trata de un templo en funcionamiento, los arque\u00f3logos se encontraron excavando en medio de monjes en meditaci\u00f3n y peregrinos.<\/p>\n<p>No es inusual que seguidores de una fe hayan construido un lugar de peregrinaci\u00f3n sobre las ruinas de una estructura conectada con otra religi\u00f3n.Pero lo que torna a Lumbini tan especial, dijo Coningham, es la forma en que el santuario de madera se parece a las m\u00faltiples estructuras construidas por encima con el paso del tiempo.<\/p>\n<p><a href=\"https:\/\/blogs.uninter.edu.mx\/difusioncultural\/wp-content\/uploads\/2013\/11\/986290.jpg\"><img fetchpriority=\"high\" decoding=\"async\" src=\"https:\/\/blogs.uninter.edu.mx\/difusioncultural\/wp-content\/uploads\/2013\/11\/986290.jpg?w=300\" alt=\"986290\" width=\"300\" height=\"224\" class=\"alignnone size-medium wp-image-2338\" \/><\/a><\/p>\n<p><a href=\"https:\/\/blogs.uninter.edu.mx\/difusioncultural\/wp-content\/uploads\/2013\/11\/buda_1.jpg\"><img decoding=\"async\" src=\"https:\/\/blogs.uninter.edu.mx\/difusioncultural\/wp-content\/uploads\/2013\/11\/buda_1.jpg?w=209\" alt=\"buda_1\" width=\"209\" height=\"300\" class=\"alignnone size-medium wp-image-2339\" \/><\/a><\/p>\n","protected":false},"excerpt":{"rendered":"<p>El descubrimiento de vestigios una estructura de madera hasta ahora desconocida en el lugar de nacimiento de Buda, en Nepal, permiti\u00f3 datar por primera vez cient\u00edficamente su nacimiento y el del inicio del budismo en el siglo VI antes de la era cristiana. Los estudios realizados debajo del templo Maya Devi, en Lumbini, permitieron descubrir&hellip;<\/p>\n","protected":false},"author":1,"featured_media":0,"comment_status":"open","ping_status":"open","sticky":false,"template":"","format":"standard","meta":{"_jetpack_memberships_contains_paid_content":false,"footnotes":"","jetpack_publicize_message":"","jetpack_publicize_feature_enabled":true,"jetpack_social_post_already_shared":false,"jetpack_social_options":{"image_generator_settings":{"template":"highway","default_image_id":0,"font":"","enabled":false},"version":2}},"categories":[1],"tags":[],"class_list":["post-2337","post","type-post","status-publish","format-standard","hentry","category-sin-categoria"],"yoast_head":"<!-- This site is optimized with the Yoast SEO plugin v26.3 - https:\/\/yoast.com\/wordpress\/plugins\/seo\/ -->\r\n<title>Descubrimiento se\u00f1ala que Buda vivi\u00f3 en el siglo VI A. C. - Difusi\u00f3n Cultural<\/title>\r\n<meta name=\"robots\" content=\"index, follow, max-snippet:-1, max-image-preview:large, max-video-preview:-1\" \/>\r\n<link rel=\"canonical\" href=\"https:\/\/blogs.uninter.edu.mx\/difusioncultural\/?p=2337\" \/>\r\n<meta property=\"og:locale\" content=\"es_MX\" \/>\r\n<meta property=\"og:type\" content=\"article\" \/>\r\n<meta property=\"og:title\" content=\"Descubrimiento se\u00f1ala que Buda vivi\u00f3 en el siglo VI A. C. - Difusi\u00f3n Cultural\" \/>\r\n<meta property=\"og:description\" content=\"El descubrimiento de vestigios una estructura de madera hasta ahora desconocida en el lugar de nacimiento de Buda, en Nepal, permiti\u00f3 datar por primera vez cient\u00edficamente su nacimiento y el del inicio del budismo en el siglo VI antes de la era cristiana. Los estudios realizados debajo del templo Maya Devi, en Lumbini, permitieron descubrir&hellip;\" \/>\r\n<meta property=\"og:url\" content=\"https:\/\/blogs.uninter.edu.mx\/difusioncultural\/?p=2337\" \/>\r\n<meta property=\"og:site_name\" content=\"Difusi\u00f3n Cultural\" \/>\r\n<meta property=\"article:published_time\" content=\"2013-11-26T05:46:11+00:00\" \/>\r\n<meta property=\"og:image\" content=\"https:\/\/blogs.uninter.edu.mx\/difusioncultural\/wp-content\/uploads\/2013\/11\/986290.jpg?w=300\" \/>\r\n<meta name=\"author\" content=\"webmaster\" \/>\r\n<meta name=\"twitter:card\" content=\"summary_large_image\" \/>\r\n<meta name=\"twitter:label1\" content=\"Escrito por\" \/>\n\t<meta name=\"twitter:data1\" content=\"webmaster\" \/>\n\t<meta name=\"twitter:label2\" content=\"Tiempo de lectura\" \/>\n\t<meta name=\"twitter:data2\" content=\"3 minutos\" \/>\r\n<script type=\"application\/ld+json\" class=\"yoast-schema-graph\">{\"@context\":\"https:\/\/schema.org\",\"@graph\":[{\"@type\":\"Article\",\"@id\":\"https:\/\/blogs.uninter.edu.mx\/difusioncultural\/?p=2337#article\",\"isPartOf\":{\"@id\":\"https:\/\/blogs.uninter.edu.mx\/difusioncultural\/?p=2337\"},\"author\":{\"name\":\"webmaster\",\"@id\":\"https:\/\/blogs.uninter.edu.mx\/difusioncultural\/#\/schema\/person\/37a0926f4dd300a814993fd595abdc4a\"},\"headline\":\"Descubrimiento se\u00f1ala que Buda vivi\u00f3 en el siglo VI A. C.\",\"datePublished\":\"2013-11-26T05:46:11+00:00\",\"mainEntityOfPage\":{\"@id\":\"https:\/\/blogs.uninter.edu.mx\/difusioncultural\/?p=2337\"},\"wordCount\":610,\"commentCount\":0,\"publisher\":{\"@id\":\"https:\/\/blogs.uninter.edu.mx\/difusioncultural\/#organization\"},\"image\":{\"@id\":\"https:\/\/blogs.uninter.edu.mx\/difusioncultural\/?p=2337#primaryimage\"},\"thumbnailUrl\":\"https:\/\/blogs.uninter.edu.mx\/difusioncultural\/wp-content\/uploads\/2013\/11\/986290.jpg?w=300\",\"inLanguage\":\"es\",\"potentialAction\":[{\"@type\":\"CommentAction\",\"name\":\"Comment\",\"target\":[\"https:\/\/blogs.uninter.edu.mx\/difusioncultural\/?p=2337#respond\"]}]},{\"@type\":\"WebPage\",\"@id\":\"https:\/\/blogs.uninter.edu.mx\/difusioncultural\/?p=2337\",\"url\":\"https:\/\/blogs.uninter.edu.mx\/difusioncultural\/?p=2337\",\"name\":\"Descubrimiento se\u00f1ala que Buda vivi\u00f3 en el siglo VI A. C. - Difusi\u00f3n Cultural\",\"isPartOf\":{\"@id\":\"https:\/\/blogs.uninter.edu.mx\/difusioncultural\/#website\"},\"primaryImageOfPage\":{\"@id\":\"https:\/\/blogs.uninter.edu.mx\/difusioncultural\/?p=2337#primaryimage\"},\"image\":{\"@id\":\"https:\/\/blogs.uninter.edu.mx\/difusioncultural\/?p=2337#primaryimage\"},\"thumbnailUrl\":\"https:\/\/blogs.uninter.edu.mx\/difusioncultural\/wp-content\/uploads\/2013\/11\/986290.jpg?w=300\",\"datePublished\":\"2013-11-26T05:46:11+00:00\",\"breadcrumb\":{\"@id\":\"https:\/\/blogs.uninter.edu.mx\/difusioncultural\/?p=2337#breadcrumb\"},\"inLanguage\":\"es\",\"potentialAction\":[{\"@type\":\"ReadAction\",\"target\":[\"https:\/\/blogs.uninter.edu.mx\/difusioncultural\/?p=2337\"]}]},{\"@type\":\"ImageObject\",\"inLanguage\":\"es\",\"@id\":\"https:\/\/blogs.uninter.edu.mx\/difusioncultural\/?p=2337#primaryimage\",\"url\":\"https:\/\/blogs.uninter.edu.mx\/difusioncultural\/wp-content\/uploads\/2013\/11\/986290.jpg?w=300\",\"contentUrl\":\"https:\/\/blogs.uninter.edu.mx\/difusioncultural\/wp-content\/uploads\/2013\/11\/986290.jpg?w=300\"},{\"@type\":\"BreadcrumbList\",\"@id\":\"https:\/\/blogs.uninter.edu.mx\/difusioncultural\/?p=2337#breadcrumb\",\"itemListElement\":[{\"@type\":\"ListItem\",\"position\":1,\"name\":\"Inicio\",\"item\":\"https:\/\/blogs.uninter.edu.mx\/difusioncultural\/\"},{\"@type\":\"ListItem\",\"position\":2,\"name\":\"Descubrimiento se\u00f1ala que Buda vivi\u00f3 en el siglo VI A. C.\"}]},{\"@type\":\"WebSite\",\"@id\":\"https:\/\/blogs.uninter.edu.mx\/difusioncultural\/#website\",\"url\":\"https:\/\/blogs.uninter.edu.mx\/difusioncultural\/\",\"name\":\"Difusi\u00f3n Cultural\",\"description\":\"UNINTER\",\"publisher\":{\"@id\":\"https:\/\/blogs.uninter.edu.mx\/difusioncultural\/#organization\"},\"potentialAction\":[{\"@type\":\"SearchAction\",\"target\":{\"@type\":\"EntryPoint\",\"urlTemplate\":\"https:\/\/blogs.uninter.edu.mx\/difusioncultural\/?s={search_term_string}\"},\"query-input\":{\"@type\":\"PropertyValueSpecification\",\"valueRequired\":true,\"valueName\":\"search_term_string\"}}],\"inLanguage\":\"es\"},{\"@type\":\"Organization\",\"@id\":\"https:\/\/blogs.uninter.edu.mx\/difusioncultural\/#organization\",\"name\":\"Difusi\u00f3n Cultural\",\"url\":\"https:\/\/blogs.uninter.edu.mx\/difusioncultural\/\",\"logo\":{\"@type\":\"ImageObject\",\"inLanguage\":\"es\",\"@id\":\"https:\/\/blogs.uninter.edu.mx\/difusioncultural\/#\/schema\/logo\/image\/\",\"url\":\"https:\/\/blogs.uninter.edu.mx\/difusioncultural\/wp-content\/uploads\/2022\/09\/uninter.jpg\",\"contentUrl\":\"https:\/\/blogs.uninter.edu.mx\/difusioncultural\/wp-content\/uploads\/2022\/09\/uninter.jpg\",\"width\":2048,\"height\":2048,\"caption\":\"Difusi\u00f3n Cultural\"},\"image\":{\"@id\":\"https:\/\/blogs.uninter.edu.mx\/difusioncultural\/#\/schema\/logo\/image\/\"}},{\"@type\":\"Person\",\"@id\":\"https:\/\/blogs.uninter.edu.mx\/difusioncultural\/#\/schema\/person\/37a0926f4dd300a814993fd595abdc4a\",\"name\":\"webmaster\",\"image\":{\"@type\":\"ImageObject\",\"inLanguage\":\"es\",\"@id\":\"https:\/\/blogs.uninter.edu.mx\/difusioncultural\/#\/schema\/person\/image\/\",\"url\":\"https:\/\/secure.gravatar.com\/avatar\/a59c276b01147463ef3aab4118e3137ebc5e1ad6700deb39ccdf8b89e517f7dc?s=96&d=mm&r=g\",\"contentUrl\":\"https:\/\/secure.gravatar.com\/avatar\/a59c276b01147463ef3aab4118e3137ebc5e1ad6700deb39ccdf8b89e517f7dc?s=96&d=mm&r=g\",\"caption\":\"webmaster\"},\"sameAs\":[\"https:\/\/blogs.uninter.edu.mx\/difusioncultural\"],\"url\":\"https:\/\/blogs.uninter.edu.mx\/difusioncultural\/?author=1\"}]}<\/script>\r\n<!-- \/ Yoast SEO plugin. -->","yoast_head_json":{"title":"Descubrimiento se\u00f1ala que Buda vivi\u00f3 en el siglo VI A. C. - Difusi\u00f3n Cultural","robots":{"index":"index","follow":"follow","max-snippet":"max-snippet:-1","max-image-preview":"max-image-preview:large","max-video-preview":"max-video-preview:-1"},"canonical":"https:\/\/blogs.uninter.edu.mx\/difusioncultural\/?p=2337","og_locale":"es_MX","og_type":"article","og_title":"Descubrimiento se\u00f1ala que Buda vivi\u00f3 en el siglo VI A. C. - Difusi\u00f3n Cultural","og_description":"El descubrimiento de vestigios una estructura de madera hasta ahora desconocida en el lugar de nacimiento de Buda, en Nepal, permiti\u00f3 datar por primera vez cient\u00edficamente su nacimiento y el del inicio del budismo en el siglo VI antes de la era cristiana. Los estudios realizados debajo del templo Maya Devi, en Lumbini, permitieron descubrir&hellip;","og_url":"https:\/\/blogs.uninter.edu.mx\/difusioncultural\/?p=2337","og_site_name":"Difusi\u00f3n Cultural","article_published_time":"2013-11-26T05:46:11+00:00","og_image":[{"url":"https:\/\/blogs.uninter.edu.mx\/difusioncultural\/wp-content\/uploads\/2013\/11\/986290.jpg?w=300","type":"","width":"","height":""}],"author":"webmaster","twitter_card":"summary_large_image","twitter_misc":{"Escrito por":"webmaster","Tiempo de lectura":"3 minutos"},"schema":{"@context":"https:\/\/schema.org","@graph":[{"@type":"Article","@id":"https:\/\/blogs.uninter.edu.mx\/difusioncultural\/?p=2337#article","isPartOf":{"@id":"https:\/\/blogs.uninter.edu.mx\/difusioncultural\/?p=2337"},"author":{"name":"webmaster","@id":"https:\/\/blogs.uninter.edu.mx\/difusioncultural\/#\/schema\/person\/37a0926f4dd300a814993fd595abdc4a"},"headline":"Descubrimiento se\u00f1ala que Buda vivi\u00f3 en el siglo VI A. C.","datePublished":"2013-11-26T05:46:11+00:00","mainEntityOfPage":{"@id":"https:\/\/blogs.uninter.edu.mx\/difusioncultural\/?p=2337"},"wordCount":610,"commentCount":0,"publisher":{"@id":"https:\/\/blogs.uninter.edu.mx\/difusioncultural\/#organization"},"image":{"@id":"https:\/\/blogs.uninter.edu.mx\/difusioncultural\/?p=2337#primaryimage"},"thumbnailUrl":"https:\/\/blogs.uninter.edu.mx\/difusioncultural\/wp-content\/uploads\/2013\/11\/986290.jpg?w=300","inLanguage":"es","potentialAction":[{"@type":"CommentAction","name":"Comment","target":["https:\/\/blogs.uninter.edu.mx\/difusioncultural\/?p=2337#respond"]}]},{"@type":"WebPage","@id":"https:\/\/blogs.uninter.edu.mx\/difusioncultural\/?p=2337","url":"https:\/\/blogs.uninter.edu.mx\/difusioncultural\/?p=2337","name":"Descubrimiento se\u00f1ala que Buda vivi\u00f3 en el siglo VI A. C. - Difusi\u00f3n Cultural","isPartOf":{"@id":"https:\/\/blogs.uninter.edu.mx\/difusioncultural\/#website"},"primaryImageOfPage":{"@id":"https:\/\/blogs.uninter.edu.mx\/difusioncultural\/?p=2337#primaryimage"},"image":{"@id":"https:\/\/blogs.uninter.edu.mx\/difusioncultural\/?p=2337#primaryimage"},"thumbnailUrl":"https:\/\/blogs.uninter.edu.mx\/difusioncultural\/wp-content\/uploads\/2013\/11\/986290.jpg?w=300","datePublished":"2013-11-26T05:46:11+00:00","breadcrumb":{"@id":"https:\/\/blogs.uninter.edu.mx\/difusioncultural\/?p=2337#breadcrumb"},"inLanguage":"es","potentialAction":[{"@type":"ReadAction","target":["https:\/\/blogs.uninter.edu.mx\/difusioncultural\/?p=2337"]}]},{"@type":"ImageObject","inLanguage":"es","@id":"https:\/\/blogs.uninter.edu.mx\/difusioncultural\/?p=2337#primaryimage","url":"https:\/\/blogs.uninter.edu.mx\/difusioncultural\/wp-content\/uploads\/2013\/11\/986290.jpg?w=300","contentUrl":"https:\/\/blogs.uninter.edu.mx\/difusioncultural\/wp-content\/uploads\/2013\/11\/986290.jpg?w=300"},{"@type":"BreadcrumbList","@id":"https:\/\/blogs.uninter.edu.mx\/difusioncultural\/?p=2337#breadcrumb","itemListElement":[{"@type":"ListItem","position":1,"name":"Inicio","item":"https:\/\/blogs.uninter.edu.mx\/difusioncultural\/"},{"@type":"ListItem","position":2,"name":"Descubrimiento se\u00f1ala que Buda vivi\u00f3 en el siglo VI A. C."}]},{"@type":"WebSite","@id":"https:\/\/blogs.uninter.edu.mx\/difusioncultural\/#website","url":"https:\/\/blogs.uninter.edu.mx\/difusioncultural\/","name":"Difusi\u00f3n Cultural","description":"UNINTER","publisher":{"@id":"https:\/\/blogs.uninter.edu.mx\/difusioncultural\/#organization"},"potentialAction":[{"@type":"SearchAction","target":{"@type":"EntryPoint","urlTemplate":"https:\/\/blogs.uninter.edu.mx\/difusioncultural\/?s={search_term_string}"},"query-input":{"@type":"PropertyValueSpecification","valueRequired":true,"valueName":"search_term_string"}}],"inLanguage":"es"},{"@type":"Organization","@id":"https:\/\/blogs.uninter.edu.mx\/difusioncultural\/#organization","name":"Difusi\u00f3n Cultural","url":"https:\/\/blogs.uninter.edu.mx\/difusioncultural\/","logo":{"@type":"ImageObject","inLanguage":"es","@id":"https:\/\/blogs.uninter.edu.mx\/difusioncultural\/#\/schema\/logo\/image\/","url":"https:\/\/blogs.uninter.edu.mx\/difusioncultural\/wp-content\/uploads\/2022\/09\/uninter.jpg","contentUrl":"https:\/\/blogs.uninter.edu.mx\/difusioncultural\/wp-content\/uploads\/2022\/09\/uninter.jpg","width":2048,"height":2048,"caption":"Difusi\u00f3n Cultural"},"image":{"@id":"https:\/\/blogs.uninter.edu.mx\/difusioncultural\/#\/schema\/logo\/image\/"}},{"@type":"Person","@id":"https:\/\/blogs.uninter.edu.mx\/difusioncultural\/#\/schema\/person\/37a0926f4dd300a814993fd595abdc4a","name":"webmaster","image":{"@type":"ImageObject","inLanguage":"es","@id":"https:\/\/blogs.uninter.edu.mx\/difusioncultural\/#\/schema\/person\/image\/","url":"https:\/\/secure.gravatar.com\/avatar\/a59c276b01147463ef3aab4118e3137ebc5e1ad6700deb39ccdf8b89e517f7dc?s=96&d=mm&r=g","contentUrl":"https:\/\/secure.gravatar.com\/avatar\/a59c276b01147463ef3aab4118e3137ebc5e1ad6700deb39ccdf8b89e517f7dc?s=96&d=mm&r=g","caption":"webmaster"},"sameAs":["https:\/\/blogs.uninter.edu.mx\/difusioncultural"],"url":"https:\/\/blogs.uninter.edu.mx\/difusioncultural\/?author=1"}]}},"jetpack_publicize_connections":[],"jetpack_featured_media_url":"","jetpack_sharing_enabled":true,"_links":{"self":[{"href":"https:\/\/blogs.uninter.edu.mx\/difusioncultural\/index.php?rest_route=\/wp\/v2\/posts\/2337","targetHints":{"allow":["GET"]}}],"collection":[{"href":"https:\/\/blogs.uninter.edu.mx\/difusioncultural\/index.php?rest_route=\/wp\/v2\/posts"}],"about":[{"href":"https:\/\/blogs.uninter.edu.mx\/difusioncultural\/index.php?rest_route=\/wp\/v2\/types\/post"}],"author":[{"embeddable":true,"href":"https:\/\/blogs.uninter.edu.mx\/difusioncultural\/index.php?rest_route=\/wp\/v2\/users\/1"}],"replies":[{"embeddable":true,"href":"https:\/\/blogs.uninter.edu.mx\/difusioncultural\/index.php?rest_route=%2Fwp%2Fv2%2Fcomments&post=2337"}],"version-history":[{"count":0,"href":"https:\/\/blogs.uninter.edu.mx\/difusioncultural\/index.php?rest_route=\/wp\/v2\/posts\/2337\/revisions"}],"wp:attachment":[{"href":"https:\/\/blogs.uninter.edu.mx\/difusioncultural\/index.php?rest_route=%2Fwp%2Fv2%2Fmedia&parent=2337"}],"wp:term":[{"taxonomy":"category","embeddable":true,"href":"https:\/\/blogs.uninter.edu.mx\/difusioncultural\/index.php?rest_route=%2Fwp%2Fv2%2Fcategories&post=2337"},{"taxonomy":"post_tag","embeddable":true,"href":"https:\/\/blogs.uninter.edu.mx\/difusioncultural\/index.php?rest_route=%2Fwp%2Fv2%2Ftags&post=2337"}],"curies":[{"name":"wp","href":"https:\/\/api.w.org\/{rel}","templated":true}]}}