{"id":2348,"date":"2013-11-27T03:45:42","date_gmt":"2013-11-27T03:45:42","guid":{"rendered":"http:\/\/difusionculturaluninter.wordpress.com\/?p=2348"},"modified":"2013-11-27T03:45:42","modified_gmt":"2013-11-27T03:45:42","slug":"27-de-noviembre-nacimiento-del-cantautor-jimi-hendrix","status":"publish","type":"post","link":"https:\/\/blogs.uninter.edu.mx\/difusioncultural\/?p=2348","title":{"rendered":"27 de noviembre nacimiento del cantautor Jimi Hendrix"},"content":{"rendered":"<p>Un d\u00eda como hoy pero de 1942 a 71 a\u00f1os del nacimiento del cantautor estadunidense Jimi Hendrix, quien revolucion\u00f3 el uso de la guitarra en el rock, ser\u00e1 recordado con un concierto homenaje en Lima, Per\u00fa, adem\u00e1s de que un canal de televisi\u00f3n estren\u00f3 recientemente un documental sobre su vida.<\/p>\n<p>Dirigido por Bob Smeaton, el hombre detr\u00e1s de otros documentales musicales, en \u201cHear my train comin\u201d se reconstruye la historia de Jimi Hendrix a trav\u00e9s de entrevistas, testimonios de sus allegados e ingentes cantidades de material audiovisual que incluyen, entre otras joyas, videos caseros grabados por el propio m\u00fasico.<\/p>\n<p>James Marshall Hendrix, nombre real del m\u00fasico, naci\u00f3 en Seattle el 27 de noviembre de 1942. Su infancia la vivi\u00f3 con su abuela y con su padre, tras la separaci\u00f3n de sus progenitores.<\/p>\n<p>A los 11 a\u00f1os aprendi\u00f3 a tocar la primera guitarra ac\u00fastica que le regal\u00f3 su padre, quien tambi\u00e9n en 1959 le compr\u00f3 otra, pero ahora el\u00e9ctrica. Para 1962 comenz\u00f3 a actuar en p\u00fablico con el grupo King Casuals, con el que tuvo un relativo \u00e9xito y fue contratado por Little Richard.A partir de 1965 form\u00f3 su propia banda llamada Jimmy James and the Blue Flames, con la que se suceder\u00edan los \u00e9xitos y el trabajo sin descanso.<\/p>\n<p>Chas Chandler, bajista del grupo The Animals, se convirti\u00f3 en su representante y lo convenci\u00f3 en 1966 de ir a Londres, donde hab\u00eda entonces un gran movimiento musical, juntos crearon el grupo The Jimi Hendrix Experience, con Mitch Mitchell, en la bater\u00eda, y Noel Ridding, en el bajo.<\/p>\n<p>Para 1967, en el Festival Pop de Monterrey, el m\u00fasico realiz\u00f3 una actuaci\u00f3n estelar, con quema de guitarra incluida. Dos a\u00f1os despu\u00e9s intervino en diversos encuentros musicales como Newport y Woodstock Music &amp; Art Fair, en los que prendi\u00f3 fuego a su guitarra, arrodill\u00e1ndose ante ella y levantando los brazos como si estuviera en trance.<br \/>\nEn 1969 se disolvi\u00f3 el grupo The Jimi Hendrix Experience, y comenz\u00f3 a actuar en solitario. Colabor\u00f3 con otros artistas de la talla de Sam Cooke, Ike &amp; Tina Turner o los Isley Brothers, a los que aport\u00f3 su genial chispa.<\/p>\n<p>El Festival de Woodstock de 1969 fue uno de los eventos m\u00e1s representativos por el ingenio colectivo acarreado a la m\u00fasica de los 60, y al movimiento flower power. En este contexto, la actuaci\u00f3n de Jimi Hendrix se convirti\u00f3 en un s\u00edmbolo del festival, adem\u00e1s del pensamiento pacifista de aquellos a\u00f1os.<\/p>\n<p>Hendrix era musicalmente emp\u00edrico, esto significa que no ten\u00eda estudios cl\u00e1sicos serios sobre teor\u00eda musical. Sin embargo, esto no fue impedimento para lograr generar una musicalidad muy aleg\u00f3rica llena de expresiones org\u00e1nicas.Fue un usuario innovador de t\u00e9cnicas auditivas ejemplificando el poder\u00edo del feedback y el tr\u00e9molo, logrando \u201criffs\u201d hipn\u00f3ticos llenos de poder y fuerza.<\/p>\n<p>En una encuesta realizada en 2009 por la p\u00e1gina especializada brit\u00e1nica \u201cMusic Radar\u201d, se eligi\u00f3 a Jimi Hendrix por el mejor \u201criff\u201d en la historia de la m\u00fasica, por su canci\u00f3n \u201cVoodoo child\u201d, superando a otras bandas de renombre como The Beatles, Rolling Stones, Metallica, AC\/DC, Guns N\u201d Roses, Led Zeppelin y Deep Purple, entre otras.<\/p>\n<p>Hendrix falleci\u00f3 el 18 de septiembre de 1970 bajo circunstancias que a\u00fan no han podido ser completamente explicadas. Tambi\u00e9n se considera a un miembro del llamado \u201cClub de los 27\u2033, al igual que otros m\u00fasicos, muri\u00f3 a la edad de 27.<\/p>\n<p>El a\u00f1o pasado se realiz\u00f3 una muestra de obras creadas por el guitarrista, la cual se exhibi\u00f3 en el Hard Rock Caf\u00e9 de Barcelona en Espa\u00f1a junto a otras creaciones de John Lennon, Michael Jackson, Jim Morrison, Elton John y Joaqu\u00edn Sabina, entre otros. Sin duda un gran m\u00fasico que ser\u00e1 recordado siempre por su magnifica forma de tocar la guitarra.<\/p>\n<p><a href=\"https:\/\/blogs.uninter.edu.mx\/difusioncultural\/wp-content\/uploads\/2013\/11\/descarga.jpg\"><img fetchpriority=\"high\" decoding=\"async\" src=\"https:\/\/blogs.uninter.edu.mx\/difusioncultural\/wp-content\/uploads\/2013\/11\/descarga.jpg\" alt=\"descarga\" width=\"191\" height=\"263\" class=\"alignnone size-full wp-image-2344\" \/><\/a><\/p>\n","protected":false},"excerpt":{"rendered":"<p>Un d\u00eda como hoy pero de 1942 a 71 a\u00f1os del nacimiento del cantautor estadunidense Jimi Hendrix, quien revolucion\u00f3 el uso de la guitarra en el rock, ser\u00e1 recordado con un concierto homenaje en Lima, Per\u00fa, adem\u00e1s de que un canal de televisi\u00f3n estren\u00f3 recientemente un documental sobre su vida. Dirigido por Bob Smeaton, el&hellip;<\/p>\n","protected":false},"author":1,"featured_media":0,"comment_status":"open","ping_status":"open","sticky":false,"template":"","format":"standard","meta":{"_jetpack_memberships_contains_paid_content":false,"footnotes":"","jetpack_publicize_message":"","jetpack_publicize_feature_enabled":true,"jetpack_social_post_already_shared":false,"jetpack_social_options":{"image_generator_settings":{"template":"highway","default_image_id":0,"font":"","enabled":false},"version":2}},"categories":[1],"tags":[],"class_list":["post-2348","post","type-post","status-publish","format-standard","hentry","category-sin-categoria"],"yoast_head":"<!-- This site is optimized with the Yoast SEO plugin v26.3 - https:\/\/yoast.com\/wordpress\/plugins\/seo\/ -->\r\n<title>27 de noviembre nacimiento del cantautor Jimi Hendrix - Difusi\u00f3n Cultural<\/title>\r\n<meta name=\"robots\" content=\"index, follow, max-snippet:-1, max-image-preview:large, max-video-preview:-1\" \/>\r\n<link rel=\"canonical\" href=\"https:\/\/blogs.uninter.edu.mx\/difusioncultural\/?p=2348\" \/>\r\n<meta property=\"og:locale\" content=\"es_MX\" \/>\r\n<meta property=\"og:type\" content=\"article\" \/>\r\n<meta property=\"og:title\" content=\"27 de noviembre nacimiento del cantautor Jimi Hendrix - Difusi\u00f3n Cultural\" \/>\r\n<meta property=\"og:description\" content=\"Un d\u00eda como hoy pero de 1942 a 71 a\u00f1os del nacimiento del cantautor estadunidense Jimi Hendrix, quien revolucion\u00f3 el uso de la guitarra en el rock, ser\u00e1 recordado con un concierto homenaje en Lima, Per\u00fa, adem\u00e1s de que un canal de televisi\u00f3n estren\u00f3 recientemente un documental sobre su vida. Dirigido por Bob Smeaton, el&hellip;\" \/>\r\n<meta property=\"og:url\" content=\"https:\/\/blogs.uninter.edu.mx\/difusioncultural\/?p=2348\" \/>\r\n<meta property=\"og:site_name\" content=\"Difusi\u00f3n Cultural\" \/>\r\n<meta property=\"article:published_time\" content=\"2013-11-27T03:45:42+00:00\" \/>\r\n<meta property=\"og:image\" content=\"https:\/\/blogs.uninter.edu.mx\/difusioncultural\/wp-content\/uploads\/2013\/11\/descarga.jpg\" \/>\r\n<meta name=\"author\" content=\"webmaster\" \/>\r\n<meta name=\"twitter:card\" content=\"summary_large_image\" \/>\r\n<meta name=\"twitter:label1\" content=\"Escrito por\" \/>\n\t<meta name=\"twitter:data1\" content=\"webmaster\" \/>\n\t<meta name=\"twitter:label2\" content=\"Tiempo de lectura\" \/>\n\t<meta name=\"twitter:data2\" content=\"3 minutos\" \/>\r\n<script type=\"application\/ld+json\" class=\"yoast-schema-graph\">{\"@context\":\"https:\/\/schema.org\",\"@graph\":[{\"@type\":\"Article\",\"@id\":\"https:\/\/blogs.uninter.edu.mx\/difusioncultural\/?p=2348#article\",\"isPartOf\":{\"@id\":\"https:\/\/blogs.uninter.edu.mx\/difusioncultural\/?p=2348\"},\"author\":{\"name\":\"webmaster\",\"@id\":\"https:\/\/blogs.uninter.edu.mx\/difusioncultural\/#\/schema\/person\/37a0926f4dd300a814993fd595abdc4a\"},\"headline\":\"27 de noviembre nacimiento del cantautor Jimi Hendrix\",\"datePublished\":\"2013-11-27T03:45:42+00:00\",\"mainEntityOfPage\":{\"@id\":\"https:\/\/blogs.uninter.edu.mx\/difusioncultural\/?p=2348\"},\"wordCount\":657,\"commentCount\":0,\"publisher\":{\"@id\":\"https:\/\/blogs.uninter.edu.mx\/difusioncultural\/#organization\"},\"image\":{\"@id\":\"https:\/\/blogs.uninter.edu.mx\/difusioncultural\/?p=2348#primaryimage\"},\"thumbnailUrl\":\"https:\/\/blogs.uninter.edu.mx\/difusioncultural\/wp-content\/uploads\/2013\/11\/descarga.jpg\",\"inLanguage\":\"es\",\"potentialAction\":[{\"@type\":\"CommentAction\",\"name\":\"Comment\",\"target\":[\"https:\/\/blogs.uninter.edu.mx\/difusioncultural\/?p=2348#respond\"]}]},{\"@type\":\"WebPage\",\"@id\":\"https:\/\/blogs.uninter.edu.mx\/difusioncultural\/?p=2348\",\"url\":\"https:\/\/blogs.uninter.edu.mx\/difusioncultural\/?p=2348\",\"name\":\"27 de noviembre nacimiento del cantautor Jimi Hendrix - Difusi\u00f3n Cultural\",\"isPartOf\":{\"@id\":\"https:\/\/blogs.uninter.edu.mx\/difusioncultural\/#website\"},\"primaryImageOfPage\":{\"@id\":\"https:\/\/blogs.uninter.edu.mx\/difusioncultural\/?p=2348#primaryimage\"},\"image\":{\"@id\":\"https:\/\/blogs.uninter.edu.mx\/difusioncultural\/?p=2348#primaryimage\"},\"thumbnailUrl\":\"https:\/\/blogs.uninter.edu.mx\/difusioncultural\/wp-content\/uploads\/2013\/11\/descarga.jpg\",\"datePublished\":\"2013-11-27T03:45:42+00:00\",\"breadcrumb\":{\"@id\":\"https:\/\/blogs.uninter.edu.mx\/difusioncultural\/?p=2348#breadcrumb\"},\"inLanguage\":\"es\",\"potentialAction\":[{\"@type\":\"ReadAction\",\"target\":[\"https:\/\/blogs.uninter.edu.mx\/difusioncultural\/?p=2348\"]}]},{\"@type\":\"ImageObject\",\"inLanguage\":\"es\",\"@id\":\"https:\/\/blogs.uninter.edu.mx\/difusioncultural\/?p=2348#primaryimage\",\"url\":\"https:\/\/blogs.uninter.edu.mx\/difusioncultural\/wp-content\/uploads\/2013\/11\/descarga.jpg\",\"contentUrl\":\"https:\/\/blogs.uninter.edu.mx\/difusioncultural\/wp-content\/uploads\/2013\/11\/descarga.jpg\",\"width\":191,\"height\":263},{\"@type\":\"BreadcrumbList\",\"@id\":\"https:\/\/blogs.uninter.edu.mx\/difusioncultural\/?p=2348#breadcrumb\",\"itemListElement\":[{\"@type\":\"ListItem\",\"position\":1,\"name\":\"Inicio\",\"item\":\"https:\/\/blogs.uninter.edu.mx\/difusioncultural\/\"},{\"@type\":\"ListItem\",\"position\":2,\"name\":\"27 de noviembre nacimiento del cantautor Jimi Hendrix\"}]},{\"@type\":\"WebSite\",\"@id\":\"https:\/\/blogs.uninter.edu.mx\/difusioncultural\/#website\",\"url\":\"https:\/\/blogs.uninter.edu.mx\/difusioncultural\/\",\"name\":\"Difusi\u00f3n Cultural\",\"description\":\"UNINTER\",\"publisher\":{\"@id\":\"https:\/\/blogs.uninter.edu.mx\/difusioncultural\/#organization\"},\"potentialAction\":[{\"@type\":\"SearchAction\",\"target\":{\"@type\":\"EntryPoint\",\"urlTemplate\":\"https:\/\/blogs.uninter.edu.mx\/difusioncultural\/?s={search_term_string}\"},\"query-input\":{\"@type\":\"PropertyValueSpecification\",\"valueRequired\":true,\"valueName\":\"search_term_string\"}}],\"inLanguage\":\"es\"},{\"@type\":\"Organization\",\"@id\":\"https:\/\/blogs.uninter.edu.mx\/difusioncultural\/#organization\",\"name\":\"Difusi\u00f3n Cultural\",\"url\":\"https:\/\/blogs.uninter.edu.mx\/difusioncultural\/\",\"logo\":{\"@type\":\"ImageObject\",\"inLanguage\":\"es\",\"@id\":\"https:\/\/blogs.uninter.edu.mx\/difusioncultural\/#\/schema\/logo\/image\/\",\"url\":\"https:\/\/blogs.uninter.edu.mx\/difusioncultural\/wp-content\/uploads\/2022\/09\/uninter.jpg\",\"contentUrl\":\"https:\/\/blogs.uninter.edu.mx\/difusioncultural\/wp-content\/uploads\/2022\/09\/uninter.jpg\",\"width\":2048,\"height\":2048,\"caption\":\"Difusi\u00f3n Cultural\"},\"image\":{\"@id\":\"https:\/\/blogs.uninter.edu.mx\/difusioncultural\/#\/schema\/logo\/image\/\"}},{\"@type\":\"Person\",\"@id\":\"https:\/\/blogs.uninter.edu.mx\/difusioncultural\/#\/schema\/person\/37a0926f4dd300a814993fd595abdc4a\",\"name\":\"webmaster\",\"image\":{\"@type\":\"ImageObject\",\"inLanguage\":\"es\",\"@id\":\"https:\/\/blogs.uninter.edu.mx\/difusioncultural\/#\/schema\/person\/image\/\",\"url\":\"https:\/\/secure.gravatar.com\/avatar\/a59c276b01147463ef3aab4118e3137ebc5e1ad6700deb39ccdf8b89e517f7dc?s=96&d=mm&r=g\",\"contentUrl\":\"https:\/\/secure.gravatar.com\/avatar\/a59c276b01147463ef3aab4118e3137ebc5e1ad6700deb39ccdf8b89e517f7dc?s=96&d=mm&r=g\",\"caption\":\"webmaster\"},\"sameAs\":[\"https:\/\/blogs.uninter.edu.mx\/difusioncultural\"],\"url\":\"https:\/\/blogs.uninter.edu.mx\/difusioncultural\/?author=1\"}]}<\/script>\r\n<!-- \/ Yoast SEO plugin. -->","yoast_head_json":{"title":"27 de noviembre nacimiento del cantautor Jimi Hendrix - Difusi\u00f3n Cultural","robots":{"index":"index","follow":"follow","max-snippet":"max-snippet:-1","max-image-preview":"max-image-preview:large","max-video-preview":"max-video-preview:-1"},"canonical":"https:\/\/blogs.uninter.edu.mx\/difusioncultural\/?p=2348","og_locale":"es_MX","og_type":"article","og_title":"27 de noviembre nacimiento del cantautor Jimi Hendrix - Difusi\u00f3n Cultural","og_description":"Un d\u00eda como hoy pero de 1942 a 71 a\u00f1os del nacimiento del cantautor estadunidense Jimi Hendrix, quien revolucion\u00f3 el uso de la guitarra en el rock, ser\u00e1 recordado con un concierto homenaje en Lima, Per\u00fa, adem\u00e1s de que un canal de televisi\u00f3n estren\u00f3 recientemente un documental sobre su vida. Dirigido por Bob Smeaton, el&hellip;","og_url":"https:\/\/blogs.uninter.edu.mx\/difusioncultural\/?p=2348","og_site_name":"Difusi\u00f3n Cultural","article_published_time":"2013-11-27T03:45:42+00:00","og_image":[{"url":"https:\/\/blogs.uninter.edu.mx\/difusioncultural\/wp-content\/uploads\/2013\/11\/descarga.jpg","type":"","width":"","height":""}],"author":"webmaster","twitter_card":"summary_large_image","twitter_misc":{"Escrito por":"webmaster","Tiempo de lectura":"3 minutos"},"schema":{"@context":"https:\/\/schema.org","@graph":[{"@type":"Article","@id":"https:\/\/blogs.uninter.edu.mx\/difusioncultural\/?p=2348#article","isPartOf":{"@id":"https:\/\/blogs.uninter.edu.mx\/difusioncultural\/?p=2348"},"author":{"name":"webmaster","@id":"https:\/\/blogs.uninter.edu.mx\/difusioncultural\/#\/schema\/person\/37a0926f4dd300a814993fd595abdc4a"},"headline":"27 de noviembre nacimiento del cantautor Jimi Hendrix","datePublished":"2013-11-27T03:45:42+00:00","mainEntityOfPage":{"@id":"https:\/\/blogs.uninter.edu.mx\/difusioncultural\/?p=2348"},"wordCount":657,"commentCount":0,"publisher":{"@id":"https:\/\/blogs.uninter.edu.mx\/difusioncultural\/#organization"},"image":{"@id":"https:\/\/blogs.uninter.edu.mx\/difusioncultural\/?p=2348#primaryimage"},"thumbnailUrl":"https:\/\/blogs.uninter.edu.mx\/difusioncultural\/wp-content\/uploads\/2013\/11\/descarga.jpg","inLanguage":"es","potentialAction":[{"@type":"CommentAction","name":"Comment","target":["https:\/\/blogs.uninter.edu.mx\/difusioncultural\/?p=2348#respond"]}]},{"@type":"WebPage","@id":"https:\/\/blogs.uninter.edu.mx\/difusioncultural\/?p=2348","url":"https:\/\/blogs.uninter.edu.mx\/difusioncultural\/?p=2348","name":"27 de noviembre nacimiento del cantautor Jimi Hendrix - Difusi\u00f3n Cultural","isPartOf":{"@id":"https:\/\/blogs.uninter.edu.mx\/difusioncultural\/#website"},"primaryImageOfPage":{"@id":"https:\/\/blogs.uninter.edu.mx\/difusioncultural\/?p=2348#primaryimage"},"image":{"@id":"https:\/\/blogs.uninter.edu.mx\/difusioncultural\/?p=2348#primaryimage"},"thumbnailUrl":"https:\/\/blogs.uninter.edu.mx\/difusioncultural\/wp-content\/uploads\/2013\/11\/descarga.jpg","datePublished":"2013-11-27T03:45:42+00:00","breadcrumb":{"@id":"https:\/\/blogs.uninter.edu.mx\/difusioncultural\/?p=2348#breadcrumb"},"inLanguage":"es","potentialAction":[{"@type":"ReadAction","target":["https:\/\/blogs.uninter.edu.mx\/difusioncultural\/?p=2348"]}]},{"@type":"ImageObject","inLanguage":"es","@id":"https:\/\/blogs.uninter.edu.mx\/difusioncultural\/?p=2348#primaryimage","url":"https:\/\/blogs.uninter.edu.mx\/difusioncultural\/wp-content\/uploads\/2013\/11\/descarga.jpg","contentUrl":"https:\/\/blogs.uninter.edu.mx\/difusioncultural\/wp-content\/uploads\/2013\/11\/descarga.jpg","width":191,"height":263},{"@type":"BreadcrumbList","@id":"https:\/\/blogs.uninter.edu.mx\/difusioncultural\/?p=2348#breadcrumb","itemListElement":[{"@type":"ListItem","position":1,"name":"Inicio","item":"https:\/\/blogs.uninter.edu.mx\/difusioncultural\/"},{"@type":"ListItem","position":2,"name":"27 de noviembre nacimiento del cantautor Jimi Hendrix"}]},{"@type":"WebSite","@id":"https:\/\/blogs.uninter.edu.mx\/difusioncultural\/#website","url":"https:\/\/blogs.uninter.edu.mx\/difusioncultural\/","name":"Difusi\u00f3n Cultural","description":"UNINTER","publisher":{"@id":"https:\/\/blogs.uninter.edu.mx\/difusioncultural\/#organization"},"potentialAction":[{"@type":"SearchAction","target":{"@type":"EntryPoint","urlTemplate":"https:\/\/blogs.uninter.edu.mx\/difusioncultural\/?s={search_term_string}"},"query-input":{"@type":"PropertyValueSpecification","valueRequired":true,"valueName":"search_term_string"}}],"inLanguage":"es"},{"@type":"Organization","@id":"https:\/\/blogs.uninter.edu.mx\/difusioncultural\/#organization","name":"Difusi\u00f3n Cultural","url":"https:\/\/blogs.uninter.edu.mx\/difusioncultural\/","logo":{"@type":"ImageObject","inLanguage":"es","@id":"https:\/\/blogs.uninter.edu.mx\/difusioncultural\/#\/schema\/logo\/image\/","url":"https:\/\/blogs.uninter.edu.mx\/difusioncultural\/wp-content\/uploads\/2022\/09\/uninter.jpg","contentUrl":"https:\/\/blogs.uninter.edu.mx\/difusioncultural\/wp-content\/uploads\/2022\/09\/uninter.jpg","width":2048,"height":2048,"caption":"Difusi\u00f3n Cultural"},"image":{"@id":"https:\/\/blogs.uninter.edu.mx\/difusioncultural\/#\/schema\/logo\/image\/"}},{"@type":"Person","@id":"https:\/\/blogs.uninter.edu.mx\/difusioncultural\/#\/schema\/person\/37a0926f4dd300a814993fd595abdc4a","name":"webmaster","image":{"@type":"ImageObject","inLanguage":"es","@id":"https:\/\/blogs.uninter.edu.mx\/difusioncultural\/#\/schema\/person\/image\/","url":"https:\/\/secure.gravatar.com\/avatar\/a59c276b01147463ef3aab4118e3137ebc5e1ad6700deb39ccdf8b89e517f7dc?s=96&d=mm&r=g","contentUrl":"https:\/\/secure.gravatar.com\/avatar\/a59c276b01147463ef3aab4118e3137ebc5e1ad6700deb39ccdf8b89e517f7dc?s=96&d=mm&r=g","caption":"webmaster"},"sameAs":["https:\/\/blogs.uninter.edu.mx\/difusioncultural"],"url":"https:\/\/blogs.uninter.edu.mx\/difusioncultural\/?author=1"}]}},"jetpack_publicize_connections":[],"jetpack_featured_media_url":"","jetpack_sharing_enabled":true,"_links":{"self":[{"href":"https:\/\/blogs.uninter.edu.mx\/difusioncultural\/index.php?rest_route=\/wp\/v2\/posts\/2348","targetHints":{"allow":["GET"]}}],"collection":[{"href":"https:\/\/blogs.uninter.edu.mx\/difusioncultural\/index.php?rest_route=\/wp\/v2\/posts"}],"about":[{"href":"https:\/\/blogs.uninter.edu.mx\/difusioncultural\/index.php?rest_route=\/wp\/v2\/types\/post"}],"author":[{"embeddable":true,"href":"https:\/\/blogs.uninter.edu.mx\/difusioncultural\/index.php?rest_route=\/wp\/v2\/users\/1"}],"replies":[{"embeddable":true,"href":"https:\/\/blogs.uninter.edu.mx\/difusioncultural\/index.php?rest_route=%2Fwp%2Fv2%2Fcomments&post=2348"}],"version-history":[{"count":0,"href":"https:\/\/blogs.uninter.edu.mx\/difusioncultural\/index.php?rest_route=\/wp\/v2\/posts\/2348\/revisions"}],"wp:attachment":[{"href":"https:\/\/blogs.uninter.edu.mx\/difusioncultural\/index.php?rest_route=%2Fwp%2Fv2%2Fmedia&parent=2348"}],"wp:term":[{"taxonomy":"category","embeddable":true,"href":"https:\/\/blogs.uninter.edu.mx\/difusioncultural\/index.php?rest_route=%2Fwp%2Fv2%2Fcategories&post=2348"},{"taxonomy":"post_tag","embeddable":true,"href":"https:\/\/blogs.uninter.edu.mx\/difusioncultural\/index.php?rest_route=%2Fwp%2Fv2%2Ftags&post=2348"}],"curies":[{"name":"wp","href":"https:\/\/api.w.org\/{rel}","templated":true}]}}