{"id":2397,"date":"2013-12-07T05:12:10","date_gmt":"2013-12-07T05:12:10","guid":{"rendered":"http:\/\/difusionculturaluninter.wordpress.com\/?p=2397"},"modified":"2013-12-07T05:12:10","modified_gmt":"2013-12-07T05:12:10","slug":"entregan-honoris-causa-a-fernando-del-paso","status":"publish","type":"post","link":"https:\/\/blogs.uninter.edu.mx\/difusioncultural\/?p=2397","title":{"rendered":"Entregan Honoris Causa a Fernando del Paso"},"content":{"rendered":"<p>Convaleciente de operaci\u00f3n quir\u00fargica y enfermedad, con enfermera atenta a auxiliarlo, el escritor Fernando del Paso, recibi\u00f3 este jueves al mediod\u00eda el doctor Honoris Causa de la Universidad de Guadalajara (UdeG) y dijo que \u201ccomo doctor estoy decidido a curar los pendientes de la literatura y la historia\u201d.<\/p>\n<p>Pero advirti\u00f3 que esa labor la realizar\u00e1 junto con los j\u00f3venes \u201cque son los \u00fanicos que pueden crear una sociedad m\u00e1s justa y equilibrada\u201d a trav\u00e9s de un discurso que ley\u00f3 uno de sus condisc\u00edpulos, \u00c1ngel Ortu\u00f1o, en un paraninfo de la UdeG repleto que soport\u00f3 la larga intervenci\u00f3n de casi una hora.<\/p>\n<p>Del Paso Morante al final del acto s\u00f3lo alcanz\u00f3 a dar las gracias a la UdeG, con su voz cansada, siempre sentado en su silla de ruedas. En su discurso record\u00f3 la larga amistad con los escritores Juan Rulfo y Juan Jos\u00e9 Arreola, adem\u00e1s del encuentro y desencuentro con el poeta y premio n\u00f3bel, Octavio Paz.<\/p>\n<p>Advirti\u00f3 que \u201csiempre he vivido para la literatura, pero de ninguna manera he vivido de la literatura\u201d pero a\u00fan as\u00ed anunci\u00f3 que iniciar\u00e1 un extenso libro sobre las letras hispanoamericanas.<\/p>\n<p>Insisti\u00f3 en la pol\u00e9mica con Paz de quien aclar\u00f3 que no fue tan de extrema derecha como se le consideraba y que nunca asisti\u00f3 a la biblioteca que lleva el nombre del poeta aqu\u00ed en Guadalajara y de la cual es director, porque el d\u00eda que se abri\u00f3, cancel\u00f3 su asistencia porque sab\u00eda que asistir\u00eda Fidel Castro y no quer\u00eda encontr\u00e1rselo porque \u201centonces ya estaba desencantado del comunismo\u201d.<\/p>\n<p>Acept\u00f3 su fracaso en la carrera de ciencias econ\u00f3micas que inici\u00f3 en la UNAM, que reafirm\u00f3 su alejamiento cuando se confirm\u00f3 como un buen agente de publicidad donde gan\u00f3 mucho dinero, que luego dej\u00f3 por la literatura, y escribir sus primeras novelas para luego irse a Europa, por m\u00e1s de 20 a\u00f1os sin olvidarse de sus amigos Rulfo y Arreola.<\/p>\n<p>El rector general de la UdeG, Tonatiuh Bravo justific\u00f3 la entrega del doctorado a Del Paso con un largo discurso, lleno de citas de escritores y ensayistas sobre la obra del homenajeado y precis\u00f3 que \u201cla escritura de Fernando del Paso es la mirada del carnaval que en un abrir y cerrar de ojos capta formas, colores, situaciones, movimiento, pasado y presente en un todo que recrea las partes, les otorga singularidad y, a la vez, identidad\u201d.<\/p>\n<p>Y remat\u00f3 que \u201csi hay una palabra con la cual definir a Fernando del Paso y a su trabajo est\u00e1 es la de polifac\u00e9tico\u201d, como lo describi\u00f3 el escritor Miguel Le\u00f3n Portilla. Y precis\u00f3: \u201cCada texto remite a juegos de palabras, a la obsesi\u00f3n por los matices, a la b\u00fasqueda del vocablo exacto y, sobre todo, a un fino humor intercalado entre p\u00e1rrafos que vivifica la lectura\u201d.<\/p>\n<p><a href=\"https:\/\/blogs.uninter.edu.mx\/difusioncultural\/wp-content\/uploads\/2013\/12\/201211-fernando-del-paso.jpg\"><img fetchpriority=\"high\" decoding=\"async\" src=\"https:\/\/blogs.uninter.edu.mx\/difusioncultural\/wp-content\/uploads\/2013\/12\/201211-fernando-del-paso.jpg?w=219\" alt=\"201211-Fernando del Paso\" width=\"219\" height=\"300\" class=\"alignnone size-medium wp-image-2398\" \/><\/a><\/p>\n","protected":false},"excerpt":{"rendered":"<p>Convaleciente de operaci\u00f3n quir\u00fargica y enfermedad, con enfermera atenta a auxiliarlo, el escritor Fernando del Paso, recibi\u00f3 este jueves al mediod\u00eda el doctor Honoris Causa de la Universidad de Guadalajara (UdeG) y dijo que \u201ccomo doctor estoy decidido a curar los pendientes de la literatura y la historia\u201d. Pero advirti\u00f3 que esa labor la realizar\u00e1&hellip;<\/p>\n","protected":false},"author":1,"featured_media":0,"comment_status":"open","ping_status":"open","sticky":false,"template":"","format":"standard","meta":{"_jetpack_memberships_contains_paid_content":false,"footnotes":"","jetpack_publicize_message":"","jetpack_publicize_feature_enabled":true,"jetpack_social_post_already_shared":false,"jetpack_social_options":{"image_generator_settings":{"template":"highway","default_image_id":0,"font":"","enabled":false},"version":2}},"categories":[1],"tags":[],"class_list":["post-2397","post","type-post","status-publish","format-standard","hentry","category-sin-categoria"],"yoast_head":"<!-- This site is optimized with the Yoast SEO plugin v26.3 - https:\/\/yoast.com\/wordpress\/plugins\/seo\/ -->\r\n<title>Entregan Honoris Causa a Fernando del Paso - Difusi\u00f3n Cultural<\/title>\r\n<meta name=\"robots\" content=\"index, follow, max-snippet:-1, max-image-preview:large, max-video-preview:-1\" \/>\r\n<link rel=\"canonical\" href=\"https:\/\/blogs.uninter.edu.mx\/difusioncultural\/?p=2397\" \/>\r\n<meta property=\"og:locale\" content=\"es_MX\" \/>\r\n<meta property=\"og:type\" content=\"article\" \/>\r\n<meta property=\"og:title\" content=\"Entregan Honoris Causa a Fernando del Paso - Difusi\u00f3n Cultural\" \/>\r\n<meta property=\"og:description\" content=\"Convaleciente de operaci\u00f3n quir\u00fargica y enfermedad, con enfermera atenta a auxiliarlo, el escritor Fernando del Paso, recibi\u00f3 este jueves al mediod\u00eda el doctor Honoris Causa de la Universidad de Guadalajara (UdeG) y dijo que \u201ccomo doctor estoy decidido a curar los pendientes de la literatura y la historia\u201d. Pero advirti\u00f3 que esa labor la realizar\u00e1&hellip;\" \/>\r\n<meta property=\"og:url\" content=\"https:\/\/blogs.uninter.edu.mx\/difusioncultural\/?p=2397\" \/>\r\n<meta property=\"og:site_name\" content=\"Difusi\u00f3n Cultural\" \/>\r\n<meta property=\"article:published_time\" content=\"2013-12-07T05:12:10+00:00\" \/>\r\n<meta property=\"og:image\" content=\"https:\/\/blogs.uninter.edu.mx\/difusioncultural\/wp-content\/uploads\/2013\/12\/201211-fernando-del-paso.jpg?w=219\" \/>\r\n<meta name=\"author\" content=\"webmaster\" \/>\r\n<meta name=\"twitter:card\" content=\"summary_large_image\" \/>\r\n<meta name=\"twitter:label1\" content=\"Escrito por\" \/>\n\t<meta name=\"twitter:data1\" content=\"webmaster\" \/>\n\t<meta name=\"twitter:label2\" content=\"Tiempo de lectura\" \/>\n\t<meta name=\"twitter:data2\" content=\"2 minutos\" \/>\r\n<script type=\"application\/ld+json\" class=\"yoast-schema-graph\">{\"@context\":\"https:\/\/schema.org\",\"@graph\":[{\"@type\":\"Article\",\"@id\":\"https:\/\/blogs.uninter.edu.mx\/difusioncultural\/?p=2397#article\",\"isPartOf\":{\"@id\":\"https:\/\/blogs.uninter.edu.mx\/difusioncultural\/?p=2397\"},\"author\":{\"name\":\"webmaster\",\"@id\":\"https:\/\/blogs.uninter.edu.mx\/difusioncultural\/#\/schema\/person\/37a0926f4dd300a814993fd595abdc4a\"},\"headline\":\"Entregan Honoris Causa a Fernando del Paso\",\"datePublished\":\"2013-12-07T05:12:10+00:00\",\"mainEntityOfPage\":{\"@id\":\"https:\/\/blogs.uninter.edu.mx\/difusioncultural\/?p=2397\"},\"wordCount\":492,\"commentCount\":0,\"publisher\":{\"@id\":\"https:\/\/blogs.uninter.edu.mx\/difusioncultural\/#organization\"},\"image\":{\"@id\":\"https:\/\/blogs.uninter.edu.mx\/difusioncultural\/?p=2397#primaryimage\"},\"thumbnailUrl\":\"https:\/\/blogs.uninter.edu.mx\/difusioncultural\/wp-content\/uploads\/2013\/12\/201211-fernando-del-paso.jpg?w=219\",\"inLanguage\":\"es\",\"potentialAction\":[{\"@type\":\"CommentAction\",\"name\":\"Comment\",\"target\":[\"https:\/\/blogs.uninter.edu.mx\/difusioncultural\/?p=2397#respond\"]}]},{\"@type\":\"WebPage\",\"@id\":\"https:\/\/blogs.uninter.edu.mx\/difusioncultural\/?p=2397\",\"url\":\"https:\/\/blogs.uninter.edu.mx\/difusioncultural\/?p=2397\",\"name\":\"Entregan Honoris Causa a Fernando del Paso - Difusi\u00f3n Cultural\",\"isPartOf\":{\"@id\":\"https:\/\/blogs.uninter.edu.mx\/difusioncultural\/#website\"},\"primaryImageOfPage\":{\"@id\":\"https:\/\/blogs.uninter.edu.mx\/difusioncultural\/?p=2397#primaryimage\"},\"image\":{\"@id\":\"https:\/\/blogs.uninter.edu.mx\/difusioncultural\/?p=2397#primaryimage\"},\"thumbnailUrl\":\"https:\/\/blogs.uninter.edu.mx\/difusioncultural\/wp-content\/uploads\/2013\/12\/201211-fernando-del-paso.jpg?w=219\",\"datePublished\":\"2013-12-07T05:12:10+00:00\",\"breadcrumb\":{\"@id\":\"https:\/\/blogs.uninter.edu.mx\/difusioncultural\/?p=2397#breadcrumb\"},\"inLanguage\":\"es\",\"potentialAction\":[{\"@type\":\"ReadAction\",\"target\":[\"https:\/\/blogs.uninter.edu.mx\/difusioncultural\/?p=2397\"]}]},{\"@type\":\"ImageObject\",\"inLanguage\":\"es\",\"@id\":\"https:\/\/blogs.uninter.edu.mx\/difusioncultural\/?p=2397#primaryimage\",\"url\":\"https:\/\/blogs.uninter.edu.mx\/difusioncultural\/wp-content\/uploads\/2013\/12\/201211-fernando-del-paso.jpg?w=219\",\"contentUrl\":\"https:\/\/blogs.uninter.edu.mx\/difusioncultural\/wp-content\/uploads\/2013\/12\/201211-fernando-del-paso.jpg?w=219\"},{\"@type\":\"BreadcrumbList\",\"@id\":\"https:\/\/blogs.uninter.edu.mx\/difusioncultural\/?p=2397#breadcrumb\",\"itemListElement\":[{\"@type\":\"ListItem\",\"position\":1,\"name\":\"Inicio\",\"item\":\"https:\/\/blogs.uninter.edu.mx\/difusioncultural\/\"},{\"@type\":\"ListItem\",\"position\":2,\"name\":\"Entregan Honoris Causa a Fernando del Paso\"}]},{\"@type\":\"WebSite\",\"@id\":\"https:\/\/blogs.uninter.edu.mx\/difusioncultural\/#website\",\"url\":\"https:\/\/blogs.uninter.edu.mx\/difusioncultural\/\",\"name\":\"Difusi\u00f3n Cultural\",\"description\":\"UNINTER\",\"publisher\":{\"@id\":\"https:\/\/blogs.uninter.edu.mx\/difusioncultural\/#organization\"},\"potentialAction\":[{\"@type\":\"SearchAction\",\"target\":{\"@type\":\"EntryPoint\",\"urlTemplate\":\"https:\/\/blogs.uninter.edu.mx\/difusioncultural\/?s={search_term_string}\"},\"query-input\":{\"@type\":\"PropertyValueSpecification\",\"valueRequired\":true,\"valueName\":\"search_term_string\"}}],\"inLanguage\":\"es\"},{\"@type\":\"Organization\",\"@id\":\"https:\/\/blogs.uninter.edu.mx\/difusioncultural\/#organization\",\"name\":\"Difusi\u00f3n Cultural\",\"url\":\"https:\/\/blogs.uninter.edu.mx\/difusioncultural\/\",\"logo\":{\"@type\":\"ImageObject\",\"inLanguage\":\"es\",\"@id\":\"https:\/\/blogs.uninter.edu.mx\/difusioncultural\/#\/schema\/logo\/image\/\",\"url\":\"https:\/\/blogs.uninter.edu.mx\/difusioncultural\/wp-content\/uploads\/2022\/09\/uninter.jpg\",\"contentUrl\":\"https:\/\/blogs.uninter.edu.mx\/difusioncultural\/wp-content\/uploads\/2022\/09\/uninter.jpg\",\"width\":2048,\"height\":2048,\"caption\":\"Difusi\u00f3n Cultural\"},\"image\":{\"@id\":\"https:\/\/blogs.uninter.edu.mx\/difusioncultural\/#\/schema\/logo\/image\/\"}},{\"@type\":\"Person\",\"@id\":\"https:\/\/blogs.uninter.edu.mx\/difusioncultural\/#\/schema\/person\/37a0926f4dd300a814993fd595abdc4a\",\"name\":\"webmaster\",\"image\":{\"@type\":\"ImageObject\",\"inLanguage\":\"es\",\"@id\":\"https:\/\/blogs.uninter.edu.mx\/difusioncultural\/#\/schema\/person\/image\/\",\"url\":\"https:\/\/secure.gravatar.com\/avatar\/a59c276b01147463ef3aab4118e3137ebc5e1ad6700deb39ccdf8b89e517f7dc?s=96&d=mm&r=g\",\"contentUrl\":\"https:\/\/secure.gravatar.com\/avatar\/a59c276b01147463ef3aab4118e3137ebc5e1ad6700deb39ccdf8b89e517f7dc?s=96&d=mm&r=g\",\"caption\":\"webmaster\"},\"sameAs\":[\"https:\/\/blogs.uninter.edu.mx\/difusioncultural\"],\"url\":\"https:\/\/blogs.uninter.edu.mx\/difusioncultural\/?author=1\"}]}<\/script>\r\n<!-- \/ Yoast SEO plugin. -->","yoast_head_json":{"title":"Entregan Honoris Causa a Fernando del Paso - Difusi\u00f3n Cultural","robots":{"index":"index","follow":"follow","max-snippet":"max-snippet:-1","max-image-preview":"max-image-preview:large","max-video-preview":"max-video-preview:-1"},"canonical":"https:\/\/blogs.uninter.edu.mx\/difusioncultural\/?p=2397","og_locale":"es_MX","og_type":"article","og_title":"Entregan Honoris Causa a Fernando del Paso - Difusi\u00f3n Cultural","og_description":"Convaleciente de operaci\u00f3n quir\u00fargica y enfermedad, con enfermera atenta a auxiliarlo, el escritor Fernando del Paso, recibi\u00f3 este jueves al mediod\u00eda el doctor Honoris Causa de la Universidad de Guadalajara (UdeG) y dijo que \u201ccomo doctor estoy decidido a curar los pendientes de la literatura y la historia\u201d. Pero advirti\u00f3 que esa labor la realizar\u00e1&hellip;","og_url":"https:\/\/blogs.uninter.edu.mx\/difusioncultural\/?p=2397","og_site_name":"Difusi\u00f3n Cultural","article_published_time":"2013-12-07T05:12:10+00:00","og_image":[{"url":"https:\/\/blogs.uninter.edu.mx\/difusioncultural\/wp-content\/uploads\/2013\/12\/201211-fernando-del-paso.jpg?w=219","type":"","width":"","height":""}],"author":"webmaster","twitter_card":"summary_large_image","twitter_misc":{"Escrito por":"webmaster","Tiempo de lectura":"2 minutos"},"schema":{"@context":"https:\/\/schema.org","@graph":[{"@type":"Article","@id":"https:\/\/blogs.uninter.edu.mx\/difusioncultural\/?p=2397#article","isPartOf":{"@id":"https:\/\/blogs.uninter.edu.mx\/difusioncultural\/?p=2397"},"author":{"name":"webmaster","@id":"https:\/\/blogs.uninter.edu.mx\/difusioncultural\/#\/schema\/person\/37a0926f4dd300a814993fd595abdc4a"},"headline":"Entregan Honoris Causa a Fernando del Paso","datePublished":"2013-12-07T05:12:10+00:00","mainEntityOfPage":{"@id":"https:\/\/blogs.uninter.edu.mx\/difusioncultural\/?p=2397"},"wordCount":492,"commentCount":0,"publisher":{"@id":"https:\/\/blogs.uninter.edu.mx\/difusioncultural\/#organization"},"image":{"@id":"https:\/\/blogs.uninter.edu.mx\/difusioncultural\/?p=2397#primaryimage"},"thumbnailUrl":"https:\/\/blogs.uninter.edu.mx\/difusioncultural\/wp-content\/uploads\/2013\/12\/201211-fernando-del-paso.jpg?w=219","inLanguage":"es","potentialAction":[{"@type":"CommentAction","name":"Comment","target":["https:\/\/blogs.uninter.edu.mx\/difusioncultural\/?p=2397#respond"]}]},{"@type":"WebPage","@id":"https:\/\/blogs.uninter.edu.mx\/difusioncultural\/?p=2397","url":"https:\/\/blogs.uninter.edu.mx\/difusioncultural\/?p=2397","name":"Entregan Honoris Causa a Fernando del Paso - Difusi\u00f3n Cultural","isPartOf":{"@id":"https:\/\/blogs.uninter.edu.mx\/difusioncultural\/#website"},"primaryImageOfPage":{"@id":"https:\/\/blogs.uninter.edu.mx\/difusioncultural\/?p=2397#primaryimage"},"image":{"@id":"https:\/\/blogs.uninter.edu.mx\/difusioncultural\/?p=2397#primaryimage"},"thumbnailUrl":"https:\/\/blogs.uninter.edu.mx\/difusioncultural\/wp-content\/uploads\/2013\/12\/201211-fernando-del-paso.jpg?w=219","datePublished":"2013-12-07T05:12:10+00:00","breadcrumb":{"@id":"https:\/\/blogs.uninter.edu.mx\/difusioncultural\/?p=2397#breadcrumb"},"inLanguage":"es","potentialAction":[{"@type":"ReadAction","target":["https:\/\/blogs.uninter.edu.mx\/difusioncultural\/?p=2397"]}]},{"@type":"ImageObject","inLanguage":"es","@id":"https:\/\/blogs.uninter.edu.mx\/difusioncultural\/?p=2397#primaryimage","url":"https:\/\/blogs.uninter.edu.mx\/difusioncultural\/wp-content\/uploads\/2013\/12\/201211-fernando-del-paso.jpg?w=219","contentUrl":"https:\/\/blogs.uninter.edu.mx\/difusioncultural\/wp-content\/uploads\/2013\/12\/201211-fernando-del-paso.jpg?w=219"},{"@type":"BreadcrumbList","@id":"https:\/\/blogs.uninter.edu.mx\/difusioncultural\/?p=2397#breadcrumb","itemListElement":[{"@type":"ListItem","position":1,"name":"Inicio","item":"https:\/\/blogs.uninter.edu.mx\/difusioncultural\/"},{"@type":"ListItem","position":2,"name":"Entregan Honoris Causa a Fernando del Paso"}]},{"@type":"WebSite","@id":"https:\/\/blogs.uninter.edu.mx\/difusioncultural\/#website","url":"https:\/\/blogs.uninter.edu.mx\/difusioncultural\/","name":"Difusi\u00f3n Cultural","description":"UNINTER","publisher":{"@id":"https:\/\/blogs.uninter.edu.mx\/difusioncultural\/#organization"},"potentialAction":[{"@type":"SearchAction","target":{"@type":"EntryPoint","urlTemplate":"https:\/\/blogs.uninter.edu.mx\/difusioncultural\/?s={search_term_string}"},"query-input":{"@type":"PropertyValueSpecification","valueRequired":true,"valueName":"search_term_string"}}],"inLanguage":"es"},{"@type":"Organization","@id":"https:\/\/blogs.uninter.edu.mx\/difusioncultural\/#organization","name":"Difusi\u00f3n Cultural","url":"https:\/\/blogs.uninter.edu.mx\/difusioncultural\/","logo":{"@type":"ImageObject","inLanguage":"es","@id":"https:\/\/blogs.uninter.edu.mx\/difusioncultural\/#\/schema\/logo\/image\/","url":"https:\/\/blogs.uninter.edu.mx\/difusioncultural\/wp-content\/uploads\/2022\/09\/uninter.jpg","contentUrl":"https:\/\/blogs.uninter.edu.mx\/difusioncultural\/wp-content\/uploads\/2022\/09\/uninter.jpg","width":2048,"height":2048,"caption":"Difusi\u00f3n Cultural"},"image":{"@id":"https:\/\/blogs.uninter.edu.mx\/difusioncultural\/#\/schema\/logo\/image\/"}},{"@type":"Person","@id":"https:\/\/blogs.uninter.edu.mx\/difusioncultural\/#\/schema\/person\/37a0926f4dd300a814993fd595abdc4a","name":"webmaster","image":{"@type":"ImageObject","inLanguage":"es","@id":"https:\/\/blogs.uninter.edu.mx\/difusioncultural\/#\/schema\/person\/image\/","url":"https:\/\/secure.gravatar.com\/avatar\/a59c276b01147463ef3aab4118e3137ebc5e1ad6700deb39ccdf8b89e517f7dc?s=96&d=mm&r=g","contentUrl":"https:\/\/secure.gravatar.com\/avatar\/a59c276b01147463ef3aab4118e3137ebc5e1ad6700deb39ccdf8b89e517f7dc?s=96&d=mm&r=g","caption":"webmaster"},"sameAs":["https:\/\/blogs.uninter.edu.mx\/difusioncultural"],"url":"https:\/\/blogs.uninter.edu.mx\/difusioncultural\/?author=1"}]}},"jetpack_publicize_connections":[],"jetpack_featured_media_url":"","jetpack_sharing_enabled":true,"_links":{"self":[{"href":"https:\/\/blogs.uninter.edu.mx\/difusioncultural\/index.php?rest_route=\/wp\/v2\/posts\/2397","targetHints":{"allow":["GET"]}}],"collection":[{"href":"https:\/\/blogs.uninter.edu.mx\/difusioncultural\/index.php?rest_route=\/wp\/v2\/posts"}],"about":[{"href":"https:\/\/blogs.uninter.edu.mx\/difusioncultural\/index.php?rest_route=\/wp\/v2\/types\/post"}],"author":[{"embeddable":true,"href":"https:\/\/blogs.uninter.edu.mx\/difusioncultural\/index.php?rest_route=\/wp\/v2\/users\/1"}],"replies":[{"embeddable":true,"href":"https:\/\/blogs.uninter.edu.mx\/difusioncultural\/index.php?rest_route=%2Fwp%2Fv2%2Fcomments&post=2397"}],"version-history":[{"count":0,"href":"https:\/\/blogs.uninter.edu.mx\/difusioncultural\/index.php?rest_route=\/wp\/v2\/posts\/2397\/revisions"}],"wp:attachment":[{"href":"https:\/\/blogs.uninter.edu.mx\/difusioncultural\/index.php?rest_route=%2Fwp%2Fv2%2Fmedia&parent=2397"}],"wp:term":[{"taxonomy":"category","embeddable":true,"href":"https:\/\/blogs.uninter.edu.mx\/difusioncultural\/index.php?rest_route=%2Fwp%2Fv2%2Fcategories&post=2397"},{"taxonomy":"post_tag","embeddable":true,"href":"https:\/\/blogs.uninter.edu.mx\/difusioncultural\/index.php?rest_route=%2Fwp%2Fv2%2Ftags&post=2397"}],"curies":[{"name":"wp","href":"https:\/\/api.w.org\/{rel}","templated":true}]}}