{"id":2440,"date":"2013-12-14T03:01:09","date_gmt":"2013-12-14T03:01:09","guid":{"rendered":"http:\/\/difusionculturaluninter.wordpress.com\/?p=2440"},"modified":"2013-12-14T03:01:09","modified_gmt":"2013-12-14T03:01:09","slug":"recibe-premio-jalisco-el-humanista-jose-maria-muria","status":"publish","type":"post","link":"https:\/\/blogs.uninter.edu.mx\/difusioncultural\/?p=2440","title":{"rendered":"Recibe Premio Jalisco el humanista Jos\u00e9 Mar\u00eda Muri\u00e1"},"content":{"rendered":"<p>Acad\u00e9mico, investigador y promotor de la cultura. El doctor Jos\u00e9 Mar\u00eda Muri\u00e1, uno de los tapat\u00edos m\u00e1s ilustres que han visto pasar las aulas, recibi\u00f3 este 12 de diciembre el Premio Jalisco  en su apartado human\u00edstico, galard\u00f3n que considera \u201cespecial y \u00fanico\u201d dentro de su carrera.<\/p>\n<p>En entrevista con este diario, donde se publica la columna Replicando y en la procesi\u00f3n, se\u00f1al\u00f3 que el galard\u00f3n, que recibi\u00f3 de manos del Gobernador del Estado en el Paraninfo de la Universidad de Guadalajara, lo dej\u00f3 profundamente \u201cemocionado\u201d. <\/p>\n<p>\u201cQue lo apapachen a uno en la propia casa tiene un valor agregado\u201d, dice. <\/p>\n<p>El tambi\u00e9n escritor, en cuya obra ha explorado de forma exhaustiva la evoluci\u00f3n hist\u00f3rica de Jalisco, sus costumbres, rincones y tradiciones, agreg\u00f3 que la emoci\u00f3n por esta presea nace a partir que \u201cuno ha tenido la fortuna de recibir algunos premios y reconocimientos, fuera de Guadalajara, fuera de M\u00e9xico, pero la verdad, jam\u00e1s se siente tan bonito como cuando es en la propia casa. Me sent\u00ed muy bien, muy contento. Jam\u00e1s pens\u00e9 que a m\u00ed me fuera a tocar un premio Jalisco\u201d. <\/p>\n<p>Lejos de verlo como un premio que celebra el final de una etapa, el doctor Muri\u00e0 piensa que es ahora cuando m\u00e1s trabajo hay por hacer, en un momento apremiante, donde el pa\u00eds requiere lo mejor de sus hombres. \u201cOjal\u00e1 que ninguno de mis compa\u00f1eros premiados entienda esto como un final, sino como un principio. En especial porque tenemos una situaci\u00f3n conflictiva en M\u00e9xico, y si no podemos toda nuestra voluntad, a la mejor no nos va a ir tan bien en un futuro\u201d.<\/p>\n<p>Retos en el horizonte<\/p>\n<p>Convertido en un modelo a seguir para el mundo estudiantil, el doctor Jos\u00e9 Mar\u00eda Muri\u00e0 afirma que lo m\u00e1s preocupante en la formaci\u00f3n de nuevos profesionales, es el compromiso y seriedad que ofrecen las instituciones educativas.<\/p>\n<p>\u201cHay instituciones que trabajan con la mayor responsabilidad, la mayor seriedad. Pero, obviamente, hay tambi\u00e9n una enorme cantidad de pirater\u00eda, solapada por el propio gobierno, la propia Secretar\u00eda de Educaci\u00f3n P\u00fablica. No s\u00e9 si como resultado de esta docena tr\u00e1gica que acabamos de pasar, y ahora vayan a poner un poco m\u00e1s de orden\u201d. <\/p>\n<p>Aunque se encuentra en una fase de reflexi\u00f3n profesional, el doctor tampoco deja de lado la investigaci\u00f3n. Ya se prepara para presentar un libro que aborda la forma en que se constituy\u00f3 el Estado de Jalisco, especialmente, la historia de su divisi\u00f3n interna<\/p>\n<p><a href=\"https:\/\/blogs.uninter.edu.mx\/difusioncultural\/wp-content\/uploads\/2013\/12\/josc3a9-maria-muric3a1.jpg\"><img fetchpriority=\"high\" decoding=\"async\" src=\"https:\/\/blogs.uninter.edu.mx\/difusioncultural\/wp-content\/uploads\/2013\/12\/josc3a9-maria-muric3a1.jpg?w=300\" alt=\"jos\u00e9 maria muri\u00e1\" width=\"300\" height=\"224\" class=\"alignnone size-medium wp-image-2441\" \/><\/a><\/p>\n","protected":false},"excerpt":{"rendered":"<p>Acad\u00e9mico, investigador y promotor de la cultura. El doctor Jos\u00e9 Mar\u00eda Muri\u00e1, uno de los tapat\u00edos m\u00e1s ilustres que han visto pasar las aulas, recibi\u00f3 este 12 de diciembre el Premio Jalisco en su apartado human\u00edstico, galard\u00f3n que considera \u201cespecial y \u00fanico\u201d dentro de su carrera. En entrevista con este diario, donde se publica la&hellip;<\/p>\n","protected":false},"author":1,"featured_media":0,"comment_status":"open","ping_status":"open","sticky":false,"template":"","format":"standard","meta":{"_jetpack_memberships_contains_paid_content":false,"footnotes":"","jetpack_publicize_message":"","jetpack_publicize_feature_enabled":true,"jetpack_social_post_already_shared":false,"jetpack_social_options":{"image_generator_settings":{"template":"highway","default_image_id":0,"font":"","enabled":false},"version":2}},"categories":[1],"tags":[],"class_list":["post-2440","post","type-post","status-publish","format-standard","hentry","category-sin-categoria"],"yoast_head":"<!-- This site is optimized with the Yoast SEO plugin v26.3 - https:\/\/yoast.com\/wordpress\/plugins\/seo\/ -->\r\n<title>Recibe Premio Jalisco el humanista Jos\u00e9 Mar\u00eda Muri\u00e1 - Difusi\u00f3n Cultural<\/title>\r\n<meta name=\"robots\" content=\"index, follow, max-snippet:-1, max-image-preview:large, max-video-preview:-1\" \/>\r\n<link rel=\"canonical\" href=\"https:\/\/blogs.uninter.edu.mx\/difusioncultural\/?p=2440\" \/>\r\n<meta property=\"og:locale\" content=\"es_MX\" \/>\r\n<meta property=\"og:type\" content=\"article\" \/>\r\n<meta property=\"og:title\" content=\"Recibe Premio Jalisco el humanista Jos\u00e9 Mar\u00eda Muri\u00e1 - Difusi\u00f3n Cultural\" \/>\r\n<meta property=\"og:description\" content=\"Acad\u00e9mico, investigador y promotor de la cultura. El doctor Jos\u00e9 Mar\u00eda Muri\u00e1, uno de los tapat\u00edos m\u00e1s ilustres que han visto pasar las aulas, recibi\u00f3 este 12 de diciembre el Premio Jalisco en su apartado human\u00edstico, galard\u00f3n que considera \u201cespecial y \u00fanico\u201d dentro de su carrera. En entrevista con este diario, donde se publica la&hellip;\" \/>\r\n<meta property=\"og:url\" content=\"https:\/\/blogs.uninter.edu.mx\/difusioncultural\/?p=2440\" \/>\r\n<meta property=\"og:site_name\" content=\"Difusi\u00f3n Cultural\" \/>\r\n<meta property=\"article:published_time\" content=\"2013-12-14T03:01:09+00:00\" \/>\r\n<meta property=\"og:image\" content=\"https:\/\/blogs.uninter.edu.mx\/difusioncultural\/wp-content\/uploads\/2013\/12\/josc3a9-maria-muric3a1.jpg?w=300\" \/>\r\n<meta name=\"author\" content=\"webmaster\" \/>\r\n<meta name=\"twitter:card\" content=\"summary_large_image\" \/>\r\n<meta name=\"twitter:label1\" content=\"Escrito por\" \/>\n\t<meta name=\"twitter:data1\" content=\"webmaster\" \/>\n\t<meta name=\"twitter:label2\" content=\"Tiempo de lectura\" \/>\n\t<meta name=\"twitter:data2\" content=\"2 minutos\" \/>\r\n<script type=\"application\/ld+json\" class=\"yoast-schema-graph\">{\"@context\":\"https:\/\/schema.org\",\"@graph\":[{\"@type\":\"Article\",\"@id\":\"https:\/\/blogs.uninter.edu.mx\/difusioncultural\/?p=2440#article\",\"isPartOf\":{\"@id\":\"https:\/\/blogs.uninter.edu.mx\/difusioncultural\/?p=2440\"},\"author\":{\"name\":\"webmaster\",\"@id\":\"https:\/\/blogs.uninter.edu.mx\/difusioncultural\/#\/schema\/person\/37a0926f4dd300a814993fd595abdc4a\"},\"headline\":\"Recibe Premio Jalisco el humanista Jos\u00e9 Mar\u00eda Muri\u00e1\",\"datePublished\":\"2013-12-14T03:01:09+00:00\",\"mainEntityOfPage\":{\"@id\":\"https:\/\/blogs.uninter.edu.mx\/difusioncultural\/?p=2440\"},\"wordCount\":444,\"commentCount\":0,\"publisher\":{\"@id\":\"https:\/\/blogs.uninter.edu.mx\/difusioncultural\/#organization\"},\"image\":{\"@id\":\"https:\/\/blogs.uninter.edu.mx\/difusioncultural\/?p=2440#primaryimage\"},\"thumbnailUrl\":\"https:\/\/blogs.uninter.edu.mx\/difusioncultural\/wp-content\/uploads\/2013\/12\/josc3a9-maria-muric3a1.jpg?w=300\",\"inLanguage\":\"es\",\"potentialAction\":[{\"@type\":\"CommentAction\",\"name\":\"Comment\",\"target\":[\"https:\/\/blogs.uninter.edu.mx\/difusioncultural\/?p=2440#respond\"]}]},{\"@type\":\"WebPage\",\"@id\":\"https:\/\/blogs.uninter.edu.mx\/difusioncultural\/?p=2440\",\"url\":\"https:\/\/blogs.uninter.edu.mx\/difusioncultural\/?p=2440\",\"name\":\"Recibe Premio Jalisco el humanista Jos\u00e9 Mar\u00eda Muri\u00e1 - Difusi\u00f3n Cultural\",\"isPartOf\":{\"@id\":\"https:\/\/blogs.uninter.edu.mx\/difusioncultural\/#website\"},\"primaryImageOfPage\":{\"@id\":\"https:\/\/blogs.uninter.edu.mx\/difusioncultural\/?p=2440#primaryimage\"},\"image\":{\"@id\":\"https:\/\/blogs.uninter.edu.mx\/difusioncultural\/?p=2440#primaryimage\"},\"thumbnailUrl\":\"https:\/\/blogs.uninter.edu.mx\/difusioncultural\/wp-content\/uploads\/2013\/12\/josc3a9-maria-muric3a1.jpg?w=300\",\"datePublished\":\"2013-12-14T03:01:09+00:00\",\"breadcrumb\":{\"@id\":\"https:\/\/blogs.uninter.edu.mx\/difusioncultural\/?p=2440#breadcrumb\"},\"inLanguage\":\"es\",\"potentialAction\":[{\"@type\":\"ReadAction\",\"target\":[\"https:\/\/blogs.uninter.edu.mx\/difusioncultural\/?p=2440\"]}]},{\"@type\":\"ImageObject\",\"inLanguage\":\"es\",\"@id\":\"https:\/\/blogs.uninter.edu.mx\/difusioncultural\/?p=2440#primaryimage\",\"url\":\"https:\/\/blogs.uninter.edu.mx\/difusioncultural\/wp-content\/uploads\/2013\/12\/josc3a9-maria-muric3a1.jpg?w=300\",\"contentUrl\":\"https:\/\/blogs.uninter.edu.mx\/difusioncultural\/wp-content\/uploads\/2013\/12\/josc3a9-maria-muric3a1.jpg?w=300\"},{\"@type\":\"BreadcrumbList\",\"@id\":\"https:\/\/blogs.uninter.edu.mx\/difusioncultural\/?p=2440#breadcrumb\",\"itemListElement\":[{\"@type\":\"ListItem\",\"position\":1,\"name\":\"Inicio\",\"item\":\"https:\/\/blogs.uninter.edu.mx\/difusioncultural\/\"},{\"@type\":\"ListItem\",\"position\":2,\"name\":\"Recibe Premio Jalisco el humanista Jos\u00e9 Mar\u00eda Muri\u00e1\"}]},{\"@type\":\"WebSite\",\"@id\":\"https:\/\/blogs.uninter.edu.mx\/difusioncultural\/#website\",\"url\":\"https:\/\/blogs.uninter.edu.mx\/difusioncultural\/\",\"name\":\"Difusi\u00f3n Cultural\",\"description\":\"UNINTER\",\"publisher\":{\"@id\":\"https:\/\/blogs.uninter.edu.mx\/difusioncultural\/#organization\"},\"potentialAction\":[{\"@type\":\"SearchAction\",\"target\":{\"@type\":\"EntryPoint\",\"urlTemplate\":\"https:\/\/blogs.uninter.edu.mx\/difusioncultural\/?s={search_term_string}\"},\"query-input\":{\"@type\":\"PropertyValueSpecification\",\"valueRequired\":true,\"valueName\":\"search_term_string\"}}],\"inLanguage\":\"es\"},{\"@type\":\"Organization\",\"@id\":\"https:\/\/blogs.uninter.edu.mx\/difusioncultural\/#organization\",\"name\":\"Difusi\u00f3n Cultural\",\"url\":\"https:\/\/blogs.uninter.edu.mx\/difusioncultural\/\",\"logo\":{\"@type\":\"ImageObject\",\"inLanguage\":\"es\",\"@id\":\"https:\/\/blogs.uninter.edu.mx\/difusioncultural\/#\/schema\/logo\/image\/\",\"url\":\"https:\/\/blogs.uninter.edu.mx\/difusioncultural\/wp-content\/uploads\/2022\/09\/uninter.jpg\",\"contentUrl\":\"https:\/\/blogs.uninter.edu.mx\/difusioncultural\/wp-content\/uploads\/2022\/09\/uninter.jpg\",\"width\":2048,\"height\":2048,\"caption\":\"Difusi\u00f3n Cultural\"},\"image\":{\"@id\":\"https:\/\/blogs.uninter.edu.mx\/difusioncultural\/#\/schema\/logo\/image\/\"}},{\"@type\":\"Person\",\"@id\":\"https:\/\/blogs.uninter.edu.mx\/difusioncultural\/#\/schema\/person\/37a0926f4dd300a814993fd595abdc4a\",\"name\":\"webmaster\",\"image\":{\"@type\":\"ImageObject\",\"inLanguage\":\"es\",\"@id\":\"https:\/\/blogs.uninter.edu.mx\/difusioncultural\/#\/schema\/person\/image\/\",\"url\":\"https:\/\/secure.gravatar.com\/avatar\/a59c276b01147463ef3aab4118e3137ebc5e1ad6700deb39ccdf8b89e517f7dc?s=96&d=mm&r=g\",\"contentUrl\":\"https:\/\/secure.gravatar.com\/avatar\/a59c276b01147463ef3aab4118e3137ebc5e1ad6700deb39ccdf8b89e517f7dc?s=96&d=mm&r=g\",\"caption\":\"webmaster\"},\"sameAs\":[\"https:\/\/blogs.uninter.edu.mx\/difusioncultural\"],\"url\":\"https:\/\/blogs.uninter.edu.mx\/difusioncultural\/?author=1\"}]}<\/script>\r\n<!-- \/ Yoast SEO plugin. -->","yoast_head_json":{"title":"Recibe Premio Jalisco el humanista Jos\u00e9 Mar\u00eda Muri\u00e1 - Difusi\u00f3n Cultural","robots":{"index":"index","follow":"follow","max-snippet":"max-snippet:-1","max-image-preview":"max-image-preview:large","max-video-preview":"max-video-preview:-1"},"canonical":"https:\/\/blogs.uninter.edu.mx\/difusioncultural\/?p=2440","og_locale":"es_MX","og_type":"article","og_title":"Recibe Premio Jalisco el humanista Jos\u00e9 Mar\u00eda Muri\u00e1 - Difusi\u00f3n Cultural","og_description":"Acad\u00e9mico, investigador y promotor de la cultura. El doctor Jos\u00e9 Mar\u00eda Muri\u00e1, uno de los tapat\u00edos m\u00e1s ilustres que han visto pasar las aulas, recibi\u00f3 este 12 de diciembre el Premio Jalisco en su apartado human\u00edstico, galard\u00f3n que considera \u201cespecial y \u00fanico\u201d dentro de su carrera. En entrevista con este diario, donde se publica la&hellip;","og_url":"https:\/\/blogs.uninter.edu.mx\/difusioncultural\/?p=2440","og_site_name":"Difusi\u00f3n Cultural","article_published_time":"2013-12-14T03:01:09+00:00","og_image":[{"url":"https:\/\/blogs.uninter.edu.mx\/difusioncultural\/wp-content\/uploads\/2013\/12\/josc3a9-maria-muric3a1.jpg?w=300","type":"","width":"","height":""}],"author":"webmaster","twitter_card":"summary_large_image","twitter_misc":{"Escrito por":"webmaster","Tiempo de lectura":"2 minutos"},"schema":{"@context":"https:\/\/schema.org","@graph":[{"@type":"Article","@id":"https:\/\/blogs.uninter.edu.mx\/difusioncultural\/?p=2440#article","isPartOf":{"@id":"https:\/\/blogs.uninter.edu.mx\/difusioncultural\/?p=2440"},"author":{"name":"webmaster","@id":"https:\/\/blogs.uninter.edu.mx\/difusioncultural\/#\/schema\/person\/37a0926f4dd300a814993fd595abdc4a"},"headline":"Recibe Premio Jalisco el humanista Jos\u00e9 Mar\u00eda Muri\u00e1","datePublished":"2013-12-14T03:01:09+00:00","mainEntityOfPage":{"@id":"https:\/\/blogs.uninter.edu.mx\/difusioncultural\/?p=2440"},"wordCount":444,"commentCount":0,"publisher":{"@id":"https:\/\/blogs.uninter.edu.mx\/difusioncultural\/#organization"},"image":{"@id":"https:\/\/blogs.uninter.edu.mx\/difusioncultural\/?p=2440#primaryimage"},"thumbnailUrl":"https:\/\/blogs.uninter.edu.mx\/difusioncultural\/wp-content\/uploads\/2013\/12\/josc3a9-maria-muric3a1.jpg?w=300","inLanguage":"es","potentialAction":[{"@type":"CommentAction","name":"Comment","target":["https:\/\/blogs.uninter.edu.mx\/difusioncultural\/?p=2440#respond"]}]},{"@type":"WebPage","@id":"https:\/\/blogs.uninter.edu.mx\/difusioncultural\/?p=2440","url":"https:\/\/blogs.uninter.edu.mx\/difusioncultural\/?p=2440","name":"Recibe Premio Jalisco el humanista Jos\u00e9 Mar\u00eda Muri\u00e1 - Difusi\u00f3n Cultural","isPartOf":{"@id":"https:\/\/blogs.uninter.edu.mx\/difusioncultural\/#website"},"primaryImageOfPage":{"@id":"https:\/\/blogs.uninter.edu.mx\/difusioncultural\/?p=2440#primaryimage"},"image":{"@id":"https:\/\/blogs.uninter.edu.mx\/difusioncultural\/?p=2440#primaryimage"},"thumbnailUrl":"https:\/\/blogs.uninter.edu.mx\/difusioncultural\/wp-content\/uploads\/2013\/12\/josc3a9-maria-muric3a1.jpg?w=300","datePublished":"2013-12-14T03:01:09+00:00","breadcrumb":{"@id":"https:\/\/blogs.uninter.edu.mx\/difusioncultural\/?p=2440#breadcrumb"},"inLanguage":"es","potentialAction":[{"@type":"ReadAction","target":["https:\/\/blogs.uninter.edu.mx\/difusioncultural\/?p=2440"]}]},{"@type":"ImageObject","inLanguage":"es","@id":"https:\/\/blogs.uninter.edu.mx\/difusioncultural\/?p=2440#primaryimage","url":"https:\/\/blogs.uninter.edu.mx\/difusioncultural\/wp-content\/uploads\/2013\/12\/josc3a9-maria-muric3a1.jpg?w=300","contentUrl":"https:\/\/blogs.uninter.edu.mx\/difusioncultural\/wp-content\/uploads\/2013\/12\/josc3a9-maria-muric3a1.jpg?w=300"},{"@type":"BreadcrumbList","@id":"https:\/\/blogs.uninter.edu.mx\/difusioncultural\/?p=2440#breadcrumb","itemListElement":[{"@type":"ListItem","position":1,"name":"Inicio","item":"https:\/\/blogs.uninter.edu.mx\/difusioncultural\/"},{"@type":"ListItem","position":2,"name":"Recibe Premio Jalisco el humanista Jos\u00e9 Mar\u00eda Muri\u00e1"}]},{"@type":"WebSite","@id":"https:\/\/blogs.uninter.edu.mx\/difusioncultural\/#website","url":"https:\/\/blogs.uninter.edu.mx\/difusioncultural\/","name":"Difusi\u00f3n Cultural","description":"UNINTER","publisher":{"@id":"https:\/\/blogs.uninter.edu.mx\/difusioncultural\/#organization"},"potentialAction":[{"@type":"SearchAction","target":{"@type":"EntryPoint","urlTemplate":"https:\/\/blogs.uninter.edu.mx\/difusioncultural\/?s={search_term_string}"},"query-input":{"@type":"PropertyValueSpecification","valueRequired":true,"valueName":"search_term_string"}}],"inLanguage":"es"},{"@type":"Organization","@id":"https:\/\/blogs.uninter.edu.mx\/difusioncultural\/#organization","name":"Difusi\u00f3n Cultural","url":"https:\/\/blogs.uninter.edu.mx\/difusioncultural\/","logo":{"@type":"ImageObject","inLanguage":"es","@id":"https:\/\/blogs.uninter.edu.mx\/difusioncultural\/#\/schema\/logo\/image\/","url":"https:\/\/blogs.uninter.edu.mx\/difusioncultural\/wp-content\/uploads\/2022\/09\/uninter.jpg","contentUrl":"https:\/\/blogs.uninter.edu.mx\/difusioncultural\/wp-content\/uploads\/2022\/09\/uninter.jpg","width":2048,"height":2048,"caption":"Difusi\u00f3n Cultural"},"image":{"@id":"https:\/\/blogs.uninter.edu.mx\/difusioncultural\/#\/schema\/logo\/image\/"}},{"@type":"Person","@id":"https:\/\/blogs.uninter.edu.mx\/difusioncultural\/#\/schema\/person\/37a0926f4dd300a814993fd595abdc4a","name":"webmaster","image":{"@type":"ImageObject","inLanguage":"es","@id":"https:\/\/blogs.uninter.edu.mx\/difusioncultural\/#\/schema\/person\/image\/","url":"https:\/\/secure.gravatar.com\/avatar\/a59c276b01147463ef3aab4118e3137ebc5e1ad6700deb39ccdf8b89e517f7dc?s=96&d=mm&r=g","contentUrl":"https:\/\/secure.gravatar.com\/avatar\/a59c276b01147463ef3aab4118e3137ebc5e1ad6700deb39ccdf8b89e517f7dc?s=96&d=mm&r=g","caption":"webmaster"},"sameAs":["https:\/\/blogs.uninter.edu.mx\/difusioncultural"],"url":"https:\/\/blogs.uninter.edu.mx\/difusioncultural\/?author=1"}]}},"jetpack_publicize_connections":[],"jetpack_featured_media_url":"","jetpack_sharing_enabled":true,"_links":{"self":[{"href":"https:\/\/blogs.uninter.edu.mx\/difusioncultural\/index.php?rest_route=\/wp\/v2\/posts\/2440","targetHints":{"allow":["GET"]}}],"collection":[{"href":"https:\/\/blogs.uninter.edu.mx\/difusioncultural\/index.php?rest_route=\/wp\/v2\/posts"}],"about":[{"href":"https:\/\/blogs.uninter.edu.mx\/difusioncultural\/index.php?rest_route=\/wp\/v2\/types\/post"}],"author":[{"embeddable":true,"href":"https:\/\/blogs.uninter.edu.mx\/difusioncultural\/index.php?rest_route=\/wp\/v2\/users\/1"}],"replies":[{"embeddable":true,"href":"https:\/\/blogs.uninter.edu.mx\/difusioncultural\/index.php?rest_route=%2Fwp%2Fv2%2Fcomments&post=2440"}],"version-history":[{"count":0,"href":"https:\/\/blogs.uninter.edu.mx\/difusioncultural\/index.php?rest_route=\/wp\/v2\/posts\/2440\/revisions"}],"wp:attachment":[{"href":"https:\/\/blogs.uninter.edu.mx\/difusioncultural\/index.php?rest_route=%2Fwp%2Fv2%2Fmedia&parent=2440"}],"wp:term":[{"taxonomy":"category","embeddable":true,"href":"https:\/\/blogs.uninter.edu.mx\/difusioncultural\/index.php?rest_route=%2Fwp%2Fv2%2Fcategories&post=2440"},{"taxonomy":"post_tag","embeddable":true,"href":"https:\/\/blogs.uninter.edu.mx\/difusioncultural\/index.php?rest_route=%2Fwp%2Fv2%2Ftags&post=2440"}],"curies":[{"name":"wp","href":"https:\/\/api.w.org\/{rel}","templated":true}]}}