{"id":2447,"date":"2013-12-15T17:30:15","date_gmt":"2013-12-15T17:30:15","guid":{"rendered":"http:\/\/difusionculturaluninter.wordpress.com\/?p=2447"},"modified":"2013-12-15T17:30:15","modified_gmt":"2013-12-15T17:30:15","slug":"la-unam-brinda-oferta-cultural-gratuita-en-vacaciones","status":"publish","type":"post","link":"https:\/\/blogs.uninter.edu.mx\/difusioncultural\/?p=2447","title":{"rendered":"La UNAM brinda oferta Cultural gratuita en vacaciones"},"content":{"rendered":"<p>El Museo Universitario Arte Contempor\u00e1neo (MUAC), el Centro Cultural Universitario Tlatelolco (CCUT), el Museo Universitario del Chopo y el Experimental El Eco, son algunos recintos que a partir de hoy ofrecen acceso libre a sus actividades y exposiciones durante el asueto decembrino.<\/p>\n<p>Esta temporada, que finalizar\u00e1 el 5 de enero de 2014, tambi\u00e9n contempla al Museo Universitario de Ciencias y Artes (MUCA) Roma, y al Antiguo Colegio de San Ildefonso, aunque este \u00faltimo con sus horarios y precios habituales.<\/p>\n<p>La Universidad Nacional Aut\u00f3noma de M\u00e9xico (UNAM) inform\u00f3 que de la amplia oferta cultural que ofrece la red de museos de arte de su Coordinaci\u00f3n de Difusi\u00f3n Cultural destacan las exhibiciones del MUAC con una serie de proyectos que enfatizan una vocaci\u00f3n cr\u00edtica universitaria.<\/p>\n<p>Ejemplo de ello son los proyectos &#8220;Vincent Meessen: mi \u00faltima vida. Una gram\u00e1tica africana a partir de Roland Barthes&#8221; y el trabajo colectivo de la artista Andreja Kuluncic &#8220;Conquistando y construyendo lo com\u00fan&#8221;.<\/p>\n<p>Otra, es la propuesta cr\u00edtica de Javier Pulido, conocido como MonsterTruck!!!, con &#8220;Cosmo Epiphany&#8221;, y la de Marcela Armas, el donde el p\u00fablico disfrutar\u00e1 de &#8220;V\u00f3rtice&#8221;, que completa el ciclo &#8220;Por amor a la disidencia.<\/p>\n<p>La audiencia tambi\u00e9n ser\u00e1 testigo de &#8220;Pulso Alterado. Intensidades en la Colecci\u00f3n del MUAC y sus Colecciones Asociadas&#8221;, bajo la curadur\u00eda de Sol Henaro, y &#8220;La persistencia de la geometr\u00eda&#8221;, la cual ofrece una selecci\u00f3n de las colecciones de arte de la Fundaci\u00f3n &#8220;la Caixa&#8221; y del Museu d&#8217;Art Contemporani de Barcelona (MACBA).<\/p>\n<p>En su Espacio Experimental de Construcci\u00f3n de Sentido, el MUAC ofrece &#8220;Par\u00e9ntesis&#8221;, donde los asistentes ser\u00e1n part\u00edcipes de la instalaci\u00f3n sonora multicanal de Luis Na\u00f3n.<\/p>\n<p>Por lo que se refiere al MUCA Roma, \u00e9ste presenta &#8220;Dislocaci\u00f3n&#8221;, de Israel Mart\u00ednez, la cual est\u00e1 conformada por una serie de reflexiones audiovisuales que sugieren una posible ficci\u00f3n o un reporte de actividades. <\/p>\n<p>Otro de los museos presentes en el programa es el Museo Experimental El Eco, que presenta el proyecto de Claudia Fern\u00e1ndez &#8220;\u00c1rbol c\u00f3smico&#8221;, dirigido a la creaci\u00f3n de un espacio ritual dentro del espacio del museo, derivado de la est\u00e9tica y el pensamiento huichol. <\/p>\n<p>El Museo Universitario del Chopo ofrece, por su parte, una serie de exposiciones relacionadas con tem\u00e1ticas que van desde la cultura urbana hasta la cr\u00edtica cultural.<\/p>\n<p>Muestra de ello es &#8220;Sonorama. Arte y tecnolog\u00eda del Hi-fi al mp3&#8221;, una colectiva que explora las problem\u00e1ticas relacionadas con los cambios culturales acarreados por nuevas tecnolog\u00edas de reproducci\u00f3n musical.<\/p>\n<p>Otra exposici\u00f3n es &#8220;Amotla otlacualacac oncan tlanahuatiz quename ye huitz quiahuitl&#8230; mocualnezcayotl&#8230;\/ no relampague\u00f3 para anunciar que llover\u00eda&#8230; tu hermosura&#8221;, la cual re\u00fane piezas comisionadas a Fernando Palma sobre problemas medio ambientales de la delegaci\u00f3n Milpa Alta.<\/p>\n<p>Tambi\u00e9n, &#8220;Poemas feos para todos&#8221;, del creador de la cumbia experimental o cumbia lun\u00e1tica Dick Verdult, quien mostrar\u00e1 por primera vez en M\u00e9xico su obra pl\u00e1stica, y finalmente, el museo del Chopo da muestra de la cuarta emisi\u00f3n de la Fanzinoteca con &#8220;Kaos D.F.ctuoso&#8221;. <\/p>\n<p>Reconocido como un referente del centro-norte de la ciudad, el CCUT alberga el recientemente inaugurado Museo expuesto, que ofrece nuevas lecturas de las colecciones de la UNAM, mientras que el Museo Tlatelolco alberga m\u00e1s de 270 piezas encontradas en el sitio que alcanz\u00f3 a ser el centro comercial m\u00e1s importante de Mesoam\u00e9rica.<\/p>\n<p>Adem\u00e1s de la colecci\u00f3n &#8220;Stavenhagen&#8221;, con arte creado por los pueblos prehisp\u00e1nicos, y el &#8220;Memorial del 68&#8221;, exhibici\u00f3n permanente que activa el legado del movimiento estudiantil de 1968.<\/p>\n<p>Como una excepci\u00f3n para el acceso, pero no descartable propuesta, se encuentra el Antiguo Colegio de San Ildefonso con las exposiciones permanentes sobre los trabajos de Diego Rivera (1886-1957), Fernando Leal (1896-1964), David Alfaro Siqueiros (1896-1974) y Ferm\u00edn Revueltas (1901-1935), entre otros.<\/p>\n<p>Este recinto, actualmente exhibe la muestra &#8220;La maleta mexicana: El redescubrimiento de los negativos de la Guerra Civil Espa\u00f1ola de Capa, Chim y Taro&#8221;, que por primera vez presenta una selecci\u00f3n de las im\u00e1genes del conflicto que cambi\u00f3 el curso de la historia de Europa.<\/p>\n<p>Adem\u00e1s de esta gran oferta cultural, la gente podr\u00e1 acceder a los portales web &#8220;descargacultura.unam.mx&#8221;, &#8220;libros.unam.mx&#8221; y &#8220;filmoteca.unam.mx&#8221; para tener acceso de forma gratuita a conferencias, poes\u00edas, lecturas, m\u00fasica y teatro, entre otras aplicaciones.<\/p>\n<p><a href=\"https:\/\/blogs.uninter.edu.mx\/difusioncultural\/wp-content\/uploads\/2013\/12\/descarga-9.jpg\"><img fetchpriority=\"high\" decoding=\"async\" src=\"https:\/\/blogs.uninter.edu.mx\/difusioncultural\/wp-content\/uploads\/2013\/12\/descarga-9.jpg\" alt=\"descarga (9)\" width=\"300\" height=\"168\" class=\"alignnone size-full wp-image-2448\" \/><\/a><\/p>\n","protected":false},"excerpt":{"rendered":"<p>El Museo Universitario Arte Contempor\u00e1neo (MUAC), el Centro Cultural Universitario Tlatelolco (CCUT), el Museo Universitario del Chopo y el Experimental El Eco, son algunos recintos que a partir de hoy ofrecen acceso libre a sus actividades y exposiciones durante el asueto decembrino. Esta temporada, que finalizar\u00e1 el 5 de enero de 2014, tambi\u00e9n contempla al&hellip;<\/p>\n","protected":false},"author":1,"featured_media":0,"comment_status":"open","ping_status":"open","sticky":false,"template":"","format":"standard","meta":{"_jetpack_memberships_contains_paid_content":false,"footnotes":"","jetpack_publicize_message":"","jetpack_publicize_feature_enabled":true,"jetpack_social_post_already_shared":false,"jetpack_social_options":{"image_generator_settings":{"template":"highway","default_image_id":0,"font":"","enabled":false},"version":2}},"categories":[8],"tags":[],"class_list":["post-2447","post","type-post","status-publish","format-standard","hentry","category-eventos"],"yoast_head":"<!-- This site is optimized with the Yoast SEO plugin v26.3 - https:\/\/yoast.com\/wordpress\/plugins\/seo\/ -->\r\n<title>La UNAM brinda oferta Cultural gratuita en vacaciones - Difusi\u00f3n Cultural<\/title>\r\n<meta name=\"robots\" content=\"index, follow, max-snippet:-1, max-image-preview:large, max-video-preview:-1\" \/>\r\n<link rel=\"canonical\" href=\"https:\/\/blogs.uninter.edu.mx\/difusioncultural\/?p=2447\" \/>\r\n<meta property=\"og:locale\" content=\"es_MX\" \/>\r\n<meta property=\"og:type\" content=\"article\" \/>\r\n<meta property=\"og:title\" content=\"La UNAM brinda oferta Cultural gratuita en vacaciones - Difusi\u00f3n Cultural\" \/>\r\n<meta property=\"og:description\" content=\"El Museo Universitario Arte Contempor\u00e1neo (MUAC), el Centro Cultural Universitario Tlatelolco (CCUT), el Museo Universitario del Chopo y el Experimental El Eco, son algunos recintos que a partir de hoy ofrecen acceso libre a sus actividades y exposiciones durante el asueto decembrino. Esta temporada, que finalizar\u00e1 el 5 de enero de 2014, tambi\u00e9n contempla al&hellip;\" \/>\r\n<meta property=\"og:url\" content=\"https:\/\/blogs.uninter.edu.mx\/difusioncultural\/?p=2447\" \/>\r\n<meta property=\"og:site_name\" content=\"Difusi\u00f3n Cultural\" \/>\r\n<meta property=\"article:published_time\" content=\"2013-12-15T17:30:15+00:00\" \/>\r\n<meta property=\"og:image\" content=\"https:\/\/blogs.uninter.edu.mx\/difusioncultural\/wp-content\/uploads\/2013\/12\/descarga-9.jpg\" \/>\r\n<meta name=\"author\" content=\"webmaster\" \/>\r\n<meta name=\"twitter:card\" content=\"summary_large_image\" \/>\r\n<meta name=\"twitter:label1\" content=\"Escrito por\" \/>\n\t<meta name=\"twitter:data1\" content=\"webmaster\" \/>\n\t<meta name=\"twitter:label2\" content=\"Tiempo de lectura\" \/>\n\t<meta name=\"twitter:data2\" content=\"4 minutos\" \/>\r\n<script type=\"application\/ld+json\" class=\"yoast-schema-graph\">{\"@context\":\"https:\/\/schema.org\",\"@graph\":[{\"@type\":\"Article\",\"@id\":\"https:\/\/blogs.uninter.edu.mx\/difusioncultural\/?p=2447#article\",\"isPartOf\":{\"@id\":\"https:\/\/blogs.uninter.edu.mx\/difusioncultural\/?p=2447\"},\"author\":{\"name\":\"webmaster\",\"@id\":\"https:\/\/blogs.uninter.edu.mx\/difusioncultural\/#\/schema\/person\/37a0926f4dd300a814993fd595abdc4a\"},\"headline\":\"La UNAM brinda oferta Cultural gratuita en vacaciones\",\"datePublished\":\"2013-12-15T17:30:15+00:00\",\"mainEntityOfPage\":{\"@id\":\"https:\/\/blogs.uninter.edu.mx\/difusioncultural\/?p=2447\"},\"wordCount\":759,\"commentCount\":0,\"publisher\":{\"@id\":\"https:\/\/blogs.uninter.edu.mx\/difusioncultural\/#organization\"},\"image\":{\"@id\":\"https:\/\/blogs.uninter.edu.mx\/difusioncultural\/?p=2447#primaryimage\"},\"thumbnailUrl\":\"https:\/\/blogs.uninter.edu.mx\/difusioncultural\/wp-content\/uploads\/2013\/12\/descarga-9.jpg\",\"articleSection\":[\"Eventos\"],\"inLanguage\":\"es\",\"potentialAction\":[{\"@type\":\"CommentAction\",\"name\":\"Comment\",\"target\":[\"https:\/\/blogs.uninter.edu.mx\/difusioncultural\/?p=2447#respond\"]}]},{\"@type\":\"WebPage\",\"@id\":\"https:\/\/blogs.uninter.edu.mx\/difusioncultural\/?p=2447\",\"url\":\"https:\/\/blogs.uninter.edu.mx\/difusioncultural\/?p=2447\",\"name\":\"La UNAM brinda oferta Cultural gratuita en vacaciones - Difusi\u00f3n Cultural\",\"isPartOf\":{\"@id\":\"https:\/\/blogs.uninter.edu.mx\/difusioncultural\/#website\"},\"primaryImageOfPage\":{\"@id\":\"https:\/\/blogs.uninter.edu.mx\/difusioncultural\/?p=2447#primaryimage\"},\"image\":{\"@id\":\"https:\/\/blogs.uninter.edu.mx\/difusioncultural\/?p=2447#primaryimage\"},\"thumbnailUrl\":\"https:\/\/blogs.uninter.edu.mx\/difusioncultural\/wp-content\/uploads\/2013\/12\/descarga-9.jpg\",\"datePublished\":\"2013-12-15T17:30:15+00:00\",\"breadcrumb\":{\"@id\":\"https:\/\/blogs.uninter.edu.mx\/difusioncultural\/?p=2447#breadcrumb\"},\"inLanguage\":\"es\",\"potentialAction\":[{\"@type\":\"ReadAction\",\"target\":[\"https:\/\/blogs.uninter.edu.mx\/difusioncultural\/?p=2447\"]}]},{\"@type\":\"ImageObject\",\"inLanguage\":\"es\",\"@id\":\"https:\/\/blogs.uninter.edu.mx\/difusioncultural\/?p=2447#primaryimage\",\"url\":\"https:\/\/blogs.uninter.edu.mx\/difusioncultural\/wp-content\/uploads\/2013\/12\/descarga-9.jpg\",\"contentUrl\":\"https:\/\/blogs.uninter.edu.mx\/difusioncultural\/wp-content\/uploads\/2013\/12\/descarga-9.jpg\",\"width\":300,\"height\":168},{\"@type\":\"BreadcrumbList\",\"@id\":\"https:\/\/blogs.uninter.edu.mx\/difusioncultural\/?p=2447#breadcrumb\",\"itemListElement\":[{\"@type\":\"ListItem\",\"position\":1,\"name\":\"Inicio\",\"item\":\"https:\/\/blogs.uninter.edu.mx\/difusioncultural\/\"},{\"@type\":\"ListItem\",\"position\":2,\"name\":\"La UNAM brinda oferta Cultural gratuita en vacaciones\"}]},{\"@type\":\"WebSite\",\"@id\":\"https:\/\/blogs.uninter.edu.mx\/difusioncultural\/#website\",\"url\":\"https:\/\/blogs.uninter.edu.mx\/difusioncultural\/\",\"name\":\"Difusi\u00f3n Cultural\",\"description\":\"UNINTER\",\"publisher\":{\"@id\":\"https:\/\/blogs.uninter.edu.mx\/difusioncultural\/#organization\"},\"potentialAction\":[{\"@type\":\"SearchAction\",\"target\":{\"@type\":\"EntryPoint\",\"urlTemplate\":\"https:\/\/blogs.uninter.edu.mx\/difusioncultural\/?s={search_term_string}\"},\"query-input\":{\"@type\":\"PropertyValueSpecification\",\"valueRequired\":true,\"valueName\":\"search_term_string\"}}],\"inLanguage\":\"es\"},{\"@type\":\"Organization\",\"@id\":\"https:\/\/blogs.uninter.edu.mx\/difusioncultural\/#organization\",\"name\":\"Difusi\u00f3n Cultural\",\"url\":\"https:\/\/blogs.uninter.edu.mx\/difusioncultural\/\",\"logo\":{\"@type\":\"ImageObject\",\"inLanguage\":\"es\",\"@id\":\"https:\/\/blogs.uninter.edu.mx\/difusioncultural\/#\/schema\/logo\/image\/\",\"url\":\"https:\/\/blogs.uninter.edu.mx\/difusioncultural\/wp-content\/uploads\/2022\/09\/uninter.jpg\",\"contentUrl\":\"https:\/\/blogs.uninter.edu.mx\/difusioncultural\/wp-content\/uploads\/2022\/09\/uninter.jpg\",\"width\":2048,\"height\":2048,\"caption\":\"Difusi\u00f3n Cultural\"},\"image\":{\"@id\":\"https:\/\/blogs.uninter.edu.mx\/difusioncultural\/#\/schema\/logo\/image\/\"}},{\"@type\":\"Person\",\"@id\":\"https:\/\/blogs.uninter.edu.mx\/difusioncultural\/#\/schema\/person\/37a0926f4dd300a814993fd595abdc4a\",\"name\":\"webmaster\",\"image\":{\"@type\":\"ImageObject\",\"inLanguage\":\"es\",\"@id\":\"https:\/\/blogs.uninter.edu.mx\/difusioncultural\/#\/schema\/person\/image\/\",\"url\":\"https:\/\/secure.gravatar.com\/avatar\/a59c276b01147463ef3aab4118e3137ebc5e1ad6700deb39ccdf8b89e517f7dc?s=96&d=mm&r=g\",\"contentUrl\":\"https:\/\/secure.gravatar.com\/avatar\/a59c276b01147463ef3aab4118e3137ebc5e1ad6700deb39ccdf8b89e517f7dc?s=96&d=mm&r=g\",\"caption\":\"webmaster\"},\"sameAs\":[\"https:\/\/blogs.uninter.edu.mx\/difusioncultural\"],\"url\":\"https:\/\/blogs.uninter.edu.mx\/difusioncultural\/?author=1\"}]}<\/script>\r\n<!-- \/ Yoast SEO plugin. -->","yoast_head_json":{"title":"La UNAM brinda oferta Cultural gratuita en vacaciones - Difusi\u00f3n Cultural","robots":{"index":"index","follow":"follow","max-snippet":"max-snippet:-1","max-image-preview":"max-image-preview:large","max-video-preview":"max-video-preview:-1"},"canonical":"https:\/\/blogs.uninter.edu.mx\/difusioncultural\/?p=2447","og_locale":"es_MX","og_type":"article","og_title":"La UNAM brinda oferta Cultural gratuita en vacaciones - Difusi\u00f3n Cultural","og_description":"El Museo Universitario Arte Contempor\u00e1neo (MUAC), el Centro Cultural Universitario Tlatelolco (CCUT), el Museo Universitario del Chopo y el Experimental El Eco, son algunos recintos que a partir de hoy ofrecen acceso libre a sus actividades y exposiciones durante el asueto decembrino. Esta temporada, que finalizar\u00e1 el 5 de enero de 2014, tambi\u00e9n contempla al&hellip;","og_url":"https:\/\/blogs.uninter.edu.mx\/difusioncultural\/?p=2447","og_site_name":"Difusi\u00f3n Cultural","article_published_time":"2013-12-15T17:30:15+00:00","og_image":[{"url":"https:\/\/blogs.uninter.edu.mx\/difusioncultural\/wp-content\/uploads\/2013\/12\/descarga-9.jpg","type":"","width":"","height":""}],"author":"webmaster","twitter_card":"summary_large_image","twitter_misc":{"Escrito por":"webmaster","Tiempo de lectura":"4 minutos"},"schema":{"@context":"https:\/\/schema.org","@graph":[{"@type":"Article","@id":"https:\/\/blogs.uninter.edu.mx\/difusioncultural\/?p=2447#article","isPartOf":{"@id":"https:\/\/blogs.uninter.edu.mx\/difusioncultural\/?p=2447"},"author":{"name":"webmaster","@id":"https:\/\/blogs.uninter.edu.mx\/difusioncultural\/#\/schema\/person\/37a0926f4dd300a814993fd595abdc4a"},"headline":"La UNAM brinda oferta Cultural gratuita en vacaciones","datePublished":"2013-12-15T17:30:15+00:00","mainEntityOfPage":{"@id":"https:\/\/blogs.uninter.edu.mx\/difusioncultural\/?p=2447"},"wordCount":759,"commentCount":0,"publisher":{"@id":"https:\/\/blogs.uninter.edu.mx\/difusioncultural\/#organization"},"image":{"@id":"https:\/\/blogs.uninter.edu.mx\/difusioncultural\/?p=2447#primaryimage"},"thumbnailUrl":"https:\/\/blogs.uninter.edu.mx\/difusioncultural\/wp-content\/uploads\/2013\/12\/descarga-9.jpg","articleSection":["Eventos"],"inLanguage":"es","potentialAction":[{"@type":"CommentAction","name":"Comment","target":["https:\/\/blogs.uninter.edu.mx\/difusioncultural\/?p=2447#respond"]}]},{"@type":"WebPage","@id":"https:\/\/blogs.uninter.edu.mx\/difusioncultural\/?p=2447","url":"https:\/\/blogs.uninter.edu.mx\/difusioncultural\/?p=2447","name":"La UNAM brinda oferta Cultural gratuita en vacaciones - Difusi\u00f3n Cultural","isPartOf":{"@id":"https:\/\/blogs.uninter.edu.mx\/difusioncultural\/#website"},"primaryImageOfPage":{"@id":"https:\/\/blogs.uninter.edu.mx\/difusioncultural\/?p=2447#primaryimage"},"image":{"@id":"https:\/\/blogs.uninter.edu.mx\/difusioncultural\/?p=2447#primaryimage"},"thumbnailUrl":"https:\/\/blogs.uninter.edu.mx\/difusioncultural\/wp-content\/uploads\/2013\/12\/descarga-9.jpg","datePublished":"2013-12-15T17:30:15+00:00","breadcrumb":{"@id":"https:\/\/blogs.uninter.edu.mx\/difusioncultural\/?p=2447#breadcrumb"},"inLanguage":"es","potentialAction":[{"@type":"ReadAction","target":["https:\/\/blogs.uninter.edu.mx\/difusioncultural\/?p=2447"]}]},{"@type":"ImageObject","inLanguage":"es","@id":"https:\/\/blogs.uninter.edu.mx\/difusioncultural\/?p=2447#primaryimage","url":"https:\/\/blogs.uninter.edu.mx\/difusioncultural\/wp-content\/uploads\/2013\/12\/descarga-9.jpg","contentUrl":"https:\/\/blogs.uninter.edu.mx\/difusioncultural\/wp-content\/uploads\/2013\/12\/descarga-9.jpg","width":300,"height":168},{"@type":"BreadcrumbList","@id":"https:\/\/blogs.uninter.edu.mx\/difusioncultural\/?p=2447#breadcrumb","itemListElement":[{"@type":"ListItem","position":1,"name":"Inicio","item":"https:\/\/blogs.uninter.edu.mx\/difusioncultural\/"},{"@type":"ListItem","position":2,"name":"La UNAM brinda oferta Cultural gratuita en vacaciones"}]},{"@type":"WebSite","@id":"https:\/\/blogs.uninter.edu.mx\/difusioncultural\/#website","url":"https:\/\/blogs.uninter.edu.mx\/difusioncultural\/","name":"Difusi\u00f3n Cultural","description":"UNINTER","publisher":{"@id":"https:\/\/blogs.uninter.edu.mx\/difusioncultural\/#organization"},"potentialAction":[{"@type":"SearchAction","target":{"@type":"EntryPoint","urlTemplate":"https:\/\/blogs.uninter.edu.mx\/difusioncultural\/?s={search_term_string}"},"query-input":{"@type":"PropertyValueSpecification","valueRequired":true,"valueName":"search_term_string"}}],"inLanguage":"es"},{"@type":"Organization","@id":"https:\/\/blogs.uninter.edu.mx\/difusioncultural\/#organization","name":"Difusi\u00f3n Cultural","url":"https:\/\/blogs.uninter.edu.mx\/difusioncultural\/","logo":{"@type":"ImageObject","inLanguage":"es","@id":"https:\/\/blogs.uninter.edu.mx\/difusioncultural\/#\/schema\/logo\/image\/","url":"https:\/\/blogs.uninter.edu.mx\/difusioncultural\/wp-content\/uploads\/2022\/09\/uninter.jpg","contentUrl":"https:\/\/blogs.uninter.edu.mx\/difusioncultural\/wp-content\/uploads\/2022\/09\/uninter.jpg","width":2048,"height":2048,"caption":"Difusi\u00f3n Cultural"},"image":{"@id":"https:\/\/blogs.uninter.edu.mx\/difusioncultural\/#\/schema\/logo\/image\/"}},{"@type":"Person","@id":"https:\/\/blogs.uninter.edu.mx\/difusioncultural\/#\/schema\/person\/37a0926f4dd300a814993fd595abdc4a","name":"webmaster","image":{"@type":"ImageObject","inLanguage":"es","@id":"https:\/\/blogs.uninter.edu.mx\/difusioncultural\/#\/schema\/person\/image\/","url":"https:\/\/secure.gravatar.com\/avatar\/a59c276b01147463ef3aab4118e3137ebc5e1ad6700deb39ccdf8b89e517f7dc?s=96&d=mm&r=g","contentUrl":"https:\/\/secure.gravatar.com\/avatar\/a59c276b01147463ef3aab4118e3137ebc5e1ad6700deb39ccdf8b89e517f7dc?s=96&d=mm&r=g","caption":"webmaster"},"sameAs":["https:\/\/blogs.uninter.edu.mx\/difusioncultural"],"url":"https:\/\/blogs.uninter.edu.mx\/difusioncultural\/?author=1"}]}},"jetpack_publicize_connections":[],"jetpack_featured_media_url":"","jetpack_sharing_enabled":true,"_links":{"self":[{"href":"https:\/\/blogs.uninter.edu.mx\/difusioncultural\/index.php?rest_route=\/wp\/v2\/posts\/2447","targetHints":{"allow":["GET"]}}],"collection":[{"href":"https:\/\/blogs.uninter.edu.mx\/difusioncultural\/index.php?rest_route=\/wp\/v2\/posts"}],"about":[{"href":"https:\/\/blogs.uninter.edu.mx\/difusioncultural\/index.php?rest_route=\/wp\/v2\/types\/post"}],"author":[{"embeddable":true,"href":"https:\/\/blogs.uninter.edu.mx\/difusioncultural\/index.php?rest_route=\/wp\/v2\/users\/1"}],"replies":[{"embeddable":true,"href":"https:\/\/blogs.uninter.edu.mx\/difusioncultural\/index.php?rest_route=%2Fwp%2Fv2%2Fcomments&post=2447"}],"version-history":[{"count":0,"href":"https:\/\/blogs.uninter.edu.mx\/difusioncultural\/index.php?rest_route=\/wp\/v2\/posts\/2447\/revisions"}],"wp:attachment":[{"href":"https:\/\/blogs.uninter.edu.mx\/difusioncultural\/index.php?rest_route=%2Fwp%2Fv2%2Fmedia&parent=2447"}],"wp:term":[{"taxonomy":"category","embeddable":true,"href":"https:\/\/blogs.uninter.edu.mx\/difusioncultural\/index.php?rest_route=%2Fwp%2Fv2%2Fcategories&post=2447"},{"taxonomy":"post_tag","embeddable":true,"href":"https:\/\/blogs.uninter.edu.mx\/difusioncultural\/index.php?rest_route=%2Fwp%2Fv2%2Ftags&post=2447"}],"curies":[{"name":"wp","href":"https:\/\/api.w.org\/{rel}","templated":true}]}}