{"id":2477,"date":"2014-01-02T03:36:00","date_gmt":"2014-01-02T03:36:00","guid":{"rendered":"http:\/\/difusionculturaluninter.wordpress.com\/?p=2477"},"modified":"2014-01-02T03:36:00","modified_gmt":"2014-01-02T03:36:00","slug":"la-fonoteca-nacional-con-un-gran-programa-para-este-2014","status":"publish","type":"post","link":"https:\/\/blogs.uninter.edu.mx\/difusioncultural\/?p=2477","title":{"rendered":"La Fonoteca Nacional con un gran programa para este 2014"},"content":{"rendered":"<p>Los conciertos de Bozena Slawinska, \u00c1gueda Gonz\u00e1lez y ONIX Ensamble, adem\u00e1s de las exposiciones &#8220;Con.tensiones&#8221; y &#8220;No es sordo el mar&#8221;, forman parte del amplio y variado cartel cultural que tendr\u00e1 cabida en la Fonoteca Nacional.<\/p>\n<p>La encargada de inaugurar las actividades en 2014 ser\u00e1 la violonchelista polaca Bozena Slawinska, quien ofrecer\u00e1 un concierto el 11 de enero en la Sala Murray Schafer.El programa de la presentaci\u00f3n incluir\u00e1 las piezas &#8220;Suite para violonchelo No. 1, BWV 1007&#8221; y &#8220;Suite para violonchelo No. 2, BWV 1008&#8221;, de Johann Sebastian Bach (1685-1750).<\/p>\n<p>Por otro lado, la clavecinista \u00c1gueda Gonz\u00e1lez interpretar\u00e1 un atractivo programa, con obras de compositores como \u00c9lisabeth Jacquet de La Guerre (1665-1729), Jean-Philippe Rameau (1683-1764), Carlos Seixas (1704-1742), Wilhelm Friedemann Bach (1710-1784) y Carl Philipp Emanuel Bach (1714-1788), el pr\u00f3ximo 18 de enero.<\/p>\n<p>El repertorio de Gonz\u00e1lez, quien curs\u00f3 estudios en la Universidad Nacional Aut\u00f3noma de M\u00e9xico (UNAM) y el Conservatorio Regional de Toulouse, Francia, est\u00e1 compuesto por piezas del periodo barroco y virreinal, as\u00ed como de m\u00fasica contempor\u00e1nea de M\u00e9xico.<\/p>\n<p>La noche del 21 de enero, ONIX Ensamble presentar\u00e1 su m\u00e1s reciente producci\u00f3n discogr\u00e1fica, &#8220;Equinox&#8221;, que incluye obras como &#8220;El \u00e1guila bic\u00e9fala&#8221; y &#8220;M\u00fasica para cinco&#8221;, de Gabriela Ortiz y Samuel Zyman, respectivamente, y una dedica a la cultura maya.<\/p>\n<p>Paralelo a su cartel de actividades, la exposici\u00f3n &#8220;No es sordo el mar. Retablo&#8221;, creada a partir de la convocatoria para el concurso &#8220;Soledades&#8221;, con motivo de los 400 a\u00f1os de la composici\u00f3n del poema hom\u00f3nimo, saldr\u00e1 al Laboratorio Arte Alameda.<\/p>\n<p>En la instalaci\u00f3n sonora, que podr\u00e1 ser apreciada del 7 de enero al 15 de febrero, colaboran Tito Rivas, Roc\u00edo Cer\u00f3n, Osiris Gonz\u00e1lez, Athena Ram\u00edrez y el Colectivo Phonos.Otra propuesta en materia de artes visuales es &#8220;Con.tensiones&#8221;, donde el artista Manuel Rocha Iturbide reflexiona sobre la situaci\u00f3n actual del pa\u00eds. La muestra estar\u00e1 disponible del 7 de enero al 28 de febrero pr\u00f3ximo.<\/p>\n<p>Con una visita al Parque Frida Kahlo, situado a un costado de la Capilla de la Conchita en Coyoac\u00e1n, el 18 de enero ser\u00e1 inaugurado el ciclo &#8220;Rodadas Sonoras 2014&#8221;, que consiste en percibir el ambiente ac\u00fastico del parque.<\/p>\n<p>Del 6 de enero al 2 de febrero, el Jard\u00edn Sonoro ofrecer\u00e1 semanalmente una programaci\u00f3n distinta, a trav\u00e9s de proyectos de poes\u00eda sonora, performance, grabaciones experimentales y &#8220;text-sound composition&#8221;.<\/p>\n<p>Es de mencionar que el Jard\u00edn Sonoro detecta la presencia del visitante, mediante un sistema de sensores para emitir el sonido; al no detectar presencia o movimiento, las obras se apagan.Por \u00faltimo, la Fonoteca Nacional, a trav\u00e9s de su portal por Internet, brinda la oportunidad de acceder a material literario, archivos radiof\u00f3nicos y podcast.<\/p>\n<p><a href=\"https:\/\/blogs.uninter.edu.mx\/difusioncultural\/wp-content\/uploads\/2014\/01\/998770.jpg\"><img fetchpriority=\"high\" decoding=\"async\" src=\"https:\/\/blogs.uninter.edu.mx\/difusioncultural\/wp-content\/uploads\/2014\/01\/998770.jpg?w=300\" alt=\"998770\" width=\"300\" height=\"224\" class=\"alignnone size-medium wp-image-2478\" \/><\/a><\/p>\n","protected":false},"excerpt":{"rendered":"<p>Los conciertos de Bozena Slawinska, \u00c1gueda Gonz\u00e1lez y ONIX Ensamble, adem\u00e1s de las exposiciones &#8220;Con.tensiones&#8221; y &#8220;No es sordo el mar&#8221;, forman parte del amplio y variado cartel cultural que tendr\u00e1 cabida en la Fonoteca Nacional. La encargada de inaugurar las actividades en 2014 ser\u00e1 la violonchelista polaca Bozena Slawinska, quien ofrecer\u00e1 un concierto el&hellip;<\/p>\n","protected":false},"author":1,"featured_media":0,"comment_status":"open","ping_status":"open","sticky":false,"template":"","format":"standard","meta":{"_jetpack_memberships_contains_paid_content":false,"footnotes":"","jetpack_publicize_message":"","jetpack_publicize_feature_enabled":true,"jetpack_social_post_already_shared":false,"jetpack_social_options":{"image_generator_settings":{"template":"highway","default_image_id":0,"font":"","enabled":false},"version":2}},"categories":[1],"tags":[],"class_list":["post-2477","post","type-post","status-publish","format-standard","hentry","category-sin-categoria"],"yoast_head":"<!-- This site is optimized with the Yoast SEO plugin v26.3 - https:\/\/yoast.com\/wordpress\/plugins\/seo\/ -->\r\n<title>La Fonoteca Nacional con un gran programa para este 2014 - Difusi\u00f3n Cultural<\/title>\r\n<meta name=\"robots\" content=\"index, follow, max-snippet:-1, max-image-preview:large, max-video-preview:-1\" \/>\r\n<link rel=\"canonical\" href=\"https:\/\/blogs.uninter.edu.mx\/difusioncultural\/?p=2477\" \/>\r\n<meta property=\"og:locale\" content=\"es_MX\" \/>\r\n<meta property=\"og:type\" content=\"article\" \/>\r\n<meta property=\"og:title\" content=\"La Fonoteca Nacional con un gran programa para este 2014 - Difusi\u00f3n Cultural\" \/>\r\n<meta property=\"og:description\" content=\"Los conciertos de Bozena Slawinska, \u00c1gueda Gonz\u00e1lez y ONIX Ensamble, adem\u00e1s de las exposiciones &#8220;Con.tensiones&#8221; y &#8220;No es sordo el mar&#8221;, forman parte del amplio y variado cartel cultural que tendr\u00e1 cabida en la Fonoteca Nacional. La encargada de inaugurar las actividades en 2014 ser\u00e1 la violonchelista polaca Bozena Slawinska, quien ofrecer\u00e1 un concierto el&hellip;\" \/>\r\n<meta property=\"og:url\" content=\"https:\/\/blogs.uninter.edu.mx\/difusioncultural\/?p=2477\" \/>\r\n<meta property=\"og:site_name\" content=\"Difusi\u00f3n Cultural\" \/>\r\n<meta property=\"article:published_time\" content=\"2014-01-02T03:36:00+00:00\" \/>\r\n<meta property=\"og:image\" content=\"https:\/\/blogs.uninter.edu.mx\/difusioncultural\/wp-content\/uploads\/2014\/01\/998770.jpg?w=300\" \/>\r\n<meta name=\"author\" content=\"webmaster\" \/>\r\n<meta name=\"twitter:card\" content=\"summary_large_image\" \/>\r\n<meta name=\"twitter:label1\" content=\"Escrito por\" \/>\n\t<meta name=\"twitter:data1\" content=\"webmaster\" \/>\n\t<meta name=\"twitter:label2\" content=\"Tiempo de lectura\" \/>\n\t<meta name=\"twitter:data2\" content=\"2 minutos\" \/>\r\n<script type=\"application\/ld+json\" class=\"yoast-schema-graph\">{\"@context\":\"https:\/\/schema.org\",\"@graph\":[{\"@type\":\"Article\",\"@id\":\"https:\/\/blogs.uninter.edu.mx\/difusioncultural\/?p=2477#article\",\"isPartOf\":{\"@id\":\"https:\/\/blogs.uninter.edu.mx\/difusioncultural\/?p=2477\"},\"author\":{\"name\":\"webmaster\",\"@id\":\"https:\/\/blogs.uninter.edu.mx\/difusioncultural\/#\/schema\/person\/37a0926f4dd300a814993fd595abdc4a\"},\"headline\":\"La Fonoteca Nacional con un gran programa para este 2014\",\"datePublished\":\"2014-01-02T03:36:00+00:00\",\"mainEntityOfPage\":{\"@id\":\"https:\/\/blogs.uninter.edu.mx\/difusioncultural\/?p=2477\"},\"wordCount\":471,\"commentCount\":0,\"publisher\":{\"@id\":\"https:\/\/blogs.uninter.edu.mx\/difusioncultural\/#organization\"},\"image\":{\"@id\":\"https:\/\/blogs.uninter.edu.mx\/difusioncultural\/?p=2477#primaryimage\"},\"thumbnailUrl\":\"https:\/\/blogs.uninter.edu.mx\/difusioncultural\/wp-content\/uploads\/2014\/01\/998770.jpg?w=300\",\"inLanguage\":\"es\",\"potentialAction\":[{\"@type\":\"CommentAction\",\"name\":\"Comment\",\"target\":[\"https:\/\/blogs.uninter.edu.mx\/difusioncultural\/?p=2477#respond\"]}]},{\"@type\":\"WebPage\",\"@id\":\"https:\/\/blogs.uninter.edu.mx\/difusioncultural\/?p=2477\",\"url\":\"https:\/\/blogs.uninter.edu.mx\/difusioncultural\/?p=2477\",\"name\":\"La Fonoteca Nacional con un gran programa para este 2014 - Difusi\u00f3n Cultural\",\"isPartOf\":{\"@id\":\"https:\/\/blogs.uninter.edu.mx\/difusioncultural\/#website\"},\"primaryImageOfPage\":{\"@id\":\"https:\/\/blogs.uninter.edu.mx\/difusioncultural\/?p=2477#primaryimage\"},\"image\":{\"@id\":\"https:\/\/blogs.uninter.edu.mx\/difusioncultural\/?p=2477#primaryimage\"},\"thumbnailUrl\":\"https:\/\/blogs.uninter.edu.mx\/difusioncultural\/wp-content\/uploads\/2014\/01\/998770.jpg?w=300\",\"datePublished\":\"2014-01-02T03:36:00+00:00\",\"breadcrumb\":{\"@id\":\"https:\/\/blogs.uninter.edu.mx\/difusioncultural\/?p=2477#breadcrumb\"},\"inLanguage\":\"es\",\"potentialAction\":[{\"@type\":\"ReadAction\",\"target\":[\"https:\/\/blogs.uninter.edu.mx\/difusioncultural\/?p=2477\"]}]},{\"@type\":\"ImageObject\",\"inLanguage\":\"es\",\"@id\":\"https:\/\/blogs.uninter.edu.mx\/difusioncultural\/?p=2477#primaryimage\",\"url\":\"https:\/\/blogs.uninter.edu.mx\/difusioncultural\/wp-content\/uploads\/2014\/01\/998770.jpg?w=300\",\"contentUrl\":\"https:\/\/blogs.uninter.edu.mx\/difusioncultural\/wp-content\/uploads\/2014\/01\/998770.jpg?w=300\"},{\"@type\":\"BreadcrumbList\",\"@id\":\"https:\/\/blogs.uninter.edu.mx\/difusioncultural\/?p=2477#breadcrumb\",\"itemListElement\":[{\"@type\":\"ListItem\",\"position\":1,\"name\":\"Inicio\",\"item\":\"https:\/\/blogs.uninter.edu.mx\/difusioncultural\/\"},{\"@type\":\"ListItem\",\"position\":2,\"name\":\"La Fonoteca Nacional con un gran programa para este 2014\"}]},{\"@type\":\"WebSite\",\"@id\":\"https:\/\/blogs.uninter.edu.mx\/difusioncultural\/#website\",\"url\":\"https:\/\/blogs.uninter.edu.mx\/difusioncultural\/\",\"name\":\"Difusi\u00f3n Cultural\",\"description\":\"UNINTER\",\"publisher\":{\"@id\":\"https:\/\/blogs.uninter.edu.mx\/difusioncultural\/#organization\"},\"potentialAction\":[{\"@type\":\"SearchAction\",\"target\":{\"@type\":\"EntryPoint\",\"urlTemplate\":\"https:\/\/blogs.uninter.edu.mx\/difusioncultural\/?s={search_term_string}\"},\"query-input\":{\"@type\":\"PropertyValueSpecification\",\"valueRequired\":true,\"valueName\":\"search_term_string\"}}],\"inLanguage\":\"es\"},{\"@type\":\"Organization\",\"@id\":\"https:\/\/blogs.uninter.edu.mx\/difusioncultural\/#organization\",\"name\":\"Difusi\u00f3n Cultural\",\"url\":\"https:\/\/blogs.uninter.edu.mx\/difusioncultural\/\",\"logo\":{\"@type\":\"ImageObject\",\"inLanguage\":\"es\",\"@id\":\"https:\/\/blogs.uninter.edu.mx\/difusioncultural\/#\/schema\/logo\/image\/\",\"url\":\"https:\/\/blogs.uninter.edu.mx\/difusioncultural\/wp-content\/uploads\/2022\/09\/uninter.jpg\",\"contentUrl\":\"https:\/\/blogs.uninter.edu.mx\/difusioncultural\/wp-content\/uploads\/2022\/09\/uninter.jpg\",\"width\":2048,\"height\":2048,\"caption\":\"Difusi\u00f3n Cultural\"},\"image\":{\"@id\":\"https:\/\/blogs.uninter.edu.mx\/difusioncultural\/#\/schema\/logo\/image\/\"}},{\"@type\":\"Person\",\"@id\":\"https:\/\/blogs.uninter.edu.mx\/difusioncultural\/#\/schema\/person\/37a0926f4dd300a814993fd595abdc4a\",\"name\":\"webmaster\",\"image\":{\"@type\":\"ImageObject\",\"inLanguage\":\"es\",\"@id\":\"https:\/\/blogs.uninter.edu.mx\/difusioncultural\/#\/schema\/person\/image\/\",\"url\":\"https:\/\/secure.gravatar.com\/avatar\/a59c276b01147463ef3aab4118e3137ebc5e1ad6700deb39ccdf8b89e517f7dc?s=96&d=mm&r=g\",\"contentUrl\":\"https:\/\/secure.gravatar.com\/avatar\/a59c276b01147463ef3aab4118e3137ebc5e1ad6700deb39ccdf8b89e517f7dc?s=96&d=mm&r=g\",\"caption\":\"webmaster\"},\"sameAs\":[\"https:\/\/blogs.uninter.edu.mx\/difusioncultural\"],\"url\":\"https:\/\/blogs.uninter.edu.mx\/difusioncultural\/?author=1\"}]}<\/script>\r\n<!-- \/ Yoast SEO plugin. -->","yoast_head_json":{"title":"La Fonoteca Nacional con un gran programa para este 2014 - Difusi\u00f3n Cultural","robots":{"index":"index","follow":"follow","max-snippet":"max-snippet:-1","max-image-preview":"max-image-preview:large","max-video-preview":"max-video-preview:-1"},"canonical":"https:\/\/blogs.uninter.edu.mx\/difusioncultural\/?p=2477","og_locale":"es_MX","og_type":"article","og_title":"La Fonoteca Nacional con un gran programa para este 2014 - Difusi\u00f3n Cultural","og_description":"Los conciertos de Bozena Slawinska, \u00c1gueda Gonz\u00e1lez y ONIX Ensamble, adem\u00e1s de las exposiciones &#8220;Con.tensiones&#8221; y &#8220;No es sordo el mar&#8221;, forman parte del amplio y variado cartel cultural que tendr\u00e1 cabida en la Fonoteca Nacional. La encargada de inaugurar las actividades en 2014 ser\u00e1 la violonchelista polaca Bozena Slawinska, quien ofrecer\u00e1 un concierto el&hellip;","og_url":"https:\/\/blogs.uninter.edu.mx\/difusioncultural\/?p=2477","og_site_name":"Difusi\u00f3n Cultural","article_published_time":"2014-01-02T03:36:00+00:00","og_image":[{"url":"https:\/\/blogs.uninter.edu.mx\/difusioncultural\/wp-content\/uploads\/2014\/01\/998770.jpg?w=300","type":"","width":"","height":""}],"author":"webmaster","twitter_card":"summary_large_image","twitter_misc":{"Escrito por":"webmaster","Tiempo de lectura":"2 minutos"},"schema":{"@context":"https:\/\/schema.org","@graph":[{"@type":"Article","@id":"https:\/\/blogs.uninter.edu.mx\/difusioncultural\/?p=2477#article","isPartOf":{"@id":"https:\/\/blogs.uninter.edu.mx\/difusioncultural\/?p=2477"},"author":{"name":"webmaster","@id":"https:\/\/blogs.uninter.edu.mx\/difusioncultural\/#\/schema\/person\/37a0926f4dd300a814993fd595abdc4a"},"headline":"La Fonoteca Nacional con un gran programa para este 2014","datePublished":"2014-01-02T03:36:00+00:00","mainEntityOfPage":{"@id":"https:\/\/blogs.uninter.edu.mx\/difusioncultural\/?p=2477"},"wordCount":471,"commentCount":0,"publisher":{"@id":"https:\/\/blogs.uninter.edu.mx\/difusioncultural\/#organization"},"image":{"@id":"https:\/\/blogs.uninter.edu.mx\/difusioncultural\/?p=2477#primaryimage"},"thumbnailUrl":"https:\/\/blogs.uninter.edu.mx\/difusioncultural\/wp-content\/uploads\/2014\/01\/998770.jpg?w=300","inLanguage":"es","potentialAction":[{"@type":"CommentAction","name":"Comment","target":["https:\/\/blogs.uninter.edu.mx\/difusioncultural\/?p=2477#respond"]}]},{"@type":"WebPage","@id":"https:\/\/blogs.uninter.edu.mx\/difusioncultural\/?p=2477","url":"https:\/\/blogs.uninter.edu.mx\/difusioncultural\/?p=2477","name":"La Fonoteca Nacional con un gran programa para este 2014 - Difusi\u00f3n Cultural","isPartOf":{"@id":"https:\/\/blogs.uninter.edu.mx\/difusioncultural\/#website"},"primaryImageOfPage":{"@id":"https:\/\/blogs.uninter.edu.mx\/difusioncultural\/?p=2477#primaryimage"},"image":{"@id":"https:\/\/blogs.uninter.edu.mx\/difusioncultural\/?p=2477#primaryimage"},"thumbnailUrl":"https:\/\/blogs.uninter.edu.mx\/difusioncultural\/wp-content\/uploads\/2014\/01\/998770.jpg?w=300","datePublished":"2014-01-02T03:36:00+00:00","breadcrumb":{"@id":"https:\/\/blogs.uninter.edu.mx\/difusioncultural\/?p=2477#breadcrumb"},"inLanguage":"es","potentialAction":[{"@type":"ReadAction","target":["https:\/\/blogs.uninter.edu.mx\/difusioncultural\/?p=2477"]}]},{"@type":"ImageObject","inLanguage":"es","@id":"https:\/\/blogs.uninter.edu.mx\/difusioncultural\/?p=2477#primaryimage","url":"https:\/\/blogs.uninter.edu.mx\/difusioncultural\/wp-content\/uploads\/2014\/01\/998770.jpg?w=300","contentUrl":"https:\/\/blogs.uninter.edu.mx\/difusioncultural\/wp-content\/uploads\/2014\/01\/998770.jpg?w=300"},{"@type":"BreadcrumbList","@id":"https:\/\/blogs.uninter.edu.mx\/difusioncultural\/?p=2477#breadcrumb","itemListElement":[{"@type":"ListItem","position":1,"name":"Inicio","item":"https:\/\/blogs.uninter.edu.mx\/difusioncultural\/"},{"@type":"ListItem","position":2,"name":"La Fonoteca Nacional con un gran programa para este 2014"}]},{"@type":"WebSite","@id":"https:\/\/blogs.uninter.edu.mx\/difusioncultural\/#website","url":"https:\/\/blogs.uninter.edu.mx\/difusioncultural\/","name":"Difusi\u00f3n Cultural","description":"UNINTER","publisher":{"@id":"https:\/\/blogs.uninter.edu.mx\/difusioncultural\/#organization"},"potentialAction":[{"@type":"SearchAction","target":{"@type":"EntryPoint","urlTemplate":"https:\/\/blogs.uninter.edu.mx\/difusioncultural\/?s={search_term_string}"},"query-input":{"@type":"PropertyValueSpecification","valueRequired":true,"valueName":"search_term_string"}}],"inLanguage":"es"},{"@type":"Organization","@id":"https:\/\/blogs.uninter.edu.mx\/difusioncultural\/#organization","name":"Difusi\u00f3n Cultural","url":"https:\/\/blogs.uninter.edu.mx\/difusioncultural\/","logo":{"@type":"ImageObject","inLanguage":"es","@id":"https:\/\/blogs.uninter.edu.mx\/difusioncultural\/#\/schema\/logo\/image\/","url":"https:\/\/blogs.uninter.edu.mx\/difusioncultural\/wp-content\/uploads\/2022\/09\/uninter.jpg","contentUrl":"https:\/\/blogs.uninter.edu.mx\/difusioncultural\/wp-content\/uploads\/2022\/09\/uninter.jpg","width":2048,"height":2048,"caption":"Difusi\u00f3n Cultural"},"image":{"@id":"https:\/\/blogs.uninter.edu.mx\/difusioncultural\/#\/schema\/logo\/image\/"}},{"@type":"Person","@id":"https:\/\/blogs.uninter.edu.mx\/difusioncultural\/#\/schema\/person\/37a0926f4dd300a814993fd595abdc4a","name":"webmaster","image":{"@type":"ImageObject","inLanguage":"es","@id":"https:\/\/blogs.uninter.edu.mx\/difusioncultural\/#\/schema\/person\/image\/","url":"https:\/\/secure.gravatar.com\/avatar\/a59c276b01147463ef3aab4118e3137ebc5e1ad6700deb39ccdf8b89e517f7dc?s=96&d=mm&r=g","contentUrl":"https:\/\/secure.gravatar.com\/avatar\/a59c276b01147463ef3aab4118e3137ebc5e1ad6700deb39ccdf8b89e517f7dc?s=96&d=mm&r=g","caption":"webmaster"},"sameAs":["https:\/\/blogs.uninter.edu.mx\/difusioncultural"],"url":"https:\/\/blogs.uninter.edu.mx\/difusioncultural\/?author=1"}]}},"jetpack_publicize_connections":[],"jetpack_featured_media_url":"","jetpack_sharing_enabled":true,"_links":{"self":[{"href":"https:\/\/blogs.uninter.edu.mx\/difusioncultural\/index.php?rest_route=\/wp\/v2\/posts\/2477","targetHints":{"allow":["GET"]}}],"collection":[{"href":"https:\/\/blogs.uninter.edu.mx\/difusioncultural\/index.php?rest_route=\/wp\/v2\/posts"}],"about":[{"href":"https:\/\/blogs.uninter.edu.mx\/difusioncultural\/index.php?rest_route=\/wp\/v2\/types\/post"}],"author":[{"embeddable":true,"href":"https:\/\/blogs.uninter.edu.mx\/difusioncultural\/index.php?rest_route=\/wp\/v2\/users\/1"}],"replies":[{"embeddable":true,"href":"https:\/\/blogs.uninter.edu.mx\/difusioncultural\/index.php?rest_route=%2Fwp%2Fv2%2Fcomments&post=2477"}],"version-history":[{"count":0,"href":"https:\/\/blogs.uninter.edu.mx\/difusioncultural\/index.php?rest_route=\/wp\/v2\/posts\/2477\/revisions"}],"wp:attachment":[{"href":"https:\/\/blogs.uninter.edu.mx\/difusioncultural\/index.php?rest_route=%2Fwp%2Fv2%2Fmedia&parent=2477"}],"wp:term":[{"taxonomy":"category","embeddable":true,"href":"https:\/\/blogs.uninter.edu.mx\/difusioncultural\/index.php?rest_route=%2Fwp%2Fv2%2Fcategories&post=2477"},{"taxonomy":"post_tag","embeddable":true,"href":"https:\/\/blogs.uninter.edu.mx\/difusioncultural\/index.php?rest_route=%2Fwp%2Fv2%2Ftags&post=2477"}],"curies":[{"name":"wp","href":"https:\/\/api.w.org\/{rel}","templated":true}]}}