{"id":2505,"date":"2014-02-01T02:13:44","date_gmt":"2014-02-01T02:13:44","guid":{"rendered":"http:\/\/difusionculturaluninter.wordpress.com\/?p=2505"},"modified":"2014-02-01T02:13:44","modified_gmt":"2014-02-01T02:13:44","slug":"efemerides-del-dia-01-de-febrero","status":"publish","type":"post","link":"https:\/\/blogs.uninter.edu.mx\/difusioncultural\/?p=2505","title":{"rendered":"Efem\u00e9rides del d\u00eda : 01 de febrero"},"content":{"rendered":"<p>Hoy comienza el mes de febrero, recordemos los eventos m\u00e1s importantes que se han suscitado un d\u00eda como hoy pero de a\u00f1os atr\u00e1s.<\/p>\n<p>Un 1 de febrero nacieron figuras de la cultura como los escritores Alonso Zamora Vicente y Mar\u00eda Elena Walsh, el compositor Ole Buck y el cient\u00edfico Emilio Segr\u00e9; murieron los artistas pl\u00e1sticos Piet Mondrian, \u00c1ngel Bracho y Noldi Schreck, as\u00ed como la escritora Wislawa Szymborska<\/p>\n<p>1459.- Nace el poeta y erudito alem\u00e1n Conradus Celtis, quien estimula el inter\u00e9s en Alemania por el aprendizaje cl\u00e1sico y las antig\u00fcedades del pa\u00eds. Se le conoce como \u201cDer Erzhumanist\u201d (El Archhumanist). Muere el 4 de febrero de 1508.<\/p>\n<p>1851.- Muere la escritora brit\u00e1nica Mary Shelley, autora de \u201cFrankenstein o el moderno Prometeo\u201d, novela con la que su nombre pasa a formar parte de los inmortales de la literatura. Tambi\u00e9n es autora de \u201cEl \u00faltimo hombre\u201d. Nace el 30 de agosto de 1797.<\/p>\n<p><a href=\"https:\/\/blogs.uninter.edu.mx\/difusioncultural\/wp-content\/uploads\/2014\/02\/200px-rothwellmaryshelley.jpg\"><img decoding=\"async\" src=\"https:\/\/blogs.uninter.edu.mx\/difusioncultural\/wp-content\/uploads\/2014\/02\/200px-rothwellmaryshelley.jpg\" alt=\"200px-RothwellMaryShelley\" width=\"200\" height=\"246\" class=\"alignnone size-full wp-image-2507\" \/><\/a><\/p>\n<p>1874.- Nace el poeta, dramaturgo y ensayista austriaco Hugo von Hofmannsthal, considerado uno de los m\u00e1s importantes dramaturgos del teatro contempor\u00e1neo. Entre sus obras destacan \u201cLa muerte de Tiziano\u201d, \u201cEl loco y la muerte\u201d y \u201cEl peque\u00f1o teatro del mundo\u201d. Muere el 15 de julio de 1929.<\/p>\n<p>1895.- Nace John Ford, director estadounidense de cine.<\/p>\n<p><a href=\"https:\/\/blogs.uninter.edu.mx\/difusioncultural\/wp-content\/uploads\/2014\/02\/120px-john_ford_1946.jpg\"><img decoding=\"async\" src=\"https:\/\/blogs.uninter.edu.mx\/difusioncultural\/wp-content\/uploads\/2014\/02\/120px-john_ford_1946.jpg\" alt=\"120px-John_Ford,_1946\" width=\"120\" height=\"170\" class=\"alignnone size-full wp-image-2508\" \/><\/a><\/p>\n<p>1916.- Nace el escritor espa\u00f1ol Alonso Zamora Vicente, pionero en el estudio de la dialectolog\u00eda, integrante de la Real Academia de la Lengua y de la Real Academia Espa\u00f1ola. Su obra literaria lo hace merecedor de m\u00faltiples galardones. Muere el 14 de marzo de 2006.<\/p>\n<p>1922.- Nace la soprano italiana Renata Tebaldi, quien se presenta en destacados escenarios, como el Metropolitan Opera House de Nueva York y las \u00f3peras de San Francisco y de Chicago. Muere el 19 de diciembre de 2004.<\/p>\n<p><a href=\"https:\/\/blogs.uninter.edu.mx\/difusioncultural\/wp-content\/uploads\/2014\/02\/120px-renata_tebaldi_madame_butterfly_bell_telephone_hour.jpg\"><img decoding=\"async\" src=\"https:\/\/blogs.uninter.edu.mx\/difusioncultural\/wp-content\/uploads\/2014\/02\/120px-renata_tebaldi_madame_butterfly_bell_telephone_hour.jpg\" alt=\"120px-Renata_Tebaldi_Madame_Butterfly_Bell_Telephone_Hour\" width=\"120\" height=\"153\" class=\"alignnone size-full wp-image-2509\" \/><\/a><\/p>\n<p>1976.- Muere el cient\u00edfico alem\u00e1n Werner Heisenberg, ganador del Premio Nobel de F\u00edsica 1932, por la elaboraci\u00f3n de la teor\u00eda de la mec\u00e1nica cu\u00e1ntica.<\/p>\n<p>2003.- El transbordador espacial &#8216;Columbia&#8217; se desintegra con siete tripulantes a bordo sobre Texas (EEUU), cuando regresaba a la Tierra.<\/p>\n<p><a href=\"https:\/\/blogs.uninter.edu.mx\/difusioncultural\/wp-content\/uploads\/2014\/02\/120px-crew_of_sts-107_official_photo.jpg\"><img loading=\"lazy\" decoding=\"async\" src=\"https:\/\/blogs.uninter.edu.mx\/difusioncultural\/wp-content\/uploads\/2014\/02\/120px-crew_of_sts-107_official_photo.jpg\" alt=\"120px-Crew_of_STS-107,_official_photo\" width=\"120\" height=\"96\" class=\"alignnone size-full wp-image-2506\" \/><\/a><\/p>\n<p>2005.- Muere el artista gr\u00e1fico mexicano \u00c1ngel Bracho Meneses, considerado uno de los m\u00e1s destacados en su g\u00e9nero, fundador del Taller de la Gr\u00e1fica Popular. Nace el 14 de febrero de 1911.<\/p>\n<p>2012.- Muere la poetisa, ensayista y traductora polaca Wislawa Szymborska, ganadora del Premio Nobel de Literatura 1996, por su destacada y emp\u00e1tica exploraci\u00f3n de temas filos\u00f3ficos, morales y \u00e9ticos. Nace el 2 de julio de 1923.<\/p>\n","protected":false},"excerpt":{"rendered":"<p>Hoy comienza el mes de febrero, recordemos los eventos m\u00e1s importantes que se han suscitado un d\u00eda como hoy pero de a\u00f1os atr\u00e1s. Un 1 de febrero nacieron figuras de la cultura como los escritores Alonso Zamora Vicente y Mar\u00eda Elena Walsh, el compositor Ole Buck y el cient\u00edfico Emilio Segr\u00e9; murieron los artistas pl\u00e1sticos&hellip;<\/p>\n","protected":false},"author":1,"featured_media":0,"comment_status":"open","ping_status":"open","sticky":false,"template":"","format":"standard","meta":{"_jetpack_memberships_contains_paid_content":false,"footnotes":"","jetpack_publicize_message":"","jetpack_publicize_feature_enabled":true,"jetpack_social_post_already_shared":false,"jetpack_social_options":{"image_generator_settings":{"template":"highway","default_image_id":0,"font":"","enabled":false},"version":2}},"categories":[1],"tags":[],"class_list":["post-2505","post","type-post","status-publish","format-standard","hentry","category-sin-categoria"],"yoast_head":"<!-- This site is optimized with the Yoast SEO plugin v26.3 - https:\/\/yoast.com\/wordpress\/plugins\/seo\/ -->\r\n<title>Efem\u00e9rides del d\u00eda : 01 de febrero - Difusi\u00f3n Cultural<\/title>\r\n<meta name=\"robots\" content=\"index, follow, max-snippet:-1, max-image-preview:large, max-video-preview:-1\" \/>\r\n<link rel=\"canonical\" href=\"https:\/\/blogs.uninter.edu.mx\/difusioncultural\/?p=2505\" \/>\r\n<meta property=\"og:locale\" content=\"es_MX\" \/>\r\n<meta property=\"og:type\" content=\"article\" \/>\r\n<meta property=\"og:title\" content=\"Efem\u00e9rides del d\u00eda : 01 de febrero - Difusi\u00f3n Cultural\" \/>\r\n<meta property=\"og:description\" content=\"Hoy comienza el mes de febrero, recordemos los eventos m\u00e1s importantes que se han suscitado un d\u00eda como hoy pero de a\u00f1os atr\u00e1s. Un 1 de febrero nacieron figuras de la cultura como los escritores Alonso Zamora Vicente y Mar\u00eda Elena Walsh, el compositor Ole Buck y el cient\u00edfico Emilio Segr\u00e9; murieron los artistas pl\u00e1sticos&hellip;\" \/>\r\n<meta property=\"og:url\" content=\"https:\/\/blogs.uninter.edu.mx\/difusioncultural\/?p=2505\" \/>\r\n<meta property=\"og:site_name\" content=\"Difusi\u00f3n Cultural\" \/>\r\n<meta property=\"article:published_time\" content=\"2014-02-01T02:13:44+00:00\" \/>\r\n<meta property=\"og:image\" content=\"https:\/\/blogs.uninter.edu.mx\/difusioncultural\/wp-content\/uploads\/2014\/02\/200px-rothwellmaryshelley.jpg\" \/>\r\n<meta name=\"author\" content=\"webmaster\" \/>\r\n<meta name=\"twitter:card\" content=\"summary_large_image\" \/>\r\n<meta name=\"twitter:label1\" content=\"Escrito por\" \/>\n\t<meta name=\"twitter:data1\" content=\"webmaster\" \/>\n\t<meta name=\"twitter:label2\" content=\"Tiempo de lectura\" \/>\n\t<meta name=\"twitter:data2\" content=\"2 minutos\" \/>\r\n<script type=\"application\/ld+json\" class=\"yoast-schema-graph\">{\"@context\":\"https:\/\/schema.org\",\"@graph\":[{\"@type\":\"Article\",\"@id\":\"https:\/\/blogs.uninter.edu.mx\/difusioncultural\/?p=2505#article\",\"isPartOf\":{\"@id\":\"https:\/\/blogs.uninter.edu.mx\/difusioncultural\/?p=2505\"},\"author\":{\"name\":\"webmaster\",\"@id\":\"https:\/\/blogs.uninter.edu.mx\/difusioncultural\/#\/schema\/person\/37a0926f4dd300a814993fd595abdc4a\"},\"headline\":\"Efem\u00e9rides del d\u00eda : 01 de febrero\",\"datePublished\":\"2014-02-01T02:13:44+00:00\",\"mainEntityOfPage\":{\"@id\":\"https:\/\/blogs.uninter.edu.mx\/difusioncultural\/?p=2505\"},\"wordCount\":425,\"commentCount\":0,\"publisher\":{\"@id\":\"https:\/\/blogs.uninter.edu.mx\/difusioncultural\/#organization\"},\"image\":{\"@id\":\"https:\/\/blogs.uninter.edu.mx\/difusioncultural\/?p=2505#primaryimage\"},\"thumbnailUrl\":\"https:\/\/blogs.uninter.edu.mx\/difusioncultural\/wp-content\/uploads\/2014\/02\/200px-rothwellmaryshelley.jpg\",\"inLanguage\":\"es\",\"potentialAction\":[{\"@type\":\"CommentAction\",\"name\":\"Comment\",\"target\":[\"https:\/\/blogs.uninter.edu.mx\/difusioncultural\/?p=2505#respond\"]}]},{\"@type\":\"WebPage\",\"@id\":\"https:\/\/blogs.uninter.edu.mx\/difusioncultural\/?p=2505\",\"url\":\"https:\/\/blogs.uninter.edu.mx\/difusioncultural\/?p=2505\",\"name\":\"Efem\u00e9rides del d\u00eda : 01 de febrero - Difusi\u00f3n Cultural\",\"isPartOf\":{\"@id\":\"https:\/\/blogs.uninter.edu.mx\/difusioncultural\/#website\"},\"primaryImageOfPage\":{\"@id\":\"https:\/\/blogs.uninter.edu.mx\/difusioncultural\/?p=2505#primaryimage\"},\"image\":{\"@id\":\"https:\/\/blogs.uninter.edu.mx\/difusioncultural\/?p=2505#primaryimage\"},\"thumbnailUrl\":\"https:\/\/blogs.uninter.edu.mx\/difusioncultural\/wp-content\/uploads\/2014\/02\/200px-rothwellmaryshelley.jpg\",\"datePublished\":\"2014-02-01T02:13:44+00:00\",\"breadcrumb\":{\"@id\":\"https:\/\/blogs.uninter.edu.mx\/difusioncultural\/?p=2505#breadcrumb\"},\"inLanguage\":\"es\",\"potentialAction\":[{\"@type\":\"ReadAction\",\"target\":[\"https:\/\/blogs.uninter.edu.mx\/difusioncultural\/?p=2505\"]}]},{\"@type\":\"ImageObject\",\"inLanguage\":\"es\",\"@id\":\"https:\/\/blogs.uninter.edu.mx\/difusioncultural\/?p=2505#primaryimage\",\"url\":\"https:\/\/blogs.uninter.edu.mx\/difusioncultural\/wp-content\/uploads\/2014\/02\/200px-rothwellmaryshelley.jpg\",\"contentUrl\":\"https:\/\/blogs.uninter.edu.mx\/difusioncultural\/wp-content\/uploads\/2014\/02\/200px-rothwellmaryshelley.jpg\",\"width\":200,\"height\":246},{\"@type\":\"BreadcrumbList\",\"@id\":\"https:\/\/blogs.uninter.edu.mx\/difusioncultural\/?p=2505#breadcrumb\",\"itemListElement\":[{\"@type\":\"ListItem\",\"position\":1,\"name\":\"Inicio\",\"item\":\"https:\/\/blogs.uninter.edu.mx\/difusioncultural\/\"},{\"@type\":\"ListItem\",\"position\":2,\"name\":\"Efem\u00e9rides del d\u00eda : 01 de febrero\"}]},{\"@type\":\"WebSite\",\"@id\":\"https:\/\/blogs.uninter.edu.mx\/difusioncultural\/#website\",\"url\":\"https:\/\/blogs.uninter.edu.mx\/difusioncultural\/\",\"name\":\"Difusi\u00f3n Cultural\",\"description\":\"UNINTER\",\"publisher\":{\"@id\":\"https:\/\/blogs.uninter.edu.mx\/difusioncultural\/#organization\"},\"potentialAction\":[{\"@type\":\"SearchAction\",\"target\":{\"@type\":\"EntryPoint\",\"urlTemplate\":\"https:\/\/blogs.uninter.edu.mx\/difusioncultural\/?s={search_term_string}\"},\"query-input\":{\"@type\":\"PropertyValueSpecification\",\"valueRequired\":true,\"valueName\":\"search_term_string\"}}],\"inLanguage\":\"es\"},{\"@type\":\"Organization\",\"@id\":\"https:\/\/blogs.uninter.edu.mx\/difusioncultural\/#organization\",\"name\":\"Difusi\u00f3n Cultural\",\"url\":\"https:\/\/blogs.uninter.edu.mx\/difusioncultural\/\",\"logo\":{\"@type\":\"ImageObject\",\"inLanguage\":\"es\",\"@id\":\"https:\/\/blogs.uninter.edu.mx\/difusioncultural\/#\/schema\/logo\/image\/\",\"url\":\"https:\/\/blogs.uninter.edu.mx\/difusioncultural\/wp-content\/uploads\/2022\/09\/uninter.jpg\",\"contentUrl\":\"https:\/\/blogs.uninter.edu.mx\/difusioncultural\/wp-content\/uploads\/2022\/09\/uninter.jpg\",\"width\":2048,\"height\":2048,\"caption\":\"Difusi\u00f3n Cultural\"},\"image\":{\"@id\":\"https:\/\/blogs.uninter.edu.mx\/difusioncultural\/#\/schema\/logo\/image\/\"}},{\"@type\":\"Person\",\"@id\":\"https:\/\/blogs.uninter.edu.mx\/difusioncultural\/#\/schema\/person\/37a0926f4dd300a814993fd595abdc4a\",\"name\":\"webmaster\",\"image\":{\"@type\":\"ImageObject\",\"inLanguage\":\"es\",\"@id\":\"https:\/\/blogs.uninter.edu.mx\/difusioncultural\/#\/schema\/person\/image\/\",\"url\":\"https:\/\/secure.gravatar.com\/avatar\/a59c276b01147463ef3aab4118e3137ebc5e1ad6700deb39ccdf8b89e517f7dc?s=96&d=mm&r=g\",\"contentUrl\":\"https:\/\/secure.gravatar.com\/avatar\/a59c276b01147463ef3aab4118e3137ebc5e1ad6700deb39ccdf8b89e517f7dc?s=96&d=mm&r=g\",\"caption\":\"webmaster\"},\"sameAs\":[\"https:\/\/blogs.uninter.edu.mx\/difusioncultural\"],\"url\":\"https:\/\/blogs.uninter.edu.mx\/difusioncultural\/?author=1\"}]}<\/script>\r\n<!-- \/ Yoast SEO plugin. -->","yoast_head_json":{"title":"Efem\u00e9rides del d\u00eda : 01 de febrero - Difusi\u00f3n Cultural","robots":{"index":"index","follow":"follow","max-snippet":"max-snippet:-1","max-image-preview":"max-image-preview:large","max-video-preview":"max-video-preview:-1"},"canonical":"https:\/\/blogs.uninter.edu.mx\/difusioncultural\/?p=2505","og_locale":"es_MX","og_type":"article","og_title":"Efem\u00e9rides del d\u00eda : 01 de febrero - Difusi\u00f3n Cultural","og_description":"Hoy comienza el mes de febrero, recordemos los eventos m\u00e1s importantes que se han suscitado un d\u00eda como hoy pero de a\u00f1os atr\u00e1s. Un 1 de febrero nacieron figuras de la cultura como los escritores Alonso Zamora Vicente y Mar\u00eda Elena Walsh, el compositor Ole Buck y el cient\u00edfico Emilio Segr\u00e9; murieron los artistas pl\u00e1sticos&hellip;","og_url":"https:\/\/blogs.uninter.edu.mx\/difusioncultural\/?p=2505","og_site_name":"Difusi\u00f3n Cultural","article_published_time":"2014-02-01T02:13:44+00:00","og_image":[{"url":"https:\/\/blogs.uninter.edu.mx\/difusioncultural\/wp-content\/uploads\/2014\/02\/200px-rothwellmaryshelley.jpg","type":"","width":"","height":""}],"author":"webmaster","twitter_card":"summary_large_image","twitter_misc":{"Escrito por":"webmaster","Tiempo de lectura":"2 minutos"},"schema":{"@context":"https:\/\/schema.org","@graph":[{"@type":"Article","@id":"https:\/\/blogs.uninter.edu.mx\/difusioncultural\/?p=2505#article","isPartOf":{"@id":"https:\/\/blogs.uninter.edu.mx\/difusioncultural\/?p=2505"},"author":{"name":"webmaster","@id":"https:\/\/blogs.uninter.edu.mx\/difusioncultural\/#\/schema\/person\/37a0926f4dd300a814993fd595abdc4a"},"headline":"Efem\u00e9rides del d\u00eda : 01 de febrero","datePublished":"2014-02-01T02:13:44+00:00","mainEntityOfPage":{"@id":"https:\/\/blogs.uninter.edu.mx\/difusioncultural\/?p=2505"},"wordCount":425,"commentCount":0,"publisher":{"@id":"https:\/\/blogs.uninter.edu.mx\/difusioncultural\/#organization"},"image":{"@id":"https:\/\/blogs.uninter.edu.mx\/difusioncultural\/?p=2505#primaryimage"},"thumbnailUrl":"https:\/\/blogs.uninter.edu.mx\/difusioncultural\/wp-content\/uploads\/2014\/02\/200px-rothwellmaryshelley.jpg","inLanguage":"es","potentialAction":[{"@type":"CommentAction","name":"Comment","target":["https:\/\/blogs.uninter.edu.mx\/difusioncultural\/?p=2505#respond"]}]},{"@type":"WebPage","@id":"https:\/\/blogs.uninter.edu.mx\/difusioncultural\/?p=2505","url":"https:\/\/blogs.uninter.edu.mx\/difusioncultural\/?p=2505","name":"Efem\u00e9rides del d\u00eda : 01 de febrero - Difusi\u00f3n Cultural","isPartOf":{"@id":"https:\/\/blogs.uninter.edu.mx\/difusioncultural\/#website"},"primaryImageOfPage":{"@id":"https:\/\/blogs.uninter.edu.mx\/difusioncultural\/?p=2505#primaryimage"},"image":{"@id":"https:\/\/blogs.uninter.edu.mx\/difusioncultural\/?p=2505#primaryimage"},"thumbnailUrl":"https:\/\/blogs.uninter.edu.mx\/difusioncultural\/wp-content\/uploads\/2014\/02\/200px-rothwellmaryshelley.jpg","datePublished":"2014-02-01T02:13:44+00:00","breadcrumb":{"@id":"https:\/\/blogs.uninter.edu.mx\/difusioncultural\/?p=2505#breadcrumb"},"inLanguage":"es","potentialAction":[{"@type":"ReadAction","target":["https:\/\/blogs.uninter.edu.mx\/difusioncultural\/?p=2505"]}]},{"@type":"ImageObject","inLanguage":"es","@id":"https:\/\/blogs.uninter.edu.mx\/difusioncultural\/?p=2505#primaryimage","url":"https:\/\/blogs.uninter.edu.mx\/difusioncultural\/wp-content\/uploads\/2014\/02\/200px-rothwellmaryshelley.jpg","contentUrl":"https:\/\/blogs.uninter.edu.mx\/difusioncultural\/wp-content\/uploads\/2014\/02\/200px-rothwellmaryshelley.jpg","width":200,"height":246},{"@type":"BreadcrumbList","@id":"https:\/\/blogs.uninter.edu.mx\/difusioncultural\/?p=2505#breadcrumb","itemListElement":[{"@type":"ListItem","position":1,"name":"Inicio","item":"https:\/\/blogs.uninter.edu.mx\/difusioncultural\/"},{"@type":"ListItem","position":2,"name":"Efem\u00e9rides del d\u00eda : 01 de febrero"}]},{"@type":"WebSite","@id":"https:\/\/blogs.uninter.edu.mx\/difusioncultural\/#website","url":"https:\/\/blogs.uninter.edu.mx\/difusioncultural\/","name":"Difusi\u00f3n Cultural","description":"UNINTER","publisher":{"@id":"https:\/\/blogs.uninter.edu.mx\/difusioncultural\/#organization"},"potentialAction":[{"@type":"SearchAction","target":{"@type":"EntryPoint","urlTemplate":"https:\/\/blogs.uninter.edu.mx\/difusioncultural\/?s={search_term_string}"},"query-input":{"@type":"PropertyValueSpecification","valueRequired":true,"valueName":"search_term_string"}}],"inLanguage":"es"},{"@type":"Organization","@id":"https:\/\/blogs.uninter.edu.mx\/difusioncultural\/#organization","name":"Difusi\u00f3n Cultural","url":"https:\/\/blogs.uninter.edu.mx\/difusioncultural\/","logo":{"@type":"ImageObject","inLanguage":"es","@id":"https:\/\/blogs.uninter.edu.mx\/difusioncultural\/#\/schema\/logo\/image\/","url":"https:\/\/blogs.uninter.edu.mx\/difusioncultural\/wp-content\/uploads\/2022\/09\/uninter.jpg","contentUrl":"https:\/\/blogs.uninter.edu.mx\/difusioncultural\/wp-content\/uploads\/2022\/09\/uninter.jpg","width":2048,"height":2048,"caption":"Difusi\u00f3n Cultural"},"image":{"@id":"https:\/\/blogs.uninter.edu.mx\/difusioncultural\/#\/schema\/logo\/image\/"}},{"@type":"Person","@id":"https:\/\/blogs.uninter.edu.mx\/difusioncultural\/#\/schema\/person\/37a0926f4dd300a814993fd595abdc4a","name":"webmaster","image":{"@type":"ImageObject","inLanguage":"es","@id":"https:\/\/blogs.uninter.edu.mx\/difusioncultural\/#\/schema\/person\/image\/","url":"https:\/\/secure.gravatar.com\/avatar\/a59c276b01147463ef3aab4118e3137ebc5e1ad6700deb39ccdf8b89e517f7dc?s=96&d=mm&r=g","contentUrl":"https:\/\/secure.gravatar.com\/avatar\/a59c276b01147463ef3aab4118e3137ebc5e1ad6700deb39ccdf8b89e517f7dc?s=96&d=mm&r=g","caption":"webmaster"},"sameAs":["https:\/\/blogs.uninter.edu.mx\/difusioncultural"],"url":"https:\/\/blogs.uninter.edu.mx\/difusioncultural\/?author=1"}]}},"jetpack_publicize_connections":[],"jetpack_featured_media_url":"","jetpack_sharing_enabled":true,"_links":{"self":[{"href":"https:\/\/blogs.uninter.edu.mx\/difusioncultural\/index.php?rest_route=\/wp\/v2\/posts\/2505","targetHints":{"allow":["GET"]}}],"collection":[{"href":"https:\/\/blogs.uninter.edu.mx\/difusioncultural\/index.php?rest_route=\/wp\/v2\/posts"}],"about":[{"href":"https:\/\/blogs.uninter.edu.mx\/difusioncultural\/index.php?rest_route=\/wp\/v2\/types\/post"}],"author":[{"embeddable":true,"href":"https:\/\/blogs.uninter.edu.mx\/difusioncultural\/index.php?rest_route=\/wp\/v2\/users\/1"}],"replies":[{"embeddable":true,"href":"https:\/\/blogs.uninter.edu.mx\/difusioncultural\/index.php?rest_route=%2Fwp%2Fv2%2Fcomments&post=2505"}],"version-history":[{"count":0,"href":"https:\/\/blogs.uninter.edu.mx\/difusioncultural\/index.php?rest_route=\/wp\/v2\/posts\/2505\/revisions"}],"wp:attachment":[{"href":"https:\/\/blogs.uninter.edu.mx\/difusioncultural\/index.php?rest_route=%2Fwp%2Fv2%2Fmedia&parent=2505"}],"wp:term":[{"taxonomy":"category","embeddable":true,"href":"https:\/\/blogs.uninter.edu.mx\/difusioncultural\/index.php?rest_route=%2Fwp%2Fv2%2Fcategories&post=2505"},{"taxonomy":"post_tag","embeddable":true,"href":"https:\/\/blogs.uninter.edu.mx\/difusioncultural\/index.php?rest_route=%2Fwp%2Fv2%2Ftags&post=2505"}],"curies":[{"name":"wp","href":"https:\/\/api.w.org\/{rel}","templated":true}]}}