{"id":2574,"date":"2014-02-21T03:05:14","date_gmt":"2014-02-21T03:05:14","guid":{"rendered":"http:\/\/difusionculturaluninter.wordpress.com\/?p=2574"},"modified":"2014-02-21T03:05:14","modified_gmt":"2014-02-21T03:05:14","slug":"efemerides-del-dia-21-de-febrero","status":"publish","type":"post","link":"https:\/\/blogs.uninter.edu.mx\/difusioncultural\/?p=2574","title":{"rendered":"Efem\u00e9rides del d\u00eda : 21 de febrero"},"content":{"rendered":"<p>Un 21 de febrero nacieron personajes de la Cultura como el poeta Jos\u00e9 Zorrilla, el compositor Leo Delibes y la cantante Nina Simone; murieron el escritor Mijail Sholojov, el l\u00edder afroamericano Malcolm X, la bailarina Margot Fonteyn y el periodista Fernando Ben\u00edtez. Es instituido el D\u00eda Internacional de la Lengua Materna.<\/p>\n<p>1817.- Nace el poeta y dramaturgo espa\u00f1ol Jos\u00e9 Zorrilla, figura central del romanticismo de su pa\u00eds, autor de obras como \u201cA buen juez, mejor testigo\u201d, \u201cPara verdades\u201d, \u201cEl tiempo\u201d y su c\u00e9lebre \u201cDon Juan Tenorio\u201d. Muere el 23 de enero de 1893.<br \/>\n<a href=\"https:\/\/blogs.uninter.edu.mx\/difusioncultural\/wp-content\/uploads\/2014\/02\/01.jpg\"><img fetchpriority=\"high\" decoding=\"async\" src=\"https:\/\/blogs.uninter.edu.mx\/difusioncultural\/wp-content\/uploads\/2014\/02\/01.jpg?w=232\" alt=\"01\" width=\"232\" height=\"300\" class=\"alignnone size-medium wp-image-2575\" \/><\/a><\/p>\n<p>1866.- Nace el bacteri\u00f3logo alem\u00e1n August von Wassermann, quien desarroll\u00f3 la prueba que lleva su nombre para el diagn\u00f3stico de la s\u00edfilis. Muere el 16 de marzo de 1925.<\/p>\n<p>1876.-Nace el escultor rumano Constantin Brancusi, pionero de la abstracci\u00f3n moderna que caracteriz\u00f3 sus esculturas de bronce y m\u00e1rmol, entre las que destacan sus cabezas ovoides y los p\u00e1jaros en vuelo. Muere el 16 de marzo de 1957.<\/p>\n<p>1879.- Nace el dramaturgo espa\u00f1ol Pedro Mu\u00f1oz Seca, autor de m\u00e1s de 300 obras, en su mayor\u00eda comedias. Muere el 28 de noviembre de 1936.<\/p>\n<p>1885.- Nace el escritor, dramaturgo, actor y cineasta franc\u00e9s, Sacha Guitry, s\u00edmbolo de la decadente, ingeniosa y refinada sociedad europea del periodo entre guerras. Autor de m\u00e1s de 150 obras de teatro y cintas como \u201cEl c\u00f3mico\u201d. Muere el 24 de julio de 1957.<\/p>\n<p>1893.- Nace el m\u00fasico espa\u00f1ol Andr\u00e9s Segovia, considerado el padre de la guitarra cl\u00e1sica moderna. Muere el 3 de junio de 1987.<\/p>\n<p>1895.- Nace el bioqu\u00edmico dan\u00e9s Carl Peter Henrik Dam, quien comparti\u00f3 el Premio Nobel de Medicina 1943 con Edward A. Doisy por el descubrimiento de la vitamina K como sustancia antihemorr\u00e1gica. Muere el 12 de abril de 1976.<\/p>\n<p>1903.- Nace la escritora francesa Ana\u00efs Nin, autora de una obra literaria inquietante, caracterizada por su vanguardismo y libertad. Muere el 14 de enero de 1977.<\/p>\n<p><a href=\"https:\/\/blogs.uninter.edu.mx\/difusioncultural\/wp-content\/uploads\/2014\/02\/nin2.jpg\"><img decoding=\"async\" src=\"https:\/\/blogs.uninter.edu.mx\/difusioncultural\/wp-content\/uploads\/2014\/02\/nin2.jpg?w=165\" alt=\"nin2\" width=\"165\" height=\"300\" class=\"alignnone size-medium wp-image-2576\" \/><\/a><\/p>\n<p>1921.- Nace el fil\u00f3sofo, pol\u00edtico y \u00e9tico estadounidense John Rawls, considerado uno de los te\u00f3ricos m\u00e1s importantes de siglo XX por su \u201cTeor\u00eda de la Justicia\u201d. Muere el 24 de noviembre de 2002.<\/p>\n<p>1926.- Muere el f\u00edsico holand\u00e9s Heike Kamerlingh Onnes, ganador del Premio Nobel de F\u00edsica 1913 por sus contribuciones en torno a la materia a bajas temperaturas y la producci\u00f3n de helio l\u00edquido. Descubri\u00f3 tambi\u00e9n los superconductores. Nace el 21 de septiembre de 1853.<\/p>\n<p>1933.- Nace la cantante de jazz estadounidense Nina Simone, reconocida como la voz de los oprimidos y de la reivindicaci\u00f3n negra en su pa\u00eds. Muere el 21 de abril de 2003.<\/p>\n<p><a href=\"https:\/\/blogs.uninter.edu.mx\/difusioncultural\/wp-content\/uploads\/2014\/02\/nina-simone-1969.jpg\"><img decoding=\"async\" src=\"https:\/\/blogs.uninter.edu.mx\/difusioncultural\/wp-content\/uploads\/2014\/02\/nina-simone-1969.jpg?w=298\" alt=\"nina-simone-1969\" width=\"298\" height=\"300\" class=\"alignnone size-medium wp-image-2577\" \/><\/a><\/p>\n<p>1955.- Nace el escritor y poeta egipcio Fabio Mor\u00e1bito, quien radica en M\u00e9xico. Es considerado como una de las plumas m\u00e1s originales de la literatura mexicana, con una obra en las ant\u00edpodas de la gran tradici\u00f3n hispanoamericana del \u201crealismo m\u00e1gico\u201d y anclada en un universo inmediato y cotidiano.<\/p>\n<p>1965.- Es asesinado el l\u00edder afroestadounidense Malcolm X, seud\u00f3nimo de Malcolm Little, defensor de los derechos de su raza, impulsor del islamismo y creador de la Naci\u00f3n del Islam en su pa\u00eds. Nace el 19 de mayo de 1925.<\/p>\n<p>1984.- Muere el escritor Mijail Sholojov, autor de la novela publicada en cuatro tomos \u201cEl Don apacible\u201d (1928-1940), y con la cual recibi\u00f3 el Premio Nobel de Literatura en 1965. Nace 24 de mayo de 1905.<\/p>\n<p>1991.- Muere la bailarina brit\u00e1nica Margot Fonteyn, seud\u00f3nimo de Margaret Hookham, quien por su trabajo recibi\u00f3 la categor\u00eda de Prima Ballerina Assoluta. Nace el 18 de mayo de 1919.<\/p>\n<p><a href=\"https:\/\/blogs.uninter.edu.mx\/difusioncultural\/wp-content\/uploads\/2014\/02\/913.jpg\"><img loading=\"lazy\" decoding=\"async\" src=\"https:\/\/blogs.uninter.edu.mx\/difusioncultural\/wp-content\/uploads\/2014\/02\/913.jpg?w=244\" alt=\"913\" width=\"244\" height=\"300\" class=\"alignnone size-medium wp-image-2578\" \/><\/a><\/p>\n<p>2000.- Muere el historiador, escritor y periodista Fernando Ben\u00edtez. Impulsor de las artes nacionales a trav\u00e9s de distintos suplementos period\u00edsticos. Nace el 16 de enero de 1912.<\/p>\n<p>2000.- Es celebrado por primera vez el D\u00eda Internacional de la Lengua Materna, luego de que la Organizaci\u00f3n de las Naciones Unidas para la Educaci\u00f3n, la Ciencia y la Cultura (Unesco) lo proclamara en noviembre de 1999, con el objetivo de promover la diversidad ling\u00fc\u00edstica y cultural.<\/p>\n<p>2005.- Muere en el exilio el escritor cubano Guillermo Cabrera Infante, opuesto al r\u00e9gimen socialista en su pa\u00eds, y ganador del Premio Cervantes de Espa\u00f1a. En febrero de 2007 su nombre y el de otros autores cr\u00edticos fue revindicado por el gobierno de Fidel Castro. Nace el 22 de abril de 1929.<\/p>\n<p>2006.- Muere el poeta ruso Guennadi Aigui, considerado una de grandes voces l\u00edricas de su pa\u00eds, cuya obra po\u00e9tica ha sido traducida a diversas lenguas europeas. Nace el 21 de agosto de 1934.<\/p>\n<p>2011.- Muere el compositor y director de orquesta espa\u00f1ol Od\u00f3n Alonso Ord\u00e1s, poseedor de un amplio repertorio centrado en la m\u00fasica de su pa\u00eds. Nace el 28 de febrero de 1925.<\/p>\n","protected":false},"excerpt":{"rendered":"<p>Un 21 de febrero nacieron personajes de la Cultura como el poeta Jos\u00e9 Zorrilla, el compositor Leo Delibes y la cantante Nina Simone; murieron el escritor Mijail Sholojov, el l\u00edder afroamericano Malcolm X, la bailarina Margot Fonteyn y el periodista Fernando Ben\u00edtez. Es instituido el D\u00eda Internacional de la Lengua Materna. 1817.- Nace el poeta&hellip;<\/p>\n","protected":false},"author":1,"featured_media":0,"comment_status":"closed","ping_status":"open","sticky":false,"template":"","format":"standard","meta":{"_jetpack_memberships_contains_paid_content":false,"footnotes":"","jetpack_publicize_message":"","jetpack_publicize_feature_enabled":true,"jetpack_social_post_already_shared":false,"jetpack_social_options":{"image_generator_settings":{"template":"highway","default_image_id":0,"font":"","enabled":false},"version":2}},"categories":[1],"tags":[],"class_list":["post-2574","post","type-post","status-publish","format-standard","hentry","category-sin-categoria"],"yoast_head":"<!-- This site is optimized with the Yoast SEO plugin v26.3 - https:\/\/yoast.com\/wordpress\/plugins\/seo\/ -->\r\n<title>Efem\u00e9rides del d\u00eda : 21 de febrero - Difusi\u00f3n Cultural<\/title>\r\n<meta name=\"robots\" content=\"index, follow, max-snippet:-1, max-image-preview:large, max-video-preview:-1\" \/>\r\n<link rel=\"canonical\" href=\"https:\/\/blogs.uninter.edu.mx\/difusioncultural\/?p=2574\" \/>\r\n<meta property=\"og:locale\" content=\"es_MX\" \/>\r\n<meta property=\"og:type\" content=\"article\" \/>\r\n<meta property=\"og:title\" content=\"Efem\u00e9rides del d\u00eda : 21 de febrero - Difusi\u00f3n Cultural\" \/>\r\n<meta property=\"og:description\" content=\"Un 21 de febrero nacieron personajes de la Cultura como el poeta Jos\u00e9 Zorrilla, el compositor Leo Delibes y la cantante Nina Simone; murieron el escritor Mijail Sholojov, el l\u00edder afroamericano Malcolm X, la bailarina Margot Fonteyn y el periodista Fernando Ben\u00edtez. Es instituido el D\u00eda Internacional de la Lengua Materna. 1817.- Nace el poeta&hellip;\" \/>\r\n<meta property=\"og:url\" content=\"https:\/\/blogs.uninter.edu.mx\/difusioncultural\/?p=2574\" \/>\r\n<meta property=\"og:site_name\" content=\"Difusi\u00f3n Cultural\" \/>\r\n<meta property=\"article:published_time\" content=\"2014-02-21T03:05:14+00:00\" \/>\r\n<meta property=\"og:image\" content=\"https:\/\/blogs.uninter.edu.mx\/difusioncultural\/wp-content\/uploads\/2014\/02\/01.jpg?w=232\" \/>\r\n<meta name=\"author\" content=\"webmaster\" \/>\r\n<meta name=\"twitter:card\" content=\"summary_large_image\" \/>\r\n<meta name=\"twitter:label1\" content=\"Escrito por\" \/>\n\t<meta name=\"twitter:data1\" content=\"webmaster\" \/>\n\t<meta name=\"twitter:label2\" content=\"Tiempo de lectura\" \/>\n\t<meta name=\"twitter:data2\" content=\"4 minutos\" \/>\r\n<script type=\"application\/ld+json\" class=\"yoast-schema-graph\">{\"@context\":\"https:\/\/schema.org\",\"@graph\":[{\"@type\":\"Article\",\"@id\":\"https:\/\/blogs.uninter.edu.mx\/difusioncultural\/?p=2574#article\",\"isPartOf\":{\"@id\":\"https:\/\/blogs.uninter.edu.mx\/difusioncultural\/?p=2574\"},\"author\":{\"name\":\"webmaster\",\"@id\":\"https:\/\/blogs.uninter.edu.mx\/difusioncultural\/#\/schema\/person\/37a0926f4dd300a814993fd595abdc4a\"},\"headline\":\"Efem\u00e9rides del d\u00eda : 21 de febrero\",\"datePublished\":\"2014-02-21T03:05:14+00:00\",\"mainEntityOfPage\":{\"@id\":\"https:\/\/blogs.uninter.edu.mx\/difusioncultural\/?p=2574\"},\"wordCount\":801,\"publisher\":{\"@id\":\"https:\/\/blogs.uninter.edu.mx\/difusioncultural\/#organization\"},\"image\":{\"@id\":\"https:\/\/blogs.uninter.edu.mx\/difusioncultural\/?p=2574#primaryimage\"},\"thumbnailUrl\":\"https:\/\/blogs.uninter.edu.mx\/difusioncultural\/wp-content\/uploads\/2014\/02\/01.jpg?w=232\",\"inLanguage\":\"es\"},{\"@type\":\"WebPage\",\"@id\":\"https:\/\/blogs.uninter.edu.mx\/difusioncultural\/?p=2574\",\"url\":\"https:\/\/blogs.uninter.edu.mx\/difusioncultural\/?p=2574\",\"name\":\"Efem\u00e9rides del d\u00eda : 21 de febrero - Difusi\u00f3n Cultural\",\"isPartOf\":{\"@id\":\"https:\/\/blogs.uninter.edu.mx\/difusioncultural\/#website\"},\"primaryImageOfPage\":{\"@id\":\"https:\/\/blogs.uninter.edu.mx\/difusioncultural\/?p=2574#primaryimage\"},\"image\":{\"@id\":\"https:\/\/blogs.uninter.edu.mx\/difusioncultural\/?p=2574#primaryimage\"},\"thumbnailUrl\":\"https:\/\/blogs.uninter.edu.mx\/difusioncultural\/wp-content\/uploads\/2014\/02\/01.jpg?w=232\",\"datePublished\":\"2014-02-21T03:05:14+00:00\",\"breadcrumb\":{\"@id\":\"https:\/\/blogs.uninter.edu.mx\/difusioncultural\/?p=2574#breadcrumb\"},\"inLanguage\":\"es\",\"potentialAction\":[{\"@type\":\"ReadAction\",\"target\":[\"https:\/\/blogs.uninter.edu.mx\/difusioncultural\/?p=2574\"]}]},{\"@type\":\"ImageObject\",\"inLanguage\":\"es\",\"@id\":\"https:\/\/blogs.uninter.edu.mx\/difusioncultural\/?p=2574#primaryimage\",\"url\":\"https:\/\/blogs.uninter.edu.mx\/difusioncultural\/wp-content\/uploads\/2014\/02\/01.jpg?w=232\",\"contentUrl\":\"https:\/\/blogs.uninter.edu.mx\/difusioncultural\/wp-content\/uploads\/2014\/02\/01.jpg?w=232\"},{\"@type\":\"BreadcrumbList\",\"@id\":\"https:\/\/blogs.uninter.edu.mx\/difusioncultural\/?p=2574#breadcrumb\",\"itemListElement\":[{\"@type\":\"ListItem\",\"position\":1,\"name\":\"Inicio\",\"item\":\"https:\/\/blogs.uninter.edu.mx\/difusioncultural\/\"},{\"@type\":\"ListItem\",\"position\":2,\"name\":\"Efem\u00e9rides del d\u00eda : 21 de febrero\"}]},{\"@type\":\"WebSite\",\"@id\":\"https:\/\/blogs.uninter.edu.mx\/difusioncultural\/#website\",\"url\":\"https:\/\/blogs.uninter.edu.mx\/difusioncultural\/\",\"name\":\"Difusi\u00f3n Cultural\",\"description\":\"UNINTER\",\"publisher\":{\"@id\":\"https:\/\/blogs.uninter.edu.mx\/difusioncultural\/#organization\"},\"potentialAction\":[{\"@type\":\"SearchAction\",\"target\":{\"@type\":\"EntryPoint\",\"urlTemplate\":\"https:\/\/blogs.uninter.edu.mx\/difusioncultural\/?s={search_term_string}\"},\"query-input\":{\"@type\":\"PropertyValueSpecification\",\"valueRequired\":true,\"valueName\":\"search_term_string\"}}],\"inLanguage\":\"es\"},{\"@type\":\"Organization\",\"@id\":\"https:\/\/blogs.uninter.edu.mx\/difusioncultural\/#organization\",\"name\":\"Difusi\u00f3n Cultural\",\"url\":\"https:\/\/blogs.uninter.edu.mx\/difusioncultural\/\",\"logo\":{\"@type\":\"ImageObject\",\"inLanguage\":\"es\",\"@id\":\"https:\/\/blogs.uninter.edu.mx\/difusioncultural\/#\/schema\/logo\/image\/\",\"url\":\"https:\/\/blogs.uninter.edu.mx\/difusioncultural\/wp-content\/uploads\/2022\/09\/uninter.jpg\",\"contentUrl\":\"https:\/\/blogs.uninter.edu.mx\/difusioncultural\/wp-content\/uploads\/2022\/09\/uninter.jpg\",\"width\":2048,\"height\":2048,\"caption\":\"Difusi\u00f3n Cultural\"},\"image\":{\"@id\":\"https:\/\/blogs.uninter.edu.mx\/difusioncultural\/#\/schema\/logo\/image\/\"}},{\"@type\":\"Person\",\"@id\":\"https:\/\/blogs.uninter.edu.mx\/difusioncultural\/#\/schema\/person\/37a0926f4dd300a814993fd595abdc4a\",\"name\":\"webmaster\",\"image\":{\"@type\":\"ImageObject\",\"inLanguage\":\"es\",\"@id\":\"https:\/\/blogs.uninter.edu.mx\/difusioncultural\/#\/schema\/person\/image\/\",\"url\":\"https:\/\/secure.gravatar.com\/avatar\/a59c276b01147463ef3aab4118e3137ebc5e1ad6700deb39ccdf8b89e517f7dc?s=96&d=mm&r=g\",\"contentUrl\":\"https:\/\/secure.gravatar.com\/avatar\/a59c276b01147463ef3aab4118e3137ebc5e1ad6700deb39ccdf8b89e517f7dc?s=96&d=mm&r=g\",\"caption\":\"webmaster\"},\"sameAs\":[\"https:\/\/blogs.uninter.edu.mx\/difusioncultural\"],\"url\":\"https:\/\/blogs.uninter.edu.mx\/difusioncultural\/?author=1\"}]}<\/script>\r\n<!-- \/ Yoast SEO plugin. -->","yoast_head_json":{"title":"Efem\u00e9rides del d\u00eda : 21 de febrero - Difusi\u00f3n Cultural","robots":{"index":"index","follow":"follow","max-snippet":"max-snippet:-1","max-image-preview":"max-image-preview:large","max-video-preview":"max-video-preview:-1"},"canonical":"https:\/\/blogs.uninter.edu.mx\/difusioncultural\/?p=2574","og_locale":"es_MX","og_type":"article","og_title":"Efem\u00e9rides del d\u00eda : 21 de febrero - Difusi\u00f3n Cultural","og_description":"Un 21 de febrero nacieron personajes de la Cultura como el poeta Jos\u00e9 Zorrilla, el compositor Leo Delibes y la cantante Nina Simone; murieron el escritor Mijail Sholojov, el l\u00edder afroamericano Malcolm X, la bailarina Margot Fonteyn y el periodista Fernando Ben\u00edtez. Es instituido el D\u00eda Internacional de la Lengua Materna. 1817.- Nace el poeta&hellip;","og_url":"https:\/\/blogs.uninter.edu.mx\/difusioncultural\/?p=2574","og_site_name":"Difusi\u00f3n Cultural","article_published_time":"2014-02-21T03:05:14+00:00","og_image":[{"url":"https:\/\/blogs.uninter.edu.mx\/difusioncultural\/wp-content\/uploads\/2014\/02\/01.jpg?w=232","type":"","width":"","height":""}],"author":"webmaster","twitter_card":"summary_large_image","twitter_misc":{"Escrito por":"webmaster","Tiempo de lectura":"4 minutos"},"schema":{"@context":"https:\/\/schema.org","@graph":[{"@type":"Article","@id":"https:\/\/blogs.uninter.edu.mx\/difusioncultural\/?p=2574#article","isPartOf":{"@id":"https:\/\/blogs.uninter.edu.mx\/difusioncultural\/?p=2574"},"author":{"name":"webmaster","@id":"https:\/\/blogs.uninter.edu.mx\/difusioncultural\/#\/schema\/person\/37a0926f4dd300a814993fd595abdc4a"},"headline":"Efem\u00e9rides del d\u00eda : 21 de febrero","datePublished":"2014-02-21T03:05:14+00:00","mainEntityOfPage":{"@id":"https:\/\/blogs.uninter.edu.mx\/difusioncultural\/?p=2574"},"wordCount":801,"publisher":{"@id":"https:\/\/blogs.uninter.edu.mx\/difusioncultural\/#organization"},"image":{"@id":"https:\/\/blogs.uninter.edu.mx\/difusioncultural\/?p=2574#primaryimage"},"thumbnailUrl":"https:\/\/blogs.uninter.edu.mx\/difusioncultural\/wp-content\/uploads\/2014\/02\/01.jpg?w=232","inLanguage":"es"},{"@type":"WebPage","@id":"https:\/\/blogs.uninter.edu.mx\/difusioncultural\/?p=2574","url":"https:\/\/blogs.uninter.edu.mx\/difusioncultural\/?p=2574","name":"Efem\u00e9rides del d\u00eda : 21 de febrero - Difusi\u00f3n Cultural","isPartOf":{"@id":"https:\/\/blogs.uninter.edu.mx\/difusioncultural\/#website"},"primaryImageOfPage":{"@id":"https:\/\/blogs.uninter.edu.mx\/difusioncultural\/?p=2574#primaryimage"},"image":{"@id":"https:\/\/blogs.uninter.edu.mx\/difusioncultural\/?p=2574#primaryimage"},"thumbnailUrl":"https:\/\/blogs.uninter.edu.mx\/difusioncultural\/wp-content\/uploads\/2014\/02\/01.jpg?w=232","datePublished":"2014-02-21T03:05:14+00:00","breadcrumb":{"@id":"https:\/\/blogs.uninter.edu.mx\/difusioncultural\/?p=2574#breadcrumb"},"inLanguage":"es","potentialAction":[{"@type":"ReadAction","target":["https:\/\/blogs.uninter.edu.mx\/difusioncultural\/?p=2574"]}]},{"@type":"ImageObject","inLanguage":"es","@id":"https:\/\/blogs.uninter.edu.mx\/difusioncultural\/?p=2574#primaryimage","url":"https:\/\/blogs.uninter.edu.mx\/difusioncultural\/wp-content\/uploads\/2014\/02\/01.jpg?w=232","contentUrl":"https:\/\/blogs.uninter.edu.mx\/difusioncultural\/wp-content\/uploads\/2014\/02\/01.jpg?w=232"},{"@type":"BreadcrumbList","@id":"https:\/\/blogs.uninter.edu.mx\/difusioncultural\/?p=2574#breadcrumb","itemListElement":[{"@type":"ListItem","position":1,"name":"Inicio","item":"https:\/\/blogs.uninter.edu.mx\/difusioncultural\/"},{"@type":"ListItem","position":2,"name":"Efem\u00e9rides del d\u00eda : 21 de febrero"}]},{"@type":"WebSite","@id":"https:\/\/blogs.uninter.edu.mx\/difusioncultural\/#website","url":"https:\/\/blogs.uninter.edu.mx\/difusioncultural\/","name":"Difusi\u00f3n Cultural","description":"UNINTER","publisher":{"@id":"https:\/\/blogs.uninter.edu.mx\/difusioncultural\/#organization"},"potentialAction":[{"@type":"SearchAction","target":{"@type":"EntryPoint","urlTemplate":"https:\/\/blogs.uninter.edu.mx\/difusioncultural\/?s={search_term_string}"},"query-input":{"@type":"PropertyValueSpecification","valueRequired":true,"valueName":"search_term_string"}}],"inLanguage":"es"},{"@type":"Organization","@id":"https:\/\/blogs.uninter.edu.mx\/difusioncultural\/#organization","name":"Difusi\u00f3n Cultural","url":"https:\/\/blogs.uninter.edu.mx\/difusioncultural\/","logo":{"@type":"ImageObject","inLanguage":"es","@id":"https:\/\/blogs.uninter.edu.mx\/difusioncultural\/#\/schema\/logo\/image\/","url":"https:\/\/blogs.uninter.edu.mx\/difusioncultural\/wp-content\/uploads\/2022\/09\/uninter.jpg","contentUrl":"https:\/\/blogs.uninter.edu.mx\/difusioncultural\/wp-content\/uploads\/2022\/09\/uninter.jpg","width":2048,"height":2048,"caption":"Difusi\u00f3n Cultural"},"image":{"@id":"https:\/\/blogs.uninter.edu.mx\/difusioncultural\/#\/schema\/logo\/image\/"}},{"@type":"Person","@id":"https:\/\/blogs.uninter.edu.mx\/difusioncultural\/#\/schema\/person\/37a0926f4dd300a814993fd595abdc4a","name":"webmaster","image":{"@type":"ImageObject","inLanguage":"es","@id":"https:\/\/blogs.uninter.edu.mx\/difusioncultural\/#\/schema\/person\/image\/","url":"https:\/\/secure.gravatar.com\/avatar\/a59c276b01147463ef3aab4118e3137ebc5e1ad6700deb39ccdf8b89e517f7dc?s=96&d=mm&r=g","contentUrl":"https:\/\/secure.gravatar.com\/avatar\/a59c276b01147463ef3aab4118e3137ebc5e1ad6700deb39ccdf8b89e517f7dc?s=96&d=mm&r=g","caption":"webmaster"},"sameAs":["https:\/\/blogs.uninter.edu.mx\/difusioncultural"],"url":"https:\/\/blogs.uninter.edu.mx\/difusioncultural\/?author=1"}]}},"jetpack_publicize_connections":[],"jetpack_featured_media_url":"","jetpack_sharing_enabled":true,"_links":{"self":[{"href":"https:\/\/blogs.uninter.edu.mx\/difusioncultural\/index.php?rest_route=\/wp\/v2\/posts\/2574","targetHints":{"allow":["GET"]}}],"collection":[{"href":"https:\/\/blogs.uninter.edu.mx\/difusioncultural\/index.php?rest_route=\/wp\/v2\/posts"}],"about":[{"href":"https:\/\/blogs.uninter.edu.mx\/difusioncultural\/index.php?rest_route=\/wp\/v2\/types\/post"}],"author":[{"embeddable":true,"href":"https:\/\/blogs.uninter.edu.mx\/difusioncultural\/index.php?rest_route=\/wp\/v2\/users\/1"}],"replies":[{"embeddable":true,"href":"https:\/\/blogs.uninter.edu.mx\/difusioncultural\/index.php?rest_route=%2Fwp%2Fv2%2Fcomments&post=2574"}],"version-history":[{"count":0,"href":"https:\/\/blogs.uninter.edu.mx\/difusioncultural\/index.php?rest_route=\/wp\/v2\/posts\/2574\/revisions"}],"wp:attachment":[{"href":"https:\/\/blogs.uninter.edu.mx\/difusioncultural\/index.php?rest_route=%2Fwp%2Fv2%2Fmedia&parent=2574"}],"wp:term":[{"taxonomy":"category","embeddable":true,"href":"https:\/\/blogs.uninter.edu.mx\/difusioncultural\/index.php?rest_route=%2Fwp%2Fv2%2Fcategories&post=2574"},{"taxonomy":"post_tag","embeddable":true,"href":"https:\/\/blogs.uninter.edu.mx\/difusioncultural\/index.php?rest_route=%2Fwp%2Fv2%2Ftags&post=2574"}],"curies":[{"name":"wp","href":"https:\/\/api.w.org\/{rel}","templated":true}]}}