{"id":2600,"date":"2014-02-27T04:39:11","date_gmt":"2014-02-27T04:39:11","guid":{"rendered":"http:\/\/difusionculturaluninter.wordpress.com\/?p=2600"},"modified":"2014-02-27T04:39:11","modified_gmt":"2014-02-27T04:39:11","slug":"debutara-en-mexico-la-violinista-coreana-ji-hae-park","status":"publish","type":"post","link":"https:\/\/blogs.uninter.edu.mx\/difusioncultural\/?p=2600","title":{"rendered":"Debutar\u00e1 en M\u00e9xico la violinista coreana Ji Hae Park"},"content":{"rendered":"<p>Cercana a la m\u00fasica desde la infancia, cuando aprendi\u00f3 las primeras notas de la mano de su madre, la violinista  coreana Ji Hae Park agradece haber alcanzado cierta fama en el mundo, pero su objetivo va m\u00e1s all\u00e1 de la popularidad o el glamour, pues busca llevar su m\u00fasica a cualquier lugar donde pueda contribuir a curar el alma de quien la escuche.<\/p>\n<p>De origen coreano, aunque nacida en Alemania, en 1985, Ji Hae Park es considerada una virtuosa del viol\u00edn que puede presentarse en cualquier escenario del mundo, y as\u00ed lo ha demostrado al pisar emblem\u00e1ticos alrededor del mundo, y al mismo tiempo c\u00e1rceles, iglesias u hospitales, donde puede compartir su pasi\u00f3n por la m\u00fasica y la fuerza que \u00e9sta le infunde.<\/p>\n<p>La destacada ejecutante debutar\u00e1 en M\u00e9xico el pr\u00f3ximo 19 de marzo, en el marco del Festival del Centro Hist\u00f3rico (12-24 Marzo), con un recital en el Anfiteatro Sim\u00f3n Bol\u00edvar del Antiguo Colegio de San Ildefonso, en la capital mexicana.<\/p>\n<p>All\u00ed interpretar\u00e1, al lado de Miloy Canete (piano), la &#8220;Sonata para viol\u00edn no. 1 en Sol mayor&#8221;, de Johannes Brahms; &#8220;Tzigare&#8221;, de Sergei Rachmaninov; &#8220;Souvenir de Korea&#8221;, de la propia Park, y &#8220;Souvenir de Mosc\u00fa&#8221;, de Wieniawski.<\/p>\n<p>En el programa tambi\u00e9n figura &#8220;Danza macabra&#8221;, de Camille Saint-Sa\u00ebns (1835-1921); &#8220;Ruralia Hungarica&#8221;, de Erno Dohnanyi (1877-1969), y &#8220;Arirang&#8221;, de Park; repertorio al que sumar\u00e1 una selecci\u00f3n de piezas cl\u00e1sicas en versiones modernas.<\/p>\n<p>La primera mitad del concierto es una m\u00fasica muy profunda y forma parte de un repertorio que consider\u00f3 muy apasionado porque en su primera presentaci\u00f3n en M\u00e9xico quiere mostrar esa cualidad de su m\u00fasica, dejar claro que su color es muy especial, explic\u00f3 a Notimex en entrevista.<\/p>\n<p>La admiradora de Johann Sebastian Bach (1685-1750) coment\u00f3 que aunque \u00e9ste es uno de sus m\u00fasicos preferidos, ella trata siempre de crear su propia m\u00fasica, a fin de comunicarse con el p\u00fablico a partir de un lenguaje propio, con el que pueda establecer una conexi\u00f3n con el p\u00fablico.<\/p>\n<p>Puso \u00e9nfasis en que &#8220;lo que yo realmente quiero es desarrollarme y dar lo mejor de m\u00ed y crear mis propias obras. Toco para que conozcan mi trabajo, para que vean mi m\u00fasica y espero que un d\u00eda esto sea suficiente&#8221;.<\/p>\n<p>Quiz\u00e1 por eso es que m\u00e1s que presentarse en alg\u00fan renombrado escenario, su sue\u00f1o es tocar en todos lados, &#8220;tal vez \u00c1frica o incluso en alguna parte m\u00e1s de M\u00e9xico&#8221;, lo que espera, dijo v\u00eda telef\u00f3nica, es poder &#8220;tocar el coraz\u00f3n del p\u00fablico&#8221;.<\/p>\n<p>&#8220;He dado conciertos en muchos lugares, inclusive en c\u00e1rceles, me gusta tocar mi instrumento para sanar a la gente y me gustar\u00eda hacerlo tambi\u00e9n en M\u00e9xico&#8221;, asever\u00f3 la virtuosa violinista, quien confes\u00f3 que le gustar\u00eda alternar en el escenario con la canadiense Avril Lavine o el m\u00fasico de origen chino Yo Yo Ma, m\u00fasicos muy famosos que le inspiran mucho y que sin duda le dejar\u00edan una gran experiencia.<\/p>\n<p>El mismo d\u00eda que se presenta en el Anfiteatro tiene programada una sesi\u00f3n en la Universidad del Claustro de Sor Juana (UCSJ).<\/p>\n<p>Luego viajar\u00e1 a Londres, donde va al Concert Hall, a grabar un disco y luego en oto\u00f1o le espera una gira por diversas ciudades de Estados Unidos, como Hawai, Los \u00c1ngeles y Chicago, adem\u00e1s est\u00e1 invitada a participar como jurado en un certamen musical en Indonesia, concluy\u00f3.<\/p>\n<p><a href=\"https:\/\/blogs.uninter.edu.mx\/difusioncultural\/wp-content\/uploads\/2014\/02\/1018230.jpg\"><img fetchpriority=\"high\" decoding=\"async\" src=\"https:\/\/blogs.uninter.edu.mx\/difusioncultural\/wp-content\/uploads\/2014\/02\/1018230.jpg?w=300\" alt=\"1018230\" width=\"300\" height=\"224\" class=\"alignnone size-medium wp-image-2601\" \/><\/a><\/p>\n","protected":false},"excerpt":{"rendered":"<p>Cercana a la m\u00fasica desde la infancia, cuando aprendi\u00f3 las primeras notas de la mano de su madre, la violinista coreana Ji Hae Park agradece haber alcanzado cierta fama en el mundo, pero su objetivo va m\u00e1s all\u00e1 de la popularidad o el glamour, pues busca llevar su m\u00fasica a cualquier lugar donde pueda contribuir&hellip;<\/p>\n","protected":false},"author":1,"featured_media":0,"comment_status":"closed","ping_status":"open","sticky":false,"template":"","format":"standard","meta":{"_jetpack_memberships_contains_paid_content":false,"footnotes":"","jetpack_publicize_message":"","jetpack_publicize_feature_enabled":true,"jetpack_social_post_already_shared":false,"jetpack_social_options":{"image_generator_settings":{"template":"highway","default_image_id":0,"font":"","enabled":false},"version":2}},"categories":[1],"tags":[],"class_list":["post-2600","post","type-post","status-publish","format-standard","hentry","category-sin-categoria"],"yoast_head":"<!-- This site is optimized with the Yoast SEO plugin v26.3 - https:\/\/yoast.com\/wordpress\/plugins\/seo\/ -->\r\n<title>Debutar\u00e1 en M\u00e9xico la violinista coreana Ji Hae Park - Difusi\u00f3n Cultural<\/title>\r\n<meta name=\"robots\" content=\"index, follow, max-snippet:-1, max-image-preview:large, max-video-preview:-1\" \/>\r\n<link rel=\"canonical\" href=\"https:\/\/blogs.uninter.edu.mx\/difusioncultural\/?p=2600\" \/>\r\n<meta property=\"og:locale\" content=\"es_MX\" \/>\r\n<meta property=\"og:type\" content=\"article\" \/>\r\n<meta property=\"og:title\" content=\"Debutar\u00e1 en M\u00e9xico la violinista coreana Ji Hae Park - Difusi\u00f3n Cultural\" \/>\r\n<meta property=\"og:description\" content=\"Cercana a la m\u00fasica desde la infancia, cuando aprendi\u00f3 las primeras notas de la mano de su madre, la violinista coreana Ji Hae Park agradece haber alcanzado cierta fama en el mundo, pero su objetivo va m\u00e1s all\u00e1 de la popularidad o el glamour, pues busca llevar su m\u00fasica a cualquier lugar donde pueda contribuir&hellip;\" \/>\r\n<meta property=\"og:url\" content=\"https:\/\/blogs.uninter.edu.mx\/difusioncultural\/?p=2600\" \/>\r\n<meta property=\"og:site_name\" content=\"Difusi\u00f3n Cultural\" \/>\r\n<meta property=\"article:published_time\" content=\"2014-02-27T04:39:11+00:00\" \/>\r\n<meta property=\"og:image\" content=\"https:\/\/blogs.uninter.edu.mx\/difusioncultural\/wp-content\/uploads\/2014\/02\/1018230.jpg?w=300\" \/>\r\n<meta name=\"author\" content=\"webmaster\" \/>\r\n<meta name=\"twitter:card\" content=\"summary_large_image\" \/>\r\n<meta name=\"twitter:label1\" content=\"Escrito por\" \/>\n\t<meta name=\"twitter:data1\" content=\"webmaster\" \/>\n\t<meta name=\"twitter:label2\" content=\"Tiempo de lectura\" \/>\n\t<meta name=\"twitter:data2\" content=\"3 minutos\" \/>\r\n<script type=\"application\/ld+json\" class=\"yoast-schema-graph\">{\"@context\":\"https:\/\/schema.org\",\"@graph\":[{\"@type\":\"Article\",\"@id\":\"https:\/\/blogs.uninter.edu.mx\/difusioncultural\/?p=2600#article\",\"isPartOf\":{\"@id\":\"https:\/\/blogs.uninter.edu.mx\/difusioncultural\/?p=2600\"},\"author\":{\"name\":\"webmaster\",\"@id\":\"https:\/\/blogs.uninter.edu.mx\/difusioncultural\/#\/schema\/person\/37a0926f4dd300a814993fd595abdc4a\"},\"headline\":\"Debutar\u00e1 en M\u00e9xico la violinista coreana Ji Hae Park\",\"datePublished\":\"2014-02-27T04:39:11+00:00\",\"mainEntityOfPage\":{\"@id\":\"https:\/\/blogs.uninter.edu.mx\/difusioncultural\/?p=2600\"},\"wordCount\":606,\"publisher\":{\"@id\":\"https:\/\/blogs.uninter.edu.mx\/difusioncultural\/#organization\"},\"image\":{\"@id\":\"https:\/\/blogs.uninter.edu.mx\/difusioncultural\/?p=2600#primaryimage\"},\"thumbnailUrl\":\"https:\/\/blogs.uninter.edu.mx\/difusioncultural\/wp-content\/uploads\/2014\/02\/1018230.jpg?w=300\",\"inLanguage\":\"es\"},{\"@type\":\"WebPage\",\"@id\":\"https:\/\/blogs.uninter.edu.mx\/difusioncultural\/?p=2600\",\"url\":\"https:\/\/blogs.uninter.edu.mx\/difusioncultural\/?p=2600\",\"name\":\"Debutar\u00e1 en M\u00e9xico la violinista coreana Ji Hae Park - Difusi\u00f3n Cultural\",\"isPartOf\":{\"@id\":\"https:\/\/blogs.uninter.edu.mx\/difusioncultural\/#website\"},\"primaryImageOfPage\":{\"@id\":\"https:\/\/blogs.uninter.edu.mx\/difusioncultural\/?p=2600#primaryimage\"},\"image\":{\"@id\":\"https:\/\/blogs.uninter.edu.mx\/difusioncultural\/?p=2600#primaryimage\"},\"thumbnailUrl\":\"https:\/\/blogs.uninter.edu.mx\/difusioncultural\/wp-content\/uploads\/2014\/02\/1018230.jpg?w=300\",\"datePublished\":\"2014-02-27T04:39:11+00:00\",\"breadcrumb\":{\"@id\":\"https:\/\/blogs.uninter.edu.mx\/difusioncultural\/?p=2600#breadcrumb\"},\"inLanguage\":\"es\",\"potentialAction\":[{\"@type\":\"ReadAction\",\"target\":[\"https:\/\/blogs.uninter.edu.mx\/difusioncultural\/?p=2600\"]}]},{\"@type\":\"ImageObject\",\"inLanguage\":\"es\",\"@id\":\"https:\/\/blogs.uninter.edu.mx\/difusioncultural\/?p=2600#primaryimage\",\"url\":\"https:\/\/blogs.uninter.edu.mx\/difusioncultural\/wp-content\/uploads\/2014\/02\/1018230.jpg?w=300\",\"contentUrl\":\"https:\/\/blogs.uninter.edu.mx\/difusioncultural\/wp-content\/uploads\/2014\/02\/1018230.jpg?w=300\"},{\"@type\":\"BreadcrumbList\",\"@id\":\"https:\/\/blogs.uninter.edu.mx\/difusioncultural\/?p=2600#breadcrumb\",\"itemListElement\":[{\"@type\":\"ListItem\",\"position\":1,\"name\":\"Inicio\",\"item\":\"https:\/\/blogs.uninter.edu.mx\/difusioncultural\/\"},{\"@type\":\"ListItem\",\"position\":2,\"name\":\"Debutar\u00e1 en M\u00e9xico la violinista coreana Ji Hae Park\"}]},{\"@type\":\"WebSite\",\"@id\":\"https:\/\/blogs.uninter.edu.mx\/difusioncultural\/#website\",\"url\":\"https:\/\/blogs.uninter.edu.mx\/difusioncultural\/\",\"name\":\"Difusi\u00f3n Cultural\",\"description\":\"UNINTER\",\"publisher\":{\"@id\":\"https:\/\/blogs.uninter.edu.mx\/difusioncultural\/#organization\"},\"potentialAction\":[{\"@type\":\"SearchAction\",\"target\":{\"@type\":\"EntryPoint\",\"urlTemplate\":\"https:\/\/blogs.uninter.edu.mx\/difusioncultural\/?s={search_term_string}\"},\"query-input\":{\"@type\":\"PropertyValueSpecification\",\"valueRequired\":true,\"valueName\":\"search_term_string\"}}],\"inLanguage\":\"es\"},{\"@type\":\"Organization\",\"@id\":\"https:\/\/blogs.uninter.edu.mx\/difusioncultural\/#organization\",\"name\":\"Difusi\u00f3n Cultural\",\"url\":\"https:\/\/blogs.uninter.edu.mx\/difusioncultural\/\",\"logo\":{\"@type\":\"ImageObject\",\"inLanguage\":\"es\",\"@id\":\"https:\/\/blogs.uninter.edu.mx\/difusioncultural\/#\/schema\/logo\/image\/\",\"url\":\"https:\/\/blogs.uninter.edu.mx\/difusioncultural\/wp-content\/uploads\/2022\/09\/uninter.jpg\",\"contentUrl\":\"https:\/\/blogs.uninter.edu.mx\/difusioncultural\/wp-content\/uploads\/2022\/09\/uninter.jpg\",\"width\":2048,\"height\":2048,\"caption\":\"Difusi\u00f3n Cultural\"},\"image\":{\"@id\":\"https:\/\/blogs.uninter.edu.mx\/difusioncultural\/#\/schema\/logo\/image\/\"}},{\"@type\":\"Person\",\"@id\":\"https:\/\/blogs.uninter.edu.mx\/difusioncultural\/#\/schema\/person\/37a0926f4dd300a814993fd595abdc4a\",\"name\":\"webmaster\",\"image\":{\"@type\":\"ImageObject\",\"inLanguage\":\"es\",\"@id\":\"https:\/\/blogs.uninter.edu.mx\/difusioncultural\/#\/schema\/person\/image\/\",\"url\":\"https:\/\/secure.gravatar.com\/avatar\/a59c276b01147463ef3aab4118e3137ebc5e1ad6700deb39ccdf8b89e517f7dc?s=96&d=mm&r=g\",\"contentUrl\":\"https:\/\/secure.gravatar.com\/avatar\/a59c276b01147463ef3aab4118e3137ebc5e1ad6700deb39ccdf8b89e517f7dc?s=96&d=mm&r=g\",\"caption\":\"webmaster\"},\"sameAs\":[\"https:\/\/blogs.uninter.edu.mx\/difusioncultural\"],\"url\":\"https:\/\/blogs.uninter.edu.mx\/difusioncultural\/?author=1\"}]}<\/script>\r\n<!-- \/ Yoast SEO plugin. -->","yoast_head_json":{"title":"Debutar\u00e1 en M\u00e9xico la violinista coreana Ji Hae Park - Difusi\u00f3n Cultural","robots":{"index":"index","follow":"follow","max-snippet":"max-snippet:-1","max-image-preview":"max-image-preview:large","max-video-preview":"max-video-preview:-1"},"canonical":"https:\/\/blogs.uninter.edu.mx\/difusioncultural\/?p=2600","og_locale":"es_MX","og_type":"article","og_title":"Debutar\u00e1 en M\u00e9xico la violinista coreana Ji Hae Park - Difusi\u00f3n Cultural","og_description":"Cercana a la m\u00fasica desde la infancia, cuando aprendi\u00f3 las primeras notas de la mano de su madre, la violinista coreana Ji Hae Park agradece haber alcanzado cierta fama en el mundo, pero su objetivo va m\u00e1s all\u00e1 de la popularidad o el glamour, pues busca llevar su m\u00fasica a cualquier lugar donde pueda contribuir&hellip;","og_url":"https:\/\/blogs.uninter.edu.mx\/difusioncultural\/?p=2600","og_site_name":"Difusi\u00f3n Cultural","article_published_time":"2014-02-27T04:39:11+00:00","og_image":[{"url":"https:\/\/blogs.uninter.edu.mx\/difusioncultural\/wp-content\/uploads\/2014\/02\/1018230.jpg?w=300","type":"","width":"","height":""}],"author":"webmaster","twitter_card":"summary_large_image","twitter_misc":{"Escrito por":"webmaster","Tiempo de lectura":"3 minutos"},"schema":{"@context":"https:\/\/schema.org","@graph":[{"@type":"Article","@id":"https:\/\/blogs.uninter.edu.mx\/difusioncultural\/?p=2600#article","isPartOf":{"@id":"https:\/\/blogs.uninter.edu.mx\/difusioncultural\/?p=2600"},"author":{"name":"webmaster","@id":"https:\/\/blogs.uninter.edu.mx\/difusioncultural\/#\/schema\/person\/37a0926f4dd300a814993fd595abdc4a"},"headline":"Debutar\u00e1 en M\u00e9xico la violinista coreana Ji Hae Park","datePublished":"2014-02-27T04:39:11+00:00","mainEntityOfPage":{"@id":"https:\/\/blogs.uninter.edu.mx\/difusioncultural\/?p=2600"},"wordCount":606,"publisher":{"@id":"https:\/\/blogs.uninter.edu.mx\/difusioncultural\/#organization"},"image":{"@id":"https:\/\/blogs.uninter.edu.mx\/difusioncultural\/?p=2600#primaryimage"},"thumbnailUrl":"https:\/\/blogs.uninter.edu.mx\/difusioncultural\/wp-content\/uploads\/2014\/02\/1018230.jpg?w=300","inLanguage":"es"},{"@type":"WebPage","@id":"https:\/\/blogs.uninter.edu.mx\/difusioncultural\/?p=2600","url":"https:\/\/blogs.uninter.edu.mx\/difusioncultural\/?p=2600","name":"Debutar\u00e1 en M\u00e9xico la violinista coreana Ji Hae Park - Difusi\u00f3n Cultural","isPartOf":{"@id":"https:\/\/blogs.uninter.edu.mx\/difusioncultural\/#website"},"primaryImageOfPage":{"@id":"https:\/\/blogs.uninter.edu.mx\/difusioncultural\/?p=2600#primaryimage"},"image":{"@id":"https:\/\/blogs.uninter.edu.mx\/difusioncultural\/?p=2600#primaryimage"},"thumbnailUrl":"https:\/\/blogs.uninter.edu.mx\/difusioncultural\/wp-content\/uploads\/2014\/02\/1018230.jpg?w=300","datePublished":"2014-02-27T04:39:11+00:00","breadcrumb":{"@id":"https:\/\/blogs.uninter.edu.mx\/difusioncultural\/?p=2600#breadcrumb"},"inLanguage":"es","potentialAction":[{"@type":"ReadAction","target":["https:\/\/blogs.uninter.edu.mx\/difusioncultural\/?p=2600"]}]},{"@type":"ImageObject","inLanguage":"es","@id":"https:\/\/blogs.uninter.edu.mx\/difusioncultural\/?p=2600#primaryimage","url":"https:\/\/blogs.uninter.edu.mx\/difusioncultural\/wp-content\/uploads\/2014\/02\/1018230.jpg?w=300","contentUrl":"https:\/\/blogs.uninter.edu.mx\/difusioncultural\/wp-content\/uploads\/2014\/02\/1018230.jpg?w=300"},{"@type":"BreadcrumbList","@id":"https:\/\/blogs.uninter.edu.mx\/difusioncultural\/?p=2600#breadcrumb","itemListElement":[{"@type":"ListItem","position":1,"name":"Inicio","item":"https:\/\/blogs.uninter.edu.mx\/difusioncultural\/"},{"@type":"ListItem","position":2,"name":"Debutar\u00e1 en M\u00e9xico la violinista coreana Ji Hae Park"}]},{"@type":"WebSite","@id":"https:\/\/blogs.uninter.edu.mx\/difusioncultural\/#website","url":"https:\/\/blogs.uninter.edu.mx\/difusioncultural\/","name":"Difusi\u00f3n Cultural","description":"UNINTER","publisher":{"@id":"https:\/\/blogs.uninter.edu.mx\/difusioncultural\/#organization"},"potentialAction":[{"@type":"SearchAction","target":{"@type":"EntryPoint","urlTemplate":"https:\/\/blogs.uninter.edu.mx\/difusioncultural\/?s={search_term_string}"},"query-input":{"@type":"PropertyValueSpecification","valueRequired":true,"valueName":"search_term_string"}}],"inLanguage":"es"},{"@type":"Organization","@id":"https:\/\/blogs.uninter.edu.mx\/difusioncultural\/#organization","name":"Difusi\u00f3n Cultural","url":"https:\/\/blogs.uninter.edu.mx\/difusioncultural\/","logo":{"@type":"ImageObject","inLanguage":"es","@id":"https:\/\/blogs.uninter.edu.mx\/difusioncultural\/#\/schema\/logo\/image\/","url":"https:\/\/blogs.uninter.edu.mx\/difusioncultural\/wp-content\/uploads\/2022\/09\/uninter.jpg","contentUrl":"https:\/\/blogs.uninter.edu.mx\/difusioncultural\/wp-content\/uploads\/2022\/09\/uninter.jpg","width":2048,"height":2048,"caption":"Difusi\u00f3n Cultural"},"image":{"@id":"https:\/\/blogs.uninter.edu.mx\/difusioncultural\/#\/schema\/logo\/image\/"}},{"@type":"Person","@id":"https:\/\/blogs.uninter.edu.mx\/difusioncultural\/#\/schema\/person\/37a0926f4dd300a814993fd595abdc4a","name":"webmaster","image":{"@type":"ImageObject","inLanguage":"es","@id":"https:\/\/blogs.uninter.edu.mx\/difusioncultural\/#\/schema\/person\/image\/","url":"https:\/\/secure.gravatar.com\/avatar\/a59c276b01147463ef3aab4118e3137ebc5e1ad6700deb39ccdf8b89e517f7dc?s=96&d=mm&r=g","contentUrl":"https:\/\/secure.gravatar.com\/avatar\/a59c276b01147463ef3aab4118e3137ebc5e1ad6700deb39ccdf8b89e517f7dc?s=96&d=mm&r=g","caption":"webmaster"},"sameAs":["https:\/\/blogs.uninter.edu.mx\/difusioncultural"],"url":"https:\/\/blogs.uninter.edu.mx\/difusioncultural\/?author=1"}]}},"jetpack_publicize_connections":[],"jetpack_featured_media_url":"","jetpack_sharing_enabled":true,"_links":{"self":[{"href":"https:\/\/blogs.uninter.edu.mx\/difusioncultural\/index.php?rest_route=\/wp\/v2\/posts\/2600","targetHints":{"allow":["GET"]}}],"collection":[{"href":"https:\/\/blogs.uninter.edu.mx\/difusioncultural\/index.php?rest_route=\/wp\/v2\/posts"}],"about":[{"href":"https:\/\/blogs.uninter.edu.mx\/difusioncultural\/index.php?rest_route=\/wp\/v2\/types\/post"}],"author":[{"embeddable":true,"href":"https:\/\/blogs.uninter.edu.mx\/difusioncultural\/index.php?rest_route=\/wp\/v2\/users\/1"}],"replies":[{"embeddable":true,"href":"https:\/\/blogs.uninter.edu.mx\/difusioncultural\/index.php?rest_route=%2Fwp%2Fv2%2Fcomments&post=2600"}],"version-history":[{"count":0,"href":"https:\/\/blogs.uninter.edu.mx\/difusioncultural\/index.php?rest_route=\/wp\/v2\/posts\/2600\/revisions"}],"wp:attachment":[{"href":"https:\/\/blogs.uninter.edu.mx\/difusioncultural\/index.php?rest_route=%2Fwp%2Fv2%2Fmedia&parent=2600"}],"wp:term":[{"taxonomy":"category","embeddable":true,"href":"https:\/\/blogs.uninter.edu.mx\/difusioncultural\/index.php?rest_route=%2Fwp%2Fv2%2Fcategories&post=2600"},{"taxonomy":"post_tag","embeddable":true,"href":"https:\/\/blogs.uninter.edu.mx\/difusioncultural\/index.php?rest_route=%2Fwp%2Fv2%2Ftags&post=2600"}],"curies":[{"name":"wp","href":"https:\/\/api.w.org\/{rel}","templated":true}]}}