{"id":2603,"date":"2014-03-01T02:56:17","date_gmt":"2014-03-01T02:56:17","guid":{"rendered":"http:\/\/difusionculturaluninter.wordpress.com\/?p=2603"},"modified":"2014-03-01T02:56:17","modified_gmt":"2014-03-01T02:56:17","slug":"1-de-marazo-nacimiento-de-frederic-chopin","status":"publish","type":"post","link":"https:\/\/blogs.uninter.edu.mx\/difusioncultural\/?p=2603","title":{"rendered":"1 de Marazo Nacimiento de Fr\u00e9d\u00e9ric Chopin"},"content":{"rendered":"<p>Un d\u00eda como hoy Primero de Marzo  pero de 1809 nace Fr\u00e9d\u00e9ric Chopin, compositor polaco, uno de los compositores m\u00e1s profundamente originales de la historia. Toc\u00f3 su primer concierto p\u00fablico a los 7 a\u00f1os, y ya publicaba como compositor a los 15 no de los compositores m\u00e1s profundamente originales de la historia, Fr\u00e9d\u00e9ric Chopin no fue un m\u00fasico &#8220;Rom\u00e1ntico&#8221; totalmente tradicional, de hecho, la mayor\u00eda de su m\u00fasica define una categor\u00eda separada propia. Naci\u00f3 en Varsovia, Polonia, el 22 de Febrero de 1810, Chopin inici\u00f3 estudios de piano en la Escuela de M\u00fasica de Varsovia, y al inicio de su adolescencia ya era bastante proficiente con ese instrumento.<\/p>\n<p>Al final de la d\u00e9cada de 1820, Chopin se hab\u00eda ganado una gran reputaci\u00f3n como virtuoso del piano y compositor de piezas para ese instrumento. El recorri\u00f3 Europa, dando actuaciones de concierto para audiencias y cr\u00edticos ext\u00e1ticos. En 1831 arrib\u00f3 a Par\u00eds para uno de sus conciertos; y tan inmediato fue su amor por esta ciudad que r\u00e1pidamente decidi\u00f3 hacerla su nuevo hogar. El nunca m\u00e1s regres\u00f3 a Varsovia.<br \/>\nEn Par\u00eds, Chopin estaba en constante demanda como maestro y artista. El era un favorito en los salons Parisinos, y contaba con la amistad de muchas de las luminarias art\u00edsticas del momento, incluyendo a Hugo, Balzac, Liszt, Berlioz, Schumann, Dumas y Delacroix. El poeticismo intenso en su m\u00fasica lo hicieron un \u00edcono Rom\u00e1ntico para muchos de sus contemporaneos, y el fue acogido por la \u00e9lite de la sociedad.<\/p>\n<p>En 1837, Chopin conoce a la novelista Mme. Aurore Dudevant, quien usaba el seud\u00f3nimo de George Sand. Los dos comenzaron una relaci\u00f3n vol\u00e1til y al final tr\u00e1gica la cual signific\u00f3 una influencia devastadora en la vida de Chopin. En 1847 su relaci\u00f3n termin\u00f3. Descorazonado por la p\u00e9rdida de su amada, Chopin continu\u00f3 componiendo, pero pronto fue atacado por la enfermedad. Debilitado por la tuberculosis, enferm\u00f3 demasiado como para trabajar, y repentinamente muri\u00f3 el 17 de Octubre de 1849, a la edad de s\u00f3lo 39 a\u00f1os.<\/p>\n<p>La m\u00fasica de Chopin, no importa su forma, se reconoce instantaneamente. Su sentido \u00fanico de liricidad y genio mel\u00f3dico sin par produjeron alguna de la m\u00fasica de belleza m\u00e1s pura que jam\u00e1s se haya escrito &#8211; m\u00fasica que influy\u00f3 a muchos de los compositores que le siguieron, desde Brahms hasta Debussy.<br \/>\nEl fue una luz revolucionaria en la m\u00fasica Rom\u00e1ntica. En la estructura y forma de sus composiciones, el est\u00e1 bastante solo, su sentido de balance y arquitectura en la m\u00fasica no esta particularmente relacionado con la tradici\u00f3n Cl\u00e1sica o Rom\u00e1ntica. El poder abrumador y la influencia de su legado musical est\u00e1 asegurado para siempre.<\/p>\n<p><a href=\"https:\/\/blogs.uninter.edu.mx\/difusioncultural\/wp-content\/uploads\/2014\/03\/frc3a9dc3a9ric_chopin_daprc3a8s_un_portrait_de_p_schick_1873-1.jpg\"><img fetchpriority=\"high\" decoding=\"async\" src=\"https:\/\/blogs.uninter.edu.mx\/difusioncultural\/wp-content\/uploads\/2014\/03\/frc3a9dc3a9ric_chopin_daprc3a8s_un_portrait_de_p_schick_1873-1.jpg?w=222\" alt=\"Fr\u00e9d\u00e9ric_Chopin_dapr\u00e8s_un_portrait_de_P_Schick_1873 (1)\" width=\"222\" height=\"300\" class=\"alignnone size-medium wp-image-2604\" \/><\/a><\/p>\n<p><iframe title=\"The Best of Chopin\" width=\"700\" height=\"394\" src=\"https:\/\/www.youtube.com\/embed\/wygy721nzRc?feature=oembed\" frameborder=\"0\" allow=\"accelerometer; autoplay; clipboard-write; encrypted-media; gyroscope; picture-in-picture\" allowfullscreen><\/iframe><\/p>\n","protected":false},"excerpt":{"rendered":"<p>Un d\u00eda como hoy Primero de Marzo pero de 1809 nace Fr\u00e9d\u00e9ric Chopin, compositor polaco, uno de los compositores m\u00e1s profundamente originales de la historia. Toc\u00f3 su primer concierto p\u00fablico a los 7 a\u00f1os, y ya publicaba como compositor a los 15 no de los compositores m\u00e1s profundamente originales de la historia, Fr\u00e9d\u00e9ric Chopin no&hellip;<\/p>\n","protected":false},"author":1,"featured_media":0,"comment_status":"closed","ping_status":"open","sticky":false,"template":"","format":"standard","meta":{"_jetpack_memberships_contains_paid_content":false,"footnotes":"","jetpack_publicize_message":"","jetpack_publicize_feature_enabled":true,"jetpack_social_post_already_shared":false,"jetpack_social_options":{"image_generator_settings":{"template":"highway","default_image_id":0,"font":"","enabled":false},"version":2}},"categories":[1],"tags":[],"class_list":["post-2603","post","type-post","status-publish","format-standard","hentry","category-sin-categoria"],"yoast_head":"<!-- This site is optimized with the Yoast SEO plugin v26.3 - https:\/\/yoast.com\/wordpress\/plugins\/seo\/ -->\r\n<title>1 de Marazo Nacimiento de Fr\u00e9d\u00e9ric Chopin - Difusi\u00f3n Cultural<\/title>\r\n<meta name=\"robots\" content=\"index, follow, max-snippet:-1, max-image-preview:large, max-video-preview:-1\" \/>\r\n<link rel=\"canonical\" href=\"https:\/\/blogs.uninter.edu.mx\/difusioncultural\/?p=2603\" \/>\r\n<meta property=\"og:locale\" content=\"es_MX\" \/>\r\n<meta property=\"og:type\" content=\"article\" \/>\r\n<meta property=\"og:title\" content=\"1 de Marazo Nacimiento de Fr\u00e9d\u00e9ric Chopin - Difusi\u00f3n Cultural\" \/>\r\n<meta property=\"og:description\" content=\"Un d\u00eda como hoy Primero de Marzo pero de 1809 nace Fr\u00e9d\u00e9ric Chopin, compositor polaco, uno de los compositores m\u00e1s profundamente originales de la historia. Toc\u00f3 su primer concierto p\u00fablico a los 7 a\u00f1os, y ya publicaba como compositor a los 15 no de los compositores m\u00e1s profundamente originales de la historia, Fr\u00e9d\u00e9ric Chopin no&hellip;\" \/>\r\n<meta property=\"og:url\" content=\"https:\/\/blogs.uninter.edu.mx\/difusioncultural\/?p=2603\" \/>\r\n<meta property=\"og:site_name\" content=\"Difusi\u00f3n Cultural\" \/>\r\n<meta property=\"article:published_time\" content=\"2014-03-01T02:56:17+00:00\" \/>\r\n<meta property=\"og:image\" content=\"https:\/\/blogs.uninter.edu.mx\/difusioncultural\/wp-content\/uploads\/2014\/03\/frc3a9dc3a9ric_chopin_daprc3a8s_un_portrait_de_p_schick_1873-1.jpg?w=222\" \/>\r\n<meta name=\"author\" content=\"webmaster\" \/>\r\n<meta name=\"twitter:card\" content=\"summary_large_image\" \/>\r\n<meta name=\"twitter:label1\" content=\"Escrito por\" \/>\n\t<meta name=\"twitter:data1\" content=\"webmaster\" \/>\n\t<meta name=\"twitter:label2\" content=\"Tiempo de lectura\" \/>\n\t<meta name=\"twitter:data2\" content=\"2 minutos\" \/>\r\n<script type=\"application\/ld+json\" class=\"yoast-schema-graph\">{\"@context\":\"https:\/\/schema.org\",\"@graph\":[{\"@type\":\"Article\",\"@id\":\"https:\/\/blogs.uninter.edu.mx\/difusioncultural\/?p=2603#article\",\"isPartOf\":{\"@id\":\"https:\/\/blogs.uninter.edu.mx\/difusioncultural\/?p=2603\"},\"author\":{\"name\":\"webmaster\",\"@id\":\"https:\/\/blogs.uninter.edu.mx\/difusioncultural\/#\/schema\/person\/37a0926f4dd300a814993fd595abdc4a\"},\"headline\":\"1 de Marazo Nacimiento de Fr\u00e9d\u00e9ric Chopin\",\"datePublished\":\"2014-03-01T02:56:17+00:00\",\"mainEntityOfPage\":{\"@id\":\"https:\/\/blogs.uninter.edu.mx\/difusioncultural\/?p=2603\"},\"wordCount\":486,\"publisher\":{\"@id\":\"https:\/\/blogs.uninter.edu.mx\/difusioncultural\/#organization\"},\"image\":{\"@id\":\"https:\/\/blogs.uninter.edu.mx\/difusioncultural\/?p=2603#primaryimage\"},\"thumbnailUrl\":\"https:\/\/blogs.uninter.edu.mx\/difusioncultural\/wp-content\/uploads\/2014\/03\/frc3a9dc3a9ric_chopin_daprc3a8s_un_portrait_de_p_schick_1873-1.jpg?w=222\",\"inLanguage\":\"es\"},{\"@type\":\"WebPage\",\"@id\":\"https:\/\/blogs.uninter.edu.mx\/difusioncultural\/?p=2603\",\"url\":\"https:\/\/blogs.uninter.edu.mx\/difusioncultural\/?p=2603\",\"name\":\"1 de Marazo Nacimiento de Fr\u00e9d\u00e9ric Chopin - Difusi\u00f3n Cultural\",\"isPartOf\":{\"@id\":\"https:\/\/blogs.uninter.edu.mx\/difusioncultural\/#website\"},\"primaryImageOfPage\":{\"@id\":\"https:\/\/blogs.uninter.edu.mx\/difusioncultural\/?p=2603#primaryimage\"},\"image\":{\"@id\":\"https:\/\/blogs.uninter.edu.mx\/difusioncultural\/?p=2603#primaryimage\"},\"thumbnailUrl\":\"https:\/\/blogs.uninter.edu.mx\/difusioncultural\/wp-content\/uploads\/2014\/03\/frc3a9dc3a9ric_chopin_daprc3a8s_un_portrait_de_p_schick_1873-1.jpg?w=222\",\"datePublished\":\"2014-03-01T02:56:17+00:00\",\"breadcrumb\":{\"@id\":\"https:\/\/blogs.uninter.edu.mx\/difusioncultural\/?p=2603#breadcrumb\"},\"inLanguage\":\"es\",\"potentialAction\":[{\"@type\":\"ReadAction\",\"target\":[\"https:\/\/blogs.uninter.edu.mx\/difusioncultural\/?p=2603\"]}]},{\"@type\":\"ImageObject\",\"inLanguage\":\"es\",\"@id\":\"https:\/\/blogs.uninter.edu.mx\/difusioncultural\/?p=2603#primaryimage\",\"url\":\"https:\/\/blogs.uninter.edu.mx\/difusioncultural\/wp-content\/uploads\/2014\/03\/frc3a9dc3a9ric_chopin_daprc3a8s_un_portrait_de_p_schick_1873-1.jpg?w=222\",\"contentUrl\":\"https:\/\/blogs.uninter.edu.mx\/difusioncultural\/wp-content\/uploads\/2014\/03\/frc3a9dc3a9ric_chopin_daprc3a8s_un_portrait_de_p_schick_1873-1.jpg?w=222\"},{\"@type\":\"BreadcrumbList\",\"@id\":\"https:\/\/blogs.uninter.edu.mx\/difusioncultural\/?p=2603#breadcrumb\",\"itemListElement\":[{\"@type\":\"ListItem\",\"position\":1,\"name\":\"Inicio\",\"item\":\"https:\/\/blogs.uninter.edu.mx\/difusioncultural\/\"},{\"@type\":\"ListItem\",\"position\":2,\"name\":\"1 de Marazo Nacimiento de Fr\u00e9d\u00e9ric Chopin\"}]},{\"@type\":\"WebSite\",\"@id\":\"https:\/\/blogs.uninter.edu.mx\/difusioncultural\/#website\",\"url\":\"https:\/\/blogs.uninter.edu.mx\/difusioncultural\/\",\"name\":\"Difusi\u00f3n Cultural\",\"description\":\"UNINTER\",\"publisher\":{\"@id\":\"https:\/\/blogs.uninter.edu.mx\/difusioncultural\/#organization\"},\"potentialAction\":[{\"@type\":\"SearchAction\",\"target\":{\"@type\":\"EntryPoint\",\"urlTemplate\":\"https:\/\/blogs.uninter.edu.mx\/difusioncultural\/?s={search_term_string}\"},\"query-input\":{\"@type\":\"PropertyValueSpecification\",\"valueRequired\":true,\"valueName\":\"search_term_string\"}}],\"inLanguage\":\"es\"},{\"@type\":\"Organization\",\"@id\":\"https:\/\/blogs.uninter.edu.mx\/difusioncultural\/#organization\",\"name\":\"Difusi\u00f3n Cultural\",\"url\":\"https:\/\/blogs.uninter.edu.mx\/difusioncultural\/\",\"logo\":{\"@type\":\"ImageObject\",\"inLanguage\":\"es\",\"@id\":\"https:\/\/blogs.uninter.edu.mx\/difusioncultural\/#\/schema\/logo\/image\/\",\"url\":\"https:\/\/blogs.uninter.edu.mx\/difusioncultural\/wp-content\/uploads\/2022\/09\/uninter.jpg\",\"contentUrl\":\"https:\/\/blogs.uninter.edu.mx\/difusioncultural\/wp-content\/uploads\/2022\/09\/uninter.jpg\",\"width\":2048,\"height\":2048,\"caption\":\"Difusi\u00f3n Cultural\"},\"image\":{\"@id\":\"https:\/\/blogs.uninter.edu.mx\/difusioncultural\/#\/schema\/logo\/image\/\"}},{\"@type\":\"Person\",\"@id\":\"https:\/\/blogs.uninter.edu.mx\/difusioncultural\/#\/schema\/person\/37a0926f4dd300a814993fd595abdc4a\",\"name\":\"webmaster\",\"image\":{\"@type\":\"ImageObject\",\"inLanguage\":\"es\",\"@id\":\"https:\/\/blogs.uninter.edu.mx\/difusioncultural\/#\/schema\/person\/image\/\",\"url\":\"https:\/\/secure.gravatar.com\/avatar\/a59c276b01147463ef3aab4118e3137ebc5e1ad6700deb39ccdf8b89e517f7dc?s=96&d=mm&r=g\",\"contentUrl\":\"https:\/\/secure.gravatar.com\/avatar\/a59c276b01147463ef3aab4118e3137ebc5e1ad6700deb39ccdf8b89e517f7dc?s=96&d=mm&r=g\",\"caption\":\"webmaster\"},\"sameAs\":[\"https:\/\/blogs.uninter.edu.mx\/difusioncultural\"],\"url\":\"https:\/\/blogs.uninter.edu.mx\/difusioncultural\/?author=1\"}]}<\/script>\r\n<!-- \/ Yoast SEO plugin. -->","yoast_head_json":{"title":"1 de Marazo Nacimiento de Fr\u00e9d\u00e9ric Chopin - Difusi\u00f3n Cultural","robots":{"index":"index","follow":"follow","max-snippet":"max-snippet:-1","max-image-preview":"max-image-preview:large","max-video-preview":"max-video-preview:-1"},"canonical":"https:\/\/blogs.uninter.edu.mx\/difusioncultural\/?p=2603","og_locale":"es_MX","og_type":"article","og_title":"1 de Marazo Nacimiento de Fr\u00e9d\u00e9ric Chopin - Difusi\u00f3n Cultural","og_description":"Un d\u00eda como hoy Primero de Marzo pero de 1809 nace Fr\u00e9d\u00e9ric Chopin, compositor polaco, uno de los compositores m\u00e1s profundamente originales de la historia. Toc\u00f3 su primer concierto p\u00fablico a los 7 a\u00f1os, y ya publicaba como compositor a los 15 no de los compositores m\u00e1s profundamente originales de la historia, Fr\u00e9d\u00e9ric Chopin no&hellip;","og_url":"https:\/\/blogs.uninter.edu.mx\/difusioncultural\/?p=2603","og_site_name":"Difusi\u00f3n Cultural","article_published_time":"2014-03-01T02:56:17+00:00","og_image":[{"url":"https:\/\/blogs.uninter.edu.mx\/difusioncultural\/wp-content\/uploads\/2014\/03\/frc3a9dc3a9ric_chopin_daprc3a8s_un_portrait_de_p_schick_1873-1.jpg?w=222","type":"","width":"","height":""}],"author":"webmaster","twitter_card":"summary_large_image","twitter_misc":{"Escrito por":"webmaster","Tiempo de lectura":"2 minutos"},"schema":{"@context":"https:\/\/schema.org","@graph":[{"@type":"Article","@id":"https:\/\/blogs.uninter.edu.mx\/difusioncultural\/?p=2603#article","isPartOf":{"@id":"https:\/\/blogs.uninter.edu.mx\/difusioncultural\/?p=2603"},"author":{"name":"webmaster","@id":"https:\/\/blogs.uninter.edu.mx\/difusioncultural\/#\/schema\/person\/37a0926f4dd300a814993fd595abdc4a"},"headline":"1 de Marazo Nacimiento de Fr\u00e9d\u00e9ric Chopin","datePublished":"2014-03-01T02:56:17+00:00","mainEntityOfPage":{"@id":"https:\/\/blogs.uninter.edu.mx\/difusioncultural\/?p=2603"},"wordCount":486,"publisher":{"@id":"https:\/\/blogs.uninter.edu.mx\/difusioncultural\/#organization"},"image":{"@id":"https:\/\/blogs.uninter.edu.mx\/difusioncultural\/?p=2603#primaryimage"},"thumbnailUrl":"https:\/\/blogs.uninter.edu.mx\/difusioncultural\/wp-content\/uploads\/2014\/03\/frc3a9dc3a9ric_chopin_daprc3a8s_un_portrait_de_p_schick_1873-1.jpg?w=222","inLanguage":"es"},{"@type":"WebPage","@id":"https:\/\/blogs.uninter.edu.mx\/difusioncultural\/?p=2603","url":"https:\/\/blogs.uninter.edu.mx\/difusioncultural\/?p=2603","name":"1 de Marazo Nacimiento de Fr\u00e9d\u00e9ric Chopin - Difusi\u00f3n Cultural","isPartOf":{"@id":"https:\/\/blogs.uninter.edu.mx\/difusioncultural\/#website"},"primaryImageOfPage":{"@id":"https:\/\/blogs.uninter.edu.mx\/difusioncultural\/?p=2603#primaryimage"},"image":{"@id":"https:\/\/blogs.uninter.edu.mx\/difusioncultural\/?p=2603#primaryimage"},"thumbnailUrl":"https:\/\/blogs.uninter.edu.mx\/difusioncultural\/wp-content\/uploads\/2014\/03\/frc3a9dc3a9ric_chopin_daprc3a8s_un_portrait_de_p_schick_1873-1.jpg?w=222","datePublished":"2014-03-01T02:56:17+00:00","breadcrumb":{"@id":"https:\/\/blogs.uninter.edu.mx\/difusioncultural\/?p=2603#breadcrumb"},"inLanguage":"es","potentialAction":[{"@type":"ReadAction","target":["https:\/\/blogs.uninter.edu.mx\/difusioncultural\/?p=2603"]}]},{"@type":"ImageObject","inLanguage":"es","@id":"https:\/\/blogs.uninter.edu.mx\/difusioncultural\/?p=2603#primaryimage","url":"https:\/\/blogs.uninter.edu.mx\/difusioncultural\/wp-content\/uploads\/2014\/03\/frc3a9dc3a9ric_chopin_daprc3a8s_un_portrait_de_p_schick_1873-1.jpg?w=222","contentUrl":"https:\/\/blogs.uninter.edu.mx\/difusioncultural\/wp-content\/uploads\/2014\/03\/frc3a9dc3a9ric_chopin_daprc3a8s_un_portrait_de_p_schick_1873-1.jpg?w=222"},{"@type":"BreadcrumbList","@id":"https:\/\/blogs.uninter.edu.mx\/difusioncultural\/?p=2603#breadcrumb","itemListElement":[{"@type":"ListItem","position":1,"name":"Inicio","item":"https:\/\/blogs.uninter.edu.mx\/difusioncultural\/"},{"@type":"ListItem","position":2,"name":"1 de Marazo Nacimiento de Fr\u00e9d\u00e9ric Chopin"}]},{"@type":"WebSite","@id":"https:\/\/blogs.uninter.edu.mx\/difusioncultural\/#website","url":"https:\/\/blogs.uninter.edu.mx\/difusioncultural\/","name":"Difusi\u00f3n Cultural","description":"UNINTER","publisher":{"@id":"https:\/\/blogs.uninter.edu.mx\/difusioncultural\/#organization"},"potentialAction":[{"@type":"SearchAction","target":{"@type":"EntryPoint","urlTemplate":"https:\/\/blogs.uninter.edu.mx\/difusioncultural\/?s={search_term_string}"},"query-input":{"@type":"PropertyValueSpecification","valueRequired":true,"valueName":"search_term_string"}}],"inLanguage":"es"},{"@type":"Organization","@id":"https:\/\/blogs.uninter.edu.mx\/difusioncultural\/#organization","name":"Difusi\u00f3n Cultural","url":"https:\/\/blogs.uninter.edu.mx\/difusioncultural\/","logo":{"@type":"ImageObject","inLanguage":"es","@id":"https:\/\/blogs.uninter.edu.mx\/difusioncultural\/#\/schema\/logo\/image\/","url":"https:\/\/blogs.uninter.edu.mx\/difusioncultural\/wp-content\/uploads\/2022\/09\/uninter.jpg","contentUrl":"https:\/\/blogs.uninter.edu.mx\/difusioncultural\/wp-content\/uploads\/2022\/09\/uninter.jpg","width":2048,"height":2048,"caption":"Difusi\u00f3n Cultural"},"image":{"@id":"https:\/\/blogs.uninter.edu.mx\/difusioncultural\/#\/schema\/logo\/image\/"}},{"@type":"Person","@id":"https:\/\/blogs.uninter.edu.mx\/difusioncultural\/#\/schema\/person\/37a0926f4dd300a814993fd595abdc4a","name":"webmaster","image":{"@type":"ImageObject","inLanguage":"es","@id":"https:\/\/blogs.uninter.edu.mx\/difusioncultural\/#\/schema\/person\/image\/","url":"https:\/\/secure.gravatar.com\/avatar\/a59c276b01147463ef3aab4118e3137ebc5e1ad6700deb39ccdf8b89e517f7dc?s=96&d=mm&r=g","contentUrl":"https:\/\/secure.gravatar.com\/avatar\/a59c276b01147463ef3aab4118e3137ebc5e1ad6700deb39ccdf8b89e517f7dc?s=96&d=mm&r=g","caption":"webmaster"},"sameAs":["https:\/\/blogs.uninter.edu.mx\/difusioncultural"],"url":"https:\/\/blogs.uninter.edu.mx\/difusioncultural\/?author=1"}]}},"jetpack_publicize_connections":[],"jetpack_featured_media_url":"","jetpack_sharing_enabled":true,"_links":{"self":[{"href":"https:\/\/blogs.uninter.edu.mx\/difusioncultural\/index.php?rest_route=\/wp\/v2\/posts\/2603","targetHints":{"allow":["GET"]}}],"collection":[{"href":"https:\/\/blogs.uninter.edu.mx\/difusioncultural\/index.php?rest_route=\/wp\/v2\/posts"}],"about":[{"href":"https:\/\/blogs.uninter.edu.mx\/difusioncultural\/index.php?rest_route=\/wp\/v2\/types\/post"}],"author":[{"embeddable":true,"href":"https:\/\/blogs.uninter.edu.mx\/difusioncultural\/index.php?rest_route=\/wp\/v2\/users\/1"}],"replies":[{"embeddable":true,"href":"https:\/\/blogs.uninter.edu.mx\/difusioncultural\/index.php?rest_route=%2Fwp%2Fv2%2Fcomments&post=2603"}],"version-history":[{"count":0,"href":"https:\/\/blogs.uninter.edu.mx\/difusioncultural\/index.php?rest_route=\/wp\/v2\/posts\/2603\/revisions"}],"wp:attachment":[{"href":"https:\/\/blogs.uninter.edu.mx\/difusioncultural\/index.php?rest_route=%2Fwp%2Fv2%2Fmedia&parent=2603"}],"wp:term":[{"taxonomy":"category","embeddable":true,"href":"https:\/\/blogs.uninter.edu.mx\/difusioncultural\/index.php?rest_route=%2Fwp%2Fv2%2Fcategories&post=2603"},{"taxonomy":"post_tag","embeddable":true,"href":"https:\/\/blogs.uninter.edu.mx\/difusioncultural\/index.php?rest_route=%2Fwp%2Fv2%2Ftags&post=2603"}],"curies":[{"name":"wp","href":"https:\/\/api.w.org\/{rel}","templated":true}]}}