{"id":2634,"date":"2014-03-06T14:13:03","date_gmt":"2014-03-06T14:13:03","guid":{"rendered":"http:\/\/difusionculturaluninter.wordpress.com\/?p=2634"},"modified":"2014-03-06T14:13:03","modified_gmt":"2014-03-06T14:13:03","slug":"06-de-marzo-hoy-cumple-87-anos-gabriel-garcia-marquez","status":"publish","type":"post","link":"https:\/\/blogs.uninter.edu.mx\/difusioncultural\/?p=2634","title":{"rendered":"06 de marzo : Hoy cumple 87 a\u00f1os Gabriel Garc\u00eda M\u00e1rquez"},"content":{"rendered":"<p>Hoy cumple 87 a\u00f1os Gabriel Garc\u00eda M\u00e1rquez , es un escritor, novelista, cuentista, guionista y periodista colombiano, que 1982 recibi\u00f3 el Premio Nobel de Literatura. Est\u00e1 relacionado de manera inherente con el realismo m\u00e1gico y su obra m\u00e1s conocida, la novela Cien a\u00f1os de soledad, es considerada una de las m\u00e1s representativas de este g\u00e9nero literario, sin duda uno de los m\u00e1ximos escritores de estos a\u00f1os .<\/p>\n<p>El escritor colombiano Gabriel Garc\u00eda M\u00e1rquez celebra hoy su cumplea\u00f1os  n\u00famero 87 de muy buen humor en la intimidad de su casa en la capital mexicana.El nobel de literatura sali\u00f3 pasado el mediod\u00eda a la puerta de su residencia, ubicada en el sur de Ciudad de M\u00e9xico, a saludar a m\u00e1s de una decena de periodistas y fot\u00f3grafos que desde temprano hac\u00edan guardia para ver al autor de &#8220;Cien a\u00f1os de soledad&#8221;. <\/p>\n<p>Un sonriente Gabo (Aracataca, 1927), ataviado con un traje gris oxford y camisa azul claro, escuch\u00f3 las tradicionales &#8220;Ma\u00f1anitas&#8221; mientras sosten\u00eda un ramo de rosas amarillas, su color favorito. <\/p>\n<p>El escritor, quien estaba acompa\u00f1ado por su secretaria y una amiga de la familia, se sum\u00f3 al grupo de periodistas que le cantaban y les aplaudi\u00f3 al finalizar la canci\u00f3n dedicada a los cumplea\u00f1eros en M\u00e9xico. <\/p>\n<p>No hubo declaraciones de Gabo, pero su secretaria reparti\u00f3 en agradecimiento mariposas amarillas de papel china entre los periodistas y una admiradora que lleg\u00f3 hasta la casa del escritor para pedirle un aut\u00f3grafo. <\/p>\n<p>Garc\u00eda M\u00e1rquez no tiene programado hacer nada especial hoy, dado que sus familiares y amigos m\u00e1s cercanos le festejaron su cumplea\u00f1os en una comida celebrada dos d\u00edas atr\u00e1s.<\/p>\n<p><a href=\"https:\/\/blogs.uninter.edu.mx\/difusioncultural\/wp-content\/uploads\/2014\/03\/293258_446925585347319_1331336228_n_thumb.jpg\"><img fetchpriority=\"high\" decoding=\"async\" src=\"https:\/\/blogs.uninter.edu.mx\/difusioncultural\/wp-content\/uploads\/2014\/03\/293258_446925585347319_1331336228_n_thumb.jpg?w=300\" alt=\"293258_446925585347319_1331336228_n_thumb\" width=\"300\" height=\"281\" class=\"alignnone size-medium wp-image-2635\" \/><\/a> <\/p>\n<p>Desde temprano Gabo recibi\u00f3 de sus amigos varios ramos de flores, principalmente rosas amarillas y orqu\u00eddeas, as\u00ed como un pastel. <\/p>\n<p>El autor de &#8220;El amor en los tiempos del c\u00f3lera&#8221; lleg\u00f3 a M\u00e9xico en 1961 y hoy vive en el exclusivo barrio de Jardines del Pedregal junto a su mujer, Mercedes Barcha, y asiste a pocas actividades culturales o sociales. <\/p>\n","protected":false},"excerpt":{"rendered":"<p>Hoy cumple 87 a\u00f1os Gabriel Garc\u00eda M\u00e1rquez , es un escritor, novelista, cuentista, guionista y periodista colombiano, que 1982 recibi\u00f3 el Premio Nobel de Literatura. Est\u00e1 relacionado de manera inherente con el realismo m\u00e1gico y su obra m\u00e1s conocida, la novela Cien a\u00f1os de soledad, es considerada una de las m\u00e1s representativas de este g\u00e9nero&hellip;<\/p>\n","protected":false},"author":1,"featured_media":0,"comment_status":"closed","ping_status":"open","sticky":false,"template":"","format":"standard","meta":{"_jetpack_memberships_contains_paid_content":false,"footnotes":"","jetpack_publicize_message":"","jetpack_publicize_feature_enabled":true,"jetpack_social_post_already_shared":false,"jetpack_social_options":{"image_generator_settings":{"template":"highway","default_image_id":0,"font":"","enabled":false},"version":2}},"categories":[1],"tags":[],"class_list":["post-2634","post","type-post","status-publish","format-standard","hentry","category-sin-categoria"],"yoast_head":"<!-- This site is optimized with the Yoast SEO plugin v26.3 - https:\/\/yoast.com\/wordpress\/plugins\/seo\/ -->\r\n<title>06 de marzo : Hoy cumple 87 a\u00f1os Gabriel Garc\u00eda M\u00e1rquez - Difusi\u00f3n Cultural<\/title>\r\n<meta name=\"robots\" content=\"index, follow, max-snippet:-1, max-image-preview:large, max-video-preview:-1\" \/>\r\n<link rel=\"canonical\" href=\"https:\/\/blogs.uninter.edu.mx\/difusioncultural\/?p=2634\" \/>\r\n<meta property=\"og:locale\" content=\"es_MX\" \/>\r\n<meta property=\"og:type\" content=\"article\" \/>\r\n<meta property=\"og:title\" content=\"06 de marzo : Hoy cumple 87 a\u00f1os Gabriel Garc\u00eda M\u00e1rquez - Difusi\u00f3n Cultural\" \/>\r\n<meta property=\"og:description\" content=\"Hoy cumple 87 a\u00f1os Gabriel Garc\u00eda M\u00e1rquez , es un escritor, novelista, cuentista, guionista y periodista colombiano, que 1982 recibi\u00f3 el Premio Nobel de Literatura. Est\u00e1 relacionado de manera inherente con el realismo m\u00e1gico y su obra m\u00e1s conocida, la novela Cien a\u00f1os de soledad, es considerada una de las m\u00e1s representativas de este g\u00e9nero&hellip;\" \/>\r\n<meta property=\"og:url\" content=\"https:\/\/blogs.uninter.edu.mx\/difusioncultural\/?p=2634\" \/>\r\n<meta property=\"og:site_name\" content=\"Difusi\u00f3n Cultural\" \/>\r\n<meta property=\"article:published_time\" content=\"2014-03-06T14:13:03+00:00\" \/>\r\n<meta property=\"og:image\" content=\"https:\/\/blogs.uninter.edu.mx\/difusioncultural\/wp-content\/uploads\/2014\/03\/293258_446925585347319_1331336228_n_thumb.jpg?w=300\" \/>\r\n<meta name=\"author\" content=\"webmaster\" \/>\r\n<meta name=\"twitter:card\" content=\"summary_large_image\" \/>\r\n<meta name=\"twitter:label1\" content=\"Escrito por\" \/>\n\t<meta name=\"twitter:data1\" content=\"webmaster\" \/>\n\t<meta name=\"twitter:label2\" content=\"Tiempo de lectura\" \/>\n\t<meta name=\"twitter:data2\" content=\"2 minutos\" \/>\r\n<script type=\"application\/ld+json\" class=\"yoast-schema-graph\">{\"@context\":\"https:\/\/schema.org\",\"@graph\":[{\"@type\":\"Article\",\"@id\":\"https:\/\/blogs.uninter.edu.mx\/difusioncultural\/?p=2634#article\",\"isPartOf\":{\"@id\":\"https:\/\/blogs.uninter.edu.mx\/difusioncultural\/?p=2634\"},\"author\":{\"name\":\"webmaster\",\"@id\":\"https:\/\/blogs.uninter.edu.mx\/difusioncultural\/#\/schema\/person\/37a0926f4dd300a814993fd595abdc4a\"},\"headline\":\"06 de marzo : Hoy cumple 87 a\u00f1os Gabriel Garc\u00eda M\u00e1rquez\",\"datePublished\":\"2014-03-06T14:13:03+00:00\",\"mainEntityOfPage\":{\"@id\":\"https:\/\/blogs.uninter.edu.mx\/difusioncultural\/?p=2634\"},\"wordCount\":366,\"publisher\":{\"@id\":\"https:\/\/blogs.uninter.edu.mx\/difusioncultural\/#organization\"},\"image\":{\"@id\":\"https:\/\/blogs.uninter.edu.mx\/difusioncultural\/?p=2634#primaryimage\"},\"thumbnailUrl\":\"https:\/\/blogs.uninter.edu.mx\/difusioncultural\/wp-content\/uploads\/2014\/03\/293258_446925585347319_1331336228_n_thumb.jpg?w=300\",\"inLanguage\":\"es\"},{\"@type\":\"WebPage\",\"@id\":\"https:\/\/blogs.uninter.edu.mx\/difusioncultural\/?p=2634\",\"url\":\"https:\/\/blogs.uninter.edu.mx\/difusioncultural\/?p=2634\",\"name\":\"06 de marzo : Hoy cumple 87 a\u00f1os Gabriel Garc\u00eda M\u00e1rquez - Difusi\u00f3n Cultural\",\"isPartOf\":{\"@id\":\"https:\/\/blogs.uninter.edu.mx\/difusioncultural\/#website\"},\"primaryImageOfPage\":{\"@id\":\"https:\/\/blogs.uninter.edu.mx\/difusioncultural\/?p=2634#primaryimage\"},\"image\":{\"@id\":\"https:\/\/blogs.uninter.edu.mx\/difusioncultural\/?p=2634#primaryimage\"},\"thumbnailUrl\":\"https:\/\/blogs.uninter.edu.mx\/difusioncultural\/wp-content\/uploads\/2014\/03\/293258_446925585347319_1331336228_n_thumb.jpg?w=300\",\"datePublished\":\"2014-03-06T14:13:03+00:00\",\"breadcrumb\":{\"@id\":\"https:\/\/blogs.uninter.edu.mx\/difusioncultural\/?p=2634#breadcrumb\"},\"inLanguage\":\"es\",\"potentialAction\":[{\"@type\":\"ReadAction\",\"target\":[\"https:\/\/blogs.uninter.edu.mx\/difusioncultural\/?p=2634\"]}]},{\"@type\":\"ImageObject\",\"inLanguage\":\"es\",\"@id\":\"https:\/\/blogs.uninter.edu.mx\/difusioncultural\/?p=2634#primaryimage\",\"url\":\"https:\/\/blogs.uninter.edu.mx\/difusioncultural\/wp-content\/uploads\/2014\/03\/293258_446925585347319_1331336228_n_thumb.jpg?w=300\",\"contentUrl\":\"https:\/\/blogs.uninter.edu.mx\/difusioncultural\/wp-content\/uploads\/2014\/03\/293258_446925585347319_1331336228_n_thumb.jpg?w=300\"},{\"@type\":\"BreadcrumbList\",\"@id\":\"https:\/\/blogs.uninter.edu.mx\/difusioncultural\/?p=2634#breadcrumb\",\"itemListElement\":[{\"@type\":\"ListItem\",\"position\":1,\"name\":\"Inicio\",\"item\":\"https:\/\/blogs.uninter.edu.mx\/difusioncultural\/\"},{\"@type\":\"ListItem\",\"position\":2,\"name\":\"06 de marzo : Hoy cumple 87 a\u00f1os Gabriel Garc\u00eda M\u00e1rquez\"}]},{\"@type\":\"WebSite\",\"@id\":\"https:\/\/blogs.uninter.edu.mx\/difusioncultural\/#website\",\"url\":\"https:\/\/blogs.uninter.edu.mx\/difusioncultural\/\",\"name\":\"Difusi\u00f3n Cultural\",\"description\":\"UNINTER\",\"publisher\":{\"@id\":\"https:\/\/blogs.uninter.edu.mx\/difusioncultural\/#organization\"},\"potentialAction\":[{\"@type\":\"SearchAction\",\"target\":{\"@type\":\"EntryPoint\",\"urlTemplate\":\"https:\/\/blogs.uninter.edu.mx\/difusioncultural\/?s={search_term_string}\"},\"query-input\":{\"@type\":\"PropertyValueSpecification\",\"valueRequired\":true,\"valueName\":\"search_term_string\"}}],\"inLanguage\":\"es\"},{\"@type\":\"Organization\",\"@id\":\"https:\/\/blogs.uninter.edu.mx\/difusioncultural\/#organization\",\"name\":\"Difusi\u00f3n Cultural\",\"url\":\"https:\/\/blogs.uninter.edu.mx\/difusioncultural\/\",\"logo\":{\"@type\":\"ImageObject\",\"inLanguage\":\"es\",\"@id\":\"https:\/\/blogs.uninter.edu.mx\/difusioncultural\/#\/schema\/logo\/image\/\",\"url\":\"https:\/\/blogs.uninter.edu.mx\/difusioncultural\/wp-content\/uploads\/2022\/09\/uninter.jpg\",\"contentUrl\":\"https:\/\/blogs.uninter.edu.mx\/difusioncultural\/wp-content\/uploads\/2022\/09\/uninter.jpg\",\"width\":2048,\"height\":2048,\"caption\":\"Difusi\u00f3n Cultural\"},\"image\":{\"@id\":\"https:\/\/blogs.uninter.edu.mx\/difusioncultural\/#\/schema\/logo\/image\/\"}},{\"@type\":\"Person\",\"@id\":\"https:\/\/blogs.uninter.edu.mx\/difusioncultural\/#\/schema\/person\/37a0926f4dd300a814993fd595abdc4a\",\"name\":\"webmaster\",\"image\":{\"@type\":\"ImageObject\",\"inLanguage\":\"es\",\"@id\":\"https:\/\/blogs.uninter.edu.mx\/difusioncultural\/#\/schema\/person\/image\/\",\"url\":\"https:\/\/secure.gravatar.com\/avatar\/a59c276b01147463ef3aab4118e3137ebc5e1ad6700deb39ccdf8b89e517f7dc?s=96&d=mm&r=g\",\"contentUrl\":\"https:\/\/secure.gravatar.com\/avatar\/a59c276b01147463ef3aab4118e3137ebc5e1ad6700deb39ccdf8b89e517f7dc?s=96&d=mm&r=g\",\"caption\":\"webmaster\"},\"sameAs\":[\"https:\/\/blogs.uninter.edu.mx\/difusioncultural\"],\"url\":\"https:\/\/blogs.uninter.edu.mx\/difusioncultural\/?author=1\"}]}<\/script>\r\n<!-- \/ Yoast SEO plugin. -->","yoast_head_json":{"title":"06 de marzo : Hoy cumple 87 a\u00f1os Gabriel Garc\u00eda M\u00e1rquez - Difusi\u00f3n Cultural","robots":{"index":"index","follow":"follow","max-snippet":"max-snippet:-1","max-image-preview":"max-image-preview:large","max-video-preview":"max-video-preview:-1"},"canonical":"https:\/\/blogs.uninter.edu.mx\/difusioncultural\/?p=2634","og_locale":"es_MX","og_type":"article","og_title":"06 de marzo : Hoy cumple 87 a\u00f1os Gabriel Garc\u00eda M\u00e1rquez - Difusi\u00f3n Cultural","og_description":"Hoy cumple 87 a\u00f1os Gabriel Garc\u00eda M\u00e1rquez , es un escritor, novelista, cuentista, guionista y periodista colombiano, que 1982 recibi\u00f3 el Premio Nobel de Literatura. Est\u00e1 relacionado de manera inherente con el realismo m\u00e1gico y su obra m\u00e1s conocida, la novela Cien a\u00f1os de soledad, es considerada una de las m\u00e1s representativas de este g\u00e9nero&hellip;","og_url":"https:\/\/blogs.uninter.edu.mx\/difusioncultural\/?p=2634","og_site_name":"Difusi\u00f3n Cultural","article_published_time":"2014-03-06T14:13:03+00:00","og_image":[{"url":"https:\/\/blogs.uninter.edu.mx\/difusioncultural\/wp-content\/uploads\/2014\/03\/293258_446925585347319_1331336228_n_thumb.jpg?w=300","type":"","width":"","height":""}],"author":"webmaster","twitter_card":"summary_large_image","twitter_misc":{"Escrito por":"webmaster","Tiempo de lectura":"2 minutos"},"schema":{"@context":"https:\/\/schema.org","@graph":[{"@type":"Article","@id":"https:\/\/blogs.uninter.edu.mx\/difusioncultural\/?p=2634#article","isPartOf":{"@id":"https:\/\/blogs.uninter.edu.mx\/difusioncultural\/?p=2634"},"author":{"name":"webmaster","@id":"https:\/\/blogs.uninter.edu.mx\/difusioncultural\/#\/schema\/person\/37a0926f4dd300a814993fd595abdc4a"},"headline":"06 de marzo : Hoy cumple 87 a\u00f1os Gabriel Garc\u00eda M\u00e1rquez","datePublished":"2014-03-06T14:13:03+00:00","mainEntityOfPage":{"@id":"https:\/\/blogs.uninter.edu.mx\/difusioncultural\/?p=2634"},"wordCount":366,"publisher":{"@id":"https:\/\/blogs.uninter.edu.mx\/difusioncultural\/#organization"},"image":{"@id":"https:\/\/blogs.uninter.edu.mx\/difusioncultural\/?p=2634#primaryimage"},"thumbnailUrl":"https:\/\/blogs.uninter.edu.mx\/difusioncultural\/wp-content\/uploads\/2014\/03\/293258_446925585347319_1331336228_n_thumb.jpg?w=300","inLanguage":"es"},{"@type":"WebPage","@id":"https:\/\/blogs.uninter.edu.mx\/difusioncultural\/?p=2634","url":"https:\/\/blogs.uninter.edu.mx\/difusioncultural\/?p=2634","name":"06 de marzo : Hoy cumple 87 a\u00f1os Gabriel Garc\u00eda M\u00e1rquez - Difusi\u00f3n Cultural","isPartOf":{"@id":"https:\/\/blogs.uninter.edu.mx\/difusioncultural\/#website"},"primaryImageOfPage":{"@id":"https:\/\/blogs.uninter.edu.mx\/difusioncultural\/?p=2634#primaryimage"},"image":{"@id":"https:\/\/blogs.uninter.edu.mx\/difusioncultural\/?p=2634#primaryimage"},"thumbnailUrl":"https:\/\/blogs.uninter.edu.mx\/difusioncultural\/wp-content\/uploads\/2014\/03\/293258_446925585347319_1331336228_n_thumb.jpg?w=300","datePublished":"2014-03-06T14:13:03+00:00","breadcrumb":{"@id":"https:\/\/blogs.uninter.edu.mx\/difusioncultural\/?p=2634#breadcrumb"},"inLanguage":"es","potentialAction":[{"@type":"ReadAction","target":["https:\/\/blogs.uninter.edu.mx\/difusioncultural\/?p=2634"]}]},{"@type":"ImageObject","inLanguage":"es","@id":"https:\/\/blogs.uninter.edu.mx\/difusioncultural\/?p=2634#primaryimage","url":"https:\/\/blogs.uninter.edu.mx\/difusioncultural\/wp-content\/uploads\/2014\/03\/293258_446925585347319_1331336228_n_thumb.jpg?w=300","contentUrl":"https:\/\/blogs.uninter.edu.mx\/difusioncultural\/wp-content\/uploads\/2014\/03\/293258_446925585347319_1331336228_n_thumb.jpg?w=300"},{"@type":"BreadcrumbList","@id":"https:\/\/blogs.uninter.edu.mx\/difusioncultural\/?p=2634#breadcrumb","itemListElement":[{"@type":"ListItem","position":1,"name":"Inicio","item":"https:\/\/blogs.uninter.edu.mx\/difusioncultural\/"},{"@type":"ListItem","position":2,"name":"06 de marzo : Hoy cumple 87 a\u00f1os Gabriel Garc\u00eda M\u00e1rquez"}]},{"@type":"WebSite","@id":"https:\/\/blogs.uninter.edu.mx\/difusioncultural\/#website","url":"https:\/\/blogs.uninter.edu.mx\/difusioncultural\/","name":"Difusi\u00f3n Cultural","description":"UNINTER","publisher":{"@id":"https:\/\/blogs.uninter.edu.mx\/difusioncultural\/#organization"},"potentialAction":[{"@type":"SearchAction","target":{"@type":"EntryPoint","urlTemplate":"https:\/\/blogs.uninter.edu.mx\/difusioncultural\/?s={search_term_string}"},"query-input":{"@type":"PropertyValueSpecification","valueRequired":true,"valueName":"search_term_string"}}],"inLanguage":"es"},{"@type":"Organization","@id":"https:\/\/blogs.uninter.edu.mx\/difusioncultural\/#organization","name":"Difusi\u00f3n Cultural","url":"https:\/\/blogs.uninter.edu.mx\/difusioncultural\/","logo":{"@type":"ImageObject","inLanguage":"es","@id":"https:\/\/blogs.uninter.edu.mx\/difusioncultural\/#\/schema\/logo\/image\/","url":"https:\/\/blogs.uninter.edu.mx\/difusioncultural\/wp-content\/uploads\/2022\/09\/uninter.jpg","contentUrl":"https:\/\/blogs.uninter.edu.mx\/difusioncultural\/wp-content\/uploads\/2022\/09\/uninter.jpg","width":2048,"height":2048,"caption":"Difusi\u00f3n Cultural"},"image":{"@id":"https:\/\/blogs.uninter.edu.mx\/difusioncultural\/#\/schema\/logo\/image\/"}},{"@type":"Person","@id":"https:\/\/blogs.uninter.edu.mx\/difusioncultural\/#\/schema\/person\/37a0926f4dd300a814993fd595abdc4a","name":"webmaster","image":{"@type":"ImageObject","inLanguage":"es","@id":"https:\/\/blogs.uninter.edu.mx\/difusioncultural\/#\/schema\/person\/image\/","url":"https:\/\/secure.gravatar.com\/avatar\/a59c276b01147463ef3aab4118e3137ebc5e1ad6700deb39ccdf8b89e517f7dc?s=96&d=mm&r=g","contentUrl":"https:\/\/secure.gravatar.com\/avatar\/a59c276b01147463ef3aab4118e3137ebc5e1ad6700deb39ccdf8b89e517f7dc?s=96&d=mm&r=g","caption":"webmaster"},"sameAs":["https:\/\/blogs.uninter.edu.mx\/difusioncultural"],"url":"https:\/\/blogs.uninter.edu.mx\/difusioncultural\/?author=1"}]}},"jetpack_publicize_connections":[],"jetpack_featured_media_url":"","jetpack_sharing_enabled":true,"_links":{"self":[{"href":"https:\/\/blogs.uninter.edu.mx\/difusioncultural\/index.php?rest_route=\/wp\/v2\/posts\/2634","targetHints":{"allow":["GET"]}}],"collection":[{"href":"https:\/\/blogs.uninter.edu.mx\/difusioncultural\/index.php?rest_route=\/wp\/v2\/posts"}],"about":[{"href":"https:\/\/blogs.uninter.edu.mx\/difusioncultural\/index.php?rest_route=\/wp\/v2\/types\/post"}],"author":[{"embeddable":true,"href":"https:\/\/blogs.uninter.edu.mx\/difusioncultural\/index.php?rest_route=\/wp\/v2\/users\/1"}],"replies":[{"embeddable":true,"href":"https:\/\/blogs.uninter.edu.mx\/difusioncultural\/index.php?rest_route=%2Fwp%2Fv2%2Fcomments&post=2634"}],"version-history":[{"count":0,"href":"https:\/\/blogs.uninter.edu.mx\/difusioncultural\/index.php?rest_route=\/wp\/v2\/posts\/2634\/revisions"}],"wp:attachment":[{"href":"https:\/\/blogs.uninter.edu.mx\/difusioncultural\/index.php?rest_route=%2Fwp%2Fv2%2Fmedia&parent=2634"}],"wp:term":[{"taxonomy":"category","embeddable":true,"href":"https:\/\/blogs.uninter.edu.mx\/difusioncultural\/index.php?rest_route=%2Fwp%2Fv2%2Fcategories&post=2634"},{"taxonomy":"post_tag","embeddable":true,"href":"https:\/\/blogs.uninter.edu.mx\/difusioncultural\/index.php?rest_route=%2Fwp%2Fv2%2Ftags&post=2634"}],"curies":[{"name":"wp","href":"https:\/\/api.w.org\/{rel}","templated":true}]}}