{"id":2664,"date":"2014-03-18T05:41:48","date_gmt":"2014-03-18T05:41:48","guid":{"rendered":"http:\/\/difusionculturaluninter.wordpress.com\/?p=2664"},"modified":"2014-03-18T05:41:48","modified_gmt":"2014-03-18T05:41:48","slug":"hoy-se-celebra-el-76-aniversario-de-la-expropiacion-petrolera","status":"publish","type":"post","link":"https:\/\/blogs.uninter.edu.mx\/difusioncultural\/?p=2664","title":{"rendered":"Hoy se celebra el 76 Aniversario de la Expropiaci\u00f3n Petrolera"},"content":{"rendered":"<p><a href=\"http:\/\/difusionculturaluninter.files.wordpress.com\/2013\/03\/180313313ed4936med-1.jpg\"><img fetchpriority=\"high\" decoding=\"async\" class=\"aligncenter size-full wp-image-1546\" alt=\"180313313ed4936med (1)\" src=\"http:\/\/difusionculturaluninter.files.wordpress.com\/2013\/03\/180313313ed4936med-1.jpg\" width=\"418\" height=\"259\" \/><\/a><a href=\"http:\/\/difusionculturaluninter.files.wordpress.com\/2013\/03\/180313313ed4936med-1.jpg\"><img fetchpriority=\"high\" decoding=\"async\" class=\"aligncenter size-full wp-image-1546\" alt=\"180313313ed4936med (1)\" src=\"http:\/\/difusionculturaluninter.files.wordpress.com\/2013\/03\/180313313ed4936med-1.jpg\" width=\"418\" height=\"259\" \/><\/a><a href=\"http:\/\/difusionculturaluninter.files.wordpress.com\/2013\/03\/180313313ed4936med-1.jpg\"><img fetchpriority=\"high\" decoding=\"async\" class=\"aligncenter size-full wp-image-1546\" alt=\"180313313ed4936med (1)\" src=\"http:\/\/difusionculturaluninter.files.wordpress.com\/2013\/03\/180313313ed4936med-1.jpg\" width=\"418\" height=\"259\" \/><\/a>Un d\u00eda Viernes 18 de Marzo de 1938, se realiz\u00f3 un acontecimiento que marcar\u00eda la historia de M\u00e9xico, el presidente entonces en el poder L\u00e1zaro C\u00e1rdenas se present\u00f3 para anunciar ante los medios de comunicaci\u00f3n M\u00e9xico hab\u00eda logrado la Expropiaci\u00f3n Petrolera .<\/p>\n<p> \u00c9sta consisti\u00f3 en la apropiaci\u00f3n legal del petr\u00f3leo que explotaban 17 compa\u00f1\u00edas extranjeras para convertirse en propiedad de los mexicanos, entre ellas figuraban Mexican Petroleum Company of California, Compa\u00f1\u00eda Mexicana de Petr\u00f3leo \u201cEl Anguila\u201d y la Compa\u00f1\u00eda Exploradora de Petr\u00f3leo la Imperial SA, que hoy forman las m\u00e1s grandes corporaciones internacionales de comercializaci\u00f3n de \u201coro negro\u201dLa pol\u00edtica de apoyo a la organizaci\u00f3n de los obreros y la fundaci\u00f3n de Petromex (hoy conocido como Pemex)<\/p>\n<p> Este es un buen d\u00eda para recordar el momento en el que el Presidente L\u00e1zaro C\u00e1rdenas termin\u00f3 por escribir su nombre en la historia como alguien que sembr\u00f3 para el futuro y supo atender el papel que le tocaba jugar como modernizador el pa\u00eds.<\/p>\n","protected":false},"excerpt":{"rendered":"<p>Un d\u00eda Viernes 18 de Marzo de 1938, se realiz\u00f3 un acontecimiento que marcar\u00eda la historia de M\u00e9xico, el presidente entonces en el poder L\u00e1zaro C\u00e1rdenas se present\u00f3 para anunciar ante los medios de comunicaci\u00f3n M\u00e9xico hab\u00eda logrado la Expropiaci\u00f3n Petrolera . \u00c9sta consisti\u00f3 en la apropiaci\u00f3n legal del petr\u00f3leo que explotaban 17 compa\u00f1\u00edas extranjeras&hellip;<\/p>\n","protected":false},"author":1,"featured_media":0,"comment_status":"closed","ping_status":"open","sticky":false,"template":"","format":"standard","meta":{"_jetpack_memberships_contains_paid_content":false,"footnotes":"","jetpack_publicize_message":"","jetpack_publicize_feature_enabled":true,"jetpack_social_post_already_shared":false,"jetpack_social_options":{"image_generator_settings":{"template":"highway","default_image_id":0,"font":"","enabled":false},"version":2}},"categories":[1],"tags":[],"class_list":["post-2664","post","type-post","status-publish","format-standard","hentry","category-sin-categoria"],"yoast_head":"<!-- This site is optimized with the Yoast SEO plugin v26.3 - https:\/\/yoast.com\/wordpress\/plugins\/seo\/ -->\r\n<title>Hoy se celebra el 76 Aniversario de la Expropiaci\u00f3n Petrolera - Difusi\u00f3n Cultural<\/title>\r\n<meta name=\"robots\" content=\"index, follow, max-snippet:-1, max-image-preview:large, max-video-preview:-1\" \/>\r\n<link rel=\"canonical\" href=\"https:\/\/blogs.uninter.edu.mx\/difusioncultural\/?p=2664\" \/>\r\n<meta property=\"og:locale\" content=\"es_MX\" \/>\r\n<meta property=\"og:type\" content=\"article\" \/>\r\n<meta property=\"og:title\" content=\"Hoy se celebra el 76 Aniversario de la Expropiaci\u00f3n Petrolera - Difusi\u00f3n Cultural\" \/>\r\n<meta property=\"og:description\" content=\"Un d\u00eda Viernes 18 de Marzo de 1938, se realiz\u00f3 un acontecimiento que marcar\u00eda la historia de M\u00e9xico, el presidente entonces en el poder L\u00e1zaro C\u00e1rdenas se present\u00f3 para anunciar ante los medios de comunicaci\u00f3n M\u00e9xico hab\u00eda logrado la Expropiaci\u00f3n Petrolera . \u00c9sta consisti\u00f3 en la apropiaci\u00f3n legal del petr\u00f3leo que explotaban 17 compa\u00f1\u00edas extranjeras&hellip;\" \/>\r\n<meta property=\"og:url\" content=\"https:\/\/blogs.uninter.edu.mx\/difusioncultural\/?p=2664\" \/>\r\n<meta property=\"og:site_name\" content=\"Difusi\u00f3n Cultural\" \/>\r\n<meta property=\"article:published_time\" content=\"2014-03-18T05:41:48+00:00\" \/>\r\n<meta property=\"og:image\" content=\"http:\/\/difusionculturaluninter.files.wordpress.com\/2013\/03\/180313313ed4936med-1.jpg\" \/>\r\n<meta name=\"author\" content=\"webmaster\" \/>\r\n<meta name=\"twitter:card\" content=\"summary_large_image\" \/>\r\n<meta name=\"twitter:label1\" content=\"Escrito por\" \/>\n\t<meta name=\"twitter:data1\" content=\"webmaster\" \/>\n\t<meta name=\"twitter:label2\" content=\"Tiempo de lectura\" \/>\n\t<meta name=\"twitter:data2\" content=\"1 minuto\" \/>\r\n<script type=\"application\/ld+json\" class=\"yoast-schema-graph\">{\"@context\":\"https:\/\/schema.org\",\"@graph\":[{\"@type\":\"Article\",\"@id\":\"https:\/\/blogs.uninter.edu.mx\/difusioncultural\/?p=2664#article\",\"isPartOf\":{\"@id\":\"https:\/\/blogs.uninter.edu.mx\/difusioncultural\/?p=2664\"},\"author\":{\"name\":\"webmaster\",\"@id\":\"https:\/\/blogs.uninter.edu.mx\/difusioncultural\/#\/schema\/person\/37a0926f4dd300a814993fd595abdc4a\"},\"headline\":\"Hoy se celebra el 76 Aniversario de la Expropiaci\u00f3n Petrolera\",\"datePublished\":\"2014-03-18T05:41:48+00:00\",\"mainEntityOfPage\":{\"@id\":\"https:\/\/blogs.uninter.edu.mx\/difusioncultural\/?p=2664\"},\"wordCount\":192,\"publisher\":{\"@id\":\"https:\/\/blogs.uninter.edu.mx\/difusioncultural\/#organization\"},\"image\":{\"@id\":\"https:\/\/blogs.uninter.edu.mx\/difusioncultural\/?p=2664#primaryimage\"},\"thumbnailUrl\":\"http:\/\/difusionculturaluninter.files.wordpress.com\/2013\/03\/180313313ed4936med-1.jpg\",\"inLanguage\":\"es\"},{\"@type\":\"WebPage\",\"@id\":\"https:\/\/blogs.uninter.edu.mx\/difusioncultural\/?p=2664\",\"url\":\"https:\/\/blogs.uninter.edu.mx\/difusioncultural\/?p=2664\",\"name\":\"Hoy se celebra el 76 Aniversario de la Expropiaci\u00f3n Petrolera - Difusi\u00f3n Cultural\",\"isPartOf\":{\"@id\":\"https:\/\/blogs.uninter.edu.mx\/difusioncultural\/#website\"},\"primaryImageOfPage\":{\"@id\":\"https:\/\/blogs.uninter.edu.mx\/difusioncultural\/?p=2664#primaryimage\"},\"image\":{\"@id\":\"https:\/\/blogs.uninter.edu.mx\/difusioncultural\/?p=2664#primaryimage\"},\"thumbnailUrl\":\"http:\/\/difusionculturaluninter.files.wordpress.com\/2013\/03\/180313313ed4936med-1.jpg\",\"datePublished\":\"2014-03-18T05:41:48+00:00\",\"breadcrumb\":{\"@id\":\"https:\/\/blogs.uninter.edu.mx\/difusioncultural\/?p=2664#breadcrumb\"},\"inLanguage\":\"es\",\"potentialAction\":[{\"@type\":\"ReadAction\",\"target\":[\"https:\/\/blogs.uninter.edu.mx\/difusioncultural\/?p=2664\"]}]},{\"@type\":\"ImageObject\",\"inLanguage\":\"es\",\"@id\":\"https:\/\/blogs.uninter.edu.mx\/difusioncultural\/?p=2664#primaryimage\",\"url\":\"http:\/\/difusionculturaluninter.files.wordpress.com\/2013\/03\/180313313ed4936med-1.jpg\",\"contentUrl\":\"http:\/\/difusionculturaluninter.files.wordpress.com\/2013\/03\/180313313ed4936med-1.jpg\"},{\"@type\":\"BreadcrumbList\",\"@id\":\"https:\/\/blogs.uninter.edu.mx\/difusioncultural\/?p=2664#breadcrumb\",\"itemListElement\":[{\"@type\":\"ListItem\",\"position\":1,\"name\":\"Inicio\",\"item\":\"https:\/\/blogs.uninter.edu.mx\/difusioncultural\/\"},{\"@type\":\"ListItem\",\"position\":2,\"name\":\"Hoy se celebra el 76 Aniversario de la Expropiaci\u00f3n Petrolera\"}]},{\"@type\":\"WebSite\",\"@id\":\"https:\/\/blogs.uninter.edu.mx\/difusioncultural\/#website\",\"url\":\"https:\/\/blogs.uninter.edu.mx\/difusioncultural\/\",\"name\":\"Difusi\u00f3n Cultural\",\"description\":\"UNINTER\",\"publisher\":{\"@id\":\"https:\/\/blogs.uninter.edu.mx\/difusioncultural\/#organization\"},\"potentialAction\":[{\"@type\":\"SearchAction\",\"target\":{\"@type\":\"EntryPoint\",\"urlTemplate\":\"https:\/\/blogs.uninter.edu.mx\/difusioncultural\/?s={search_term_string}\"},\"query-input\":{\"@type\":\"PropertyValueSpecification\",\"valueRequired\":true,\"valueName\":\"search_term_string\"}}],\"inLanguage\":\"es\"},{\"@type\":\"Organization\",\"@id\":\"https:\/\/blogs.uninter.edu.mx\/difusioncultural\/#organization\",\"name\":\"Difusi\u00f3n Cultural\",\"url\":\"https:\/\/blogs.uninter.edu.mx\/difusioncultural\/\",\"logo\":{\"@type\":\"ImageObject\",\"inLanguage\":\"es\",\"@id\":\"https:\/\/blogs.uninter.edu.mx\/difusioncultural\/#\/schema\/logo\/image\/\",\"url\":\"https:\/\/blogs.uninter.edu.mx\/difusioncultural\/wp-content\/uploads\/2022\/09\/uninter.jpg\",\"contentUrl\":\"https:\/\/blogs.uninter.edu.mx\/difusioncultural\/wp-content\/uploads\/2022\/09\/uninter.jpg\",\"width\":2048,\"height\":2048,\"caption\":\"Difusi\u00f3n Cultural\"},\"image\":{\"@id\":\"https:\/\/blogs.uninter.edu.mx\/difusioncultural\/#\/schema\/logo\/image\/\"}},{\"@type\":\"Person\",\"@id\":\"https:\/\/blogs.uninter.edu.mx\/difusioncultural\/#\/schema\/person\/37a0926f4dd300a814993fd595abdc4a\",\"name\":\"webmaster\",\"image\":{\"@type\":\"ImageObject\",\"inLanguage\":\"es\",\"@id\":\"https:\/\/blogs.uninter.edu.mx\/difusioncultural\/#\/schema\/person\/image\/\",\"url\":\"https:\/\/secure.gravatar.com\/avatar\/a59c276b01147463ef3aab4118e3137ebc5e1ad6700deb39ccdf8b89e517f7dc?s=96&d=mm&r=g\",\"contentUrl\":\"https:\/\/secure.gravatar.com\/avatar\/a59c276b01147463ef3aab4118e3137ebc5e1ad6700deb39ccdf8b89e517f7dc?s=96&d=mm&r=g\",\"caption\":\"webmaster\"},\"sameAs\":[\"https:\/\/blogs.uninter.edu.mx\/difusioncultural\"],\"url\":\"https:\/\/blogs.uninter.edu.mx\/difusioncultural\/?author=1\"}]}<\/script>\r\n<!-- \/ Yoast SEO plugin. -->","yoast_head_json":{"title":"Hoy se celebra el 76 Aniversario de la Expropiaci\u00f3n Petrolera - Difusi\u00f3n Cultural","robots":{"index":"index","follow":"follow","max-snippet":"max-snippet:-1","max-image-preview":"max-image-preview:large","max-video-preview":"max-video-preview:-1"},"canonical":"https:\/\/blogs.uninter.edu.mx\/difusioncultural\/?p=2664","og_locale":"es_MX","og_type":"article","og_title":"Hoy se celebra el 76 Aniversario de la Expropiaci\u00f3n Petrolera - Difusi\u00f3n Cultural","og_description":"Un d\u00eda Viernes 18 de Marzo de 1938, se realiz\u00f3 un acontecimiento que marcar\u00eda la historia de M\u00e9xico, el presidente entonces en el poder L\u00e1zaro C\u00e1rdenas se present\u00f3 para anunciar ante los medios de comunicaci\u00f3n M\u00e9xico hab\u00eda logrado la Expropiaci\u00f3n Petrolera . \u00c9sta consisti\u00f3 en la apropiaci\u00f3n legal del petr\u00f3leo que explotaban 17 compa\u00f1\u00edas extranjeras&hellip;","og_url":"https:\/\/blogs.uninter.edu.mx\/difusioncultural\/?p=2664","og_site_name":"Difusi\u00f3n Cultural","article_published_time":"2014-03-18T05:41:48+00:00","og_image":[{"url":"http:\/\/difusionculturaluninter.files.wordpress.com\/2013\/03\/180313313ed4936med-1.jpg","type":"","width":"","height":""}],"author":"webmaster","twitter_card":"summary_large_image","twitter_misc":{"Escrito por":"webmaster","Tiempo de lectura":"1 minuto"},"schema":{"@context":"https:\/\/schema.org","@graph":[{"@type":"Article","@id":"https:\/\/blogs.uninter.edu.mx\/difusioncultural\/?p=2664#article","isPartOf":{"@id":"https:\/\/blogs.uninter.edu.mx\/difusioncultural\/?p=2664"},"author":{"name":"webmaster","@id":"https:\/\/blogs.uninter.edu.mx\/difusioncultural\/#\/schema\/person\/37a0926f4dd300a814993fd595abdc4a"},"headline":"Hoy se celebra el 76 Aniversario de la Expropiaci\u00f3n Petrolera","datePublished":"2014-03-18T05:41:48+00:00","mainEntityOfPage":{"@id":"https:\/\/blogs.uninter.edu.mx\/difusioncultural\/?p=2664"},"wordCount":192,"publisher":{"@id":"https:\/\/blogs.uninter.edu.mx\/difusioncultural\/#organization"},"image":{"@id":"https:\/\/blogs.uninter.edu.mx\/difusioncultural\/?p=2664#primaryimage"},"thumbnailUrl":"http:\/\/difusionculturaluninter.files.wordpress.com\/2013\/03\/180313313ed4936med-1.jpg","inLanguage":"es"},{"@type":"WebPage","@id":"https:\/\/blogs.uninter.edu.mx\/difusioncultural\/?p=2664","url":"https:\/\/blogs.uninter.edu.mx\/difusioncultural\/?p=2664","name":"Hoy se celebra el 76 Aniversario de la Expropiaci\u00f3n Petrolera - Difusi\u00f3n Cultural","isPartOf":{"@id":"https:\/\/blogs.uninter.edu.mx\/difusioncultural\/#website"},"primaryImageOfPage":{"@id":"https:\/\/blogs.uninter.edu.mx\/difusioncultural\/?p=2664#primaryimage"},"image":{"@id":"https:\/\/blogs.uninter.edu.mx\/difusioncultural\/?p=2664#primaryimage"},"thumbnailUrl":"http:\/\/difusionculturaluninter.files.wordpress.com\/2013\/03\/180313313ed4936med-1.jpg","datePublished":"2014-03-18T05:41:48+00:00","breadcrumb":{"@id":"https:\/\/blogs.uninter.edu.mx\/difusioncultural\/?p=2664#breadcrumb"},"inLanguage":"es","potentialAction":[{"@type":"ReadAction","target":["https:\/\/blogs.uninter.edu.mx\/difusioncultural\/?p=2664"]}]},{"@type":"ImageObject","inLanguage":"es","@id":"https:\/\/blogs.uninter.edu.mx\/difusioncultural\/?p=2664#primaryimage","url":"http:\/\/difusionculturaluninter.files.wordpress.com\/2013\/03\/180313313ed4936med-1.jpg","contentUrl":"http:\/\/difusionculturaluninter.files.wordpress.com\/2013\/03\/180313313ed4936med-1.jpg"},{"@type":"BreadcrumbList","@id":"https:\/\/blogs.uninter.edu.mx\/difusioncultural\/?p=2664#breadcrumb","itemListElement":[{"@type":"ListItem","position":1,"name":"Inicio","item":"https:\/\/blogs.uninter.edu.mx\/difusioncultural\/"},{"@type":"ListItem","position":2,"name":"Hoy se celebra el 76 Aniversario de la Expropiaci\u00f3n Petrolera"}]},{"@type":"WebSite","@id":"https:\/\/blogs.uninter.edu.mx\/difusioncultural\/#website","url":"https:\/\/blogs.uninter.edu.mx\/difusioncultural\/","name":"Difusi\u00f3n Cultural","description":"UNINTER","publisher":{"@id":"https:\/\/blogs.uninter.edu.mx\/difusioncultural\/#organization"},"potentialAction":[{"@type":"SearchAction","target":{"@type":"EntryPoint","urlTemplate":"https:\/\/blogs.uninter.edu.mx\/difusioncultural\/?s={search_term_string}"},"query-input":{"@type":"PropertyValueSpecification","valueRequired":true,"valueName":"search_term_string"}}],"inLanguage":"es"},{"@type":"Organization","@id":"https:\/\/blogs.uninter.edu.mx\/difusioncultural\/#organization","name":"Difusi\u00f3n Cultural","url":"https:\/\/blogs.uninter.edu.mx\/difusioncultural\/","logo":{"@type":"ImageObject","inLanguage":"es","@id":"https:\/\/blogs.uninter.edu.mx\/difusioncultural\/#\/schema\/logo\/image\/","url":"https:\/\/blogs.uninter.edu.mx\/difusioncultural\/wp-content\/uploads\/2022\/09\/uninter.jpg","contentUrl":"https:\/\/blogs.uninter.edu.mx\/difusioncultural\/wp-content\/uploads\/2022\/09\/uninter.jpg","width":2048,"height":2048,"caption":"Difusi\u00f3n Cultural"},"image":{"@id":"https:\/\/blogs.uninter.edu.mx\/difusioncultural\/#\/schema\/logo\/image\/"}},{"@type":"Person","@id":"https:\/\/blogs.uninter.edu.mx\/difusioncultural\/#\/schema\/person\/37a0926f4dd300a814993fd595abdc4a","name":"webmaster","image":{"@type":"ImageObject","inLanguage":"es","@id":"https:\/\/blogs.uninter.edu.mx\/difusioncultural\/#\/schema\/person\/image\/","url":"https:\/\/secure.gravatar.com\/avatar\/a59c276b01147463ef3aab4118e3137ebc5e1ad6700deb39ccdf8b89e517f7dc?s=96&d=mm&r=g","contentUrl":"https:\/\/secure.gravatar.com\/avatar\/a59c276b01147463ef3aab4118e3137ebc5e1ad6700deb39ccdf8b89e517f7dc?s=96&d=mm&r=g","caption":"webmaster"},"sameAs":["https:\/\/blogs.uninter.edu.mx\/difusioncultural"],"url":"https:\/\/blogs.uninter.edu.mx\/difusioncultural\/?author=1"}]}},"jetpack_publicize_connections":[],"jetpack_featured_media_url":"","jetpack_sharing_enabled":true,"_links":{"self":[{"href":"https:\/\/blogs.uninter.edu.mx\/difusioncultural\/index.php?rest_route=\/wp\/v2\/posts\/2664","targetHints":{"allow":["GET"]}}],"collection":[{"href":"https:\/\/blogs.uninter.edu.mx\/difusioncultural\/index.php?rest_route=\/wp\/v2\/posts"}],"about":[{"href":"https:\/\/blogs.uninter.edu.mx\/difusioncultural\/index.php?rest_route=\/wp\/v2\/types\/post"}],"author":[{"embeddable":true,"href":"https:\/\/blogs.uninter.edu.mx\/difusioncultural\/index.php?rest_route=\/wp\/v2\/users\/1"}],"replies":[{"embeddable":true,"href":"https:\/\/blogs.uninter.edu.mx\/difusioncultural\/index.php?rest_route=%2Fwp%2Fv2%2Fcomments&post=2664"}],"version-history":[{"count":0,"href":"https:\/\/blogs.uninter.edu.mx\/difusioncultural\/index.php?rest_route=\/wp\/v2\/posts\/2664\/revisions"}],"wp:attachment":[{"href":"https:\/\/blogs.uninter.edu.mx\/difusioncultural\/index.php?rest_route=%2Fwp%2Fv2%2Fmedia&parent=2664"}],"wp:term":[{"taxonomy":"category","embeddable":true,"href":"https:\/\/blogs.uninter.edu.mx\/difusioncultural\/index.php?rest_route=%2Fwp%2Fv2%2Fcategories&post=2664"},{"taxonomy":"post_tag","embeddable":true,"href":"https:\/\/blogs.uninter.edu.mx\/difusioncultural\/index.php?rest_route=%2Fwp%2Fv2%2Ftags&post=2664"}],"curies":[{"name":"wp","href":"https:\/\/api.w.org\/{rel}","templated":true}]}}