{"id":2677,"date":"2014-03-22T05:39:10","date_gmt":"2014-03-22T05:39:10","guid":{"rendered":"http:\/\/difusionculturaluninter.wordpress.com\/?p=2677"},"modified":"2014-03-22T05:39:10","modified_gmt":"2014-03-22T05:39:10","slug":"inicio-de-la-primavera-el-descenso-de-kukulcan-se-revela-en-chichen-itza","status":"publish","type":"post","link":"https:\/\/blogs.uninter.edu.mx\/difusioncultural\/?p=2677","title":{"rendered":"Inicio de la primavera  : &#8216;El descenso de Kukulc\u00e1n&#8217; se revela en Chich\u00e9n Itz\u00e1"},"content":{"rendered":"<p>La magia de las matem\u00e1ticas mayas se hizo presente de nuevo para recordarle al mundo que en estas tierras habit\u00f3 una de las civilizaciones m\u00e1s sorprendentes en la historia del ser humano y su evoluci\u00f3n en este planeta.<\/p>\n<p>En punto de las 10:57 horas inici\u00f3 aqu\u00ed oficialmente la primavera, (equinoccio o fen\u00f3meno arqueoastron\u00f3mico) y, horas despu\u00e9s, en esta antigua ciudad maya se hizo evidente \u00e9ste que es de los acontecimientos m\u00e1s populares y difundido en el mundo.<\/p>\n<p>Unas cuatro mil personas se dieron cita para presenciar el espect\u00e1culo de luz y sombra que se forma con el paso de los rayos solares por la cara norte del edificio conocido como &#8220;El Castillo&#8221;.<\/p>\n<p>Hab\u00eda dudas y cierto des\u00e1nimo, el cielo estaba nublado y una ligera llovizna puso un toque de pesimismo pues m\u00e1s de uno empez\u00f3 a dudar sobre la posibilidad de ver el fen\u00f3meno a plenitud, pero cerca de las 16:26 horas las nubes se fueron y el ambiente fue otro en la zona arqueol\u00f3gica de Chich\u00e9n Itz\u00e1.<\/p>\n<p>El sol empez\u00f3 a hacer su trabajo como lo ha hecho durante miles de a\u00f1os, mucho antes de que el arque\u00f3logo V\u00edctor Segura Pinto descubriera y revelara para el mundo lo que hoy se denomina como &#8220;el descenso de Kukulc\u00e1n&#8221;.<\/p>\n<p>Y as\u00ed como ha sucedido desde hace unos 35 a\u00f1os aproximadamente, cuando el fen\u00f3meno del equinoccio se volvi\u00f3 un evento tur\u00edstico, &#8220;Kukulc\u00e1n&#8221; fue recibido con aplausos y porras de quienes vinieron de otras tierras para presenciar el legado de un pueblo considerado excepcional.<\/p>\n<p>Solo fueron unos cuantos minutos en los que se pudieron observar a plenitud los siete tri\u00e1ngulos de luz que forman el cuerpo de la serpiente que anuncia el inicio de un nuevo ciclo de la vida, de un nuevo comienzo.<\/p>\n<p>El administrador del sitio arqueol\u00f3gico, Marco Antonio Santos Ram\u00edrez, explic\u00f3 en entrevista que este evento representaba entre los mayas esa &#8220;dualidad&#8221; que daba sentido a su forma de vida y cultura.<\/p>\n<p>&#8220;Este hecho representaba el inicio de la vida y la luz despu\u00e9s de un periodo de muerte y oscuridad, es el anuncio pues de un dios a su pueblo para que prepararan sus tierras pues \u00e9l les regresar\u00eda la vitalidad a trav\u00e9s del ma\u00edz, especie fundamental de su dieta y de su espiritualidad&#8221;, detall\u00f3.<\/p>\n<p>Despu\u00e9s de los plausos, como si el Sol leyera el momento, \u00e9ste desapareci\u00f3 abruptamente y ya no pudo ser posible observar el fen\u00f3meno de luz y sombra.<\/p>\n<p>Sin embargo la tarde regal\u00f3 a los pocos que se quedaron en el sitio una vista impresionante de &#8220;El Castillo&#8221;, nombrado una de las Maravillas del Mundo Moderno, con un arcoiris en el horizonte, tambi\u00e9n recibido con aplausos y emoci\u00f3n de los pocos presentes.<\/p>\n<p>La maravilla de las matem\u00e1ticas mayas se observar hasta el pr\u00f3ximo d\u00eda 23, seg\u00fan confirm\u00f3 el administrador de la zona arqueol\u00f3gica, Marco Antonio Santos Ram\u00edrez.<\/p>\n<p><a href=\"https:\/\/blogs.uninter.edu.mx\/difusioncultural\/wp-content\/uploads\/2014\/03\/1025963.jpg\"><img fetchpriority=\"high\" decoding=\"async\" src=\"https:\/\/blogs.uninter.edu.mx\/difusioncultural\/wp-content\/uploads\/2014\/03\/1025963.jpg?w=300\" alt=\"1025963\" width=\"300\" height=\"224\" class=\"alignnone size-medium wp-image-2678\" \/><\/a><\/p>\n","protected":false},"excerpt":{"rendered":"<p>La magia de las matem\u00e1ticas mayas se hizo presente de nuevo para recordarle al mundo que en estas tierras habit\u00f3 una de las civilizaciones m\u00e1s sorprendentes en la historia del ser humano y su evoluci\u00f3n en este planeta. En punto de las 10:57 horas inici\u00f3 aqu\u00ed oficialmente la primavera, (equinoccio o fen\u00f3meno arqueoastron\u00f3mico) y, horas&hellip;<\/p>\n","protected":false},"author":1,"featured_media":0,"comment_status":"closed","ping_status":"open","sticky":false,"template":"","format":"standard","meta":{"_jetpack_memberships_contains_paid_content":false,"footnotes":"","jetpack_publicize_message":"","jetpack_publicize_feature_enabled":true,"jetpack_social_post_already_shared":false,"jetpack_social_options":{"image_generator_settings":{"template":"highway","default_image_id":0,"font":"","enabled":false},"version":2}},"categories":[1],"tags":[],"class_list":["post-2677","post","type-post","status-publish","format-standard","hentry","category-sin-categoria"],"yoast_head":"<!-- This site is optimized with the Yoast SEO plugin v26.3 - https:\/\/yoast.com\/wordpress\/plugins\/seo\/ -->\r\n<title>Inicio de la primavera : &#039;El descenso de Kukulc\u00e1n&#039; se revela en Chich\u00e9n Itz\u00e1 - Difusi\u00f3n Cultural<\/title>\r\n<meta name=\"robots\" content=\"index, follow, max-snippet:-1, max-image-preview:large, max-video-preview:-1\" \/>\r\n<link rel=\"canonical\" href=\"https:\/\/blogs.uninter.edu.mx\/difusioncultural\/?p=2677\" \/>\r\n<meta property=\"og:locale\" content=\"es_MX\" \/>\r\n<meta property=\"og:type\" content=\"article\" \/>\r\n<meta property=\"og:title\" content=\"Inicio de la primavera : &#039;El descenso de Kukulc\u00e1n&#039; se revela en Chich\u00e9n Itz\u00e1 - Difusi\u00f3n Cultural\" \/>\r\n<meta property=\"og:description\" content=\"La magia de las matem\u00e1ticas mayas se hizo presente de nuevo para recordarle al mundo que en estas tierras habit\u00f3 una de las civilizaciones m\u00e1s sorprendentes en la historia del ser humano y su evoluci\u00f3n en este planeta. En punto de las 10:57 horas inici\u00f3 aqu\u00ed oficialmente la primavera, (equinoccio o fen\u00f3meno arqueoastron\u00f3mico) y, horas&hellip;\" \/>\r\n<meta property=\"og:url\" content=\"https:\/\/blogs.uninter.edu.mx\/difusioncultural\/?p=2677\" \/>\r\n<meta property=\"og:site_name\" content=\"Difusi\u00f3n Cultural\" \/>\r\n<meta property=\"article:published_time\" content=\"2014-03-22T05:39:10+00:00\" \/>\r\n<meta property=\"og:image\" content=\"https:\/\/blogs.uninter.edu.mx\/difusioncultural\/wp-content\/uploads\/2014\/03\/1025963.jpg?w=300\" \/>\r\n<meta name=\"author\" content=\"webmaster\" \/>\r\n<meta name=\"twitter:card\" content=\"summary_large_image\" \/>\r\n<meta name=\"twitter:label1\" content=\"Escrito por\" \/>\n\t<meta name=\"twitter:data1\" content=\"webmaster\" \/>\n\t<meta name=\"twitter:label2\" content=\"Tiempo de lectura\" \/>\n\t<meta name=\"twitter:data2\" content=\"3 minutos\" \/>\r\n<script type=\"application\/ld+json\" class=\"yoast-schema-graph\">{\"@context\":\"https:\/\/schema.org\",\"@graph\":[{\"@type\":\"Article\",\"@id\":\"https:\/\/blogs.uninter.edu.mx\/difusioncultural\/?p=2677#article\",\"isPartOf\":{\"@id\":\"https:\/\/blogs.uninter.edu.mx\/difusioncultural\/?p=2677\"},\"author\":{\"name\":\"webmaster\",\"@id\":\"https:\/\/blogs.uninter.edu.mx\/difusioncultural\/#\/schema\/person\/37a0926f4dd300a814993fd595abdc4a\"},\"headline\":\"Inicio de la primavera : &#8216;El descenso de Kukulc\u00e1n&#8217; se revela en Chich\u00e9n Itz\u00e1\",\"datePublished\":\"2014-03-22T05:39:10+00:00\",\"mainEntityOfPage\":{\"@id\":\"https:\/\/blogs.uninter.edu.mx\/difusioncultural\/?p=2677\"},\"wordCount\":522,\"publisher\":{\"@id\":\"https:\/\/blogs.uninter.edu.mx\/difusioncultural\/#organization\"},\"image\":{\"@id\":\"https:\/\/blogs.uninter.edu.mx\/difusioncultural\/?p=2677#primaryimage\"},\"thumbnailUrl\":\"https:\/\/blogs.uninter.edu.mx\/difusioncultural\/wp-content\/uploads\/2014\/03\/1025963.jpg?w=300\",\"inLanguage\":\"es\"},{\"@type\":\"WebPage\",\"@id\":\"https:\/\/blogs.uninter.edu.mx\/difusioncultural\/?p=2677\",\"url\":\"https:\/\/blogs.uninter.edu.mx\/difusioncultural\/?p=2677\",\"name\":\"Inicio de la primavera : 'El descenso de Kukulc\u00e1n' se revela en Chich\u00e9n Itz\u00e1 - Difusi\u00f3n Cultural\",\"isPartOf\":{\"@id\":\"https:\/\/blogs.uninter.edu.mx\/difusioncultural\/#website\"},\"primaryImageOfPage\":{\"@id\":\"https:\/\/blogs.uninter.edu.mx\/difusioncultural\/?p=2677#primaryimage\"},\"image\":{\"@id\":\"https:\/\/blogs.uninter.edu.mx\/difusioncultural\/?p=2677#primaryimage\"},\"thumbnailUrl\":\"https:\/\/blogs.uninter.edu.mx\/difusioncultural\/wp-content\/uploads\/2014\/03\/1025963.jpg?w=300\",\"datePublished\":\"2014-03-22T05:39:10+00:00\",\"breadcrumb\":{\"@id\":\"https:\/\/blogs.uninter.edu.mx\/difusioncultural\/?p=2677#breadcrumb\"},\"inLanguage\":\"es\",\"potentialAction\":[{\"@type\":\"ReadAction\",\"target\":[\"https:\/\/blogs.uninter.edu.mx\/difusioncultural\/?p=2677\"]}]},{\"@type\":\"ImageObject\",\"inLanguage\":\"es\",\"@id\":\"https:\/\/blogs.uninter.edu.mx\/difusioncultural\/?p=2677#primaryimage\",\"url\":\"https:\/\/blogs.uninter.edu.mx\/difusioncultural\/wp-content\/uploads\/2014\/03\/1025963.jpg?w=300\",\"contentUrl\":\"https:\/\/blogs.uninter.edu.mx\/difusioncultural\/wp-content\/uploads\/2014\/03\/1025963.jpg?w=300\"},{\"@type\":\"BreadcrumbList\",\"@id\":\"https:\/\/blogs.uninter.edu.mx\/difusioncultural\/?p=2677#breadcrumb\",\"itemListElement\":[{\"@type\":\"ListItem\",\"position\":1,\"name\":\"Inicio\",\"item\":\"https:\/\/blogs.uninter.edu.mx\/difusioncultural\/\"},{\"@type\":\"ListItem\",\"position\":2,\"name\":\"Inicio de la primavera : &#8216;El descenso de Kukulc\u00e1n&#8217; se revela en Chich\u00e9n Itz\u00e1\"}]},{\"@type\":\"WebSite\",\"@id\":\"https:\/\/blogs.uninter.edu.mx\/difusioncultural\/#website\",\"url\":\"https:\/\/blogs.uninter.edu.mx\/difusioncultural\/\",\"name\":\"Difusi\u00f3n Cultural\",\"description\":\"UNINTER\",\"publisher\":{\"@id\":\"https:\/\/blogs.uninter.edu.mx\/difusioncultural\/#organization\"},\"potentialAction\":[{\"@type\":\"SearchAction\",\"target\":{\"@type\":\"EntryPoint\",\"urlTemplate\":\"https:\/\/blogs.uninter.edu.mx\/difusioncultural\/?s={search_term_string}\"},\"query-input\":{\"@type\":\"PropertyValueSpecification\",\"valueRequired\":true,\"valueName\":\"search_term_string\"}}],\"inLanguage\":\"es\"},{\"@type\":\"Organization\",\"@id\":\"https:\/\/blogs.uninter.edu.mx\/difusioncultural\/#organization\",\"name\":\"Difusi\u00f3n Cultural\",\"url\":\"https:\/\/blogs.uninter.edu.mx\/difusioncultural\/\",\"logo\":{\"@type\":\"ImageObject\",\"inLanguage\":\"es\",\"@id\":\"https:\/\/blogs.uninter.edu.mx\/difusioncultural\/#\/schema\/logo\/image\/\",\"url\":\"https:\/\/blogs.uninter.edu.mx\/difusioncultural\/wp-content\/uploads\/2022\/09\/uninter.jpg\",\"contentUrl\":\"https:\/\/blogs.uninter.edu.mx\/difusioncultural\/wp-content\/uploads\/2022\/09\/uninter.jpg\",\"width\":2048,\"height\":2048,\"caption\":\"Difusi\u00f3n Cultural\"},\"image\":{\"@id\":\"https:\/\/blogs.uninter.edu.mx\/difusioncultural\/#\/schema\/logo\/image\/\"}},{\"@type\":\"Person\",\"@id\":\"https:\/\/blogs.uninter.edu.mx\/difusioncultural\/#\/schema\/person\/37a0926f4dd300a814993fd595abdc4a\",\"name\":\"webmaster\",\"image\":{\"@type\":\"ImageObject\",\"inLanguage\":\"es\",\"@id\":\"https:\/\/blogs.uninter.edu.mx\/difusioncultural\/#\/schema\/person\/image\/\",\"url\":\"https:\/\/secure.gravatar.com\/avatar\/a59c276b01147463ef3aab4118e3137ebc5e1ad6700deb39ccdf8b89e517f7dc?s=96&d=mm&r=g\",\"contentUrl\":\"https:\/\/secure.gravatar.com\/avatar\/a59c276b01147463ef3aab4118e3137ebc5e1ad6700deb39ccdf8b89e517f7dc?s=96&d=mm&r=g\",\"caption\":\"webmaster\"},\"sameAs\":[\"https:\/\/blogs.uninter.edu.mx\/difusioncultural\"],\"url\":\"https:\/\/blogs.uninter.edu.mx\/difusioncultural\/?author=1\"}]}<\/script>\r\n<!-- \/ Yoast SEO plugin. -->","yoast_head_json":{"title":"Inicio de la primavera : 'El descenso de Kukulc\u00e1n' se revela en Chich\u00e9n Itz\u00e1 - Difusi\u00f3n Cultural","robots":{"index":"index","follow":"follow","max-snippet":"max-snippet:-1","max-image-preview":"max-image-preview:large","max-video-preview":"max-video-preview:-1"},"canonical":"https:\/\/blogs.uninter.edu.mx\/difusioncultural\/?p=2677","og_locale":"es_MX","og_type":"article","og_title":"Inicio de la primavera : 'El descenso de Kukulc\u00e1n' se revela en Chich\u00e9n Itz\u00e1 - Difusi\u00f3n Cultural","og_description":"La magia de las matem\u00e1ticas mayas se hizo presente de nuevo para recordarle al mundo que en estas tierras habit\u00f3 una de las civilizaciones m\u00e1s sorprendentes en la historia del ser humano y su evoluci\u00f3n en este planeta. En punto de las 10:57 horas inici\u00f3 aqu\u00ed oficialmente la primavera, (equinoccio o fen\u00f3meno arqueoastron\u00f3mico) y, horas&hellip;","og_url":"https:\/\/blogs.uninter.edu.mx\/difusioncultural\/?p=2677","og_site_name":"Difusi\u00f3n Cultural","article_published_time":"2014-03-22T05:39:10+00:00","og_image":[{"url":"https:\/\/blogs.uninter.edu.mx\/difusioncultural\/wp-content\/uploads\/2014\/03\/1025963.jpg?w=300","type":"","width":"","height":""}],"author":"webmaster","twitter_card":"summary_large_image","twitter_misc":{"Escrito por":"webmaster","Tiempo de lectura":"3 minutos"},"schema":{"@context":"https:\/\/schema.org","@graph":[{"@type":"Article","@id":"https:\/\/blogs.uninter.edu.mx\/difusioncultural\/?p=2677#article","isPartOf":{"@id":"https:\/\/blogs.uninter.edu.mx\/difusioncultural\/?p=2677"},"author":{"name":"webmaster","@id":"https:\/\/blogs.uninter.edu.mx\/difusioncultural\/#\/schema\/person\/37a0926f4dd300a814993fd595abdc4a"},"headline":"Inicio de la primavera : &#8216;El descenso de Kukulc\u00e1n&#8217; se revela en Chich\u00e9n Itz\u00e1","datePublished":"2014-03-22T05:39:10+00:00","mainEntityOfPage":{"@id":"https:\/\/blogs.uninter.edu.mx\/difusioncultural\/?p=2677"},"wordCount":522,"publisher":{"@id":"https:\/\/blogs.uninter.edu.mx\/difusioncultural\/#organization"},"image":{"@id":"https:\/\/blogs.uninter.edu.mx\/difusioncultural\/?p=2677#primaryimage"},"thumbnailUrl":"https:\/\/blogs.uninter.edu.mx\/difusioncultural\/wp-content\/uploads\/2014\/03\/1025963.jpg?w=300","inLanguage":"es"},{"@type":"WebPage","@id":"https:\/\/blogs.uninter.edu.mx\/difusioncultural\/?p=2677","url":"https:\/\/blogs.uninter.edu.mx\/difusioncultural\/?p=2677","name":"Inicio de la primavera : 'El descenso de Kukulc\u00e1n' se revela en Chich\u00e9n Itz\u00e1 - Difusi\u00f3n Cultural","isPartOf":{"@id":"https:\/\/blogs.uninter.edu.mx\/difusioncultural\/#website"},"primaryImageOfPage":{"@id":"https:\/\/blogs.uninter.edu.mx\/difusioncultural\/?p=2677#primaryimage"},"image":{"@id":"https:\/\/blogs.uninter.edu.mx\/difusioncultural\/?p=2677#primaryimage"},"thumbnailUrl":"https:\/\/blogs.uninter.edu.mx\/difusioncultural\/wp-content\/uploads\/2014\/03\/1025963.jpg?w=300","datePublished":"2014-03-22T05:39:10+00:00","breadcrumb":{"@id":"https:\/\/blogs.uninter.edu.mx\/difusioncultural\/?p=2677#breadcrumb"},"inLanguage":"es","potentialAction":[{"@type":"ReadAction","target":["https:\/\/blogs.uninter.edu.mx\/difusioncultural\/?p=2677"]}]},{"@type":"ImageObject","inLanguage":"es","@id":"https:\/\/blogs.uninter.edu.mx\/difusioncultural\/?p=2677#primaryimage","url":"https:\/\/blogs.uninter.edu.mx\/difusioncultural\/wp-content\/uploads\/2014\/03\/1025963.jpg?w=300","contentUrl":"https:\/\/blogs.uninter.edu.mx\/difusioncultural\/wp-content\/uploads\/2014\/03\/1025963.jpg?w=300"},{"@type":"BreadcrumbList","@id":"https:\/\/blogs.uninter.edu.mx\/difusioncultural\/?p=2677#breadcrumb","itemListElement":[{"@type":"ListItem","position":1,"name":"Inicio","item":"https:\/\/blogs.uninter.edu.mx\/difusioncultural\/"},{"@type":"ListItem","position":2,"name":"Inicio de la primavera : &#8216;El descenso de Kukulc\u00e1n&#8217; se revela en Chich\u00e9n Itz\u00e1"}]},{"@type":"WebSite","@id":"https:\/\/blogs.uninter.edu.mx\/difusioncultural\/#website","url":"https:\/\/blogs.uninter.edu.mx\/difusioncultural\/","name":"Difusi\u00f3n Cultural","description":"UNINTER","publisher":{"@id":"https:\/\/blogs.uninter.edu.mx\/difusioncultural\/#organization"},"potentialAction":[{"@type":"SearchAction","target":{"@type":"EntryPoint","urlTemplate":"https:\/\/blogs.uninter.edu.mx\/difusioncultural\/?s={search_term_string}"},"query-input":{"@type":"PropertyValueSpecification","valueRequired":true,"valueName":"search_term_string"}}],"inLanguage":"es"},{"@type":"Organization","@id":"https:\/\/blogs.uninter.edu.mx\/difusioncultural\/#organization","name":"Difusi\u00f3n Cultural","url":"https:\/\/blogs.uninter.edu.mx\/difusioncultural\/","logo":{"@type":"ImageObject","inLanguage":"es","@id":"https:\/\/blogs.uninter.edu.mx\/difusioncultural\/#\/schema\/logo\/image\/","url":"https:\/\/blogs.uninter.edu.mx\/difusioncultural\/wp-content\/uploads\/2022\/09\/uninter.jpg","contentUrl":"https:\/\/blogs.uninter.edu.mx\/difusioncultural\/wp-content\/uploads\/2022\/09\/uninter.jpg","width":2048,"height":2048,"caption":"Difusi\u00f3n Cultural"},"image":{"@id":"https:\/\/blogs.uninter.edu.mx\/difusioncultural\/#\/schema\/logo\/image\/"}},{"@type":"Person","@id":"https:\/\/blogs.uninter.edu.mx\/difusioncultural\/#\/schema\/person\/37a0926f4dd300a814993fd595abdc4a","name":"webmaster","image":{"@type":"ImageObject","inLanguage":"es","@id":"https:\/\/blogs.uninter.edu.mx\/difusioncultural\/#\/schema\/person\/image\/","url":"https:\/\/secure.gravatar.com\/avatar\/a59c276b01147463ef3aab4118e3137ebc5e1ad6700deb39ccdf8b89e517f7dc?s=96&d=mm&r=g","contentUrl":"https:\/\/secure.gravatar.com\/avatar\/a59c276b01147463ef3aab4118e3137ebc5e1ad6700deb39ccdf8b89e517f7dc?s=96&d=mm&r=g","caption":"webmaster"},"sameAs":["https:\/\/blogs.uninter.edu.mx\/difusioncultural"],"url":"https:\/\/blogs.uninter.edu.mx\/difusioncultural\/?author=1"}]}},"jetpack_publicize_connections":[],"jetpack_featured_media_url":"","jetpack_sharing_enabled":true,"_links":{"self":[{"href":"https:\/\/blogs.uninter.edu.mx\/difusioncultural\/index.php?rest_route=\/wp\/v2\/posts\/2677","targetHints":{"allow":["GET"]}}],"collection":[{"href":"https:\/\/blogs.uninter.edu.mx\/difusioncultural\/index.php?rest_route=\/wp\/v2\/posts"}],"about":[{"href":"https:\/\/blogs.uninter.edu.mx\/difusioncultural\/index.php?rest_route=\/wp\/v2\/types\/post"}],"author":[{"embeddable":true,"href":"https:\/\/blogs.uninter.edu.mx\/difusioncultural\/index.php?rest_route=\/wp\/v2\/users\/1"}],"replies":[{"embeddable":true,"href":"https:\/\/blogs.uninter.edu.mx\/difusioncultural\/index.php?rest_route=%2Fwp%2Fv2%2Fcomments&post=2677"}],"version-history":[{"count":0,"href":"https:\/\/blogs.uninter.edu.mx\/difusioncultural\/index.php?rest_route=\/wp\/v2\/posts\/2677\/revisions"}],"wp:attachment":[{"href":"https:\/\/blogs.uninter.edu.mx\/difusioncultural\/index.php?rest_route=%2Fwp%2Fv2%2Fmedia&parent=2677"}],"wp:term":[{"taxonomy":"category","embeddable":true,"href":"https:\/\/blogs.uninter.edu.mx\/difusioncultural\/index.php?rest_route=%2Fwp%2Fv2%2Fcategories&post=2677"},{"taxonomy":"post_tag","embeddable":true,"href":"https:\/\/blogs.uninter.edu.mx\/difusioncultural\/index.php?rest_route=%2Fwp%2Fv2%2Ftags&post=2677"}],"curies":[{"name":"wp","href":"https:\/\/api.w.org\/{rel}","templated":true}]}}