{"id":2684,"date":"2014-03-23T14:28:49","date_gmt":"2014-03-23T14:28:49","guid":{"rendered":"http:\/\/difusionculturaluninter.wordpress.com\/?p=2684"},"modified":"2014-03-23T14:28:49","modified_gmt":"2014-03-23T14:28:49","slug":"rendiran-homenaje-a-jose-emilio-pacheco-en-dia-del-libro","status":"publish","type":"post","link":"https:\/\/blogs.uninter.edu.mx\/difusioncultural\/?p=2684","title":{"rendered":"Rendir\u00e1n homenaje a Jos\u00e9 Emilio Pacheco en D\u00eda del Libro"},"content":{"rendered":"<p>La novela &#8216;Las batallas en el desierto&#8217;, el poemario &#8216;Nuevo \u00e1lbum de zoolog\u00eda&#8217; y el libro de cuentos&#8217; El principio del placer&#8217;, integran la terna para la lectura en voz alta que se llevar\u00e1 a cabo el pr\u00f3ximo 29 de abril, en la rambla Catalu\u00f1a y en 80 sedes m\u00e1s en Jalisco, con motivo del D\u00eda Mundial del Libro.<\/p>\n<p>&#8220;Es lo m\u00e1s justo por la historia de su legado&#8221;, dijo Marisol Schulz Manaut, directora de la Feria Internacional del Libro en Guadalajara (FIL), al anunciar que Pacheco &#8211; quien falleciera el pasado 26 de enero- ser\u00e1 el homenajeado en dicha celebraci\u00f3n. Se\u00f1al\u00f3 que la FIL reconoci\u00f3 el trabajo de este escritor con el Homenaje Nacional de Periodismo Cultural &#8220;Fernando Ben\u00edtez&#8221; en 1995, y con una lectura de su poes\u00eda en 2009, por su 70 aniversario de vida, a\u00f1o en que recibi\u00f3 el Premio Sof\u00eda de Poes\u00eda Iberoamericana y cuando se anunci\u00f3 que recibir\u00eda el Premio Cervantes de Literatura.<\/p>\n<p>Por su parte, el Rector General de la Universidad de Guadalajara, maestro Itzc\u00f3atl Tonatiuh Bravo Padilla, subray\u00f3 la participaci\u00f3n del Sistema de Educaci\u00f3n Media Superior (SEMS) en esta actividad, cuyo objetivo es fomentar la lectura. Tan solo el a\u00f1o pasado participaron 53 de las 55 escuelas del SEMS, con m\u00e1s de 21 mil alumnos, por lo que, dijo, se espera la participaci\u00f3n de todas en este a\u00f1o.<\/p>\n<p>El D\u00eda Mundial del Libro permite acercarse a la lectura, pero tambi\u00e9n apropiarse de espacios p\u00fablicos para ello, indic\u00f3 Ricardo Duarte, secretario de Cultura del ayuntamiento tapat\u00edo.<\/p>\n<p>Del 20 al 26 de marzo se podr\u00e1 elegir cu\u00e1l obra de Jos\u00e9 Emilio ser\u00e1 le\u00edda. Los interesados pueden votar en la p\u00e1gina de la FIL, Schulz Manaut mencion\u00f3 que la lectura no ser\u00e1 el 23 de abril -justo el D\u00eda Mundial del Libro-, sino el 29, de 9:30 a 20:30 horas, para que de esta manera el periodo vacacional no limite la participaci\u00f3n de la gente. Agreg\u00f3 que es posible que los familiares de Pacheco -Cristina Pacheco, su viuda y su hija, Laura Emilia- formen parte de esta actividad.<\/p>\n<p>Al culminar el marat\u00f3n de lectura se llevar\u00e1 a cabo el di\u00e1logo &#8220;La ciudad y la memoria&#8221; en torno a la figura y obra de Pacheco, a cargo de los escritores Xavier Velasco y Benito Taibo, en el Museo de las Artes de la UdeG.<\/p>\n<p>EL DATO<\/p>\n<p>La lectura en voz alta por el D\u00eda Mundial del Libro comenz\u00f3 en el a\u00f1o 2002. A la fecha suman doce lecturas, con la participaci\u00f3n de 115 mil 905 personas. Los autores le\u00eddos en estos a\u00f1os son: Juan Jos\u00e9 Arreola, Pablo Neruda, Julio Verne, Jorge Luis Borges, Gabriel Garc\u00eda M\u00e1rquez, Agust\u00edn Y\u00e1\u00f1ez, Horacio Quiroga, Jorge Ibarg\u00fcengoitia, Bram Stoker y Jane Austen.<\/p>\n<p><a href=\"https:\/\/blogs.uninter.edu.mx\/difusioncultural\/wp-content\/uploads\/2014\/03\/jose-emilio-pacheco-1989-foto-de-rogelio-cuellar.jpg\"><img fetchpriority=\"high\" decoding=\"async\" src=\"https:\/\/blogs.uninter.edu.mx\/difusioncultural\/wp-content\/uploads\/2014\/03\/jose-emilio-pacheco-1989-foto-de-rogelio-cuellar.jpg?w=300\" alt=\"Jose-Emilio-Pacheco-1989-foto-de-Rogelio-Cuellar\" width=\"300\" height=\"208\" class=\"alignnone size-medium wp-image-2685\" \/><\/a><\/p>\n","protected":false},"excerpt":{"rendered":"<p>La novela &#8216;Las batallas en el desierto&#8217;, el poemario &#8216;Nuevo \u00e1lbum de zoolog\u00eda&#8217; y el libro de cuentos&#8217; El principio del placer&#8217;, integran la terna para la lectura en voz alta que se llevar\u00e1 a cabo el pr\u00f3ximo 29 de abril, en la rambla Catalu\u00f1a y en 80 sedes m\u00e1s en Jalisco, con motivo del&hellip;<\/p>\n","protected":false},"author":1,"featured_media":0,"comment_status":"closed","ping_status":"open","sticky":false,"template":"","format":"standard","meta":{"_jetpack_memberships_contains_paid_content":false,"footnotes":"","jetpack_publicize_message":"","jetpack_publicize_feature_enabled":true,"jetpack_social_post_already_shared":false,"jetpack_social_options":{"image_generator_settings":{"template":"highway","default_image_id":0,"font":"","enabled":false},"version":2}},"categories":[1],"tags":[],"class_list":["post-2684","post","type-post","status-publish","format-standard","hentry","category-sin-categoria"],"yoast_head":"<!-- This site is optimized with the Yoast SEO plugin v26.3 - https:\/\/yoast.com\/wordpress\/plugins\/seo\/ -->\r\n<title>Rendir\u00e1n homenaje a Jos\u00e9 Emilio Pacheco en D\u00eda del Libro - Difusi\u00f3n Cultural<\/title>\r\n<meta name=\"robots\" content=\"index, follow, max-snippet:-1, max-image-preview:large, max-video-preview:-1\" \/>\r\n<link rel=\"canonical\" href=\"https:\/\/blogs.uninter.edu.mx\/difusioncultural\/?p=2684\" \/>\r\n<meta property=\"og:locale\" content=\"es_MX\" \/>\r\n<meta property=\"og:type\" content=\"article\" \/>\r\n<meta property=\"og:title\" content=\"Rendir\u00e1n homenaje a Jos\u00e9 Emilio Pacheco en D\u00eda del Libro - Difusi\u00f3n Cultural\" \/>\r\n<meta property=\"og:description\" content=\"La novela &#8216;Las batallas en el desierto&#8217;, el poemario &#8216;Nuevo \u00e1lbum de zoolog\u00eda&#8217; y el libro de cuentos&#8217; El principio del placer&#8217;, integran la terna para la lectura en voz alta que se llevar\u00e1 a cabo el pr\u00f3ximo 29 de abril, en la rambla Catalu\u00f1a y en 80 sedes m\u00e1s en Jalisco, con motivo del&hellip;\" \/>\r\n<meta property=\"og:url\" content=\"https:\/\/blogs.uninter.edu.mx\/difusioncultural\/?p=2684\" \/>\r\n<meta property=\"og:site_name\" content=\"Difusi\u00f3n Cultural\" \/>\r\n<meta property=\"article:published_time\" content=\"2014-03-23T14:28:49+00:00\" \/>\r\n<meta property=\"og:image\" content=\"https:\/\/blogs.uninter.edu.mx\/difusioncultural\/wp-content\/uploads\/2014\/03\/jose-emilio-pacheco-1989-foto-de-rogelio-cuellar.jpg?w=300\" \/>\r\n<meta name=\"author\" content=\"webmaster\" \/>\r\n<meta name=\"twitter:card\" content=\"summary_large_image\" \/>\r\n<meta name=\"twitter:label1\" content=\"Escrito por\" \/>\n\t<meta name=\"twitter:data1\" content=\"webmaster\" \/>\n\t<meta name=\"twitter:label2\" content=\"Tiempo de lectura\" \/>\n\t<meta name=\"twitter:data2\" content=\"2 minutos\" \/>\r\n<script type=\"application\/ld+json\" class=\"yoast-schema-graph\">{\"@context\":\"https:\/\/schema.org\",\"@graph\":[{\"@type\":\"Article\",\"@id\":\"https:\/\/blogs.uninter.edu.mx\/difusioncultural\/?p=2684#article\",\"isPartOf\":{\"@id\":\"https:\/\/blogs.uninter.edu.mx\/difusioncultural\/?p=2684\"},\"author\":{\"name\":\"webmaster\",\"@id\":\"https:\/\/blogs.uninter.edu.mx\/difusioncultural\/#\/schema\/person\/37a0926f4dd300a814993fd595abdc4a\"},\"headline\":\"Rendir\u00e1n homenaje a Jos\u00e9 Emilio Pacheco en D\u00eda del Libro\",\"datePublished\":\"2014-03-23T14:28:49+00:00\",\"mainEntityOfPage\":{\"@id\":\"https:\/\/blogs.uninter.edu.mx\/difusioncultural\/?p=2684\"},\"wordCount\":486,\"publisher\":{\"@id\":\"https:\/\/blogs.uninter.edu.mx\/difusioncultural\/#organization\"},\"image\":{\"@id\":\"https:\/\/blogs.uninter.edu.mx\/difusioncultural\/?p=2684#primaryimage\"},\"thumbnailUrl\":\"https:\/\/blogs.uninter.edu.mx\/difusioncultural\/wp-content\/uploads\/2014\/03\/jose-emilio-pacheco-1989-foto-de-rogelio-cuellar.jpg?w=300\",\"inLanguage\":\"es\"},{\"@type\":\"WebPage\",\"@id\":\"https:\/\/blogs.uninter.edu.mx\/difusioncultural\/?p=2684\",\"url\":\"https:\/\/blogs.uninter.edu.mx\/difusioncultural\/?p=2684\",\"name\":\"Rendir\u00e1n homenaje a Jos\u00e9 Emilio Pacheco en D\u00eda del Libro - Difusi\u00f3n Cultural\",\"isPartOf\":{\"@id\":\"https:\/\/blogs.uninter.edu.mx\/difusioncultural\/#website\"},\"primaryImageOfPage\":{\"@id\":\"https:\/\/blogs.uninter.edu.mx\/difusioncultural\/?p=2684#primaryimage\"},\"image\":{\"@id\":\"https:\/\/blogs.uninter.edu.mx\/difusioncultural\/?p=2684#primaryimage\"},\"thumbnailUrl\":\"https:\/\/blogs.uninter.edu.mx\/difusioncultural\/wp-content\/uploads\/2014\/03\/jose-emilio-pacheco-1989-foto-de-rogelio-cuellar.jpg?w=300\",\"datePublished\":\"2014-03-23T14:28:49+00:00\",\"breadcrumb\":{\"@id\":\"https:\/\/blogs.uninter.edu.mx\/difusioncultural\/?p=2684#breadcrumb\"},\"inLanguage\":\"es\",\"potentialAction\":[{\"@type\":\"ReadAction\",\"target\":[\"https:\/\/blogs.uninter.edu.mx\/difusioncultural\/?p=2684\"]}]},{\"@type\":\"ImageObject\",\"inLanguage\":\"es\",\"@id\":\"https:\/\/blogs.uninter.edu.mx\/difusioncultural\/?p=2684#primaryimage\",\"url\":\"https:\/\/blogs.uninter.edu.mx\/difusioncultural\/wp-content\/uploads\/2014\/03\/jose-emilio-pacheco-1989-foto-de-rogelio-cuellar.jpg?w=300\",\"contentUrl\":\"https:\/\/blogs.uninter.edu.mx\/difusioncultural\/wp-content\/uploads\/2014\/03\/jose-emilio-pacheco-1989-foto-de-rogelio-cuellar.jpg?w=300\"},{\"@type\":\"BreadcrumbList\",\"@id\":\"https:\/\/blogs.uninter.edu.mx\/difusioncultural\/?p=2684#breadcrumb\",\"itemListElement\":[{\"@type\":\"ListItem\",\"position\":1,\"name\":\"Inicio\",\"item\":\"https:\/\/blogs.uninter.edu.mx\/difusioncultural\/\"},{\"@type\":\"ListItem\",\"position\":2,\"name\":\"Rendir\u00e1n homenaje a Jos\u00e9 Emilio Pacheco en D\u00eda del Libro\"}]},{\"@type\":\"WebSite\",\"@id\":\"https:\/\/blogs.uninter.edu.mx\/difusioncultural\/#website\",\"url\":\"https:\/\/blogs.uninter.edu.mx\/difusioncultural\/\",\"name\":\"Difusi\u00f3n Cultural\",\"description\":\"UNINTER\",\"publisher\":{\"@id\":\"https:\/\/blogs.uninter.edu.mx\/difusioncultural\/#organization\"},\"potentialAction\":[{\"@type\":\"SearchAction\",\"target\":{\"@type\":\"EntryPoint\",\"urlTemplate\":\"https:\/\/blogs.uninter.edu.mx\/difusioncultural\/?s={search_term_string}\"},\"query-input\":{\"@type\":\"PropertyValueSpecification\",\"valueRequired\":true,\"valueName\":\"search_term_string\"}}],\"inLanguage\":\"es\"},{\"@type\":\"Organization\",\"@id\":\"https:\/\/blogs.uninter.edu.mx\/difusioncultural\/#organization\",\"name\":\"Difusi\u00f3n Cultural\",\"url\":\"https:\/\/blogs.uninter.edu.mx\/difusioncultural\/\",\"logo\":{\"@type\":\"ImageObject\",\"inLanguage\":\"es\",\"@id\":\"https:\/\/blogs.uninter.edu.mx\/difusioncultural\/#\/schema\/logo\/image\/\",\"url\":\"https:\/\/blogs.uninter.edu.mx\/difusioncultural\/wp-content\/uploads\/2022\/09\/uninter.jpg\",\"contentUrl\":\"https:\/\/blogs.uninter.edu.mx\/difusioncultural\/wp-content\/uploads\/2022\/09\/uninter.jpg\",\"width\":2048,\"height\":2048,\"caption\":\"Difusi\u00f3n Cultural\"},\"image\":{\"@id\":\"https:\/\/blogs.uninter.edu.mx\/difusioncultural\/#\/schema\/logo\/image\/\"}},{\"@type\":\"Person\",\"@id\":\"https:\/\/blogs.uninter.edu.mx\/difusioncultural\/#\/schema\/person\/37a0926f4dd300a814993fd595abdc4a\",\"name\":\"webmaster\",\"image\":{\"@type\":\"ImageObject\",\"inLanguage\":\"es\",\"@id\":\"https:\/\/blogs.uninter.edu.mx\/difusioncultural\/#\/schema\/person\/image\/\",\"url\":\"https:\/\/secure.gravatar.com\/avatar\/a59c276b01147463ef3aab4118e3137ebc5e1ad6700deb39ccdf8b89e517f7dc?s=96&d=mm&r=g\",\"contentUrl\":\"https:\/\/secure.gravatar.com\/avatar\/a59c276b01147463ef3aab4118e3137ebc5e1ad6700deb39ccdf8b89e517f7dc?s=96&d=mm&r=g\",\"caption\":\"webmaster\"},\"sameAs\":[\"https:\/\/blogs.uninter.edu.mx\/difusioncultural\"],\"url\":\"https:\/\/blogs.uninter.edu.mx\/difusioncultural\/?author=1\"}]}<\/script>\r\n<!-- \/ Yoast SEO plugin. -->","yoast_head_json":{"title":"Rendir\u00e1n homenaje a Jos\u00e9 Emilio Pacheco en D\u00eda del Libro - Difusi\u00f3n Cultural","robots":{"index":"index","follow":"follow","max-snippet":"max-snippet:-1","max-image-preview":"max-image-preview:large","max-video-preview":"max-video-preview:-1"},"canonical":"https:\/\/blogs.uninter.edu.mx\/difusioncultural\/?p=2684","og_locale":"es_MX","og_type":"article","og_title":"Rendir\u00e1n homenaje a Jos\u00e9 Emilio Pacheco en D\u00eda del Libro - Difusi\u00f3n Cultural","og_description":"La novela &#8216;Las batallas en el desierto&#8217;, el poemario &#8216;Nuevo \u00e1lbum de zoolog\u00eda&#8217; y el libro de cuentos&#8217; El principio del placer&#8217;, integran la terna para la lectura en voz alta que se llevar\u00e1 a cabo el pr\u00f3ximo 29 de abril, en la rambla Catalu\u00f1a y en 80 sedes m\u00e1s en Jalisco, con motivo del&hellip;","og_url":"https:\/\/blogs.uninter.edu.mx\/difusioncultural\/?p=2684","og_site_name":"Difusi\u00f3n Cultural","article_published_time":"2014-03-23T14:28:49+00:00","og_image":[{"url":"https:\/\/blogs.uninter.edu.mx\/difusioncultural\/wp-content\/uploads\/2014\/03\/jose-emilio-pacheco-1989-foto-de-rogelio-cuellar.jpg?w=300","type":"","width":"","height":""}],"author":"webmaster","twitter_card":"summary_large_image","twitter_misc":{"Escrito por":"webmaster","Tiempo de lectura":"2 minutos"},"schema":{"@context":"https:\/\/schema.org","@graph":[{"@type":"Article","@id":"https:\/\/blogs.uninter.edu.mx\/difusioncultural\/?p=2684#article","isPartOf":{"@id":"https:\/\/blogs.uninter.edu.mx\/difusioncultural\/?p=2684"},"author":{"name":"webmaster","@id":"https:\/\/blogs.uninter.edu.mx\/difusioncultural\/#\/schema\/person\/37a0926f4dd300a814993fd595abdc4a"},"headline":"Rendir\u00e1n homenaje a Jos\u00e9 Emilio Pacheco en D\u00eda del Libro","datePublished":"2014-03-23T14:28:49+00:00","mainEntityOfPage":{"@id":"https:\/\/blogs.uninter.edu.mx\/difusioncultural\/?p=2684"},"wordCount":486,"publisher":{"@id":"https:\/\/blogs.uninter.edu.mx\/difusioncultural\/#organization"},"image":{"@id":"https:\/\/blogs.uninter.edu.mx\/difusioncultural\/?p=2684#primaryimage"},"thumbnailUrl":"https:\/\/blogs.uninter.edu.mx\/difusioncultural\/wp-content\/uploads\/2014\/03\/jose-emilio-pacheco-1989-foto-de-rogelio-cuellar.jpg?w=300","inLanguage":"es"},{"@type":"WebPage","@id":"https:\/\/blogs.uninter.edu.mx\/difusioncultural\/?p=2684","url":"https:\/\/blogs.uninter.edu.mx\/difusioncultural\/?p=2684","name":"Rendir\u00e1n homenaje a Jos\u00e9 Emilio Pacheco en D\u00eda del Libro - Difusi\u00f3n Cultural","isPartOf":{"@id":"https:\/\/blogs.uninter.edu.mx\/difusioncultural\/#website"},"primaryImageOfPage":{"@id":"https:\/\/blogs.uninter.edu.mx\/difusioncultural\/?p=2684#primaryimage"},"image":{"@id":"https:\/\/blogs.uninter.edu.mx\/difusioncultural\/?p=2684#primaryimage"},"thumbnailUrl":"https:\/\/blogs.uninter.edu.mx\/difusioncultural\/wp-content\/uploads\/2014\/03\/jose-emilio-pacheco-1989-foto-de-rogelio-cuellar.jpg?w=300","datePublished":"2014-03-23T14:28:49+00:00","breadcrumb":{"@id":"https:\/\/blogs.uninter.edu.mx\/difusioncultural\/?p=2684#breadcrumb"},"inLanguage":"es","potentialAction":[{"@type":"ReadAction","target":["https:\/\/blogs.uninter.edu.mx\/difusioncultural\/?p=2684"]}]},{"@type":"ImageObject","inLanguage":"es","@id":"https:\/\/blogs.uninter.edu.mx\/difusioncultural\/?p=2684#primaryimage","url":"https:\/\/blogs.uninter.edu.mx\/difusioncultural\/wp-content\/uploads\/2014\/03\/jose-emilio-pacheco-1989-foto-de-rogelio-cuellar.jpg?w=300","contentUrl":"https:\/\/blogs.uninter.edu.mx\/difusioncultural\/wp-content\/uploads\/2014\/03\/jose-emilio-pacheco-1989-foto-de-rogelio-cuellar.jpg?w=300"},{"@type":"BreadcrumbList","@id":"https:\/\/blogs.uninter.edu.mx\/difusioncultural\/?p=2684#breadcrumb","itemListElement":[{"@type":"ListItem","position":1,"name":"Inicio","item":"https:\/\/blogs.uninter.edu.mx\/difusioncultural\/"},{"@type":"ListItem","position":2,"name":"Rendir\u00e1n homenaje a Jos\u00e9 Emilio Pacheco en D\u00eda del Libro"}]},{"@type":"WebSite","@id":"https:\/\/blogs.uninter.edu.mx\/difusioncultural\/#website","url":"https:\/\/blogs.uninter.edu.mx\/difusioncultural\/","name":"Difusi\u00f3n Cultural","description":"UNINTER","publisher":{"@id":"https:\/\/blogs.uninter.edu.mx\/difusioncultural\/#organization"},"potentialAction":[{"@type":"SearchAction","target":{"@type":"EntryPoint","urlTemplate":"https:\/\/blogs.uninter.edu.mx\/difusioncultural\/?s={search_term_string}"},"query-input":{"@type":"PropertyValueSpecification","valueRequired":true,"valueName":"search_term_string"}}],"inLanguage":"es"},{"@type":"Organization","@id":"https:\/\/blogs.uninter.edu.mx\/difusioncultural\/#organization","name":"Difusi\u00f3n Cultural","url":"https:\/\/blogs.uninter.edu.mx\/difusioncultural\/","logo":{"@type":"ImageObject","inLanguage":"es","@id":"https:\/\/blogs.uninter.edu.mx\/difusioncultural\/#\/schema\/logo\/image\/","url":"https:\/\/blogs.uninter.edu.mx\/difusioncultural\/wp-content\/uploads\/2022\/09\/uninter.jpg","contentUrl":"https:\/\/blogs.uninter.edu.mx\/difusioncultural\/wp-content\/uploads\/2022\/09\/uninter.jpg","width":2048,"height":2048,"caption":"Difusi\u00f3n Cultural"},"image":{"@id":"https:\/\/blogs.uninter.edu.mx\/difusioncultural\/#\/schema\/logo\/image\/"}},{"@type":"Person","@id":"https:\/\/blogs.uninter.edu.mx\/difusioncultural\/#\/schema\/person\/37a0926f4dd300a814993fd595abdc4a","name":"webmaster","image":{"@type":"ImageObject","inLanguage":"es","@id":"https:\/\/blogs.uninter.edu.mx\/difusioncultural\/#\/schema\/person\/image\/","url":"https:\/\/secure.gravatar.com\/avatar\/a59c276b01147463ef3aab4118e3137ebc5e1ad6700deb39ccdf8b89e517f7dc?s=96&d=mm&r=g","contentUrl":"https:\/\/secure.gravatar.com\/avatar\/a59c276b01147463ef3aab4118e3137ebc5e1ad6700deb39ccdf8b89e517f7dc?s=96&d=mm&r=g","caption":"webmaster"},"sameAs":["https:\/\/blogs.uninter.edu.mx\/difusioncultural"],"url":"https:\/\/blogs.uninter.edu.mx\/difusioncultural\/?author=1"}]}},"jetpack_publicize_connections":[],"jetpack_featured_media_url":"","jetpack_sharing_enabled":true,"_links":{"self":[{"href":"https:\/\/blogs.uninter.edu.mx\/difusioncultural\/index.php?rest_route=\/wp\/v2\/posts\/2684","targetHints":{"allow":["GET"]}}],"collection":[{"href":"https:\/\/blogs.uninter.edu.mx\/difusioncultural\/index.php?rest_route=\/wp\/v2\/posts"}],"about":[{"href":"https:\/\/blogs.uninter.edu.mx\/difusioncultural\/index.php?rest_route=\/wp\/v2\/types\/post"}],"author":[{"embeddable":true,"href":"https:\/\/blogs.uninter.edu.mx\/difusioncultural\/index.php?rest_route=\/wp\/v2\/users\/1"}],"replies":[{"embeddable":true,"href":"https:\/\/blogs.uninter.edu.mx\/difusioncultural\/index.php?rest_route=%2Fwp%2Fv2%2Fcomments&post=2684"}],"version-history":[{"count":0,"href":"https:\/\/blogs.uninter.edu.mx\/difusioncultural\/index.php?rest_route=\/wp\/v2\/posts\/2684\/revisions"}],"wp:attachment":[{"href":"https:\/\/blogs.uninter.edu.mx\/difusioncultural\/index.php?rest_route=%2Fwp%2Fv2%2Fmedia&parent=2684"}],"wp:term":[{"taxonomy":"category","embeddable":true,"href":"https:\/\/blogs.uninter.edu.mx\/difusioncultural\/index.php?rest_route=%2Fwp%2Fv2%2Fcategories&post=2684"},{"taxonomy":"post_tag","embeddable":true,"href":"https:\/\/blogs.uninter.edu.mx\/difusioncultural\/index.php?rest_route=%2Fwp%2Fv2%2Ftags&post=2684"}],"curies":[{"name":"wp","href":"https:\/\/api.w.org\/{rel}","templated":true}]}}