{"id":2783,"date":"2014-04-24T16:59:02","date_gmt":"2014-04-24T16:59:02","guid":{"rendered":"http:\/\/difusionculturaluninter.wordpress.com\/?p=2783"},"modified":"2014-04-24T16:59:02","modified_gmt":"2014-04-24T16:59:02","slug":"muere-el-afamado-arquitecto-austriaco-hans-hollein","status":"publish","type":"post","link":"https:\/\/blogs.uninter.edu.mx\/difusioncultural\/?p=2783","title":{"rendered":"Muere el afamado arquitecto austr\u00edaco Hans Hollein"},"content":{"rendered":"<p>El afamado arquitecto austr\u00edaco Hans Hollein, ganador en 1985 del Premio Pritzker, considerado como el \u00d3scar de la arquitectura, ha muerto hoy en Viena a causa de una larga enfermedad, confirm\u00f3 la familia del fallecido a la agencia de noticias APA. <\/p>\n<p>Entre las obras de Hollein, quien cumpli\u00f3 el pasado 30 de marzo 80 a\u00f1os de edad, destacan, entre otras, la renovaci\u00f3n del Museo Albertina y la Haas Haus, ambas en Viena, y las Torres Pezet 515 e Interbank, situadas en Lima. <\/p>\n<p>Hollein destac\u00f3 no s\u00f3lo como arquitecto sino tambi\u00e9n como dise\u00f1ador de muebles, decorador de escenarios de teatros, profesor universitario y director de instituciones art\u00edsticas como la Biennale de Arquitectura de Venecia en 1996. <\/p>\n<p>Sus obras arquitect\u00f3nicas se encuentran en pa\u00edses como Austria (Hotel Hilton, Haas Haus, Media-Tower, entre otros), Alemania (Embajada austr\u00edaca en Berl\u00edn, Museo de Arte Moderno de Fr\u00e1ncfort), Espa\u00f1a (Banco de Santander) o Francia (Museo Vulcania en Clermont-Ferrand). <\/p>\n<p>Pero tambi\u00e9n construy\u00f3 en Estados Unidos (Galer\u00eda Richard Feigen de Nueva York), Ir\u00e1n (Museo de Cristal de Teher\u00e1n), Taiw\u00e1n (Sea Mio, Apartment-Towers) o las mencionadas torres en Per\u00fa. <\/p>\n<p>Posee numerosos premios y recibi\u00f3 en 1983 el Gran Premio Estatal de Austria. En Francia recibi\u00f3 la orden nacional de la Legi\u00f3n de Honor. Hollein est\u00e1 considerado como el arquitecto m\u00e1s relevante de Austria de la segunda mitad del siglo XX y del siglo XXI. <\/p>\n<p>Estudi\u00f3 primero en la Academia de las Artes Pl\u00e1sticas de Viena y luego a partir de 1956 en Estados Unidos, donde se form\u00f3 en el Instituto de Tecnolog\u00eda de Illinois (ITT) y en la prestigiosa Universidad de California, en Berkeley.<br \/>\nEn 1964 inaugur\u00f3 su propio estudio de arquitectura en Viena, donde apenas un a\u00f1o m\u00e1s tarde ya gan\u00f3 su primer premio internacional por el dise\u00f1o de una peque\u00f1a &#8220;boutique&#8221; de velas. <\/p>\n<p>En su Austria natal, donde naci\u00f3 en 1934, Hollein ha ocupado varios cargos de planificaci\u00f3n urban\u00edstica, as\u00ed como la presidencia del Senado por las Artes de Austria. <\/p>\n<p><a href=\"https:\/\/blogs.uninter.edu.mx\/difusioncultural\/wp-content\/uploads\/2014\/04\/hans-hollein.jpg\"><img fetchpriority=\"high\" decoding=\"async\" src=\"https:\/\/blogs.uninter.edu.mx\/difusioncultural\/wp-content\/uploads\/2014\/04\/hans-hollein.jpg?w=300\" alt=\"Hans-Hollein\" width=\"300\" height=\"300\" class=\"alignnone size-medium wp-image-2784\" \/><\/a><\/p>\n<p>El hoy fallecido fue un visionario y te\u00f3rico de la arquitectura que plante\u00f3 en sus bocetos y instalaciones o esculturas cuestiones fundamentales sobre el espacio y la construcci\u00f3n. <\/p>\n<p>Tras su muerte quedan pendientes varios proyectos, por ejemplo, en China, donde para 2016 se espera en la ciudad de Shenzhen la inauguraci\u00f3n de la Torre SBF, de 200 metros de altura.<br \/>\nHollein tiene dos hijos que han destacado en el arte y la arquitectura: su hijo Max es director de la Schirn Kunsthalle de Fr\u00e1nfort, mientras que su hija Lilla ocupa el cargo de directora de la Vienna Design Week. <\/p>\n<p>El Museo de Arte Moderno de Viena (MAK) inaugurar\u00e1 el pr\u00f3ximo 25 de junio una retrospectiva sobre el trabajo de Hollein, que tras su muerte servir\u00e1 de homenaje p\u00f3stumo.<\/p>\n<p><a href=\"https:\/\/blogs.uninter.edu.mx\/difusioncultural\/wp-content\/uploads\/2014\/04\/dzn_sbf-tower-by-hans-hollein-3.jpg\"><img decoding=\"async\" src=\"https:\/\/blogs.uninter.edu.mx\/difusioncultural\/wp-content\/uploads\/2014\/04\/dzn_sbf-tower-by-hans-hollein-3.jpg?w=231\" alt=\"dzn_SBF-Tower-by-Hans-Hollein-3\" width=\"231\" height=\"300\" class=\"alignnone size-medium wp-image-2785\" \/><\/a><\/p>\n<p><a href=\"https:\/\/blogs.uninter.edu.mx\/difusioncultural\/wp-content\/uploads\/2014\/04\/fw17373h.jpg\"><img decoding=\"async\" src=\"https:\/\/blogs.uninter.edu.mx\/difusioncultural\/wp-content\/uploads\/2014\/04\/fw17373h.jpg?w=300\" alt=\"fw17373h\" width=\"300\" height=\"200\" class=\"alignnone size-medium wp-image-2786\" \/><\/a><\/p>\n<p><a href=\"https:\/\/blogs.uninter.edu.mx\/difusioncultural\/wp-content\/uploads\/2014\/04\/murinsel-430x262-1.jpg\"><img loading=\"lazy\" decoding=\"async\" src=\"https:\/\/blogs.uninter.edu.mx\/difusioncultural\/wp-content\/uploads\/2014\/04\/murinsel-430x262-1.jpg?w=300\" alt=\"murinsel-430x262\" width=\"300\" height=\"182\" class=\"alignnone size-medium wp-image-2787\" \/><\/a><\/p>\n","protected":false},"excerpt":{"rendered":"<p>El afamado arquitecto austr\u00edaco Hans Hollein, ganador en 1985 del Premio Pritzker, considerado como el \u00d3scar de la arquitectura, ha muerto hoy en Viena a causa de una larga enfermedad, confirm\u00f3 la familia del fallecido a la agencia de noticias APA. Entre las obras de Hollein, quien cumpli\u00f3 el pasado 30 de marzo 80 a\u00f1os&hellip;<\/p>\n","protected":false},"author":1,"featured_media":0,"comment_status":"closed","ping_status":"open","sticky":false,"template":"","format":"standard","meta":{"_jetpack_memberships_contains_paid_content":false,"footnotes":"","jetpack_publicize_message":"","jetpack_publicize_feature_enabled":true,"jetpack_social_post_already_shared":false,"jetpack_social_options":{"image_generator_settings":{"template":"highway","default_image_id":0,"font":"","enabled":false},"version":2}},"categories":[1],"tags":[],"class_list":["post-2783","post","type-post","status-publish","format-standard","hentry","category-sin-categoria"],"yoast_head":"<!-- This site is optimized with the Yoast SEO plugin v26.3 - https:\/\/yoast.com\/wordpress\/plugins\/seo\/ -->\r\n<title>Muere el afamado arquitecto austr\u00edaco Hans Hollein - Difusi\u00f3n Cultural<\/title>\r\n<meta name=\"robots\" content=\"index, follow, max-snippet:-1, max-image-preview:large, max-video-preview:-1\" \/>\r\n<link rel=\"canonical\" href=\"https:\/\/blogs.uninter.edu.mx\/difusioncultural\/?p=2783\" \/>\r\n<meta property=\"og:locale\" content=\"es_MX\" \/>\r\n<meta property=\"og:type\" content=\"article\" \/>\r\n<meta property=\"og:title\" content=\"Muere el afamado arquitecto austr\u00edaco Hans Hollein - Difusi\u00f3n Cultural\" \/>\r\n<meta property=\"og:description\" content=\"El afamado arquitecto austr\u00edaco Hans Hollein, ganador en 1985 del Premio Pritzker, considerado como el \u00d3scar de la arquitectura, ha muerto hoy en Viena a causa de una larga enfermedad, confirm\u00f3 la familia del fallecido a la agencia de noticias APA. Entre las obras de Hollein, quien cumpli\u00f3 el pasado 30 de marzo 80 a\u00f1os&hellip;\" \/>\r\n<meta property=\"og:url\" content=\"https:\/\/blogs.uninter.edu.mx\/difusioncultural\/?p=2783\" \/>\r\n<meta property=\"og:site_name\" content=\"Difusi\u00f3n Cultural\" \/>\r\n<meta property=\"article:published_time\" content=\"2014-04-24T16:59:02+00:00\" \/>\r\n<meta property=\"og:image\" content=\"https:\/\/blogs.uninter.edu.mx\/difusioncultural\/wp-content\/uploads\/2014\/04\/hans-hollein.jpg?w=300\" \/>\r\n<meta name=\"author\" content=\"webmaster\" \/>\r\n<meta name=\"twitter:card\" content=\"summary_large_image\" \/>\r\n<meta name=\"twitter:label1\" content=\"Escrito por\" \/>\n\t<meta name=\"twitter:data1\" content=\"webmaster\" \/>\n\t<meta name=\"twitter:label2\" content=\"Tiempo de lectura\" \/>\n\t<meta name=\"twitter:data2\" content=\"2 minutos\" \/>\r\n<script type=\"application\/ld+json\" class=\"yoast-schema-graph\">{\"@context\":\"https:\/\/schema.org\",\"@graph\":[{\"@type\":\"Article\",\"@id\":\"https:\/\/blogs.uninter.edu.mx\/difusioncultural\/?p=2783#article\",\"isPartOf\":{\"@id\":\"https:\/\/blogs.uninter.edu.mx\/difusioncultural\/?p=2783\"},\"author\":{\"name\":\"webmaster\",\"@id\":\"https:\/\/blogs.uninter.edu.mx\/difusioncultural\/#\/schema\/person\/37a0926f4dd300a814993fd595abdc4a\"},\"headline\":\"Muere el afamado arquitecto austr\u00edaco Hans Hollein\",\"datePublished\":\"2014-04-24T16:59:02+00:00\",\"mainEntityOfPage\":{\"@id\":\"https:\/\/blogs.uninter.edu.mx\/difusioncultural\/?p=2783\"},\"wordCount\":481,\"publisher\":{\"@id\":\"https:\/\/blogs.uninter.edu.mx\/difusioncultural\/#organization\"},\"image\":{\"@id\":\"https:\/\/blogs.uninter.edu.mx\/difusioncultural\/?p=2783#primaryimage\"},\"thumbnailUrl\":\"https:\/\/blogs.uninter.edu.mx\/difusioncultural\/wp-content\/uploads\/2014\/04\/hans-hollein.jpg?w=300\",\"inLanguage\":\"es\"},{\"@type\":\"WebPage\",\"@id\":\"https:\/\/blogs.uninter.edu.mx\/difusioncultural\/?p=2783\",\"url\":\"https:\/\/blogs.uninter.edu.mx\/difusioncultural\/?p=2783\",\"name\":\"Muere el afamado arquitecto austr\u00edaco Hans Hollein - Difusi\u00f3n Cultural\",\"isPartOf\":{\"@id\":\"https:\/\/blogs.uninter.edu.mx\/difusioncultural\/#website\"},\"primaryImageOfPage\":{\"@id\":\"https:\/\/blogs.uninter.edu.mx\/difusioncultural\/?p=2783#primaryimage\"},\"image\":{\"@id\":\"https:\/\/blogs.uninter.edu.mx\/difusioncultural\/?p=2783#primaryimage\"},\"thumbnailUrl\":\"https:\/\/blogs.uninter.edu.mx\/difusioncultural\/wp-content\/uploads\/2014\/04\/hans-hollein.jpg?w=300\",\"datePublished\":\"2014-04-24T16:59:02+00:00\",\"breadcrumb\":{\"@id\":\"https:\/\/blogs.uninter.edu.mx\/difusioncultural\/?p=2783#breadcrumb\"},\"inLanguage\":\"es\",\"potentialAction\":[{\"@type\":\"ReadAction\",\"target\":[\"https:\/\/blogs.uninter.edu.mx\/difusioncultural\/?p=2783\"]}]},{\"@type\":\"ImageObject\",\"inLanguage\":\"es\",\"@id\":\"https:\/\/blogs.uninter.edu.mx\/difusioncultural\/?p=2783#primaryimage\",\"url\":\"https:\/\/blogs.uninter.edu.mx\/difusioncultural\/wp-content\/uploads\/2014\/04\/hans-hollein.jpg?w=300\",\"contentUrl\":\"https:\/\/blogs.uninter.edu.mx\/difusioncultural\/wp-content\/uploads\/2014\/04\/hans-hollein.jpg?w=300\"},{\"@type\":\"BreadcrumbList\",\"@id\":\"https:\/\/blogs.uninter.edu.mx\/difusioncultural\/?p=2783#breadcrumb\",\"itemListElement\":[{\"@type\":\"ListItem\",\"position\":1,\"name\":\"Inicio\",\"item\":\"https:\/\/blogs.uninter.edu.mx\/difusioncultural\/\"},{\"@type\":\"ListItem\",\"position\":2,\"name\":\"Muere el afamado arquitecto austr\u00edaco Hans Hollein\"}]},{\"@type\":\"WebSite\",\"@id\":\"https:\/\/blogs.uninter.edu.mx\/difusioncultural\/#website\",\"url\":\"https:\/\/blogs.uninter.edu.mx\/difusioncultural\/\",\"name\":\"Difusi\u00f3n Cultural\",\"description\":\"UNINTER\",\"publisher\":{\"@id\":\"https:\/\/blogs.uninter.edu.mx\/difusioncultural\/#organization\"},\"potentialAction\":[{\"@type\":\"SearchAction\",\"target\":{\"@type\":\"EntryPoint\",\"urlTemplate\":\"https:\/\/blogs.uninter.edu.mx\/difusioncultural\/?s={search_term_string}\"},\"query-input\":{\"@type\":\"PropertyValueSpecification\",\"valueRequired\":true,\"valueName\":\"search_term_string\"}}],\"inLanguage\":\"es\"},{\"@type\":\"Organization\",\"@id\":\"https:\/\/blogs.uninter.edu.mx\/difusioncultural\/#organization\",\"name\":\"Difusi\u00f3n Cultural\",\"url\":\"https:\/\/blogs.uninter.edu.mx\/difusioncultural\/\",\"logo\":{\"@type\":\"ImageObject\",\"inLanguage\":\"es\",\"@id\":\"https:\/\/blogs.uninter.edu.mx\/difusioncultural\/#\/schema\/logo\/image\/\",\"url\":\"https:\/\/blogs.uninter.edu.mx\/difusioncultural\/wp-content\/uploads\/2022\/09\/uninter.jpg\",\"contentUrl\":\"https:\/\/blogs.uninter.edu.mx\/difusioncultural\/wp-content\/uploads\/2022\/09\/uninter.jpg\",\"width\":2048,\"height\":2048,\"caption\":\"Difusi\u00f3n Cultural\"},\"image\":{\"@id\":\"https:\/\/blogs.uninter.edu.mx\/difusioncultural\/#\/schema\/logo\/image\/\"}},{\"@type\":\"Person\",\"@id\":\"https:\/\/blogs.uninter.edu.mx\/difusioncultural\/#\/schema\/person\/37a0926f4dd300a814993fd595abdc4a\",\"name\":\"webmaster\",\"image\":{\"@type\":\"ImageObject\",\"inLanguage\":\"es\",\"@id\":\"https:\/\/blogs.uninter.edu.mx\/difusioncultural\/#\/schema\/person\/image\/\",\"url\":\"https:\/\/secure.gravatar.com\/avatar\/a59c276b01147463ef3aab4118e3137ebc5e1ad6700deb39ccdf8b89e517f7dc?s=96&d=mm&r=g\",\"contentUrl\":\"https:\/\/secure.gravatar.com\/avatar\/a59c276b01147463ef3aab4118e3137ebc5e1ad6700deb39ccdf8b89e517f7dc?s=96&d=mm&r=g\",\"caption\":\"webmaster\"},\"sameAs\":[\"https:\/\/blogs.uninter.edu.mx\/difusioncultural\"],\"url\":\"https:\/\/blogs.uninter.edu.mx\/difusioncultural\/?author=1\"}]}<\/script>\r\n<!-- \/ Yoast SEO plugin. -->","yoast_head_json":{"title":"Muere el afamado arquitecto austr\u00edaco Hans Hollein - Difusi\u00f3n Cultural","robots":{"index":"index","follow":"follow","max-snippet":"max-snippet:-1","max-image-preview":"max-image-preview:large","max-video-preview":"max-video-preview:-1"},"canonical":"https:\/\/blogs.uninter.edu.mx\/difusioncultural\/?p=2783","og_locale":"es_MX","og_type":"article","og_title":"Muere el afamado arquitecto austr\u00edaco Hans Hollein - Difusi\u00f3n Cultural","og_description":"El afamado arquitecto austr\u00edaco Hans Hollein, ganador en 1985 del Premio Pritzker, considerado como el \u00d3scar de la arquitectura, ha muerto hoy en Viena a causa de una larga enfermedad, confirm\u00f3 la familia del fallecido a la agencia de noticias APA. Entre las obras de Hollein, quien cumpli\u00f3 el pasado 30 de marzo 80 a\u00f1os&hellip;","og_url":"https:\/\/blogs.uninter.edu.mx\/difusioncultural\/?p=2783","og_site_name":"Difusi\u00f3n Cultural","article_published_time":"2014-04-24T16:59:02+00:00","og_image":[{"url":"https:\/\/blogs.uninter.edu.mx\/difusioncultural\/wp-content\/uploads\/2014\/04\/hans-hollein.jpg?w=300","type":"","width":"","height":""}],"author":"webmaster","twitter_card":"summary_large_image","twitter_misc":{"Escrito por":"webmaster","Tiempo de lectura":"2 minutos"},"schema":{"@context":"https:\/\/schema.org","@graph":[{"@type":"Article","@id":"https:\/\/blogs.uninter.edu.mx\/difusioncultural\/?p=2783#article","isPartOf":{"@id":"https:\/\/blogs.uninter.edu.mx\/difusioncultural\/?p=2783"},"author":{"name":"webmaster","@id":"https:\/\/blogs.uninter.edu.mx\/difusioncultural\/#\/schema\/person\/37a0926f4dd300a814993fd595abdc4a"},"headline":"Muere el afamado arquitecto austr\u00edaco Hans Hollein","datePublished":"2014-04-24T16:59:02+00:00","mainEntityOfPage":{"@id":"https:\/\/blogs.uninter.edu.mx\/difusioncultural\/?p=2783"},"wordCount":481,"publisher":{"@id":"https:\/\/blogs.uninter.edu.mx\/difusioncultural\/#organization"},"image":{"@id":"https:\/\/blogs.uninter.edu.mx\/difusioncultural\/?p=2783#primaryimage"},"thumbnailUrl":"https:\/\/blogs.uninter.edu.mx\/difusioncultural\/wp-content\/uploads\/2014\/04\/hans-hollein.jpg?w=300","inLanguage":"es"},{"@type":"WebPage","@id":"https:\/\/blogs.uninter.edu.mx\/difusioncultural\/?p=2783","url":"https:\/\/blogs.uninter.edu.mx\/difusioncultural\/?p=2783","name":"Muere el afamado arquitecto austr\u00edaco Hans Hollein - Difusi\u00f3n Cultural","isPartOf":{"@id":"https:\/\/blogs.uninter.edu.mx\/difusioncultural\/#website"},"primaryImageOfPage":{"@id":"https:\/\/blogs.uninter.edu.mx\/difusioncultural\/?p=2783#primaryimage"},"image":{"@id":"https:\/\/blogs.uninter.edu.mx\/difusioncultural\/?p=2783#primaryimage"},"thumbnailUrl":"https:\/\/blogs.uninter.edu.mx\/difusioncultural\/wp-content\/uploads\/2014\/04\/hans-hollein.jpg?w=300","datePublished":"2014-04-24T16:59:02+00:00","breadcrumb":{"@id":"https:\/\/blogs.uninter.edu.mx\/difusioncultural\/?p=2783#breadcrumb"},"inLanguage":"es","potentialAction":[{"@type":"ReadAction","target":["https:\/\/blogs.uninter.edu.mx\/difusioncultural\/?p=2783"]}]},{"@type":"ImageObject","inLanguage":"es","@id":"https:\/\/blogs.uninter.edu.mx\/difusioncultural\/?p=2783#primaryimage","url":"https:\/\/blogs.uninter.edu.mx\/difusioncultural\/wp-content\/uploads\/2014\/04\/hans-hollein.jpg?w=300","contentUrl":"https:\/\/blogs.uninter.edu.mx\/difusioncultural\/wp-content\/uploads\/2014\/04\/hans-hollein.jpg?w=300"},{"@type":"BreadcrumbList","@id":"https:\/\/blogs.uninter.edu.mx\/difusioncultural\/?p=2783#breadcrumb","itemListElement":[{"@type":"ListItem","position":1,"name":"Inicio","item":"https:\/\/blogs.uninter.edu.mx\/difusioncultural\/"},{"@type":"ListItem","position":2,"name":"Muere el afamado arquitecto austr\u00edaco Hans Hollein"}]},{"@type":"WebSite","@id":"https:\/\/blogs.uninter.edu.mx\/difusioncultural\/#website","url":"https:\/\/blogs.uninter.edu.mx\/difusioncultural\/","name":"Difusi\u00f3n Cultural","description":"UNINTER","publisher":{"@id":"https:\/\/blogs.uninter.edu.mx\/difusioncultural\/#organization"},"potentialAction":[{"@type":"SearchAction","target":{"@type":"EntryPoint","urlTemplate":"https:\/\/blogs.uninter.edu.mx\/difusioncultural\/?s={search_term_string}"},"query-input":{"@type":"PropertyValueSpecification","valueRequired":true,"valueName":"search_term_string"}}],"inLanguage":"es"},{"@type":"Organization","@id":"https:\/\/blogs.uninter.edu.mx\/difusioncultural\/#organization","name":"Difusi\u00f3n Cultural","url":"https:\/\/blogs.uninter.edu.mx\/difusioncultural\/","logo":{"@type":"ImageObject","inLanguage":"es","@id":"https:\/\/blogs.uninter.edu.mx\/difusioncultural\/#\/schema\/logo\/image\/","url":"https:\/\/blogs.uninter.edu.mx\/difusioncultural\/wp-content\/uploads\/2022\/09\/uninter.jpg","contentUrl":"https:\/\/blogs.uninter.edu.mx\/difusioncultural\/wp-content\/uploads\/2022\/09\/uninter.jpg","width":2048,"height":2048,"caption":"Difusi\u00f3n Cultural"},"image":{"@id":"https:\/\/blogs.uninter.edu.mx\/difusioncultural\/#\/schema\/logo\/image\/"}},{"@type":"Person","@id":"https:\/\/blogs.uninter.edu.mx\/difusioncultural\/#\/schema\/person\/37a0926f4dd300a814993fd595abdc4a","name":"webmaster","image":{"@type":"ImageObject","inLanguage":"es","@id":"https:\/\/blogs.uninter.edu.mx\/difusioncultural\/#\/schema\/person\/image\/","url":"https:\/\/secure.gravatar.com\/avatar\/a59c276b01147463ef3aab4118e3137ebc5e1ad6700deb39ccdf8b89e517f7dc?s=96&d=mm&r=g","contentUrl":"https:\/\/secure.gravatar.com\/avatar\/a59c276b01147463ef3aab4118e3137ebc5e1ad6700deb39ccdf8b89e517f7dc?s=96&d=mm&r=g","caption":"webmaster"},"sameAs":["https:\/\/blogs.uninter.edu.mx\/difusioncultural"],"url":"https:\/\/blogs.uninter.edu.mx\/difusioncultural\/?author=1"}]}},"jetpack_publicize_connections":[],"jetpack_featured_media_url":"","jetpack_sharing_enabled":true,"_links":{"self":[{"href":"https:\/\/blogs.uninter.edu.mx\/difusioncultural\/index.php?rest_route=\/wp\/v2\/posts\/2783","targetHints":{"allow":["GET"]}}],"collection":[{"href":"https:\/\/blogs.uninter.edu.mx\/difusioncultural\/index.php?rest_route=\/wp\/v2\/posts"}],"about":[{"href":"https:\/\/blogs.uninter.edu.mx\/difusioncultural\/index.php?rest_route=\/wp\/v2\/types\/post"}],"author":[{"embeddable":true,"href":"https:\/\/blogs.uninter.edu.mx\/difusioncultural\/index.php?rest_route=\/wp\/v2\/users\/1"}],"replies":[{"embeddable":true,"href":"https:\/\/blogs.uninter.edu.mx\/difusioncultural\/index.php?rest_route=%2Fwp%2Fv2%2Fcomments&post=2783"}],"version-history":[{"count":0,"href":"https:\/\/blogs.uninter.edu.mx\/difusioncultural\/index.php?rest_route=\/wp\/v2\/posts\/2783\/revisions"}],"wp:attachment":[{"href":"https:\/\/blogs.uninter.edu.mx\/difusioncultural\/index.php?rest_route=%2Fwp%2Fv2%2Fmedia&parent=2783"}],"wp:term":[{"taxonomy":"category","embeddable":true,"href":"https:\/\/blogs.uninter.edu.mx\/difusioncultural\/index.php?rest_route=%2Fwp%2Fv2%2Fcategories&post=2783"},{"taxonomy":"post_tag","embeddable":true,"href":"https:\/\/blogs.uninter.edu.mx\/difusioncultural\/index.php?rest_route=%2Fwp%2Fv2%2Ftags&post=2783"}],"curies":[{"name":"wp","href":"https:\/\/api.w.org\/{rel}","templated":true}]}}