{"id":2815,"date":"2014-05-05T04:45:45","date_gmt":"2014-05-05T04:45:45","guid":{"rendered":"http:\/\/difusionculturaluninter.wordpress.com\/?p=2815"},"modified":"2014-05-05T04:45:45","modified_gmt":"2014-05-05T04:45:45","slug":"5-de-mayo-batalla-de-puebla","status":"publish","type":"post","link":"https:\/\/blogs.uninter.edu.mx\/difusioncultural\/?p=2815","title":{"rendered":"5 de Mayo Batalla de Puebla"},"content":{"rendered":"<p>Un d\u00eda como hoy pero de 1862 se dio la heroica batalla en el Estado de Pueblo . El 5 de mayo representa, sin lugar a duda, una de las fechas m\u00e1s emblem\u00e1ticas de la historia de nuestro pa\u00eds, pieza clave del orgullo nacional y una de las principales fuentes que nutren el patriotismo mexicano. La ciudad y el estado de Puebla guardan hoy, con orgullo, el recuerdo de haber sido en su territorio donde el ej\u00e9rcito mexicano, al mando del general Ignacio Zaragoza, derrot\u00f3 y detuvo el avance del invasor franc\u00e9s en 1862; reafirmando la soberan\u00eda e independencia de M\u00e9xico frente al que era, en ese momento, el ej\u00e9rcito m\u00e1s poderoso del mundo. Es aqu\u00ed donde las armas nacionales se han cubierto de gloria.<br \/>\n en el ataque y defensa del Fuerte de Loreto y del Fuerte de Guadalupe, durante la invasi\u00f3n francesa a M\u00e9xico. En M\u00e9xico se conmemora con el \u201cCinco de Mayo\u201d. Fue una importante victoria mexicana con resonancia global, pues venci\u00f3 al ej\u00e9rcito m\u00e1s experimentado y reputado de la \u00e9poca.<br \/>\nEn 1861, despu\u00e9s de la larga lucha conocida como la \u201cGuerra de Tres a\u00f1os\u201d, M\u00e9xico estaba en p\u00e9simas condiciones econ\u00f3micas y pol\u00edticas. Ten\u00eda una enorme deuda con Espa\u00f1a, Francia e Inglaterra . Por ello Benito Ju\u00e1rez, quien recientemente hab\u00eda sido eleguido Presidente de M\u00e9xico, declar\u00f3 una moratoria que durar\u00eda dos a\u00f1os, o sea que acord\u00f3 no pagarles durante este tiempo para que M\u00e9xico pudiera reponerse.<br \/>\nEsta decisi\u00f3n, no gust\u00f3 a las naciones extranjeras y as\u00ed los franceses, espa\u00f1oles e ingleses vinieron a M\u00e9xico con el fin de cobrarse a la fuerza la deuda.<br \/>\nEn octubre de 1861, Espa\u00f1a, Inglaterra y Francia se reunieron y decidieron invadir el pa\u00eds, para ello formaron una Alianza Militar Tripartita. Pero, si bien el motivo de la invasi\u00f3n era exigir el pago de las deudas, los pa\u00edses extranjeros ten\u00edan otros intereses particulares:<br \/>\n&#8211; Espa\u00f1a quer\u00eda recuperar el dominio de M\u00e9xico, porque hab\u00eda perdido sus colonias en Am\u00e9rica.<br \/>\n-Inglaterra, contaba con un gran poder industrial y financiero y su imperio se hab\u00eda extendido por Asia y \u00c1frica, pero tambi\u00e9n quer\u00edan extenderlo en Am\u00e9rica.<br \/>\n&#8211; El imperio Franc\u00e9s se hab\u00eda desarrollado mucho en Europa y quer\u00eda abrir nuevos mercados y establecer ricas colonias mineras.<br \/>\nAs\u00ed fue, con una idea com\u00fan, pero con distintos fines, los ej\u00e9rcitos de los tres pa\u00edses aliados llegaron a M\u00e9xico. Ju\u00e1rez les pidi\u00f3 que llegaran a un arreglo amistoso. Como resultado de las negociaciones elaboraron un documento llamado los Acuerdos o Tratados de Soledad y aceptaron la propuesta de Ju\u00e1rez sobre el pago de la deuda.En esta reuni\u00f3n tambi\u00e9n reconocieron el gobierno de Ju\u00e1rez; declararon que respetar\u00edan la integridad y la independencia nacional. Espa\u00f1a e Inglaterra cumplieron con los acuerdos, pero Francia no lo hizo y mand\u00f3 tropas para invadir el pa\u00eds, por lo que se rompi\u00f3 la alianza.<br \/>\nLas tropas francesas estaban muy bien equipadas y eran mucho m\u00e1s grandes que el ejercito Mexicano; por lo que Benito Ju\u00e1rez convoc\u00f3 a toda la poblaci\u00f3n a que luchara, as\u00ed se form\u00f3 un ej\u00e9rcito de aproximadamente 4800 hombres.<br \/>\nFue el 5 de Mayo de 1862 cuando el General Laurencez al mando de las tropas francesas orden\u00f3 el asalto a los fuertes de Loreto y Guadalupe, que defend\u00edan la ciudad de Puebla al mando del General Ignacio Zaragoza; el ejercito invasor que fue rechazado con grandes p\u00e9rdidas al intentar repetidas veces tomar las fortificaciones, al final tuvieron que abandonar el campo y retirarse vencidos y perseguidos por la caballer\u00eda mexicana.<br \/>\nFinalmente, el ej\u00e9rcito franc\u00e9s fue derrotado y el general Ignacio Zaragoza, mand\u00f3 un mensaje telegr\u00e1fico al presidente Ju\u00e1rez, que dec\u00eda \u201cLas armas nacionales se han cubierto de gloria\u201d<br \/>\nLa Batalla de Puebla simboliza el esp\u00edritu de lucha y el amor a la independencia que caracteriza el pueblo mexicano. Actualmente \u00e9ste d\u00eda se celebra realizando ceremonias c\u00edvicas, en muchas ciudades se realizan desfiles. y tambi\u00e9n es costumbre representar la lucha de \u00e9se d\u00eda con gente personificada tanto de mexicanos como franceses.<\/p>\n<p><a href=\"https:\/\/blogs.uninter.edu.mx\/difusioncultural\/wp-content\/uploads\/2014\/05\/1336240048137_f.jpg\"><img fetchpriority=\"high\" decoding=\"async\" src=\"https:\/\/blogs.uninter.edu.mx\/difusioncultural\/wp-content\/uploads\/2014\/05\/1336240048137_f.jpg?w=300\" alt=\"1336240048137_f\" width=\"300\" height=\"200\" class=\"alignnone size-medium wp-image-2816\" \/><\/a><\/p>\n","protected":false},"excerpt":{"rendered":"<p>Un d\u00eda como hoy pero de 1862 se dio la heroica batalla en el Estado de Pueblo . El 5 de mayo representa, sin lugar a duda, una de las fechas m\u00e1s emblem\u00e1ticas de la historia de nuestro pa\u00eds, pieza clave del orgullo nacional y una de las principales fuentes que nutren el patriotismo mexicano.&hellip;<\/p>\n","protected":false},"author":1,"featured_media":0,"comment_status":"closed","ping_status":"open","sticky":false,"template":"","format":"standard","meta":{"_jetpack_memberships_contains_paid_content":false,"footnotes":"","jetpack_publicize_message":"","jetpack_publicize_feature_enabled":true,"jetpack_social_post_already_shared":false,"jetpack_social_options":{"image_generator_settings":{"template":"highway","default_image_id":0,"font":"","enabled":false},"version":2}},"categories":[1],"tags":[],"class_list":["post-2815","post","type-post","status-publish","format-standard","hentry","category-sin-categoria"],"yoast_head":"<!-- This site is optimized with the Yoast SEO plugin v26.3 - https:\/\/yoast.com\/wordpress\/plugins\/seo\/ -->\r\n<title>5 de Mayo Batalla de Puebla - Difusi\u00f3n Cultural<\/title>\r\n<meta name=\"robots\" content=\"index, follow, max-snippet:-1, max-image-preview:large, max-video-preview:-1\" \/>\r\n<link rel=\"canonical\" href=\"https:\/\/blogs.uninter.edu.mx\/difusioncultural\/?p=2815\" \/>\r\n<meta property=\"og:locale\" content=\"es_MX\" \/>\r\n<meta property=\"og:type\" content=\"article\" \/>\r\n<meta property=\"og:title\" content=\"5 de Mayo Batalla de Puebla - Difusi\u00f3n Cultural\" \/>\r\n<meta property=\"og:description\" content=\"Un d\u00eda como hoy pero de 1862 se dio la heroica batalla en el Estado de Pueblo . El 5 de mayo representa, sin lugar a duda, una de las fechas m\u00e1s emblem\u00e1ticas de la historia de nuestro pa\u00eds, pieza clave del orgullo nacional y una de las principales fuentes que nutren el patriotismo mexicano.&hellip;\" \/>\r\n<meta property=\"og:url\" content=\"https:\/\/blogs.uninter.edu.mx\/difusioncultural\/?p=2815\" \/>\r\n<meta property=\"og:site_name\" content=\"Difusi\u00f3n Cultural\" \/>\r\n<meta property=\"article:published_time\" content=\"2014-05-05T04:45:45+00:00\" \/>\r\n<meta property=\"og:image\" content=\"https:\/\/blogs.uninter.edu.mx\/difusioncultural\/wp-content\/uploads\/2014\/05\/1336240048137_f.jpg?w=300\" \/>\r\n<meta name=\"author\" content=\"webmaster\" \/>\r\n<meta name=\"twitter:card\" content=\"summary_large_image\" \/>\r\n<meta name=\"twitter:label1\" content=\"Escrito por\" \/>\n\t<meta name=\"twitter:data1\" content=\"webmaster\" \/>\n\t<meta name=\"twitter:label2\" content=\"Tiempo de lectura\" \/>\n\t<meta name=\"twitter:data2\" content=\"4 minutos\" \/>\r\n<script type=\"application\/ld+json\" class=\"yoast-schema-graph\">{\"@context\":\"https:\/\/schema.org\",\"@graph\":[{\"@type\":\"Article\",\"@id\":\"https:\/\/blogs.uninter.edu.mx\/difusioncultural\/?p=2815#article\",\"isPartOf\":{\"@id\":\"https:\/\/blogs.uninter.edu.mx\/difusioncultural\/?p=2815\"},\"author\":{\"name\":\"webmaster\",\"@id\":\"https:\/\/blogs.uninter.edu.mx\/difusioncultural\/#\/schema\/person\/37a0926f4dd300a814993fd595abdc4a\"},\"headline\":\"5 de Mayo Batalla de Puebla\",\"datePublished\":\"2014-05-05T04:45:45+00:00\",\"mainEntityOfPage\":{\"@id\":\"https:\/\/blogs.uninter.edu.mx\/difusioncultural\/?p=2815\"},\"wordCount\":732,\"publisher\":{\"@id\":\"https:\/\/blogs.uninter.edu.mx\/difusioncultural\/#organization\"},\"image\":{\"@id\":\"https:\/\/blogs.uninter.edu.mx\/difusioncultural\/?p=2815#primaryimage\"},\"thumbnailUrl\":\"https:\/\/blogs.uninter.edu.mx\/difusioncultural\/wp-content\/uploads\/2014\/05\/1336240048137_f.jpg?w=300\",\"inLanguage\":\"es\"},{\"@type\":\"WebPage\",\"@id\":\"https:\/\/blogs.uninter.edu.mx\/difusioncultural\/?p=2815\",\"url\":\"https:\/\/blogs.uninter.edu.mx\/difusioncultural\/?p=2815\",\"name\":\"5 de Mayo Batalla de Puebla - Difusi\u00f3n Cultural\",\"isPartOf\":{\"@id\":\"https:\/\/blogs.uninter.edu.mx\/difusioncultural\/#website\"},\"primaryImageOfPage\":{\"@id\":\"https:\/\/blogs.uninter.edu.mx\/difusioncultural\/?p=2815#primaryimage\"},\"image\":{\"@id\":\"https:\/\/blogs.uninter.edu.mx\/difusioncultural\/?p=2815#primaryimage\"},\"thumbnailUrl\":\"https:\/\/blogs.uninter.edu.mx\/difusioncultural\/wp-content\/uploads\/2014\/05\/1336240048137_f.jpg?w=300\",\"datePublished\":\"2014-05-05T04:45:45+00:00\",\"breadcrumb\":{\"@id\":\"https:\/\/blogs.uninter.edu.mx\/difusioncultural\/?p=2815#breadcrumb\"},\"inLanguage\":\"es\",\"potentialAction\":[{\"@type\":\"ReadAction\",\"target\":[\"https:\/\/blogs.uninter.edu.mx\/difusioncultural\/?p=2815\"]}]},{\"@type\":\"ImageObject\",\"inLanguage\":\"es\",\"@id\":\"https:\/\/blogs.uninter.edu.mx\/difusioncultural\/?p=2815#primaryimage\",\"url\":\"https:\/\/blogs.uninter.edu.mx\/difusioncultural\/wp-content\/uploads\/2014\/05\/1336240048137_f.jpg?w=300\",\"contentUrl\":\"https:\/\/blogs.uninter.edu.mx\/difusioncultural\/wp-content\/uploads\/2014\/05\/1336240048137_f.jpg?w=300\"},{\"@type\":\"BreadcrumbList\",\"@id\":\"https:\/\/blogs.uninter.edu.mx\/difusioncultural\/?p=2815#breadcrumb\",\"itemListElement\":[{\"@type\":\"ListItem\",\"position\":1,\"name\":\"Inicio\",\"item\":\"https:\/\/blogs.uninter.edu.mx\/difusioncultural\/\"},{\"@type\":\"ListItem\",\"position\":2,\"name\":\"5 de Mayo Batalla de Puebla\"}]},{\"@type\":\"WebSite\",\"@id\":\"https:\/\/blogs.uninter.edu.mx\/difusioncultural\/#website\",\"url\":\"https:\/\/blogs.uninter.edu.mx\/difusioncultural\/\",\"name\":\"Difusi\u00f3n Cultural\",\"description\":\"UNINTER\",\"publisher\":{\"@id\":\"https:\/\/blogs.uninter.edu.mx\/difusioncultural\/#organization\"},\"potentialAction\":[{\"@type\":\"SearchAction\",\"target\":{\"@type\":\"EntryPoint\",\"urlTemplate\":\"https:\/\/blogs.uninter.edu.mx\/difusioncultural\/?s={search_term_string}\"},\"query-input\":{\"@type\":\"PropertyValueSpecification\",\"valueRequired\":true,\"valueName\":\"search_term_string\"}}],\"inLanguage\":\"es\"},{\"@type\":\"Organization\",\"@id\":\"https:\/\/blogs.uninter.edu.mx\/difusioncultural\/#organization\",\"name\":\"Difusi\u00f3n Cultural\",\"url\":\"https:\/\/blogs.uninter.edu.mx\/difusioncultural\/\",\"logo\":{\"@type\":\"ImageObject\",\"inLanguage\":\"es\",\"@id\":\"https:\/\/blogs.uninter.edu.mx\/difusioncultural\/#\/schema\/logo\/image\/\",\"url\":\"https:\/\/blogs.uninter.edu.mx\/difusioncultural\/wp-content\/uploads\/2022\/09\/uninter.jpg\",\"contentUrl\":\"https:\/\/blogs.uninter.edu.mx\/difusioncultural\/wp-content\/uploads\/2022\/09\/uninter.jpg\",\"width\":2048,\"height\":2048,\"caption\":\"Difusi\u00f3n Cultural\"},\"image\":{\"@id\":\"https:\/\/blogs.uninter.edu.mx\/difusioncultural\/#\/schema\/logo\/image\/\"}},{\"@type\":\"Person\",\"@id\":\"https:\/\/blogs.uninter.edu.mx\/difusioncultural\/#\/schema\/person\/37a0926f4dd300a814993fd595abdc4a\",\"name\":\"webmaster\",\"image\":{\"@type\":\"ImageObject\",\"inLanguage\":\"es\",\"@id\":\"https:\/\/blogs.uninter.edu.mx\/difusioncultural\/#\/schema\/person\/image\/\",\"url\":\"https:\/\/secure.gravatar.com\/avatar\/a59c276b01147463ef3aab4118e3137ebc5e1ad6700deb39ccdf8b89e517f7dc?s=96&d=mm&r=g\",\"contentUrl\":\"https:\/\/secure.gravatar.com\/avatar\/a59c276b01147463ef3aab4118e3137ebc5e1ad6700deb39ccdf8b89e517f7dc?s=96&d=mm&r=g\",\"caption\":\"webmaster\"},\"sameAs\":[\"https:\/\/blogs.uninter.edu.mx\/difusioncultural\"],\"url\":\"https:\/\/blogs.uninter.edu.mx\/difusioncultural\/?author=1\"}]}<\/script>\r\n<!-- \/ Yoast SEO plugin. -->","yoast_head_json":{"title":"5 de Mayo Batalla de Puebla - Difusi\u00f3n Cultural","robots":{"index":"index","follow":"follow","max-snippet":"max-snippet:-1","max-image-preview":"max-image-preview:large","max-video-preview":"max-video-preview:-1"},"canonical":"https:\/\/blogs.uninter.edu.mx\/difusioncultural\/?p=2815","og_locale":"es_MX","og_type":"article","og_title":"5 de Mayo Batalla de Puebla - Difusi\u00f3n Cultural","og_description":"Un d\u00eda como hoy pero de 1862 se dio la heroica batalla en el Estado de Pueblo . El 5 de mayo representa, sin lugar a duda, una de las fechas m\u00e1s emblem\u00e1ticas de la historia de nuestro pa\u00eds, pieza clave del orgullo nacional y una de las principales fuentes que nutren el patriotismo mexicano.&hellip;","og_url":"https:\/\/blogs.uninter.edu.mx\/difusioncultural\/?p=2815","og_site_name":"Difusi\u00f3n Cultural","article_published_time":"2014-05-05T04:45:45+00:00","og_image":[{"url":"https:\/\/blogs.uninter.edu.mx\/difusioncultural\/wp-content\/uploads\/2014\/05\/1336240048137_f.jpg?w=300","type":"","width":"","height":""}],"author":"webmaster","twitter_card":"summary_large_image","twitter_misc":{"Escrito por":"webmaster","Tiempo de lectura":"4 minutos"},"schema":{"@context":"https:\/\/schema.org","@graph":[{"@type":"Article","@id":"https:\/\/blogs.uninter.edu.mx\/difusioncultural\/?p=2815#article","isPartOf":{"@id":"https:\/\/blogs.uninter.edu.mx\/difusioncultural\/?p=2815"},"author":{"name":"webmaster","@id":"https:\/\/blogs.uninter.edu.mx\/difusioncultural\/#\/schema\/person\/37a0926f4dd300a814993fd595abdc4a"},"headline":"5 de Mayo Batalla de Puebla","datePublished":"2014-05-05T04:45:45+00:00","mainEntityOfPage":{"@id":"https:\/\/blogs.uninter.edu.mx\/difusioncultural\/?p=2815"},"wordCount":732,"publisher":{"@id":"https:\/\/blogs.uninter.edu.mx\/difusioncultural\/#organization"},"image":{"@id":"https:\/\/blogs.uninter.edu.mx\/difusioncultural\/?p=2815#primaryimage"},"thumbnailUrl":"https:\/\/blogs.uninter.edu.mx\/difusioncultural\/wp-content\/uploads\/2014\/05\/1336240048137_f.jpg?w=300","inLanguage":"es"},{"@type":"WebPage","@id":"https:\/\/blogs.uninter.edu.mx\/difusioncultural\/?p=2815","url":"https:\/\/blogs.uninter.edu.mx\/difusioncultural\/?p=2815","name":"5 de Mayo Batalla de Puebla - Difusi\u00f3n Cultural","isPartOf":{"@id":"https:\/\/blogs.uninter.edu.mx\/difusioncultural\/#website"},"primaryImageOfPage":{"@id":"https:\/\/blogs.uninter.edu.mx\/difusioncultural\/?p=2815#primaryimage"},"image":{"@id":"https:\/\/blogs.uninter.edu.mx\/difusioncultural\/?p=2815#primaryimage"},"thumbnailUrl":"https:\/\/blogs.uninter.edu.mx\/difusioncultural\/wp-content\/uploads\/2014\/05\/1336240048137_f.jpg?w=300","datePublished":"2014-05-05T04:45:45+00:00","breadcrumb":{"@id":"https:\/\/blogs.uninter.edu.mx\/difusioncultural\/?p=2815#breadcrumb"},"inLanguage":"es","potentialAction":[{"@type":"ReadAction","target":["https:\/\/blogs.uninter.edu.mx\/difusioncultural\/?p=2815"]}]},{"@type":"ImageObject","inLanguage":"es","@id":"https:\/\/blogs.uninter.edu.mx\/difusioncultural\/?p=2815#primaryimage","url":"https:\/\/blogs.uninter.edu.mx\/difusioncultural\/wp-content\/uploads\/2014\/05\/1336240048137_f.jpg?w=300","contentUrl":"https:\/\/blogs.uninter.edu.mx\/difusioncultural\/wp-content\/uploads\/2014\/05\/1336240048137_f.jpg?w=300"},{"@type":"BreadcrumbList","@id":"https:\/\/blogs.uninter.edu.mx\/difusioncultural\/?p=2815#breadcrumb","itemListElement":[{"@type":"ListItem","position":1,"name":"Inicio","item":"https:\/\/blogs.uninter.edu.mx\/difusioncultural\/"},{"@type":"ListItem","position":2,"name":"5 de Mayo Batalla de Puebla"}]},{"@type":"WebSite","@id":"https:\/\/blogs.uninter.edu.mx\/difusioncultural\/#website","url":"https:\/\/blogs.uninter.edu.mx\/difusioncultural\/","name":"Difusi\u00f3n Cultural","description":"UNINTER","publisher":{"@id":"https:\/\/blogs.uninter.edu.mx\/difusioncultural\/#organization"},"potentialAction":[{"@type":"SearchAction","target":{"@type":"EntryPoint","urlTemplate":"https:\/\/blogs.uninter.edu.mx\/difusioncultural\/?s={search_term_string}"},"query-input":{"@type":"PropertyValueSpecification","valueRequired":true,"valueName":"search_term_string"}}],"inLanguage":"es"},{"@type":"Organization","@id":"https:\/\/blogs.uninter.edu.mx\/difusioncultural\/#organization","name":"Difusi\u00f3n Cultural","url":"https:\/\/blogs.uninter.edu.mx\/difusioncultural\/","logo":{"@type":"ImageObject","inLanguage":"es","@id":"https:\/\/blogs.uninter.edu.mx\/difusioncultural\/#\/schema\/logo\/image\/","url":"https:\/\/blogs.uninter.edu.mx\/difusioncultural\/wp-content\/uploads\/2022\/09\/uninter.jpg","contentUrl":"https:\/\/blogs.uninter.edu.mx\/difusioncultural\/wp-content\/uploads\/2022\/09\/uninter.jpg","width":2048,"height":2048,"caption":"Difusi\u00f3n Cultural"},"image":{"@id":"https:\/\/blogs.uninter.edu.mx\/difusioncultural\/#\/schema\/logo\/image\/"}},{"@type":"Person","@id":"https:\/\/blogs.uninter.edu.mx\/difusioncultural\/#\/schema\/person\/37a0926f4dd300a814993fd595abdc4a","name":"webmaster","image":{"@type":"ImageObject","inLanguage":"es","@id":"https:\/\/blogs.uninter.edu.mx\/difusioncultural\/#\/schema\/person\/image\/","url":"https:\/\/secure.gravatar.com\/avatar\/a59c276b01147463ef3aab4118e3137ebc5e1ad6700deb39ccdf8b89e517f7dc?s=96&d=mm&r=g","contentUrl":"https:\/\/secure.gravatar.com\/avatar\/a59c276b01147463ef3aab4118e3137ebc5e1ad6700deb39ccdf8b89e517f7dc?s=96&d=mm&r=g","caption":"webmaster"},"sameAs":["https:\/\/blogs.uninter.edu.mx\/difusioncultural"],"url":"https:\/\/blogs.uninter.edu.mx\/difusioncultural\/?author=1"}]}},"jetpack_publicize_connections":[],"jetpack_featured_media_url":"","jetpack_sharing_enabled":true,"_links":{"self":[{"href":"https:\/\/blogs.uninter.edu.mx\/difusioncultural\/index.php?rest_route=\/wp\/v2\/posts\/2815","targetHints":{"allow":["GET"]}}],"collection":[{"href":"https:\/\/blogs.uninter.edu.mx\/difusioncultural\/index.php?rest_route=\/wp\/v2\/posts"}],"about":[{"href":"https:\/\/blogs.uninter.edu.mx\/difusioncultural\/index.php?rest_route=\/wp\/v2\/types\/post"}],"author":[{"embeddable":true,"href":"https:\/\/blogs.uninter.edu.mx\/difusioncultural\/index.php?rest_route=\/wp\/v2\/users\/1"}],"replies":[{"embeddable":true,"href":"https:\/\/blogs.uninter.edu.mx\/difusioncultural\/index.php?rest_route=%2Fwp%2Fv2%2Fcomments&post=2815"}],"version-history":[{"count":0,"href":"https:\/\/blogs.uninter.edu.mx\/difusioncultural\/index.php?rest_route=\/wp\/v2\/posts\/2815\/revisions"}],"wp:attachment":[{"href":"https:\/\/blogs.uninter.edu.mx\/difusioncultural\/index.php?rest_route=%2Fwp%2Fv2%2Fmedia&parent=2815"}],"wp:term":[{"taxonomy":"category","embeddable":true,"href":"https:\/\/blogs.uninter.edu.mx\/difusioncultural\/index.php?rest_route=%2Fwp%2Fv2%2Fcategories&post=2815"},{"taxonomy":"post_tag","embeddable":true,"href":"https:\/\/blogs.uninter.edu.mx\/difusioncultural\/index.php?rest_route=%2Fwp%2Fv2%2Ftags&post=2815"}],"curies":[{"name":"wp","href":"https:\/\/api.w.org\/{rel}","templated":true}]}}