{"id":2844,"date":"2014-05-11T04:19:28","date_gmt":"2014-05-11T04:19:28","guid":{"rendered":"http:\/\/difusionculturaluninter.wordpress.com\/?p=2844"},"modified":"2014-05-11T04:19:28","modified_gmt":"2014-05-11T04:19:28","slug":"celebremos-35-anos-de-la-universidad-internacional-este-14-de-mayo","status":"publish","type":"post","link":"https:\/\/blogs.uninter.edu.mx\/difusioncultural\/?p=2844","title":{"rendered":"CELEBREMOS 35 A\u00d1OS DE LA UNIVERSIDAD INTERNACIONAL ESTE 14 DE MAYO"},"content":{"rendered":"<p>\u00a1 CELEBRAREMOS TODOS EL DIA UNINTER ESTE 14 DE MAYO !<\/p>\n<p>Este 2014 Universidad Internacional cumple 35 a\u00f1os y lo celebraremos a lo grande con toda nuestra comunidad UNINTER: Secundaria (SIU) Bachillerato (BIU) Licenciaturas, Ingenier\u00edas, Posgrados, egresados, acad\u00e9micos, administrativos, padres de familia, amigos y proveedores; todos juntos en un magno evento denominado \u201cD\u00cdA UNINTER\u201d que se realizar\u00e1 el mi\u00e9rcoles 14 de mayo en el edificio principal (edificios del 1 al 9 y 16) en un horario de 9:00 a 19:00 hrs.<\/p>\n<p>Es un d\u00eda de fiesta al que todos debemos asistir para disfrutar de magn\u00edficas sorpresas: Mariachi, banda, ch\u00ednelos, alfombra azul, toro mec\u00e1nico, ring de box, grupos de rock, filarm\u00f3nica, pasarela finalistas de Miss Uninter, pasarela de los 80, tiro con arco, tenis pon, actividades acu\u00e1ticas, concurso de baile, rally, torneo virtual, UNINTERidol, exa m\u00f3vil, pinta caras, rifas, juegos de mesa, registro civil, danza, cheer dance, karaoke, spelling bee, etc.<\/p>\n<p>Participa y gana atractivos premios:<br \/>\n\u2022 Samsung Galaxy Tab3,<br \/>\n\u2022 Videoc\u00e1mara DVR-GPS 300 Genius para auto, bici o moto<br \/>\n\u2022 Tablet Techpad XTab785 de 7\u201d<br \/>\n\u2022 Desayunos y estancias en Villa Bejar,<br \/>\n\u2022 Cortes\u00edas de cine y mucho m\u00e1s.<\/p>\n<p>Va a ser un gran d\u00eda y vamos a estar todos, por lo que les recomendamos que se vengan en taxi para evitar problemas de estacionamiento. \u00a1Traigan traje de ba\u00f1o o un short pues podr\u00e1n hacer uso de las albercas!<\/p>\n<p>Adem\u00e1s, tendremos el pabell\u00f3n de comida nacional e internacional donde podremos disfrutar de deliciosos alimentos y botanas a precios accesibles (desayunos y comidas); y el pabell\u00f3n comercial donde encontrar\u00e1n productos y servicios a precios especiales para la comunidad UNINTER.<\/p>\n<p>Se suspender\u00e1n todas las actividades, tanto clases como trabajo en oficinas, con el objetivo de que TODA LA COMUNIDAD UNINTER asista y se divierta durante todo el d\u00eda. Es obligatoria su asistencia, y es requisito que registren su entrada con su credencial como siempre.<\/p>\n<p>Inauguraci\u00f3n oficial del evento: 9:30 hrs. (mariachi y pastel)<\/p>\n<p>(Se requiere su asistencia puntual a las 9:00 a.m.)<\/p>\n<p>Clausura: 18:30 hrs. banda y ch\u00ednelos y gran Rifa donde participar\u00e1n todos los presentes<\/p>\n<p>\u00a1Celebremos juntos nuestro d\u00eda! \u00a1Todos somos Uninter!<\/p>\n<p>Personal de Uninter: Pantal\u00f3n de mezclilla y playera blanca con su credencial<br \/>\nEstudiantes BIU y SIU: Playera de su uniforme de deportes<\/p>\n<p>Atentamente<\/p>\n<p>Comit\u00e9 organizador<br \/>\n\u201cD\u00eda Uninter\u201d<br \/>\nUniversidad Internacional<br \/>\n<a href=\"https:\/\/blogs.uninter.edu.mx\/difusioncultural\/wp-content\/uploads\/2014\/05\/10271465_559879530793518_2355180278800172542_n-1.jpg\"><img fetchpriority=\"high\" decoding=\"async\" src=\"https:\/\/blogs.uninter.edu.mx\/difusioncultural\/wp-content\/uploads\/2014\/05\/10271465_559879530793518_2355180278800172542_n-1.jpg?w=300\" alt=\"10271465_559879530793518_2355180278800172542_n (1)\" width=\"300\" height=\"202\" class=\"alignnone size-medium wp-image-2845\" \/><\/a><\/p>\n","protected":false},"excerpt":{"rendered":"<p>\u00a1 CELEBRAREMOS TODOS EL DIA UNINTER ESTE 14 DE MAYO ! Este 2014 Universidad Internacional cumple 35 a\u00f1os y lo celebraremos a lo grande con toda nuestra comunidad UNINTER: Secundaria (SIU) Bachillerato (BIU) Licenciaturas, Ingenier\u00edas, Posgrados, egresados, acad\u00e9micos, administrativos, padres de familia, amigos y proveedores; todos juntos en un magno evento denominado \u201cD\u00cdA UNINTER\u201d que&hellip;<\/p>\n","protected":false},"author":1,"featured_media":0,"comment_status":"closed","ping_status":"open","sticky":false,"template":"","format":"standard","meta":{"_jetpack_memberships_contains_paid_content":false,"footnotes":"","jetpack_publicize_message":"","jetpack_publicize_feature_enabled":true,"jetpack_social_post_already_shared":false,"jetpack_social_options":{"image_generator_settings":{"template":"highway","default_image_id":0,"font":"","enabled":false},"version":2}},"categories":[8],"tags":[],"class_list":["post-2844","post","type-post","status-publish","format-standard","hentry","category-eventos"],"yoast_head":"<!-- This site is optimized with the Yoast SEO plugin v26.3 - https:\/\/yoast.com\/wordpress\/plugins\/seo\/ -->\r\n<title>CELEBREMOS 35 A\u00d1OS DE LA UNIVERSIDAD INTERNACIONAL ESTE 14 DE MAYO - Difusi\u00f3n Cultural<\/title>\r\n<meta name=\"robots\" content=\"index, follow, max-snippet:-1, max-image-preview:large, max-video-preview:-1\" \/>\r\n<link rel=\"canonical\" href=\"https:\/\/blogs.uninter.edu.mx\/difusioncultural\/?p=2844\" \/>\r\n<meta property=\"og:locale\" content=\"es_MX\" \/>\r\n<meta property=\"og:type\" content=\"article\" \/>\r\n<meta property=\"og:title\" content=\"CELEBREMOS 35 A\u00d1OS DE LA UNIVERSIDAD INTERNACIONAL ESTE 14 DE MAYO - Difusi\u00f3n Cultural\" \/>\r\n<meta property=\"og:description\" content=\"\u00a1 CELEBRAREMOS TODOS EL DIA UNINTER ESTE 14 DE MAYO ! Este 2014 Universidad Internacional cumple 35 a\u00f1os y lo celebraremos a lo grande con toda nuestra comunidad UNINTER: Secundaria (SIU) Bachillerato (BIU) Licenciaturas, Ingenier\u00edas, Posgrados, egresados, acad\u00e9micos, administrativos, padres de familia, amigos y proveedores; todos juntos en un magno evento denominado \u201cD\u00cdA UNINTER\u201d que&hellip;\" \/>\r\n<meta property=\"og:url\" content=\"https:\/\/blogs.uninter.edu.mx\/difusioncultural\/?p=2844\" \/>\r\n<meta property=\"og:site_name\" content=\"Difusi\u00f3n Cultural\" \/>\r\n<meta property=\"article:published_time\" content=\"2014-05-11T04:19:28+00:00\" \/>\r\n<meta property=\"og:image\" content=\"https:\/\/blogs.uninter.edu.mx\/difusioncultural\/wp-content\/uploads\/2014\/05\/10271465_559879530793518_2355180278800172542_n-1.jpg?w=300\" \/>\r\n<meta name=\"author\" content=\"webmaster\" \/>\r\n<meta name=\"twitter:card\" content=\"summary_large_image\" \/>\r\n<meta name=\"twitter:label1\" content=\"Escrito por\" \/>\n\t<meta name=\"twitter:data1\" content=\"webmaster\" \/>\n\t<meta name=\"twitter:label2\" content=\"Tiempo de lectura\" \/>\n\t<meta name=\"twitter:data2\" content=\"2 minutos\" \/>\r\n<script type=\"application\/ld+json\" class=\"yoast-schema-graph\">{\"@context\":\"https:\/\/schema.org\",\"@graph\":[{\"@type\":\"Article\",\"@id\":\"https:\/\/blogs.uninter.edu.mx\/difusioncultural\/?p=2844#article\",\"isPartOf\":{\"@id\":\"https:\/\/blogs.uninter.edu.mx\/difusioncultural\/?p=2844\"},\"author\":{\"name\":\"webmaster\",\"@id\":\"https:\/\/blogs.uninter.edu.mx\/difusioncultural\/#\/schema\/person\/37a0926f4dd300a814993fd595abdc4a\"},\"headline\":\"CELEBREMOS 35 A\u00d1OS DE LA UNIVERSIDAD INTERNACIONAL ESTE 14 DE MAYO\",\"datePublished\":\"2014-05-11T04:19:28+00:00\",\"mainEntityOfPage\":{\"@id\":\"https:\/\/blogs.uninter.edu.mx\/difusioncultural\/?p=2844\"},\"wordCount\":399,\"publisher\":{\"@id\":\"https:\/\/blogs.uninter.edu.mx\/difusioncultural\/#organization\"},\"image\":{\"@id\":\"https:\/\/blogs.uninter.edu.mx\/difusioncultural\/?p=2844#primaryimage\"},\"thumbnailUrl\":\"https:\/\/blogs.uninter.edu.mx\/difusioncultural\/wp-content\/uploads\/2014\/05\/10271465_559879530793518_2355180278800172542_n-1.jpg?w=300\",\"articleSection\":[\"Eventos\"],\"inLanguage\":\"es\"},{\"@type\":\"WebPage\",\"@id\":\"https:\/\/blogs.uninter.edu.mx\/difusioncultural\/?p=2844\",\"url\":\"https:\/\/blogs.uninter.edu.mx\/difusioncultural\/?p=2844\",\"name\":\"CELEBREMOS 35 A\u00d1OS DE LA UNIVERSIDAD INTERNACIONAL ESTE 14 DE MAYO - Difusi\u00f3n Cultural\",\"isPartOf\":{\"@id\":\"https:\/\/blogs.uninter.edu.mx\/difusioncultural\/#website\"},\"primaryImageOfPage\":{\"@id\":\"https:\/\/blogs.uninter.edu.mx\/difusioncultural\/?p=2844#primaryimage\"},\"image\":{\"@id\":\"https:\/\/blogs.uninter.edu.mx\/difusioncultural\/?p=2844#primaryimage\"},\"thumbnailUrl\":\"https:\/\/blogs.uninter.edu.mx\/difusioncultural\/wp-content\/uploads\/2014\/05\/10271465_559879530793518_2355180278800172542_n-1.jpg?w=300\",\"datePublished\":\"2014-05-11T04:19:28+00:00\",\"breadcrumb\":{\"@id\":\"https:\/\/blogs.uninter.edu.mx\/difusioncultural\/?p=2844#breadcrumb\"},\"inLanguage\":\"es\",\"potentialAction\":[{\"@type\":\"ReadAction\",\"target\":[\"https:\/\/blogs.uninter.edu.mx\/difusioncultural\/?p=2844\"]}]},{\"@type\":\"ImageObject\",\"inLanguage\":\"es\",\"@id\":\"https:\/\/blogs.uninter.edu.mx\/difusioncultural\/?p=2844#primaryimage\",\"url\":\"https:\/\/blogs.uninter.edu.mx\/difusioncultural\/wp-content\/uploads\/2014\/05\/10271465_559879530793518_2355180278800172542_n-1.jpg?w=300\",\"contentUrl\":\"https:\/\/blogs.uninter.edu.mx\/difusioncultural\/wp-content\/uploads\/2014\/05\/10271465_559879530793518_2355180278800172542_n-1.jpg?w=300\"},{\"@type\":\"BreadcrumbList\",\"@id\":\"https:\/\/blogs.uninter.edu.mx\/difusioncultural\/?p=2844#breadcrumb\",\"itemListElement\":[{\"@type\":\"ListItem\",\"position\":1,\"name\":\"Inicio\",\"item\":\"https:\/\/blogs.uninter.edu.mx\/difusioncultural\/\"},{\"@type\":\"ListItem\",\"position\":2,\"name\":\"CELEBREMOS 35 A\u00d1OS DE LA UNIVERSIDAD INTERNACIONAL ESTE 14 DE MAYO\"}]},{\"@type\":\"WebSite\",\"@id\":\"https:\/\/blogs.uninter.edu.mx\/difusioncultural\/#website\",\"url\":\"https:\/\/blogs.uninter.edu.mx\/difusioncultural\/\",\"name\":\"Difusi\u00f3n Cultural\",\"description\":\"UNINTER\",\"publisher\":{\"@id\":\"https:\/\/blogs.uninter.edu.mx\/difusioncultural\/#organization\"},\"potentialAction\":[{\"@type\":\"SearchAction\",\"target\":{\"@type\":\"EntryPoint\",\"urlTemplate\":\"https:\/\/blogs.uninter.edu.mx\/difusioncultural\/?s={search_term_string}\"},\"query-input\":{\"@type\":\"PropertyValueSpecification\",\"valueRequired\":true,\"valueName\":\"search_term_string\"}}],\"inLanguage\":\"es\"},{\"@type\":\"Organization\",\"@id\":\"https:\/\/blogs.uninter.edu.mx\/difusioncultural\/#organization\",\"name\":\"Difusi\u00f3n Cultural\",\"url\":\"https:\/\/blogs.uninter.edu.mx\/difusioncultural\/\",\"logo\":{\"@type\":\"ImageObject\",\"inLanguage\":\"es\",\"@id\":\"https:\/\/blogs.uninter.edu.mx\/difusioncultural\/#\/schema\/logo\/image\/\",\"url\":\"https:\/\/blogs.uninter.edu.mx\/difusioncultural\/wp-content\/uploads\/2022\/09\/uninter.jpg\",\"contentUrl\":\"https:\/\/blogs.uninter.edu.mx\/difusioncultural\/wp-content\/uploads\/2022\/09\/uninter.jpg\",\"width\":2048,\"height\":2048,\"caption\":\"Difusi\u00f3n Cultural\"},\"image\":{\"@id\":\"https:\/\/blogs.uninter.edu.mx\/difusioncultural\/#\/schema\/logo\/image\/\"}},{\"@type\":\"Person\",\"@id\":\"https:\/\/blogs.uninter.edu.mx\/difusioncultural\/#\/schema\/person\/37a0926f4dd300a814993fd595abdc4a\",\"name\":\"webmaster\",\"image\":{\"@type\":\"ImageObject\",\"inLanguage\":\"es\",\"@id\":\"https:\/\/blogs.uninter.edu.mx\/difusioncultural\/#\/schema\/person\/image\/\",\"url\":\"https:\/\/secure.gravatar.com\/avatar\/a59c276b01147463ef3aab4118e3137ebc5e1ad6700deb39ccdf8b89e517f7dc?s=96&d=mm&r=g\",\"contentUrl\":\"https:\/\/secure.gravatar.com\/avatar\/a59c276b01147463ef3aab4118e3137ebc5e1ad6700deb39ccdf8b89e517f7dc?s=96&d=mm&r=g\",\"caption\":\"webmaster\"},\"sameAs\":[\"https:\/\/blogs.uninter.edu.mx\/difusioncultural\"],\"url\":\"https:\/\/blogs.uninter.edu.mx\/difusioncultural\/?author=1\"}]}<\/script>\r\n<!-- \/ Yoast SEO plugin. -->","yoast_head_json":{"title":"CELEBREMOS 35 A\u00d1OS DE LA UNIVERSIDAD INTERNACIONAL ESTE 14 DE MAYO - Difusi\u00f3n Cultural","robots":{"index":"index","follow":"follow","max-snippet":"max-snippet:-1","max-image-preview":"max-image-preview:large","max-video-preview":"max-video-preview:-1"},"canonical":"https:\/\/blogs.uninter.edu.mx\/difusioncultural\/?p=2844","og_locale":"es_MX","og_type":"article","og_title":"CELEBREMOS 35 A\u00d1OS DE LA UNIVERSIDAD INTERNACIONAL ESTE 14 DE MAYO - Difusi\u00f3n Cultural","og_description":"\u00a1 CELEBRAREMOS TODOS EL DIA UNINTER ESTE 14 DE MAYO ! Este 2014 Universidad Internacional cumple 35 a\u00f1os y lo celebraremos a lo grande con toda nuestra comunidad UNINTER: Secundaria (SIU) Bachillerato (BIU) Licenciaturas, Ingenier\u00edas, Posgrados, egresados, acad\u00e9micos, administrativos, padres de familia, amigos y proveedores; todos juntos en un magno evento denominado \u201cD\u00cdA UNINTER\u201d que&hellip;","og_url":"https:\/\/blogs.uninter.edu.mx\/difusioncultural\/?p=2844","og_site_name":"Difusi\u00f3n Cultural","article_published_time":"2014-05-11T04:19:28+00:00","og_image":[{"url":"https:\/\/blogs.uninter.edu.mx\/difusioncultural\/wp-content\/uploads\/2014\/05\/10271465_559879530793518_2355180278800172542_n-1.jpg?w=300","type":"","width":"","height":""}],"author":"webmaster","twitter_card":"summary_large_image","twitter_misc":{"Escrito por":"webmaster","Tiempo de lectura":"2 minutos"},"schema":{"@context":"https:\/\/schema.org","@graph":[{"@type":"Article","@id":"https:\/\/blogs.uninter.edu.mx\/difusioncultural\/?p=2844#article","isPartOf":{"@id":"https:\/\/blogs.uninter.edu.mx\/difusioncultural\/?p=2844"},"author":{"name":"webmaster","@id":"https:\/\/blogs.uninter.edu.mx\/difusioncultural\/#\/schema\/person\/37a0926f4dd300a814993fd595abdc4a"},"headline":"CELEBREMOS 35 A\u00d1OS DE LA UNIVERSIDAD INTERNACIONAL ESTE 14 DE MAYO","datePublished":"2014-05-11T04:19:28+00:00","mainEntityOfPage":{"@id":"https:\/\/blogs.uninter.edu.mx\/difusioncultural\/?p=2844"},"wordCount":399,"publisher":{"@id":"https:\/\/blogs.uninter.edu.mx\/difusioncultural\/#organization"},"image":{"@id":"https:\/\/blogs.uninter.edu.mx\/difusioncultural\/?p=2844#primaryimage"},"thumbnailUrl":"https:\/\/blogs.uninter.edu.mx\/difusioncultural\/wp-content\/uploads\/2014\/05\/10271465_559879530793518_2355180278800172542_n-1.jpg?w=300","articleSection":["Eventos"],"inLanguage":"es"},{"@type":"WebPage","@id":"https:\/\/blogs.uninter.edu.mx\/difusioncultural\/?p=2844","url":"https:\/\/blogs.uninter.edu.mx\/difusioncultural\/?p=2844","name":"CELEBREMOS 35 A\u00d1OS DE LA UNIVERSIDAD INTERNACIONAL ESTE 14 DE MAYO - Difusi\u00f3n Cultural","isPartOf":{"@id":"https:\/\/blogs.uninter.edu.mx\/difusioncultural\/#website"},"primaryImageOfPage":{"@id":"https:\/\/blogs.uninter.edu.mx\/difusioncultural\/?p=2844#primaryimage"},"image":{"@id":"https:\/\/blogs.uninter.edu.mx\/difusioncultural\/?p=2844#primaryimage"},"thumbnailUrl":"https:\/\/blogs.uninter.edu.mx\/difusioncultural\/wp-content\/uploads\/2014\/05\/10271465_559879530793518_2355180278800172542_n-1.jpg?w=300","datePublished":"2014-05-11T04:19:28+00:00","breadcrumb":{"@id":"https:\/\/blogs.uninter.edu.mx\/difusioncultural\/?p=2844#breadcrumb"},"inLanguage":"es","potentialAction":[{"@type":"ReadAction","target":["https:\/\/blogs.uninter.edu.mx\/difusioncultural\/?p=2844"]}]},{"@type":"ImageObject","inLanguage":"es","@id":"https:\/\/blogs.uninter.edu.mx\/difusioncultural\/?p=2844#primaryimage","url":"https:\/\/blogs.uninter.edu.mx\/difusioncultural\/wp-content\/uploads\/2014\/05\/10271465_559879530793518_2355180278800172542_n-1.jpg?w=300","contentUrl":"https:\/\/blogs.uninter.edu.mx\/difusioncultural\/wp-content\/uploads\/2014\/05\/10271465_559879530793518_2355180278800172542_n-1.jpg?w=300"},{"@type":"BreadcrumbList","@id":"https:\/\/blogs.uninter.edu.mx\/difusioncultural\/?p=2844#breadcrumb","itemListElement":[{"@type":"ListItem","position":1,"name":"Inicio","item":"https:\/\/blogs.uninter.edu.mx\/difusioncultural\/"},{"@type":"ListItem","position":2,"name":"CELEBREMOS 35 A\u00d1OS DE LA UNIVERSIDAD INTERNACIONAL ESTE 14 DE MAYO"}]},{"@type":"WebSite","@id":"https:\/\/blogs.uninter.edu.mx\/difusioncultural\/#website","url":"https:\/\/blogs.uninter.edu.mx\/difusioncultural\/","name":"Difusi\u00f3n Cultural","description":"UNINTER","publisher":{"@id":"https:\/\/blogs.uninter.edu.mx\/difusioncultural\/#organization"},"potentialAction":[{"@type":"SearchAction","target":{"@type":"EntryPoint","urlTemplate":"https:\/\/blogs.uninter.edu.mx\/difusioncultural\/?s={search_term_string}"},"query-input":{"@type":"PropertyValueSpecification","valueRequired":true,"valueName":"search_term_string"}}],"inLanguage":"es"},{"@type":"Organization","@id":"https:\/\/blogs.uninter.edu.mx\/difusioncultural\/#organization","name":"Difusi\u00f3n Cultural","url":"https:\/\/blogs.uninter.edu.mx\/difusioncultural\/","logo":{"@type":"ImageObject","inLanguage":"es","@id":"https:\/\/blogs.uninter.edu.mx\/difusioncultural\/#\/schema\/logo\/image\/","url":"https:\/\/blogs.uninter.edu.mx\/difusioncultural\/wp-content\/uploads\/2022\/09\/uninter.jpg","contentUrl":"https:\/\/blogs.uninter.edu.mx\/difusioncultural\/wp-content\/uploads\/2022\/09\/uninter.jpg","width":2048,"height":2048,"caption":"Difusi\u00f3n Cultural"},"image":{"@id":"https:\/\/blogs.uninter.edu.mx\/difusioncultural\/#\/schema\/logo\/image\/"}},{"@type":"Person","@id":"https:\/\/blogs.uninter.edu.mx\/difusioncultural\/#\/schema\/person\/37a0926f4dd300a814993fd595abdc4a","name":"webmaster","image":{"@type":"ImageObject","inLanguage":"es","@id":"https:\/\/blogs.uninter.edu.mx\/difusioncultural\/#\/schema\/person\/image\/","url":"https:\/\/secure.gravatar.com\/avatar\/a59c276b01147463ef3aab4118e3137ebc5e1ad6700deb39ccdf8b89e517f7dc?s=96&d=mm&r=g","contentUrl":"https:\/\/secure.gravatar.com\/avatar\/a59c276b01147463ef3aab4118e3137ebc5e1ad6700deb39ccdf8b89e517f7dc?s=96&d=mm&r=g","caption":"webmaster"},"sameAs":["https:\/\/blogs.uninter.edu.mx\/difusioncultural"],"url":"https:\/\/blogs.uninter.edu.mx\/difusioncultural\/?author=1"}]}},"jetpack_publicize_connections":[],"jetpack_featured_media_url":"","jetpack_sharing_enabled":true,"_links":{"self":[{"href":"https:\/\/blogs.uninter.edu.mx\/difusioncultural\/index.php?rest_route=\/wp\/v2\/posts\/2844","targetHints":{"allow":["GET"]}}],"collection":[{"href":"https:\/\/blogs.uninter.edu.mx\/difusioncultural\/index.php?rest_route=\/wp\/v2\/posts"}],"about":[{"href":"https:\/\/blogs.uninter.edu.mx\/difusioncultural\/index.php?rest_route=\/wp\/v2\/types\/post"}],"author":[{"embeddable":true,"href":"https:\/\/blogs.uninter.edu.mx\/difusioncultural\/index.php?rest_route=\/wp\/v2\/users\/1"}],"replies":[{"embeddable":true,"href":"https:\/\/blogs.uninter.edu.mx\/difusioncultural\/index.php?rest_route=%2Fwp%2Fv2%2Fcomments&post=2844"}],"version-history":[{"count":0,"href":"https:\/\/blogs.uninter.edu.mx\/difusioncultural\/index.php?rest_route=\/wp\/v2\/posts\/2844\/revisions"}],"wp:attachment":[{"href":"https:\/\/blogs.uninter.edu.mx\/difusioncultural\/index.php?rest_route=%2Fwp%2Fv2%2Fmedia&parent=2844"}],"wp:term":[{"taxonomy":"category","embeddable":true,"href":"https:\/\/blogs.uninter.edu.mx\/difusioncultural\/index.php?rest_route=%2Fwp%2Fv2%2Fcategories&post=2844"},{"taxonomy":"post_tag","embeddable":true,"href":"https:\/\/blogs.uninter.edu.mx\/difusioncultural\/index.php?rest_route=%2Fwp%2Fv2%2Ftags&post=2844"}],"curies":[{"name":"wp","href":"https:\/\/api.w.org\/{rel}","templated":true}]}}