{"id":2905,"date":"2014-05-31T04:08:23","date_gmt":"2014-05-31T04:08:23","guid":{"rendered":"http:\/\/difusionculturaluninter.wordpress.com\/?p=2905"},"modified":"2014-05-31T04:08:23","modified_gmt":"2014-05-31T04:08:23","slug":"31-de-mayo-dia-mundial-sin-tabaco","status":"publish","type":"post","link":"https:\/\/blogs.uninter.edu.mx\/difusioncultural\/?p=2905","title":{"rendered":"31 de Mayo D\u00eda Mundial Sin Tabaco"},"content":{"rendered":"<p>El 31 de mayo de cada a\u00f1o la OMS celebra el D\u00eda Mundial sin Tabaco, cuyo objetivo consiste en se\u00f1alar los riesgos que supone el consumo de tabaco para la salud y fomentar pol\u00edticas eficaces de reducci\u00f3n de dicho consumo. El consumo de tabaco es la segunda causa mundial de muerte, tras la hipertensi\u00f3n, y es responsable de la muerte de uno de cada diez adultos.<\/p>\n<p>La Asamblea Mundial de la Salud instituy\u00f3 el D\u00eda Mundial sin Tabaco en 1987 para llamar la atenci\u00f3n mundial hacia la epidemia de tabaquismo y sus efectos letales. La celebraci\u00f3n de este d\u00eda es una oportunidad para destacar mensajes concretos relacionados con el control del tabaco y fomentar la observancia del Convenio Marco de la OMS para el Control del Tabaco. El consumo de tabaco es la principal epidemia prevenible a la que se enfrenta la comunidad sanitaria.<\/p>\n<p>Tema: La Interferencia de la industria tabacalera<\/p>\n<p>La Organizaci\u00f3n Mundial de la Salud (OMS) ha seleccionado &#8220;la interferencia de la industria del tabaco&#8221;, como el tema del pr\u00f3ximo D\u00eda Mundial sin Tabaco, que se conmemorar\u00e1 el jueves 31 de mayo del 2012.<\/p>\n<p>El consumo de tabaco es una de las principales causas evitables de muerte. La epidemia mundial de tabaquismo mata a cerca de 6 millones de personas cada a\u00f1o, de las cuales m\u00e1s de 600.000 son no fumadores expuestos al humo de tabaco ajeno. A menos que actuemos, el tabaco matar\u00e1 hasta 8 millones de personas en 2030, de las cuales m\u00e1s del 80% vivir\u00e1 en pa\u00edses de bajos y medianos ingresos.<\/p>\n<p>El D\u00eda Mundial Sin Tabaco 2012, tiene como meta educar a los responsables pol\u00edticos y al p\u00fablico en general acerca de las t\u00e1cticas nefastas y perjudiciales de la industria tabacalera.<\/p>\n<p>Los efectos nocivos del tabaco<br \/>\nPrincipalmente son cuatro:<\/p>\n<p>Nicotina: Principal componente del tabaco, produce la dependencia.<\/p>\n<p>Mon\u00f3xido de Carbono: Es un gas que procede de la combusti\u00f3n incompleta de la hebra de tabaco y tambi\u00e9n de cualquier producto en combusti\u00f3n, comenzando por los humos de los veh\u00edculos de combusti\u00f3n interna, sea gasolina o di\u00e9sel.<\/p>\n<p>Gases irritantes: Gases que afectan al aparato respiratorio.<br \/>\nSustancias Cancer\u00edgenas: En el humo del tabaco se han detectado diversas sustancias potencialmente cancer\u00edgenas como el Benzopireno, que se forman durante la combusti\u00f3n del tabaco o del papel de los cigarrillos.<\/p>\n<p>Al fumar, no solo los fumadores son afectados, tambi\u00e9n son afectados las personas m\u00e1s cercanas, los fumadores pasivos<\/p>\n<p>El tabaco es la segunda causa de muerte en el mundo. Est\u00e1 comprobado que la mitad de las personas que fuman actualmente de forma regular &#8211; unos 650 millones de personas &#8211; eventualmente morir\u00e1n de forma prematura a causa del tabaco. Igualmente alarmante es el hecho de que cientos de miles de personas que nunca han fumado mueren cada a\u00f1o de enfermedades causadas por la exposici\u00f3n al humo de tabaco ajeno.<\/p>\n<p><a href=\"https:\/\/blogs.uninter.edu.mx\/difusioncultural\/wp-content\/uploads\/2014\/06\/dia-mundial-sin-tabaco-2013.jpg\"><img fetchpriority=\"high\" decoding=\"async\" class=\"alignnone size-medium wp-image-2906\" src=\"https:\/\/blogs.uninter.edu.mx\/difusioncultural\/wp-content\/uploads\/2014\/06\/dia-mundial-sin-tabaco-2013.jpg?w=300\" alt=\"dia-mundial-sin-tabaco-2013\" width=\"300\" height=\"210\" \/><\/a><\/p>\n","protected":false},"excerpt":{"rendered":"<p>El 31 de mayo de cada a\u00f1o la OMS celebra el D\u00eda Mundial sin Tabaco, cuyo objetivo consiste en se\u00f1alar los riesgos que supone el consumo de tabaco para la salud y fomentar pol\u00edticas eficaces de reducci\u00f3n de dicho consumo. El consumo de tabaco es la segunda causa mundial de muerte, tras la hipertensi\u00f3n, y&hellip;<\/p>\n","protected":false},"author":1,"featured_media":2906,"comment_status":"closed","ping_status":"open","sticky":false,"template":"","format":"standard","meta":{"_jetpack_memberships_contains_paid_content":false,"footnotes":"","jetpack_publicize_message":"","jetpack_publicize_feature_enabled":true,"jetpack_social_post_already_shared":false,"jetpack_social_options":{"image_generator_settings":{"template":"highway","default_image_id":0,"font":"","enabled":false},"version":2}},"categories":[1],"tags":[],"class_list":["post-2905","post","type-post","status-publish","format-standard","has-post-thumbnail","hentry","category-sin-categoria"],"yoast_head":"<!-- This site is optimized with the Yoast SEO plugin v26.3 - https:\/\/yoast.com\/wordpress\/plugins\/seo\/ -->\r\n<title>31 de Mayo D\u00eda Mundial Sin Tabaco - Difusi\u00f3n Cultural<\/title>\r\n<meta name=\"robots\" content=\"index, follow, max-snippet:-1, max-image-preview:large, max-video-preview:-1\" \/>\r\n<link rel=\"canonical\" href=\"https:\/\/blogs.uninter.edu.mx\/difusioncultural\/?p=2905\" \/>\r\n<meta property=\"og:locale\" content=\"es_MX\" \/>\r\n<meta property=\"og:type\" content=\"article\" \/>\r\n<meta property=\"og:title\" content=\"31 de Mayo D\u00eda Mundial Sin Tabaco - Difusi\u00f3n Cultural\" \/>\r\n<meta property=\"og:description\" content=\"El 31 de mayo de cada a\u00f1o la OMS celebra el D\u00eda Mundial sin Tabaco, cuyo objetivo consiste en se\u00f1alar los riesgos que supone el consumo de tabaco para la salud y fomentar pol\u00edticas eficaces de reducci\u00f3n de dicho consumo. El consumo de tabaco es la segunda causa mundial de muerte, tras la hipertensi\u00f3n, y&hellip;\" \/>\r\n<meta property=\"og:url\" content=\"https:\/\/blogs.uninter.edu.mx\/difusioncultural\/?p=2905\" \/>\r\n<meta property=\"og:site_name\" content=\"Difusi\u00f3n Cultural\" \/>\r\n<meta property=\"article:published_time\" content=\"2014-05-31T04:08:23+00:00\" \/>\r\n<meta property=\"og:image\" content=\"https:\/\/blogs.uninter.edu.mx\/difusioncultural\/wp-content\/uploads\/2014\/06\/dia-mundial-sin-tabaco-2013.jpg\" \/>\r\n\t<meta property=\"og:image:width\" content=\"600\" \/>\r\n\t<meta property=\"og:image:height\" content=\"420\" \/>\r\n\t<meta property=\"og:image:type\" content=\"image\/jpeg\" \/>\r\n<meta name=\"author\" content=\"webmaster\" \/>\r\n<meta name=\"twitter:card\" content=\"summary_large_image\" \/>\r\n<meta name=\"twitter:label1\" content=\"Escrito por\" \/>\n\t<meta name=\"twitter:data1\" content=\"webmaster\" \/>\n\t<meta name=\"twitter:label2\" content=\"Tiempo de lectura\" \/>\n\t<meta name=\"twitter:data2\" content=\"2 minutos\" \/>\r\n<script type=\"application\/ld+json\" class=\"yoast-schema-graph\">{\"@context\":\"https:\/\/schema.org\",\"@graph\":[{\"@type\":\"Article\",\"@id\":\"https:\/\/blogs.uninter.edu.mx\/difusioncultural\/?p=2905#article\",\"isPartOf\":{\"@id\":\"https:\/\/blogs.uninter.edu.mx\/difusioncultural\/?p=2905\"},\"author\":{\"name\":\"webmaster\",\"@id\":\"https:\/\/blogs.uninter.edu.mx\/difusioncultural\/#\/schema\/person\/37a0926f4dd300a814993fd595abdc4a\"},\"headline\":\"31 de Mayo D\u00eda Mundial Sin Tabaco\",\"datePublished\":\"2014-05-31T04:08:23+00:00\",\"mainEntityOfPage\":{\"@id\":\"https:\/\/blogs.uninter.edu.mx\/difusioncultural\/?p=2905\"},\"wordCount\":501,\"publisher\":{\"@id\":\"https:\/\/blogs.uninter.edu.mx\/difusioncultural\/#organization\"},\"image\":{\"@id\":\"https:\/\/blogs.uninter.edu.mx\/difusioncultural\/?p=2905#primaryimage\"},\"thumbnailUrl\":\"https:\/\/blogs.uninter.edu.mx\/difusioncultural\/wp-content\/uploads\/2014\/06\/dia-mundial-sin-tabaco-2013.jpg\",\"inLanguage\":\"es\"},{\"@type\":\"WebPage\",\"@id\":\"https:\/\/blogs.uninter.edu.mx\/difusioncultural\/?p=2905\",\"url\":\"https:\/\/blogs.uninter.edu.mx\/difusioncultural\/?p=2905\",\"name\":\"31 de Mayo D\u00eda Mundial Sin Tabaco - Difusi\u00f3n Cultural\",\"isPartOf\":{\"@id\":\"https:\/\/blogs.uninter.edu.mx\/difusioncultural\/#website\"},\"primaryImageOfPage\":{\"@id\":\"https:\/\/blogs.uninter.edu.mx\/difusioncultural\/?p=2905#primaryimage\"},\"image\":{\"@id\":\"https:\/\/blogs.uninter.edu.mx\/difusioncultural\/?p=2905#primaryimage\"},\"thumbnailUrl\":\"https:\/\/blogs.uninter.edu.mx\/difusioncultural\/wp-content\/uploads\/2014\/06\/dia-mundial-sin-tabaco-2013.jpg\",\"datePublished\":\"2014-05-31T04:08:23+00:00\",\"breadcrumb\":{\"@id\":\"https:\/\/blogs.uninter.edu.mx\/difusioncultural\/?p=2905#breadcrumb\"},\"inLanguage\":\"es\",\"potentialAction\":[{\"@type\":\"ReadAction\",\"target\":[\"https:\/\/blogs.uninter.edu.mx\/difusioncultural\/?p=2905\"]}]},{\"@type\":\"ImageObject\",\"inLanguage\":\"es\",\"@id\":\"https:\/\/blogs.uninter.edu.mx\/difusioncultural\/?p=2905#primaryimage\",\"url\":\"https:\/\/blogs.uninter.edu.mx\/difusioncultural\/wp-content\/uploads\/2014\/06\/dia-mundial-sin-tabaco-2013.jpg\",\"contentUrl\":\"https:\/\/blogs.uninter.edu.mx\/difusioncultural\/wp-content\/uploads\/2014\/06\/dia-mundial-sin-tabaco-2013.jpg\",\"width\":600,\"height\":420},{\"@type\":\"BreadcrumbList\",\"@id\":\"https:\/\/blogs.uninter.edu.mx\/difusioncultural\/?p=2905#breadcrumb\",\"itemListElement\":[{\"@type\":\"ListItem\",\"position\":1,\"name\":\"Inicio\",\"item\":\"https:\/\/blogs.uninter.edu.mx\/difusioncultural\/\"},{\"@type\":\"ListItem\",\"position\":2,\"name\":\"31 de Mayo D\u00eda Mundial Sin Tabaco\"}]},{\"@type\":\"WebSite\",\"@id\":\"https:\/\/blogs.uninter.edu.mx\/difusioncultural\/#website\",\"url\":\"https:\/\/blogs.uninter.edu.mx\/difusioncultural\/\",\"name\":\"Difusi\u00f3n Cultural\",\"description\":\"UNINTER\",\"publisher\":{\"@id\":\"https:\/\/blogs.uninter.edu.mx\/difusioncultural\/#organization\"},\"potentialAction\":[{\"@type\":\"SearchAction\",\"target\":{\"@type\":\"EntryPoint\",\"urlTemplate\":\"https:\/\/blogs.uninter.edu.mx\/difusioncultural\/?s={search_term_string}\"},\"query-input\":{\"@type\":\"PropertyValueSpecification\",\"valueRequired\":true,\"valueName\":\"search_term_string\"}}],\"inLanguage\":\"es\"},{\"@type\":\"Organization\",\"@id\":\"https:\/\/blogs.uninter.edu.mx\/difusioncultural\/#organization\",\"name\":\"Difusi\u00f3n Cultural\",\"url\":\"https:\/\/blogs.uninter.edu.mx\/difusioncultural\/\",\"logo\":{\"@type\":\"ImageObject\",\"inLanguage\":\"es\",\"@id\":\"https:\/\/blogs.uninter.edu.mx\/difusioncultural\/#\/schema\/logo\/image\/\",\"url\":\"https:\/\/blogs.uninter.edu.mx\/difusioncultural\/wp-content\/uploads\/2022\/09\/uninter.jpg\",\"contentUrl\":\"https:\/\/blogs.uninter.edu.mx\/difusioncultural\/wp-content\/uploads\/2022\/09\/uninter.jpg\",\"width\":2048,\"height\":2048,\"caption\":\"Difusi\u00f3n Cultural\"},\"image\":{\"@id\":\"https:\/\/blogs.uninter.edu.mx\/difusioncultural\/#\/schema\/logo\/image\/\"}},{\"@type\":\"Person\",\"@id\":\"https:\/\/blogs.uninter.edu.mx\/difusioncultural\/#\/schema\/person\/37a0926f4dd300a814993fd595abdc4a\",\"name\":\"webmaster\",\"image\":{\"@type\":\"ImageObject\",\"inLanguage\":\"es\",\"@id\":\"https:\/\/blogs.uninter.edu.mx\/difusioncultural\/#\/schema\/person\/image\/\",\"url\":\"https:\/\/secure.gravatar.com\/avatar\/a59c276b01147463ef3aab4118e3137ebc5e1ad6700deb39ccdf8b89e517f7dc?s=96&d=mm&r=g\",\"contentUrl\":\"https:\/\/secure.gravatar.com\/avatar\/a59c276b01147463ef3aab4118e3137ebc5e1ad6700deb39ccdf8b89e517f7dc?s=96&d=mm&r=g\",\"caption\":\"webmaster\"},\"sameAs\":[\"https:\/\/blogs.uninter.edu.mx\/difusioncultural\"],\"url\":\"https:\/\/blogs.uninter.edu.mx\/difusioncultural\/?author=1\"}]}<\/script>\r\n<!-- \/ Yoast SEO plugin. -->","yoast_head_json":{"title":"31 de Mayo D\u00eda Mundial Sin Tabaco - Difusi\u00f3n Cultural","robots":{"index":"index","follow":"follow","max-snippet":"max-snippet:-1","max-image-preview":"max-image-preview:large","max-video-preview":"max-video-preview:-1"},"canonical":"https:\/\/blogs.uninter.edu.mx\/difusioncultural\/?p=2905","og_locale":"es_MX","og_type":"article","og_title":"31 de Mayo D\u00eda Mundial Sin Tabaco - Difusi\u00f3n Cultural","og_description":"El 31 de mayo de cada a\u00f1o la OMS celebra el D\u00eda Mundial sin Tabaco, cuyo objetivo consiste en se\u00f1alar los riesgos que supone el consumo de tabaco para la salud y fomentar pol\u00edticas eficaces de reducci\u00f3n de dicho consumo. El consumo de tabaco es la segunda causa mundial de muerte, tras la hipertensi\u00f3n, y&hellip;","og_url":"https:\/\/blogs.uninter.edu.mx\/difusioncultural\/?p=2905","og_site_name":"Difusi\u00f3n Cultural","article_published_time":"2014-05-31T04:08:23+00:00","og_image":[{"width":600,"height":420,"url":"https:\/\/blogs.uninter.edu.mx\/difusioncultural\/wp-content\/uploads\/2014\/06\/dia-mundial-sin-tabaco-2013.jpg","type":"image\/jpeg"}],"author":"webmaster","twitter_card":"summary_large_image","twitter_misc":{"Escrito por":"webmaster","Tiempo de lectura":"2 minutos"},"schema":{"@context":"https:\/\/schema.org","@graph":[{"@type":"Article","@id":"https:\/\/blogs.uninter.edu.mx\/difusioncultural\/?p=2905#article","isPartOf":{"@id":"https:\/\/blogs.uninter.edu.mx\/difusioncultural\/?p=2905"},"author":{"name":"webmaster","@id":"https:\/\/blogs.uninter.edu.mx\/difusioncultural\/#\/schema\/person\/37a0926f4dd300a814993fd595abdc4a"},"headline":"31 de Mayo D\u00eda Mundial Sin Tabaco","datePublished":"2014-05-31T04:08:23+00:00","mainEntityOfPage":{"@id":"https:\/\/blogs.uninter.edu.mx\/difusioncultural\/?p=2905"},"wordCount":501,"publisher":{"@id":"https:\/\/blogs.uninter.edu.mx\/difusioncultural\/#organization"},"image":{"@id":"https:\/\/blogs.uninter.edu.mx\/difusioncultural\/?p=2905#primaryimage"},"thumbnailUrl":"https:\/\/blogs.uninter.edu.mx\/difusioncultural\/wp-content\/uploads\/2014\/06\/dia-mundial-sin-tabaco-2013.jpg","inLanguage":"es"},{"@type":"WebPage","@id":"https:\/\/blogs.uninter.edu.mx\/difusioncultural\/?p=2905","url":"https:\/\/blogs.uninter.edu.mx\/difusioncultural\/?p=2905","name":"31 de Mayo D\u00eda Mundial Sin Tabaco - Difusi\u00f3n Cultural","isPartOf":{"@id":"https:\/\/blogs.uninter.edu.mx\/difusioncultural\/#website"},"primaryImageOfPage":{"@id":"https:\/\/blogs.uninter.edu.mx\/difusioncultural\/?p=2905#primaryimage"},"image":{"@id":"https:\/\/blogs.uninter.edu.mx\/difusioncultural\/?p=2905#primaryimage"},"thumbnailUrl":"https:\/\/blogs.uninter.edu.mx\/difusioncultural\/wp-content\/uploads\/2014\/06\/dia-mundial-sin-tabaco-2013.jpg","datePublished":"2014-05-31T04:08:23+00:00","breadcrumb":{"@id":"https:\/\/blogs.uninter.edu.mx\/difusioncultural\/?p=2905#breadcrumb"},"inLanguage":"es","potentialAction":[{"@type":"ReadAction","target":["https:\/\/blogs.uninter.edu.mx\/difusioncultural\/?p=2905"]}]},{"@type":"ImageObject","inLanguage":"es","@id":"https:\/\/blogs.uninter.edu.mx\/difusioncultural\/?p=2905#primaryimage","url":"https:\/\/blogs.uninter.edu.mx\/difusioncultural\/wp-content\/uploads\/2014\/06\/dia-mundial-sin-tabaco-2013.jpg","contentUrl":"https:\/\/blogs.uninter.edu.mx\/difusioncultural\/wp-content\/uploads\/2014\/06\/dia-mundial-sin-tabaco-2013.jpg","width":600,"height":420},{"@type":"BreadcrumbList","@id":"https:\/\/blogs.uninter.edu.mx\/difusioncultural\/?p=2905#breadcrumb","itemListElement":[{"@type":"ListItem","position":1,"name":"Inicio","item":"https:\/\/blogs.uninter.edu.mx\/difusioncultural\/"},{"@type":"ListItem","position":2,"name":"31 de Mayo D\u00eda Mundial Sin Tabaco"}]},{"@type":"WebSite","@id":"https:\/\/blogs.uninter.edu.mx\/difusioncultural\/#website","url":"https:\/\/blogs.uninter.edu.mx\/difusioncultural\/","name":"Difusi\u00f3n Cultural","description":"UNINTER","publisher":{"@id":"https:\/\/blogs.uninter.edu.mx\/difusioncultural\/#organization"},"potentialAction":[{"@type":"SearchAction","target":{"@type":"EntryPoint","urlTemplate":"https:\/\/blogs.uninter.edu.mx\/difusioncultural\/?s={search_term_string}"},"query-input":{"@type":"PropertyValueSpecification","valueRequired":true,"valueName":"search_term_string"}}],"inLanguage":"es"},{"@type":"Organization","@id":"https:\/\/blogs.uninter.edu.mx\/difusioncultural\/#organization","name":"Difusi\u00f3n Cultural","url":"https:\/\/blogs.uninter.edu.mx\/difusioncultural\/","logo":{"@type":"ImageObject","inLanguage":"es","@id":"https:\/\/blogs.uninter.edu.mx\/difusioncultural\/#\/schema\/logo\/image\/","url":"https:\/\/blogs.uninter.edu.mx\/difusioncultural\/wp-content\/uploads\/2022\/09\/uninter.jpg","contentUrl":"https:\/\/blogs.uninter.edu.mx\/difusioncultural\/wp-content\/uploads\/2022\/09\/uninter.jpg","width":2048,"height":2048,"caption":"Difusi\u00f3n Cultural"},"image":{"@id":"https:\/\/blogs.uninter.edu.mx\/difusioncultural\/#\/schema\/logo\/image\/"}},{"@type":"Person","@id":"https:\/\/blogs.uninter.edu.mx\/difusioncultural\/#\/schema\/person\/37a0926f4dd300a814993fd595abdc4a","name":"webmaster","image":{"@type":"ImageObject","inLanguage":"es","@id":"https:\/\/blogs.uninter.edu.mx\/difusioncultural\/#\/schema\/person\/image\/","url":"https:\/\/secure.gravatar.com\/avatar\/a59c276b01147463ef3aab4118e3137ebc5e1ad6700deb39ccdf8b89e517f7dc?s=96&d=mm&r=g","contentUrl":"https:\/\/secure.gravatar.com\/avatar\/a59c276b01147463ef3aab4118e3137ebc5e1ad6700deb39ccdf8b89e517f7dc?s=96&d=mm&r=g","caption":"webmaster"},"sameAs":["https:\/\/blogs.uninter.edu.mx\/difusioncultural"],"url":"https:\/\/blogs.uninter.edu.mx\/difusioncultural\/?author=1"}]}},"jetpack_publicize_connections":[],"jetpack_featured_media_url":"https:\/\/blogs.uninter.edu.mx\/difusioncultural\/wp-content\/uploads\/2014\/06\/dia-mundial-sin-tabaco-2013.jpg","jetpack_sharing_enabled":true,"_links":{"self":[{"href":"https:\/\/blogs.uninter.edu.mx\/difusioncultural\/index.php?rest_route=\/wp\/v2\/posts\/2905","targetHints":{"allow":["GET"]}}],"collection":[{"href":"https:\/\/blogs.uninter.edu.mx\/difusioncultural\/index.php?rest_route=\/wp\/v2\/posts"}],"about":[{"href":"https:\/\/blogs.uninter.edu.mx\/difusioncultural\/index.php?rest_route=\/wp\/v2\/types\/post"}],"author":[{"embeddable":true,"href":"https:\/\/blogs.uninter.edu.mx\/difusioncultural\/index.php?rest_route=\/wp\/v2\/users\/1"}],"replies":[{"embeddable":true,"href":"https:\/\/blogs.uninter.edu.mx\/difusioncultural\/index.php?rest_route=%2Fwp%2Fv2%2Fcomments&post=2905"}],"version-history":[{"count":0,"href":"https:\/\/blogs.uninter.edu.mx\/difusioncultural\/index.php?rest_route=\/wp\/v2\/posts\/2905\/revisions"}],"wp:featuredmedia":[{"embeddable":true,"href":"https:\/\/blogs.uninter.edu.mx\/difusioncultural\/index.php?rest_route=\/wp\/v2\/media\/2906"}],"wp:attachment":[{"href":"https:\/\/blogs.uninter.edu.mx\/difusioncultural\/index.php?rest_route=%2Fwp%2Fv2%2Fmedia&parent=2905"}],"wp:term":[{"taxonomy":"category","embeddable":true,"href":"https:\/\/blogs.uninter.edu.mx\/difusioncultural\/index.php?rest_route=%2Fwp%2Fv2%2Fcategories&post=2905"},{"taxonomy":"post_tag","embeddable":true,"href":"https:\/\/blogs.uninter.edu.mx\/difusioncultural\/index.php?rest_route=%2Fwp%2Fv2%2Ftags&post=2905"}],"curies":[{"name":"wp","href":"https:\/\/api.w.org\/{rel}","templated":true}]}}