{"id":2910,"date":"2014-06-02T02:45:59","date_gmt":"2014-06-02T02:45:59","guid":{"rendered":"http:\/\/difusionculturaluninter.wordpress.com\/?p=2910"},"modified":"2014-06-02T02:45:59","modified_gmt":"2014-06-02T02:45:59","slug":"andres-de-la-cruz-heredero-de-una-tradicion-de-sombreros-de-palma","status":"publish","type":"post","link":"https:\/\/blogs.uninter.edu.mx\/difusioncultural\/?p=2910","title":{"rendered":"Andr\u00e9s de la Cruz, heredero de una tradici\u00f3n de sombreros de palma"},"content":{"rendered":"<p>Originario de esta tierra, donde naci\u00f3 hace 73 a\u00f1os, don Andr\u00e9s de la Cruz Gonz\u00e1lez camina lento, apoyado del brazo de alguno de sus hijos; aunque su figura est\u00e1 encorvada, mientras sube al templete donde ser\u00e1 reconocido como Tesoro humano vivo, se le ve erguido y orgulloso, contento porque su comunidad lo aplaude y porque le llegar\u00e1 un est\u00edmulo que le permitir\u00e1 seguir haciendo lo que tanto le apasiona: tejer el sombrero de palma.<\/p>\n<p>Fue hace unas semanas que por recomendaci\u00f3n de las autoridades tradicionales de su pueblo se le seleccion\u00f3 como candidato a este reconocimiento que celebra los aportes que como artesano, preservador de una t\u00e9cnica original, hace a Zinacant\u00e1n, a Chiapas y a todo M\u00e9xico.<\/p>\n<p>El proceso no fue f\u00e1cil, pues Zinacant\u00e1n (Lugar de murci\u00e9lagos) es una tierra f\u00e9rtil en valiosos artesanos, pero finalmente fue seleccionado \u00e9l, quien es el \u00fanico que actualmente teje sombreros de palma con la t\u00e9cnica heredada de su abuelo y quiz\u00e1 de los abuelos de sus abuelos, y la cual ha transmitido ya a sus hijos e incluso a sus nietos, con la esperanza de mantener esta tradici\u00f3n.<\/p>\n<p>&#8220;Yo empec\u00e9 a tejer cuando ten\u00eda siete u ocho a\u00f1os, empec\u00e9 haciendo tejido simple y fue como a los 18 o 20 a\u00f1os que empec\u00e9 a darle ya forma al sombrero, recuerda en entrevista, mientras en la plaza principal de su pueblo se escuchan los tradicionales sonidos de la marimba chiapaneca.<\/p>\n<p>&#8220;Le ense\u00f1\u00f3 tambi\u00e9n a mi pap\u00e1 y yo le he ense\u00f1ado a mis hijos y ahora a mis nietos, porque no quiero que esto se pierda&#8221;, explica mientras otros miembros de su familia se congregan para arroparlo; para apoyar la traducci\u00f3n del espa\u00f1ol al tsostil, de lo que no alcanza a comprender en la pl\u00e1tica.<\/p>\n<p>En la plaza, todo se alista para comenzar la segunda jornada de la Gala Identitaria de Zinacant\u00e1n, la primera de las que se han programado en el marco de la Cruzada Nacional contra el Hambre y el programa &#8220;M\u00e9xico, Cultura para la Armon\u00eda&#8221;, cuyo objetivo central es impulsar la creaci\u00f3n art\u00edstica local y dignificar las manifestaciones culturales y festividades tradicionales, apoyando la econom\u00eda familiar de los creadores populares.<\/p>\n<p>Cuando yo me muera, dice con seriedad, aunque se niega a creer realmente que pueda llegar el momento en que deje de tejer, esto ya se le queda a mis hijos y a mis nietos, para que sigan haciendo tradici\u00f3n.<\/p>\n<p>Un pedacito de ef\u00edmera gloria<\/p>\n<p>Estoy muy contento con este premio, ya voy a trabajar m\u00e1s gustoso, se\u00f1ala don Andr\u00e9s, quien aunque desconoce el monto del est\u00edmulo econ\u00f3mico que se le ofrecer\u00e1, conf\u00eda en que le alcance para estar m\u00e1s tranquilo y comprar materiales para seguir haciendo sus sombreros, en los que, dice, se tarda hasta tres meses en confeccionar, pues a m\u00e1s de seis d\u00e9cadas de haber empezado a tejer, la vista ya no le ayuda.<\/p>\n<p>Sus obras hoy tienen m\u00e1s valor por eso, pues son producto de la habilidad y destreza de sus maltratadas manos y del alma que pone en cada creaci\u00f3n.<\/p>\n<p>&#8220;Primero tejo dos rollos de palmitas as\u00ed, luego uno de palma negra y palma tinta, combinadas, y ya con eso empiezo a darle forma; es algo dif\u00edcil, me acab\u00f3 la vista, pero me gusta y seguir\u00e9 haci\u00e9ndolo hasta que me muera&#8221;, expone, a la vez que recuerda que un amigo le ha mandado un lente pero no tiene mucho aumento y \u00e9l ya necesita &#8220;unos m\u00e1s chingones&#8221; para volver a ver lo que teje.<\/p>\n<p>Lo m\u00e1s dif\u00edcil, reconoce, es la venta de sus creaciones, pues por el tiempo y el trabajo que realiza no son tan baratos. Un sombrero de palma hecho por \u00e9l, con tejido y t\u00e9cnica original, cuesta como mil 200 pesos, y eso no lo paga cualquiera. Esos los vende en San Crist\u00f3bal, Navol\u00f3n y Santo Domingo.<\/p>\n<p>No obstante la edad, la vida de don Andr\u00e9s no ha cambiado mucho, pues sigue dedicando muchas horas del d\u00eda a su trabajo; antes sal\u00eda a la milpa a las seis de la ma\u00f1ana y dedicaba 12 horas o m\u00e1s a las labores del campo que combinaba con las del tejido de palma; ahora, dice, sigue yendo de vez en cuando a sembrar hortaliza para comer, pero su mayor tiempo se lo dedica a los sombreros, pues por su problema de vista puede tardar cada vez m\u00e1s.<\/p>\n<p>&#8220;Me acuesto cuando me da sue\u00f1o, nueve o 10 de a noche&#8221;, comenta el anciano, quien vive con su esposa, tiene seis hijos, cuatro mujeres y dos hombres, y cuatro nietos; todos con la misma forma de vida, para llevarse a la boca un poco de frijoles, verdura y tortillas, y en buenos tiempos, si hay venta, un poco de carne o pollo y pan.<\/p>\n<p>Escucha su nombre y se levanta gustoso (&#8230;.) sube al estrado apoyado por uno de sus familiares y agradece en tsotsil que se le reconozca, refrenda su compromiso con la tradici\u00f3n y baja entre aplausos.<\/p>\n<p>M\u00e1s tarde, cuando comienzan a caer las primeras gotas de lluvia sobre el lugar, se despide y con su diploma abrazado regresa a su vida de todos los d\u00edas y a su tejido de palma que lo espera paciente, como durante m\u00e1s de 60 a\u00f1os.<\/p>\n<p><a href=\"https:\/\/blogs.uninter.edu.mx\/difusioncultural\/wp-content\/uploads\/2014\/06\/1049757.jpg\"><img fetchpriority=\"high\" decoding=\"async\" class=\"alignnone size-medium wp-image-2911\" src=\"https:\/\/blogs.uninter.edu.mx\/difusioncultural\/wp-content\/uploads\/2014\/06\/1049757.jpg?w=300\" alt=\"1049757\" width=\"300\" height=\"224\" \/><\/a><\/p>\n","protected":false},"excerpt":{"rendered":"<p>Originario de esta tierra, donde naci\u00f3 hace 73 a\u00f1os, don Andr\u00e9s de la Cruz Gonz\u00e1lez camina lento, apoyado del brazo de alguno de sus hijos; aunque su figura est\u00e1 encorvada, mientras sube al templete donde ser\u00e1 reconocido como Tesoro humano vivo, se le ve erguido y orgulloso, contento porque su comunidad lo aplaude y porque&hellip;<\/p>\n","protected":false},"author":1,"featured_media":3007,"comment_status":"closed","ping_status":"open","sticky":false,"template":"","format":"standard","meta":{"_jetpack_memberships_contains_paid_content":false,"footnotes":"","jetpack_publicize_message":"","jetpack_publicize_feature_enabled":true,"jetpack_social_post_already_shared":false,"jetpack_social_options":{"image_generator_settings":{"template":"highway","default_image_id":0,"font":"","enabled":false},"version":2}},"categories":[1],"tags":[],"class_list":["post-2910","post","type-post","status-publish","format-standard","has-post-thumbnail","hentry","category-sin-categoria"],"yoast_head":"<!-- This site is optimized with the Yoast SEO plugin v26.3 - https:\/\/yoast.com\/wordpress\/plugins\/seo\/ -->\r\n<title>Andr\u00e9s de la Cruz, heredero de una tradici\u00f3n de sombreros de palma - Difusi\u00f3n Cultural<\/title>\r\n<meta name=\"robots\" content=\"index, follow, max-snippet:-1, max-image-preview:large, max-video-preview:-1\" \/>\r\n<link rel=\"canonical\" href=\"https:\/\/blogs.uninter.edu.mx\/difusioncultural\/?p=2910\" \/>\r\n<meta property=\"og:locale\" content=\"es_MX\" \/>\r\n<meta property=\"og:type\" content=\"article\" \/>\r\n<meta property=\"og:title\" content=\"Andr\u00e9s de la Cruz, heredero de una tradici\u00f3n de sombreros de palma - Difusi\u00f3n Cultural\" \/>\r\n<meta property=\"og:description\" content=\"Originario de esta tierra, donde naci\u00f3 hace 73 a\u00f1os, don Andr\u00e9s de la Cruz Gonz\u00e1lez camina lento, apoyado del brazo de alguno de sus hijos; aunque su figura est\u00e1 encorvada, mientras sube al templete donde ser\u00e1 reconocido como Tesoro humano vivo, se le ve erguido y orgulloso, contento porque su comunidad lo aplaude y porque&hellip;\" \/>\r\n<meta property=\"og:url\" content=\"https:\/\/blogs.uninter.edu.mx\/difusioncultural\/?p=2910\" \/>\r\n<meta property=\"og:site_name\" content=\"Difusi\u00f3n Cultural\" \/>\r\n<meta property=\"article:published_time\" content=\"2014-06-02T02:45:59+00:00\" \/>\r\n<meta property=\"og:image\" content=\"https:\/\/blogs.uninter.edu.mx\/difusioncultural\/wp-content\/uploads\/2014\/07\/10497571.jpg\" \/>\r\n\t<meta property=\"og:image:width\" content=\"300\" \/>\r\n\t<meta property=\"og:image:height\" content=\"225\" \/>\r\n\t<meta property=\"og:image:type\" content=\"image\/jpeg\" \/>\r\n<meta name=\"author\" content=\"webmaster\" \/>\r\n<meta name=\"twitter:card\" content=\"summary_large_image\" \/>\r\n<meta name=\"twitter:label1\" content=\"Escrito por\" \/>\n\t<meta name=\"twitter:data1\" content=\"webmaster\" \/>\n\t<meta name=\"twitter:label2\" content=\"Tiempo de lectura\" \/>\n\t<meta name=\"twitter:data2\" content=\"5 minutos\" \/>\r\n<script type=\"application\/ld+json\" class=\"yoast-schema-graph\">{\"@context\":\"https:\/\/schema.org\",\"@graph\":[{\"@type\":\"Article\",\"@id\":\"https:\/\/blogs.uninter.edu.mx\/difusioncultural\/?p=2910#article\",\"isPartOf\":{\"@id\":\"https:\/\/blogs.uninter.edu.mx\/difusioncultural\/?p=2910\"},\"author\":{\"name\":\"webmaster\",\"@id\":\"https:\/\/blogs.uninter.edu.mx\/difusioncultural\/#\/schema\/person\/37a0926f4dd300a814993fd595abdc4a\"},\"headline\":\"Andr\u00e9s de la Cruz, heredero de una tradici\u00f3n de sombreros de palma\",\"datePublished\":\"2014-06-02T02:45:59+00:00\",\"mainEntityOfPage\":{\"@id\":\"https:\/\/blogs.uninter.edu.mx\/difusioncultural\/?p=2910\"},\"wordCount\":933,\"publisher\":{\"@id\":\"https:\/\/blogs.uninter.edu.mx\/difusioncultural\/#organization\"},\"image\":{\"@id\":\"https:\/\/blogs.uninter.edu.mx\/difusioncultural\/?p=2910#primaryimage\"},\"thumbnailUrl\":\"https:\/\/blogs.uninter.edu.mx\/difusioncultural\/wp-content\/uploads\/2014\/07\/10497571.jpg\",\"inLanguage\":\"es\"},{\"@type\":\"WebPage\",\"@id\":\"https:\/\/blogs.uninter.edu.mx\/difusioncultural\/?p=2910\",\"url\":\"https:\/\/blogs.uninter.edu.mx\/difusioncultural\/?p=2910\",\"name\":\"Andr\u00e9s de la Cruz, heredero de una tradici\u00f3n de sombreros de palma - Difusi\u00f3n Cultural\",\"isPartOf\":{\"@id\":\"https:\/\/blogs.uninter.edu.mx\/difusioncultural\/#website\"},\"primaryImageOfPage\":{\"@id\":\"https:\/\/blogs.uninter.edu.mx\/difusioncultural\/?p=2910#primaryimage\"},\"image\":{\"@id\":\"https:\/\/blogs.uninter.edu.mx\/difusioncultural\/?p=2910#primaryimage\"},\"thumbnailUrl\":\"https:\/\/blogs.uninter.edu.mx\/difusioncultural\/wp-content\/uploads\/2014\/07\/10497571.jpg\",\"datePublished\":\"2014-06-02T02:45:59+00:00\",\"breadcrumb\":{\"@id\":\"https:\/\/blogs.uninter.edu.mx\/difusioncultural\/?p=2910#breadcrumb\"},\"inLanguage\":\"es\",\"potentialAction\":[{\"@type\":\"ReadAction\",\"target\":[\"https:\/\/blogs.uninter.edu.mx\/difusioncultural\/?p=2910\"]}]},{\"@type\":\"ImageObject\",\"inLanguage\":\"es\",\"@id\":\"https:\/\/blogs.uninter.edu.mx\/difusioncultural\/?p=2910#primaryimage\",\"url\":\"https:\/\/blogs.uninter.edu.mx\/difusioncultural\/wp-content\/uploads\/2014\/07\/10497571.jpg\",\"contentUrl\":\"https:\/\/blogs.uninter.edu.mx\/difusioncultural\/wp-content\/uploads\/2014\/07\/10497571.jpg\",\"width\":300,\"height\":225},{\"@type\":\"BreadcrumbList\",\"@id\":\"https:\/\/blogs.uninter.edu.mx\/difusioncultural\/?p=2910#breadcrumb\",\"itemListElement\":[{\"@type\":\"ListItem\",\"position\":1,\"name\":\"Inicio\",\"item\":\"https:\/\/blogs.uninter.edu.mx\/difusioncultural\/\"},{\"@type\":\"ListItem\",\"position\":2,\"name\":\"Andr\u00e9s de la Cruz, heredero de una tradici\u00f3n de sombreros de palma\"}]},{\"@type\":\"WebSite\",\"@id\":\"https:\/\/blogs.uninter.edu.mx\/difusioncultural\/#website\",\"url\":\"https:\/\/blogs.uninter.edu.mx\/difusioncultural\/\",\"name\":\"Difusi\u00f3n Cultural\",\"description\":\"UNINTER\",\"publisher\":{\"@id\":\"https:\/\/blogs.uninter.edu.mx\/difusioncultural\/#organization\"},\"potentialAction\":[{\"@type\":\"SearchAction\",\"target\":{\"@type\":\"EntryPoint\",\"urlTemplate\":\"https:\/\/blogs.uninter.edu.mx\/difusioncultural\/?s={search_term_string}\"},\"query-input\":{\"@type\":\"PropertyValueSpecification\",\"valueRequired\":true,\"valueName\":\"search_term_string\"}}],\"inLanguage\":\"es\"},{\"@type\":\"Organization\",\"@id\":\"https:\/\/blogs.uninter.edu.mx\/difusioncultural\/#organization\",\"name\":\"Difusi\u00f3n Cultural\",\"url\":\"https:\/\/blogs.uninter.edu.mx\/difusioncultural\/\",\"logo\":{\"@type\":\"ImageObject\",\"inLanguage\":\"es\",\"@id\":\"https:\/\/blogs.uninter.edu.mx\/difusioncultural\/#\/schema\/logo\/image\/\",\"url\":\"https:\/\/blogs.uninter.edu.mx\/difusioncultural\/wp-content\/uploads\/2022\/09\/uninter.jpg\",\"contentUrl\":\"https:\/\/blogs.uninter.edu.mx\/difusioncultural\/wp-content\/uploads\/2022\/09\/uninter.jpg\",\"width\":2048,\"height\":2048,\"caption\":\"Difusi\u00f3n Cultural\"},\"image\":{\"@id\":\"https:\/\/blogs.uninter.edu.mx\/difusioncultural\/#\/schema\/logo\/image\/\"}},{\"@type\":\"Person\",\"@id\":\"https:\/\/blogs.uninter.edu.mx\/difusioncultural\/#\/schema\/person\/37a0926f4dd300a814993fd595abdc4a\",\"name\":\"webmaster\",\"image\":{\"@type\":\"ImageObject\",\"inLanguage\":\"es\",\"@id\":\"https:\/\/blogs.uninter.edu.mx\/difusioncultural\/#\/schema\/person\/image\/\",\"url\":\"https:\/\/secure.gravatar.com\/avatar\/a59c276b01147463ef3aab4118e3137ebc5e1ad6700deb39ccdf8b89e517f7dc?s=96&d=mm&r=g\",\"contentUrl\":\"https:\/\/secure.gravatar.com\/avatar\/a59c276b01147463ef3aab4118e3137ebc5e1ad6700deb39ccdf8b89e517f7dc?s=96&d=mm&r=g\",\"caption\":\"webmaster\"},\"sameAs\":[\"https:\/\/blogs.uninter.edu.mx\/difusioncultural\"],\"url\":\"https:\/\/blogs.uninter.edu.mx\/difusioncultural\/?author=1\"}]}<\/script>\r\n<!-- \/ Yoast SEO plugin. -->","yoast_head_json":{"title":"Andr\u00e9s de la Cruz, heredero de una tradici\u00f3n de sombreros de palma - Difusi\u00f3n Cultural","robots":{"index":"index","follow":"follow","max-snippet":"max-snippet:-1","max-image-preview":"max-image-preview:large","max-video-preview":"max-video-preview:-1"},"canonical":"https:\/\/blogs.uninter.edu.mx\/difusioncultural\/?p=2910","og_locale":"es_MX","og_type":"article","og_title":"Andr\u00e9s de la Cruz, heredero de una tradici\u00f3n de sombreros de palma - Difusi\u00f3n Cultural","og_description":"Originario de esta tierra, donde naci\u00f3 hace 73 a\u00f1os, don Andr\u00e9s de la Cruz Gonz\u00e1lez camina lento, apoyado del brazo de alguno de sus hijos; aunque su figura est\u00e1 encorvada, mientras sube al templete donde ser\u00e1 reconocido como Tesoro humano vivo, se le ve erguido y orgulloso, contento porque su comunidad lo aplaude y porque&hellip;","og_url":"https:\/\/blogs.uninter.edu.mx\/difusioncultural\/?p=2910","og_site_name":"Difusi\u00f3n Cultural","article_published_time":"2014-06-02T02:45:59+00:00","og_image":[{"width":300,"height":225,"url":"https:\/\/blogs.uninter.edu.mx\/difusioncultural\/wp-content\/uploads\/2014\/07\/10497571.jpg","type":"image\/jpeg"}],"author":"webmaster","twitter_card":"summary_large_image","twitter_misc":{"Escrito por":"webmaster","Tiempo de lectura":"5 minutos"},"schema":{"@context":"https:\/\/schema.org","@graph":[{"@type":"Article","@id":"https:\/\/blogs.uninter.edu.mx\/difusioncultural\/?p=2910#article","isPartOf":{"@id":"https:\/\/blogs.uninter.edu.mx\/difusioncultural\/?p=2910"},"author":{"name":"webmaster","@id":"https:\/\/blogs.uninter.edu.mx\/difusioncultural\/#\/schema\/person\/37a0926f4dd300a814993fd595abdc4a"},"headline":"Andr\u00e9s de la Cruz, heredero de una tradici\u00f3n de sombreros de palma","datePublished":"2014-06-02T02:45:59+00:00","mainEntityOfPage":{"@id":"https:\/\/blogs.uninter.edu.mx\/difusioncultural\/?p=2910"},"wordCount":933,"publisher":{"@id":"https:\/\/blogs.uninter.edu.mx\/difusioncultural\/#organization"},"image":{"@id":"https:\/\/blogs.uninter.edu.mx\/difusioncultural\/?p=2910#primaryimage"},"thumbnailUrl":"https:\/\/blogs.uninter.edu.mx\/difusioncultural\/wp-content\/uploads\/2014\/07\/10497571.jpg","inLanguage":"es"},{"@type":"WebPage","@id":"https:\/\/blogs.uninter.edu.mx\/difusioncultural\/?p=2910","url":"https:\/\/blogs.uninter.edu.mx\/difusioncultural\/?p=2910","name":"Andr\u00e9s de la Cruz, heredero de una tradici\u00f3n de sombreros de palma - Difusi\u00f3n Cultural","isPartOf":{"@id":"https:\/\/blogs.uninter.edu.mx\/difusioncultural\/#website"},"primaryImageOfPage":{"@id":"https:\/\/blogs.uninter.edu.mx\/difusioncultural\/?p=2910#primaryimage"},"image":{"@id":"https:\/\/blogs.uninter.edu.mx\/difusioncultural\/?p=2910#primaryimage"},"thumbnailUrl":"https:\/\/blogs.uninter.edu.mx\/difusioncultural\/wp-content\/uploads\/2014\/07\/10497571.jpg","datePublished":"2014-06-02T02:45:59+00:00","breadcrumb":{"@id":"https:\/\/blogs.uninter.edu.mx\/difusioncultural\/?p=2910#breadcrumb"},"inLanguage":"es","potentialAction":[{"@type":"ReadAction","target":["https:\/\/blogs.uninter.edu.mx\/difusioncultural\/?p=2910"]}]},{"@type":"ImageObject","inLanguage":"es","@id":"https:\/\/blogs.uninter.edu.mx\/difusioncultural\/?p=2910#primaryimage","url":"https:\/\/blogs.uninter.edu.mx\/difusioncultural\/wp-content\/uploads\/2014\/07\/10497571.jpg","contentUrl":"https:\/\/blogs.uninter.edu.mx\/difusioncultural\/wp-content\/uploads\/2014\/07\/10497571.jpg","width":300,"height":225},{"@type":"BreadcrumbList","@id":"https:\/\/blogs.uninter.edu.mx\/difusioncultural\/?p=2910#breadcrumb","itemListElement":[{"@type":"ListItem","position":1,"name":"Inicio","item":"https:\/\/blogs.uninter.edu.mx\/difusioncultural\/"},{"@type":"ListItem","position":2,"name":"Andr\u00e9s de la Cruz, heredero de una tradici\u00f3n de sombreros de palma"}]},{"@type":"WebSite","@id":"https:\/\/blogs.uninter.edu.mx\/difusioncultural\/#website","url":"https:\/\/blogs.uninter.edu.mx\/difusioncultural\/","name":"Difusi\u00f3n Cultural","description":"UNINTER","publisher":{"@id":"https:\/\/blogs.uninter.edu.mx\/difusioncultural\/#organization"},"potentialAction":[{"@type":"SearchAction","target":{"@type":"EntryPoint","urlTemplate":"https:\/\/blogs.uninter.edu.mx\/difusioncultural\/?s={search_term_string}"},"query-input":{"@type":"PropertyValueSpecification","valueRequired":true,"valueName":"search_term_string"}}],"inLanguage":"es"},{"@type":"Organization","@id":"https:\/\/blogs.uninter.edu.mx\/difusioncultural\/#organization","name":"Difusi\u00f3n Cultural","url":"https:\/\/blogs.uninter.edu.mx\/difusioncultural\/","logo":{"@type":"ImageObject","inLanguage":"es","@id":"https:\/\/blogs.uninter.edu.mx\/difusioncultural\/#\/schema\/logo\/image\/","url":"https:\/\/blogs.uninter.edu.mx\/difusioncultural\/wp-content\/uploads\/2022\/09\/uninter.jpg","contentUrl":"https:\/\/blogs.uninter.edu.mx\/difusioncultural\/wp-content\/uploads\/2022\/09\/uninter.jpg","width":2048,"height":2048,"caption":"Difusi\u00f3n Cultural"},"image":{"@id":"https:\/\/blogs.uninter.edu.mx\/difusioncultural\/#\/schema\/logo\/image\/"}},{"@type":"Person","@id":"https:\/\/blogs.uninter.edu.mx\/difusioncultural\/#\/schema\/person\/37a0926f4dd300a814993fd595abdc4a","name":"webmaster","image":{"@type":"ImageObject","inLanguage":"es","@id":"https:\/\/blogs.uninter.edu.mx\/difusioncultural\/#\/schema\/person\/image\/","url":"https:\/\/secure.gravatar.com\/avatar\/a59c276b01147463ef3aab4118e3137ebc5e1ad6700deb39ccdf8b89e517f7dc?s=96&d=mm&r=g","contentUrl":"https:\/\/secure.gravatar.com\/avatar\/a59c276b01147463ef3aab4118e3137ebc5e1ad6700deb39ccdf8b89e517f7dc?s=96&d=mm&r=g","caption":"webmaster"},"sameAs":["https:\/\/blogs.uninter.edu.mx\/difusioncultural"],"url":"https:\/\/blogs.uninter.edu.mx\/difusioncultural\/?author=1"}]}},"jetpack_publicize_connections":[],"jetpack_featured_media_url":"https:\/\/blogs.uninter.edu.mx\/difusioncultural\/wp-content\/uploads\/2014\/07\/10497571.jpg","jetpack_sharing_enabled":true,"_links":{"self":[{"href":"https:\/\/blogs.uninter.edu.mx\/difusioncultural\/index.php?rest_route=\/wp\/v2\/posts\/2910","targetHints":{"allow":["GET"]}}],"collection":[{"href":"https:\/\/blogs.uninter.edu.mx\/difusioncultural\/index.php?rest_route=\/wp\/v2\/posts"}],"about":[{"href":"https:\/\/blogs.uninter.edu.mx\/difusioncultural\/index.php?rest_route=\/wp\/v2\/types\/post"}],"author":[{"embeddable":true,"href":"https:\/\/blogs.uninter.edu.mx\/difusioncultural\/index.php?rest_route=\/wp\/v2\/users\/1"}],"replies":[{"embeddable":true,"href":"https:\/\/blogs.uninter.edu.mx\/difusioncultural\/index.php?rest_route=%2Fwp%2Fv2%2Fcomments&post=2910"}],"version-history":[{"count":0,"href":"https:\/\/blogs.uninter.edu.mx\/difusioncultural\/index.php?rest_route=\/wp\/v2\/posts\/2910\/revisions"}],"wp:featuredmedia":[{"embeddable":true,"href":"https:\/\/blogs.uninter.edu.mx\/difusioncultural\/index.php?rest_route=\/wp\/v2\/media\/3007"}],"wp:attachment":[{"href":"https:\/\/blogs.uninter.edu.mx\/difusioncultural\/index.php?rest_route=%2Fwp%2Fv2%2Fmedia&parent=2910"}],"wp:term":[{"taxonomy":"category","embeddable":true,"href":"https:\/\/blogs.uninter.edu.mx\/difusioncultural\/index.php?rest_route=%2Fwp%2Fv2%2Fcategories&post=2910"},{"taxonomy":"post_tag","embeddable":true,"href":"https:\/\/blogs.uninter.edu.mx\/difusioncultural\/index.php?rest_route=%2Fwp%2Fv2%2Ftags&post=2910"}],"curies":[{"name":"wp","href":"https:\/\/api.w.org\/{rel}","templated":true}]}}