{"id":2923,"date":"2014-05-27T14:23:02","date_gmt":"2014-05-27T14:23:02","guid":{"rendered":"http:\/\/difusionculturaluninter.wordpress.com\/?p=2923"},"modified":"2014-05-27T14:23:02","modified_gmt":"2014-05-27T14:23:02","slug":"muere-la-poeta-maya-angelou","status":"publish","type":"post","link":"https:\/\/blogs.uninter.edu.mx\/difusioncultural\/?p=2923","title":{"rendered":"Muere la poeta Maya Angelou"},"content":{"rendered":"<p>Su historia asombr\u00f3 a millones. La joven madre soltera que se ganaba la vida en clubes de estript\u00eds luego cant\u00f3 y bail\u00f3 en escenarios alrededor del mundo. La mujer negra nacida en pobreza luego escribi\u00f3 y recit\u00f3 el poema de juramentaci\u00f3n presidencial m\u00e1s difundido de la historia. La ni\u00f1a v\u00edctima de violaci\u00f3n a quien la venganza la oblig\u00f3 a callar, con el tiempo cont\u00f3 su historia a trav\u00e9s de uno de los libros de memorias m\u00e1s le\u00eddos en las \u00faltimas d\u00e9cadas en Estados Unidos.<\/p>\n<p>Angelou, una mujer renacentista y pionera cultural, falleci\u00f3, dijo la Universidad de Wake Forest en un comunicado el mi\u00e9rcoles. Ten\u00eda 86 a\u00f1os. Hab\u00eda trabajado como profesora de estudios estadounidenses en la escuela desde 1982. Esta semana ten\u00eda previsto asistir a una ceremonia de premios, pero cancel\u00f3 hace unos d\u00edas citando una dolencia no especificada.<\/p>\n<p>Alta y elegante, con una voz profunda y majestuosa, era inolvidable a la vista, el o\u00eddo y la lectura. Fue actriz, cantante y bailarina en las d\u00e9cadas de 1950 y 1960 y debut\u00f3 como autora en 1970 con &#8220;Yo s\u00e9 por qu\u00e9 canta el p\u00e1jaro enjaulado&#8221;, que se convirti\u00f3 en lectura habitual (y a veces censurada) y que llev\u00f3 a Angelou a ser una de las primeras mujeres negras en disfrutar de un gran \u00e9xito comercial.<\/p>\n<p>&#8220;El P\u00e1jaro Enjaulado&#8221; fue el inicio de una autobiograf\u00eda de varias partes que continu\u00f3 por d\u00e9cadas y captur\u00f3 una vida de gran oscuridad y fama victoriosa.<\/p>\n<p>El mundo la vio en 1993 leer su cautelosamente esperanzador &#8220;On the Pulse of the Morning&#8221; (&#8220;En el pulso de la ma\u00f1ana&#8221;) en la primera inauguraci\u00f3n presidencial de Bill Clinton. Su aplomo encant\u00f3 a Clinton e hizo del poema un best-seller aunque no un favorito de la cr\u00edtica. Para el presidente George W. Bush ley\u00f3 otro poema, &#8220;Amazing Peace&#8221;, en la ceremonia del encendido del \u00e1rbol de Navidad en la Casa Blanca en el 2005.<\/p>\n<p>Los mandatarios la honraron en retribuci\u00f3n con una Medalla Nacional de las Artes y la Medalla Presidencial de la Libertad, el m\u00e1ximo reconocimiento civil de la naci\u00f3n. En el 2013, recibi\u00f3 un Premio Nacional honorario de literatura.<\/p>\n<p>Se autoproclamaba una poeta enamorada del &#8220;sonido de la lengua&#8221;, de &#8220;la m\u00fasica en la lengua&#8221;, como explic\u00f3 en 2013. Pero vivi\u00f3 tantas vidas. Fue una maravilla para Toni Morrison, a quien sorprendi\u00f3 su poca inhibici\u00f3n y su disposici\u00f3n para celebrar sus propios logros.<\/p>\n<p>Fue una mentora para Oprah Winfrey, de quien se hizo amiga cuando \u00e9sta era una reportera de televisi\u00f3n local, y a menudo apareci\u00f3 en su programa de tertulia. Domin\u00f3 varios idiomas y public\u00f3 no s\u00f3lo poes\u00eda, sino libros de consejos, cocina y cuentos para ni\u00f1os. Escribi\u00f3 m\u00fasica, obras teatrales y guiones de cine, recibi\u00f3 una nominaci\u00f3n al premio Emmy por su actuaci\u00f3n en &#8220;Roots&#8221;, y nunca perdi\u00f3 su pasi\u00f3n por la danza, el arte que consideraba m\u00e1s cercano a la poes\u00eda.<\/p>\n<p>Tras adoptar el nombre art\u00edstico de Maya Angelou (&#8220;Maya&#8221; era un apodo de la infancia, &#8220;Angelou&#8221; una variaci\u00f3n del nombre de su marido), sali\u00f3 de gira con &#8220;Porgy and Bess&#8221; y &#8220;Los negros&#8221; de Jean Genet y bail\u00f3 con Alvin Ailey. Trabaj\u00f3 como coordinadora del Consejo Sure\u00f1o de Liderazgo Cristiano, y vivi\u00f3 por a\u00f1os en Egipto y Ghana, donde conoci\u00f3 a su gran amigo Nelson Mandela; y a Malcolm X, con quien mantuvo una amistad hasta el asesinato de \u00e9ste en 1965. Tres a\u00f1os despu\u00e9s, estaba ayudando a Martin Luther King a organizar la Campa\u00f1a de la Gente Pobre en Memphis, Tenes\u00ed, donde el l\u00edder de los derechos civiles fue asesinado en el 40 cumplea\u00f1os de Angelou.<\/p>\n<p>El libro de memorias de Angelou fue en ocasiones criticado, por razones al parecer opuestas. En un ensayo publicado en 1999 por Harper&#8217;s, el autor Francine Prose calific\u00f3 &#8220;El p\u00e1jaro enjaulado&#8221; como un melodrama &#8220;manipulador&#8221;. Entretanto, los pasajes de Angelou sobre su violaci\u00f3n y su embarazo adolescente lo han hecho un perenne en la lista de la Asociaci\u00f3n de Bibliotecas Estadounidenses de obras que atraen quejas de padres y educadores.<\/p>\n<p>Como una conferencista activa, Angelou dio discursos en ceremonias de graduaci\u00f3n y eventos acad\u00e9micos y corporativos. Recibi\u00f3 decenas de t\u00edtulos honorarios y hoy varias escuelas primarias llevan su nombre. Poco antes de cumplir 80 a\u00f1os, decidi\u00f3 estudiar en la iglesia Unity con sede en Misuri, que promueve la sanaci\u00f3n a trav\u00e9s de la oraci\u00f3n.<\/p>\n<p><a href=\"https:\/\/blogs.uninter.edu.mx\/difusioncultural\/wp-content\/uploads\/2014\/06\/mte5ntu2mze2mtqwmjqyndqz.jpg\"><img fetchpriority=\"high\" decoding=\"async\" class=\"alignnone size-medium wp-image-2924\" src=\"https:\/\/blogs.uninter.edu.mx\/difusioncultural\/wp-content\/uploads\/2014\/06\/mte5ntu2mze2mtqwmjqyndqz.jpg?w=241\" alt=\"MTE5NTU2MzE2MTQwMjQyNDQz\" width=\"241\" height=\"300\" \/><\/a><\/p>\n","protected":false},"excerpt":{"rendered":"<p>Su historia asombr\u00f3 a millones. La joven madre soltera que se ganaba la vida en clubes de estript\u00eds luego cant\u00f3 y bail\u00f3 en escenarios alrededor del mundo. La mujer negra nacida en pobreza luego escribi\u00f3 y recit\u00f3 el poema de juramentaci\u00f3n presidencial m\u00e1s difundido de la historia. La ni\u00f1a v\u00edctima de violaci\u00f3n a quien la&hellip;<\/p>\n","protected":false},"author":1,"featured_media":2924,"comment_status":"closed","ping_status":"open","sticky":false,"template":"","format":"standard","meta":{"_jetpack_memberships_contains_paid_content":false,"footnotes":"","jetpack_publicize_message":"","jetpack_publicize_feature_enabled":true,"jetpack_social_post_already_shared":false,"jetpack_social_options":{"image_generator_settings":{"template":"highway","default_image_id":0,"font":"","enabled":false},"version":2}},"categories":[1],"tags":[],"class_list":["post-2923","post","type-post","status-publish","format-standard","has-post-thumbnail","hentry","category-sin-categoria"],"yoast_head":"<!-- This site is optimized with the Yoast SEO plugin v26.3 - https:\/\/yoast.com\/wordpress\/plugins\/seo\/ -->\r\n<title>Muere la poeta Maya Angelou - Difusi\u00f3n Cultural<\/title>\r\n<meta name=\"robots\" content=\"index, follow, max-snippet:-1, max-image-preview:large, max-video-preview:-1\" \/>\r\n<link rel=\"canonical\" href=\"https:\/\/blogs.uninter.edu.mx\/difusioncultural\/?p=2923\" \/>\r\n<meta property=\"og:locale\" content=\"es_MX\" \/>\r\n<meta property=\"og:type\" content=\"article\" \/>\r\n<meta property=\"og:title\" content=\"Muere la poeta Maya Angelou - Difusi\u00f3n Cultural\" \/>\r\n<meta property=\"og:description\" content=\"Su historia asombr\u00f3 a millones. La joven madre soltera que se ganaba la vida en clubes de estript\u00eds luego cant\u00f3 y bail\u00f3 en escenarios alrededor del mundo. La mujer negra nacida en pobreza luego escribi\u00f3 y recit\u00f3 el poema de juramentaci\u00f3n presidencial m\u00e1s difundido de la historia. La ni\u00f1a v\u00edctima de violaci\u00f3n a quien la&hellip;\" \/>\r\n<meta property=\"og:url\" content=\"https:\/\/blogs.uninter.edu.mx\/difusioncultural\/?p=2923\" \/>\r\n<meta property=\"og:site_name\" content=\"Difusi\u00f3n Cultural\" \/>\r\n<meta property=\"article:published_time\" content=\"2014-05-27T14:23:02+00:00\" \/>\r\n<meta property=\"og:image\" content=\"https:\/\/blogs.uninter.edu.mx\/difusioncultural\/wp-content\/uploads\/2014\/06\/mte5ntu2mze2mtqwmjqyndqz.jpg\" \/>\r\n\t<meta property=\"og:image:width\" content=\"630\" \/>\r\n\t<meta property=\"og:image:height\" content=\"782\" \/>\r\n\t<meta property=\"og:image:type\" content=\"image\/jpeg\" \/>\r\n<meta name=\"author\" content=\"webmaster\" \/>\r\n<meta name=\"twitter:card\" content=\"summary_large_image\" \/>\r\n<meta name=\"twitter:label1\" content=\"Escrito por\" \/>\n\t<meta name=\"twitter:data1\" content=\"webmaster\" \/>\n\t<meta name=\"twitter:label2\" content=\"Tiempo de lectura\" \/>\n\t<meta name=\"twitter:data2\" content=\"4 minutos\" \/>\r\n<script type=\"application\/ld+json\" class=\"yoast-schema-graph\">{\"@context\":\"https:\/\/schema.org\",\"@graph\":[{\"@type\":\"Article\",\"@id\":\"https:\/\/blogs.uninter.edu.mx\/difusioncultural\/?p=2923#article\",\"isPartOf\":{\"@id\":\"https:\/\/blogs.uninter.edu.mx\/difusioncultural\/?p=2923\"},\"author\":{\"name\":\"webmaster\",\"@id\":\"https:\/\/blogs.uninter.edu.mx\/difusioncultural\/#\/schema\/person\/37a0926f4dd300a814993fd595abdc4a\"},\"headline\":\"Muere la poeta Maya Angelou\",\"datePublished\":\"2014-05-27T14:23:02+00:00\",\"mainEntityOfPage\":{\"@id\":\"https:\/\/blogs.uninter.edu.mx\/difusioncultural\/?p=2923\"},\"wordCount\":771,\"publisher\":{\"@id\":\"https:\/\/blogs.uninter.edu.mx\/difusioncultural\/#organization\"},\"image\":{\"@id\":\"https:\/\/blogs.uninter.edu.mx\/difusioncultural\/?p=2923#primaryimage\"},\"thumbnailUrl\":\"https:\/\/blogs.uninter.edu.mx\/difusioncultural\/wp-content\/uploads\/2014\/06\/mte5ntu2mze2mtqwmjqyndqz.jpg\",\"inLanguage\":\"es\"},{\"@type\":\"WebPage\",\"@id\":\"https:\/\/blogs.uninter.edu.mx\/difusioncultural\/?p=2923\",\"url\":\"https:\/\/blogs.uninter.edu.mx\/difusioncultural\/?p=2923\",\"name\":\"Muere la poeta Maya Angelou - Difusi\u00f3n Cultural\",\"isPartOf\":{\"@id\":\"https:\/\/blogs.uninter.edu.mx\/difusioncultural\/#website\"},\"primaryImageOfPage\":{\"@id\":\"https:\/\/blogs.uninter.edu.mx\/difusioncultural\/?p=2923#primaryimage\"},\"image\":{\"@id\":\"https:\/\/blogs.uninter.edu.mx\/difusioncultural\/?p=2923#primaryimage\"},\"thumbnailUrl\":\"https:\/\/blogs.uninter.edu.mx\/difusioncultural\/wp-content\/uploads\/2014\/06\/mte5ntu2mze2mtqwmjqyndqz.jpg\",\"datePublished\":\"2014-05-27T14:23:02+00:00\",\"breadcrumb\":{\"@id\":\"https:\/\/blogs.uninter.edu.mx\/difusioncultural\/?p=2923#breadcrumb\"},\"inLanguage\":\"es\",\"potentialAction\":[{\"@type\":\"ReadAction\",\"target\":[\"https:\/\/blogs.uninter.edu.mx\/difusioncultural\/?p=2923\"]}]},{\"@type\":\"ImageObject\",\"inLanguage\":\"es\",\"@id\":\"https:\/\/blogs.uninter.edu.mx\/difusioncultural\/?p=2923#primaryimage\",\"url\":\"https:\/\/blogs.uninter.edu.mx\/difusioncultural\/wp-content\/uploads\/2014\/06\/mte5ntu2mze2mtqwmjqyndqz.jpg\",\"contentUrl\":\"https:\/\/blogs.uninter.edu.mx\/difusioncultural\/wp-content\/uploads\/2014\/06\/mte5ntu2mze2mtqwmjqyndqz.jpg\",\"width\":630,\"height\":782},{\"@type\":\"BreadcrumbList\",\"@id\":\"https:\/\/blogs.uninter.edu.mx\/difusioncultural\/?p=2923#breadcrumb\",\"itemListElement\":[{\"@type\":\"ListItem\",\"position\":1,\"name\":\"Inicio\",\"item\":\"https:\/\/blogs.uninter.edu.mx\/difusioncultural\/\"},{\"@type\":\"ListItem\",\"position\":2,\"name\":\"Muere la poeta Maya Angelou\"}]},{\"@type\":\"WebSite\",\"@id\":\"https:\/\/blogs.uninter.edu.mx\/difusioncultural\/#website\",\"url\":\"https:\/\/blogs.uninter.edu.mx\/difusioncultural\/\",\"name\":\"Difusi\u00f3n Cultural\",\"description\":\"UNINTER\",\"publisher\":{\"@id\":\"https:\/\/blogs.uninter.edu.mx\/difusioncultural\/#organization\"},\"potentialAction\":[{\"@type\":\"SearchAction\",\"target\":{\"@type\":\"EntryPoint\",\"urlTemplate\":\"https:\/\/blogs.uninter.edu.mx\/difusioncultural\/?s={search_term_string}\"},\"query-input\":{\"@type\":\"PropertyValueSpecification\",\"valueRequired\":true,\"valueName\":\"search_term_string\"}}],\"inLanguage\":\"es\"},{\"@type\":\"Organization\",\"@id\":\"https:\/\/blogs.uninter.edu.mx\/difusioncultural\/#organization\",\"name\":\"Difusi\u00f3n Cultural\",\"url\":\"https:\/\/blogs.uninter.edu.mx\/difusioncultural\/\",\"logo\":{\"@type\":\"ImageObject\",\"inLanguage\":\"es\",\"@id\":\"https:\/\/blogs.uninter.edu.mx\/difusioncultural\/#\/schema\/logo\/image\/\",\"url\":\"https:\/\/blogs.uninter.edu.mx\/difusioncultural\/wp-content\/uploads\/2022\/09\/uninter.jpg\",\"contentUrl\":\"https:\/\/blogs.uninter.edu.mx\/difusioncultural\/wp-content\/uploads\/2022\/09\/uninter.jpg\",\"width\":2048,\"height\":2048,\"caption\":\"Difusi\u00f3n Cultural\"},\"image\":{\"@id\":\"https:\/\/blogs.uninter.edu.mx\/difusioncultural\/#\/schema\/logo\/image\/\"}},{\"@type\":\"Person\",\"@id\":\"https:\/\/blogs.uninter.edu.mx\/difusioncultural\/#\/schema\/person\/37a0926f4dd300a814993fd595abdc4a\",\"name\":\"webmaster\",\"image\":{\"@type\":\"ImageObject\",\"inLanguage\":\"es\",\"@id\":\"https:\/\/blogs.uninter.edu.mx\/difusioncultural\/#\/schema\/person\/image\/\",\"url\":\"https:\/\/secure.gravatar.com\/avatar\/a59c276b01147463ef3aab4118e3137ebc5e1ad6700deb39ccdf8b89e517f7dc?s=96&d=mm&r=g\",\"contentUrl\":\"https:\/\/secure.gravatar.com\/avatar\/a59c276b01147463ef3aab4118e3137ebc5e1ad6700deb39ccdf8b89e517f7dc?s=96&d=mm&r=g\",\"caption\":\"webmaster\"},\"sameAs\":[\"https:\/\/blogs.uninter.edu.mx\/difusioncultural\"],\"url\":\"https:\/\/blogs.uninter.edu.mx\/difusioncultural\/?author=1\"}]}<\/script>\r\n<!-- \/ Yoast SEO plugin. -->","yoast_head_json":{"title":"Muere la poeta Maya Angelou - Difusi\u00f3n Cultural","robots":{"index":"index","follow":"follow","max-snippet":"max-snippet:-1","max-image-preview":"max-image-preview:large","max-video-preview":"max-video-preview:-1"},"canonical":"https:\/\/blogs.uninter.edu.mx\/difusioncultural\/?p=2923","og_locale":"es_MX","og_type":"article","og_title":"Muere la poeta Maya Angelou - Difusi\u00f3n Cultural","og_description":"Su historia asombr\u00f3 a millones. La joven madre soltera que se ganaba la vida en clubes de estript\u00eds luego cant\u00f3 y bail\u00f3 en escenarios alrededor del mundo. La mujer negra nacida en pobreza luego escribi\u00f3 y recit\u00f3 el poema de juramentaci\u00f3n presidencial m\u00e1s difundido de la historia. La ni\u00f1a v\u00edctima de violaci\u00f3n a quien la&hellip;","og_url":"https:\/\/blogs.uninter.edu.mx\/difusioncultural\/?p=2923","og_site_name":"Difusi\u00f3n Cultural","article_published_time":"2014-05-27T14:23:02+00:00","og_image":[{"width":630,"height":782,"url":"https:\/\/blogs.uninter.edu.mx\/difusioncultural\/wp-content\/uploads\/2014\/06\/mte5ntu2mze2mtqwmjqyndqz.jpg","type":"image\/jpeg"}],"author":"webmaster","twitter_card":"summary_large_image","twitter_misc":{"Escrito por":"webmaster","Tiempo de lectura":"4 minutos"},"schema":{"@context":"https:\/\/schema.org","@graph":[{"@type":"Article","@id":"https:\/\/blogs.uninter.edu.mx\/difusioncultural\/?p=2923#article","isPartOf":{"@id":"https:\/\/blogs.uninter.edu.mx\/difusioncultural\/?p=2923"},"author":{"name":"webmaster","@id":"https:\/\/blogs.uninter.edu.mx\/difusioncultural\/#\/schema\/person\/37a0926f4dd300a814993fd595abdc4a"},"headline":"Muere la poeta Maya Angelou","datePublished":"2014-05-27T14:23:02+00:00","mainEntityOfPage":{"@id":"https:\/\/blogs.uninter.edu.mx\/difusioncultural\/?p=2923"},"wordCount":771,"publisher":{"@id":"https:\/\/blogs.uninter.edu.mx\/difusioncultural\/#organization"},"image":{"@id":"https:\/\/blogs.uninter.edu.mx\/difusioncultural\/?p=2923#primaryimage"},"thumbnailUrl":"https:\/\/blogs.uninter.edu.mx\/difusioncultural\/wp-content\/uploads\/2014\/06\/mte5ntu2mze2mtqwmjqyndqz.jpg","inLanguage":"es"},{"@type":"WebPage","@id":"https:\/\/blogs.uninter.edu.mx\/difusioncultural\/?p=2923","url":"https:\/\/blogs.uninter.edu.mx\/difusioncultural\/?p=2923","name":"Muere la poeta Maya Angelou - Difusi\u00f3n Cultural","isPartOf":{"@id":"https:\/\/blogs.uninter.edu.mx\/difusioncultural\/#website"},"primaryImageOfPage":{"@id":"https:\/\/blogs.uninter.edu.mx\/difusioncultural\/?p=2923#primaryimage"},"image":{"@id":"https:\/\/blogs.uninter.edu.mx\/difusioncultural\/?p=2923#primaryimage"},"thumbnailUrl":"https:\/\/blogs.uninter.edu.mx\/difusioncultural\/wp-content\/uploads\/2014\/06\/mte5ntu2mze2mtqwmjqyndqz.jpg","datePublished":"2014-05-27T14:23:02+00:00","breadcrumb":{"@id":"https:\/\/blogs.uninter.edu.mx\/difusioncultural\/?p=2923#breadcrumb"},"inLanguage":"es","potentialAction":[{"@type":"ReadAction","target":["https:\/\/blogs.uninter.edu.mx\/difusioncultural\/?p=2923"]}]},{"@type":"ImageObject","inLanguage":"es","@id":"https:\/\/blogs.uninter.edu.mx\/difusioncultural\/?p=2923#primaryimage","url":"https:\/\/blogs.uninter.edu.mx\/difusioncultural\/wp-content\/uploads\/2014\/06\/mte5ntu2mze2mtqwmjqyndqz.jpg","contentUrl":"https:\/\/blogs.uninter.edu.mx\/difusioncultural\/wp-content\/uploads\/2014\/06\/mte5ntu2mze2mtqwmjqyndqz.jpg","width":630,"height":782},{"@type":"BreadcrumbList","@id":"https:\/\/blogs.uninter.edu.mx\/difusioncultural\/?p=2923#breadcrumb","itemListElement":[{"@type":"ListItem","position":1,"name":"Inicio","item":"https:\/\/blogs.uninter.edu.mx\/difusioncultural\/"},{"@type":"ListItem","position":2,"name":"Muere la poeta Maya Angelou"}]},{"@type":"WebSite","@id":"https:\/\/blogs.uninter.edu.mx\/difusioncultural\/#website","url":"https:\/\/blogs.uninter.edu.mx\/difusioncultural\/","name":"Difusi\u00f3n Cultural","description":"UNINTER","publisher":{"@id":"https:\/\/blogs.uninter.edu.mx\/difusioncultural\/#organization"},"potentialAction":[{"@type":"SearchAction","target":{"@type":"EntryPoint","urlTemplate":"https:\/\/blogs.uninter.edu.mx\/difusioncultural\/?s={search_term_string}"},"query-input":{"@type":"PropertyValueSpecification","valueRequired":true,"valueName":"search_term_string"}}],"inLanguage":"es"},{"@type":"Organization","@id":"https:\/\/blogs.uninter.edu.mx\/difusioncultural\/#organization","name":"Difusi\u00f3n Cultural","url":"https:\/\/blogs.uninter.edu.mx\/difusioncultural\/","logo":{"@type":"ImageObject","inLanguage":"es","@id":"https:\/\/blogs.uninter.edu.mx\/difusioncultural\/#\/schema\/logo\/image\/","url":"https:\/\/blogs.uninter.edu.mx\/difusioncultural\/wp-content\/uploads\/2022\/09\/uninter.jpg","contentUrl":"https:\/\/blogs.uninter.edu.mx\/difusioncultural\/wp-content\/uploads\/2022\/09\/uninter.jpg","width":2048,"height":2048,"caption":"Difusi\u00f3n Cultural"},"image":{"@id":"https:\/\/blogs.uninter.edu.mx\/difusioncultural\/#\/schema\/logo\/image\/"}},{"@type":"Person","@id":"https:\/\/blogs.uninter.edu.mx\/difusioncultural\/#\/schema\/person\/37a0926f4dd300a814993fd595abdc4a","name":"webmaster","image":{"@type":"ImageObject","inLanguage":"es","@id":"https:\/\/blogs.uninter.edu.mx\/difusioncultural\/#\/schema\/person\/image\/","url":"https:\/\/secure.gravatar.com\/avatar\/a59c276b01147463ef3aab4118e3137ebc5e1ad6700deb39ccdf8b89e517f7dc?s=96&d=mm&r=g","contentUrl":"https:\/\/secure.gravatar.com\/avatar\/a59c276b01147463ef3aab4118e3137ebc5e1ad6700deb39ccdf8b89e517f7dc?s=96&d=mm&r=g","caption":"webmaster"},"sameAs":["https:\/\/blogs.uninter.edu.mx\/difusioncultural"],"url":"https:\/\/blogs.uninter.edu.mx\/difusioncultural\/?author=1"}]}},"jetpack_publicize_connections":[],"jetpack_featured_media_url":"https:\/\/blogs.uninter.edu.mx\/difusioncultural\/wp-content\/uploads\/2014\/06\/mte5ntu2mze2mtqwmjqyndqz.jpg","jetpack_sharing_enabled":true,"_links":{"self":[{"href":"https:\/\/blogs.uninter.edu.mx\/difusioncultural\/index.php?rest_route=\/wp\/v2\/posts\/2923","targetHints":{"allow":["GET"]}}],"collection":[{"href":"https:\/\/blogs.uninter.edu.mx\/difusioncultural\/index.php?rest_route=\/wp\/v2\/posts"}],"about":[{"href":"https:\/\/blogs.uninter.edu.mx\/difusioncultural\/index.php?rest_route=\/wp\/v2\/types\/post"}],"author":[{"embeddable":true,"href":"https:\/\/blogs.uninter.edu.mx\/difusioncultural\/index.php?rest_route=\/wp\/v2\/users\/1"}],"replies":[{"embeddable":true,"href":"https:\/\/blogs.uninter.edu.mx\/difusioncultural\/index.php?rest_route=%2Fwp%2Fv2%2Fcomments&post=2923"}],"version-history":[{"count":0,"href":"https:\/\/blogs.uninter.edu.mx\/difusioncultural\/index.php?rest_route=\/wp\/v2\/posts\/2923\/revisions"}],"wp:featuredmedia":[{"embeddable":true,"href":"https:\/\/blogs.uninter.edu.mx\/difusioncultural\/index.php?rest_route=\/wp\/v2\/media\/2924"}],"wp:attachment":[{"href":"https:\/\/blogs.uninter.edu.mx\/difusioncultural\/index.php?rest_route=%2Fwp%2Fv2%2Fmedia&parent=2923"}],"wp:term":[{"taxonomy":"category","embeddable":true,"href":"https:\/\/blogs.uninter.edu.mx\/difusioncultural\/index.php?rest_route=%2Fwp%2Fv2%2Fcategories&post=2923"},{"taxonomy":"post_tag","embeddable":true,"href":"https:\/\/blogs.uninter.edu.mx\/difusioncultural\/index.php?rest_route=%2Fwp%2Fv2%2Ftags&post=2923"}],"curies":[{"name":"wp","href":"https:\/\/api.w.org\/{rel}","templated":true}]}}