{"id":2952,"date":"2014-06-11T04:40:41","date_gmt":"2014-06-11T04:40:41","guid":{"rendered":"http:\/\/difusionculturaluninter.wordpress.com\/?p=2952"},"modified":"2014-06-11T04:40:41","modified_gmt":"2014-06-11T04:40:41","slug":"150-aniversario-del-natalicio-del-destacado-compositor-johann-strauss","status":"publish","type":"post","link":"https:\/\/blogs.uninter.edu.mx\/difusioncultural\/?p=2952","title":{"rendered":"150 aniversario del natalicio del destacado compositor Johann Strauss"},"content":{"rendered":"<p>En el 150 aniversario del natalicio del destacado compositor Johann Strauss, que se cumple ma\u00f1ana, el considerado como el \u00faltimo rom\u00e1ntico y uno de los m\u00e1s exquisitos orquestadores es recordado en diversas partes del mundo.<\/p>\n<p>En Per\u00fa, Strauss es homenajeado con una serie de programas que se transmiten en la Radio Filarmon\u00eda 102.7, de la Frecuencia Modulada (FM), cuyas pr\u00f3ximas ediciones incluyen el especial titulado &#8220;Ricard Strauss: 150 a\u00f1os&#8221;, que este 14 de junio mostrar\u00e1 lo mejor de sus \u00f3peras y grabaciones hist\u00f3ricas.<\/p>\n<p>De acuerdo con el sitio electr\u00f3nico &#8220;elcomercio.pe&#8221;, adem\u00e1s el pr\u00f3ximo s\u00e1bado, en el segmento &#8220;Tardes de \u00f3pera&#8221; se escuchar\u00e1 &#8220;Salome&#8221; y &#8220;Elektra&#8221;.<\/p>\n<p>Entre las presentaciones, con las que se ha evocado al c\u00e9lebre creador de diversos poemas sinf\u00f3nicos, destaca la que ofreci\u00f3 anoche la Salonorchester Alt Wien, en el Wiener Kursalon, de Viena, Austria, cuyo programa estuvo integrado por valses, polcas, arias y duetos, as\u00ed como operetas y melod\u00edas.<\/p>\n<p>En Espa\u00f1a, la celebraci\u00f3n por la llegada al mundo de Strauss, ocurrida el 11 de junio de 1864, incluy\u00f3 un concierto en el Palacio de las Artes Reina Sof\u00eda, donde la Orquestra de la Comunitat Valenciana, bajo la batuta del director Zubin Mehta, interpret\u00f3 un repertorio straussiano, se\u00f1ala el portal de Internet &#8220;elperiodic.com&#8221;.<\/p>\n<p>En M\u00e9xico, el tenor mexicano Francisco Araiza y las sopranos Joo-Hee Jung (Corea) y Marija Vidovic (Croacia), en d\u00edas pasados, rindieron tributo al compositor alem\u00e1n con el programa &#8220;Gala Strauss&#8221;, ejecutado en Palacio de Bellas Artes, en esta ciudad.<\/p>\n<p>Un paseo por la historia del compositor<\/p>\n<p>Richard Strauss, hijo de un solista de la orquesta de la \u00f3pera, vio la primera luz el 11 de junio de 1864 en Munich, Alemania, donde desde temprana edad comenz\u00f3 a mostrar inter\u00e9s por la m\u00fasica, por lo que a los cuatro a\u00f1os de edad curs\u00f3 estudios en la material y a los siete ya hab\u00eda creado sus primeras obras.<\/p>\n<p>De acuerdo con su perfil, publicado en un portal de Internet, en 1875 tom\u00f3 sus primeras lecciones de composici\u00f3n de W. Meyer, y desde 1874 hasta 1882 curs\u00f3 la segunda ense\u00f1anza y luego se matricul\u00f3 en la universidad.<\/p>\n<p>Tiempo despu\u00e9s, el joven compositor fue contactado por el director de teatro de corte de Meiningen, quien lo invit\u00f3 a colaborar en sus producciones; en esos a\u00f1os entabl\u00f3 amistad con Alexander Ritter (1833-1896), autor que ejerci\u00f3 en \u00e9l una fuerte influencia musical.<\/p>\n<p>En 1886, despu\u00e9s de un viaje a Italia, Strauss fue nombrado director adjunto de la \u00f3pera de Munich y compuso numerosos lieder y los poemas sinf\u00f3nicos &#8220;Macbeth&#8221; y &#8220;Don Juan&#8221;.<\/p>\n<p>Posteriormente, asumi\u00f3 la direcci\u00f3n de la orquesta en el teatro de Weimar, de 1889 a 1894; a\u00f1os en los que cre\u00f3 diversas obras, entre las que destaca poema sinf\u00f3nico &#8220;Muerte y transfiguraci\u00f3n&#8221; y su primera obra teatral, &#8220;Guntram&#8221;.<\/p>\n<p>La brillante carrera de Strauss continu\u00f3 con la direcci\u00f3n de la \u00d3pera Royal Court en Berl\u00edn y la co-direcci\u00f3n musical de la \u00d3pera Estatal de Viena; en su vida personal, el c\u00e9lebre compositor contrajo matrimonio con la soprano Pauline de Ahna, con quien terminar\u00eda su vida, se\u00f1ala su biograf\u00eda publicada en sitio en Internet de la Enciclopedia Brit\u00e1nica &#8220;britannica.com&#8221;.<\/p>\n<p>En los siguientes a\u00f1os, el genio musical cosech\u00f3 diversos \u00e9xitos, tales como su \u00f3pera &#8220;Salom\u00e9&#8221;, basada en la obra de Oscar Wilde (1854- 1900) y la cual fue censurada por Gustav Mahler (1860-1911), y &#8220;Elektra&#8221;, que marc\u00f3 el inicio de una larga colaboraci\u00f3n de 20 a\u00f1os con Hugo von Hofmannsthal (1874-1929).<\/p>\n<p>Desde 1933 y hasta 1935 se desempe\u00f1\u00f3 como presidente de la alemana Reichsmusikkammer (C\u00e1mara de State Music), que fue la oficina de la m\u00fasica estatal, sin embargo en el \u00faltimo a\u00f1o cay\u00f3 en desgracia con el r\u00e9gimen nazi, por lo que Strauss se vio obligado a trabajar con un libretista no jud\u00edo, Joseph Gregor (1888-1960).<\/p>\n<p>Durante, la Segunda Guerra Mundial (1939-1945) paso sus d\u00edas en Viena, donde estaba fuera de la luz, hasta 1945, cuando se traslad\u00f3 a Suiza.<\/p>\n<p>Finalmente Richard Strauss en 1949 volvi\u00f3 a Garmisch, donde muri\u00f3 el 8 de septiembre de 1949, tres meses despu\u00e9s de haber cumplido 85 a\u00f1os.<\/p>\n<p><a href=\"https:\/\/blogs.uninter.edu.mx\/difusioncultural\/wp-content\/uploads\/2014\/06\/a.jpg\"><img fetchpriority=\"high\" decoding=\"async\" class=\"alignnone size-medium wp-image-2953\" src=\"https:\/\/blogs.uninter.edu.mx\/difusioncultural\/wp-content\/uploads\/2014\/06\/a.jpg?w=300\" alt=\"a\" width=\"300\" height=\"238\" \/><\/a><\/p>\n","protected":false},"excerpt":{"rendered":"<p>En el 150 aniversario del natalicio del destacado compositor Johann Strauss, que se cumple ma\u00f1ana, el considerado como el \u00faltimo rom\u00e1ntico y uno de los m\u00e1s exquisitos orquestadores es recordado en diversas partes del mundo. En Per\u00fa, Strauss es homenajeado con una serie de programas que se transmiten en la Radio Filarmon\u00eda 102.7, de la&hellip;<\/p>\n","protected":false},"author":1,"featured_media":2953,"comment_status":"closed","ping_status":"open","sticky":false,"template":"","format":"standard","meta":{"_jetpack_memberships_contains_paid_content":false,"footnotes":"","jetpack_publicize_message":"","jetpack_publicize_feature_enabled":true,"jetpack_social_post_already_shared":false,"jetpack_social_options":{"image_generator_settings":{"template":"highway","default_image_id":0,"font":"","enabled":false},"version":2}},"categories":[1],"tags":[],"class_list":["post-2952","post","type-post","status-publish","format-standard","has-post-thumbnail","hentry","category-sin-categoria"],"yoast_head":"<!-- This site is optimized with the Yoast SEO plugin v26.3 - https:\/\/yoast.com\/wordpress\/plugins\/seo\/ -->\r\n<title>150 aniversario del natalicio del destacado compositor Johann Strauss - Difusi\u00f3n Cultural<\/title>\r\n<meta name=\"robots\" content=\"index, follow, max-snippet:-1, max-image-preview:large, max-video-preview:-1\" \/>\r\n<link rel=\"canonical\" href=\"https:\/\/blogs.uninter.edu.mx\/difusioncultural\/?p=2952\" \/>\r\n<meta property=\"og:locale\" content=\"es_MX\" \/>\r\n<meta property=\"og:type\" content=\"article\" \/>\r\n<meta property=\"og:title\" content=\"150 aniversario del natalicio del destacado compositor Johann Strauss - Difusi\u00f3n Cultural\" \/>\r\n<meta property=\"og:description\" content=\"En el 150 aniversario del natalicio del destacado compositor Johann Strauss, que se cumple ma\u00f1ana, el considerado como el \u00faltimo rom\u00e1ntico y uno de los m\u00e1s exquisitos orquestadores es recordado en diversas partes del mundo. En Per\u00fa, Strauss es homenajeado con una serie de programas que se transmiten en la Radio Filarmon\u00eda 102.7, de la&hellip;\" \/>\r\n<meta property=\"og:url\" content=\"https:\/\/blogs.uninter.edu.mx\/difusioncultural\/?p=2952\" \/>\r\n<meta property=\"og:site_name\" content=\"Difusi\u00f3n Cultural\" \/>\r\n<meta property=\"article:published_time\" content=\"2014-06-11T04:40:41+00:00\" \/>\r\n<meta property=\"og:image\" content=\"https:\/\/blogs.uninter.edu.mx\/difusioncultural\/wp-content\/uploads\/2014\/06\/a.jpg\" \/>\r\n\t<meta property=\"og:image:width\" content=\"340\" \/>\r\n\t<meta property=\"og:image:height\" content=\"270\" \/>\r\n\t<meta property=\"og:image:type\" content=\"image\/jpeg\" \/>\r\n<meta name=\"author\" content=\"webmaster\" \/>\r\n<meta name=\"twitter:card\" content=\"summary_large_image\" \/>\r\n<meta name=\"twitter:label1\" content=\"Escrito por\" \/>\n\t<meta name=\"twitter:data1\" content=\"webmaster\" \/>\n\t<meta name=\"twitter:label2\" content=\"Tiempo de lectura\" \/>\n\t<meta name=\"twitter:data2\" content=\"4 minutos\" \/>\r\n<script type=\"application\/ld+json\" class=\"yoast-schema-graph\">{\"@context\":\"https:\/\/schema.org\",\"@graph\":[{\"@type\":\"Article\",\"@id\":\"https:\/\/blogs.uninter.edu.mx\/difusioncultural\/?p=2952#article\",\"isPartOf\":{\"@id\":\"https:\/\/blogs.uninter.edu.mx\/difusioncultural\/?p=2952\"},\"author\":{\"name\":\"webmaster\",\"@id\":\"https:\/\/blogs.uninter.edu.mx\/difusioncultural\/#\/schema\/person\/37a0926f4dd300a814993fd595abdc4a\"},\"headline\":\"150 aniversario del natalicio del destacado compositor Johann Strauss\",\"datePublished\":\"2014-06-11T04:40:41+00:00\",\"mainEntityOfPage\":{\"@id\":\"https:\/\/blogs.uninter.edu.mx\/difusioncultural\/?p=2952\"},\"wordCount\":714,\"publisher\":{\"@id\":\"https:\/\/blogs.uninter.edu.mx\/difusioncultural\/#organization\"},\"image\":{\"@id\":\"https:\/\/blogs.uninter.edu.mx\/difusioncultural\/?p=2952#primaryimage\"},\"thumbnailUrl\":\"https:\/\/blogs.uninter.edu.mx\/difusioncultural\/wp-content\/uploads\/2014\/06\/a.jpg\",\"inLanguage\":\"es\"},{\"@type\":\"WebPage\",\"@id\":\"https:\/\/blogs.uninter.edu.mx\/difusioncultural\/?p=2952\",\"url\":\"https:\/\/blogs.uninter.edu.mx\/difusioncultural\/?p=2952\",\"name\":\"150 aniversario del natalicio del destacado compositor Johann Strauss - Difusi\u00f3n Cultural\",\"isPartOf\":{\"@id\":\"https:\/\/blogs.uninter.edu.mx\/difusioncultural\/#website\"},\"primaryImageOfPage\":{\"@id\":\"https:\/\/blogs.uninter.edu.mx\/difusioncultural\/?p=2952#primaryimage\"},\"image\":{\"@id\":\"https:\/\/blogs.uninter.edu.mx\/difusioncultural\/?p=2952#primaryimage\"},\"thumbnailUrl\":\"https:\/\/blogs.uninter.edu.mx\/difusioncultural\/wp-content\/uploads\/2014\/06\/a.jpg\",\"datePublished\":\"2014-06-11T04:40:41+00:00\",\"breadcrumb\":{\"@id\":\"https:\/\/blogs.uninter.edu.mx\/difusioncultural\/?p=2952#breadcrumb\"},\"inLanguage\":\"es\",\"potentialAction\":[{\"@type\":\"ReadAction\",\"target\":[\"https:\/\/blogs.uninter.edu.mx\/difusioncultural\/?p=2952\"]}]},{\"@type\":\"ImageObject\",\"inLanguage\":\"es\",\"@id\":\"https:\/\/blogs.uninter.edu.mx\/difusioncultural\/?p=2952#primaryimage\",\"url\":\"https:\/\/blogs.uninter.edu.mx\/difusioncultural\/wp-content\/uploads\/2014\/06\/a.jpg\",\"contentUrl\":\"https:\/\/blogs.uninter.edu.mx\/difusioncultural\/wp-content\/uploads\/2014\/06\/a.jpg\",\"width\":340,\"height\":270},{\"@type\":\"BreadcrumbList\",\"@id\":\"https:\/\/blogs.uninter.edu.mx\/difusioncultural\/?p=2952#breadcrumb\",\"itemListElement\":[{\"@type\":\"ListItem\",\"position\":1,\"name\":\"Inicio\",\"item\":\"https:\/\/blogs.uninter.edu.mx\/difusioncultural\/\"},{\"@type\":\"ListItem\",\"position\":2,\"name\":\"150 aniversario del natalicio del destacado compositor Johann Strauss\"}]},{\"@type\":\"WebSite\",\"@id\":\"https:\/\/blogs.uninter.edu.mx\/difusioncultural\/#website\",\"url\":\"https:\/\/blogs.uninter.edu.mx\/difusioncultural\/\",\"name\":\"Difusi\u00f3n Cultural\",\"description\":\"UNINTER\",\"publisher\":{\"@id\":\"https:\/\/blogs.uninter.edu.mx\/difusioncultural\/#organization\"},\"potentialAction\":[{\"@type\":\"SearchAction\",\"target\":{\"@type\":\"EntryPoint\",\"urlTemplate\":\"https:\/\/blogs.uninter.edu.mx\/difusioncultural\/?s={search_term_string}\"},\"query-input\":{\"@type\":\"PropertyValueSpecification\",\"valueRequired\":true,\"valueName\":\"search_term_string\"}}],\"inLanguage\":\"es\"},{\"@type\":\"Organization\",\"@id\":\"https:\/\/blogs.uninter.edu.mx\/difusioncultural\/#organization\",\"name\":\"Difusi\u00f3n Cultural\",\"url\":\"https:\/\/blogs.uninter.edu.mx\/difusioncultural\/\",\"logo\":{\"@type\":\"ImageObject\",\"inLanguage\":\"es\",\"@id\":\"https:\/\/blogs.uninter.edu.mx\/difusioncultural\/#\/schema\/logo\/image\/\",\"url\":\"https:\/\/blogs.uninter.edu.mx\/difusioncultural\/wp-content\/uploads\/2022\/09\/uninter.jpg\",\"contentUrl\":\"https:\/\/blogs.uninter.edu.mx\/difusioncultural\/wp-content\/uploads\/2022\/09\/uninter.jpg\",\"width\":2048,\"height\":2048,\"caption\":\"Difusi\u00f3n Cultural\"},\"image\":{\"@id\":\"https:\/\/blogs.uninter.edu.mx\/difusioncultural\/#\/schema\/logo\/image\/\"}},{\"@type\":\"Person\",\"@id\":\"https:\/\/blogs.uninter.edu.mx\/difusioncultural\/#\/schema\/person\/37a0926f4dd300a814993fd595abdc4a\",\"name\":\"webmaster\",\"image\":{\"@type\":\"ImageObject\",\"inLanguage\":\"es\",\"@id\":\"https:\/\/blogs.uninter.edu.mx\/difusioncultural\/#\/schema\/person\/image\/\",\"url\":\"https:\/\/secure.gravatar.com\/avatar\/a59c276b01147463ef3aab4118e3137ebc5e1ad6700deb39ccdf8b89e517f7dc?s=96&d=mm&r=g\",\"contentUrl\":\"https:\/\/secure.gravatar.com\/avatar\/a59c276b01147463ef3aab4118e3137ebc5e1ad6700deb39ccdf8b89e517f7dc?s=96&d=mm&r=g\",\"caption\":\"webmaster\"},\"sameAs\":[\"https:\/\/blogs.uninter.edu.mx\/difusioncultural\"],\"url\":\"https:\/\/blogs.uninter.edu.mx\/difusioncultural\/?author=1\"}]}<\/script>\r\n<!-- \/ Yoast SEO plugin. -->","yoast_head_json":{"title":"150 aniversario del natalicio del destacado compositor Johann Strauss - Difusi\u00f3n Cultural","robots":{"index":"index","follow":"follow","max-snippet":"max-snippet:-1","max-image-preview":"max-image-preview:large","max-video-preview":"max-video-preview:-1"},"canonical":"https:\/\/blogs.uninter.edu.mx\/difusioncultural\/?p=2952","og_locale":"es_MX","og_type":"article","og_title":"150 aniversario del natalicio del destacado compositor Johann Strauss - Difusi\u00f3n Cultural","og_description":"En el 150 aniversario del natalicio del destacado compositor Johann Strauss, que se cumple ma\u00f1ana, el considerado como el \u00faltimo rom\u00e1ntico y uno de los m\u00e1s exquisitos orquestadores es recordado en diversas partes del mundo. En Per\u00fa, Strauss es homenajeado con una serie de programas que se transmiten en la Radio Filarmon\u00eda 102.7, de la&hellip;","og_url":"https:\/\/blogs.uninter.edu.mx\/difusioncultural\/?p=2952","og_site_name":"Difusi\u00f3n Cultural","article_published_time":"2014-06-11T04:40:41+00:00","og_image":[{"width":340,"height":270,"url":"https:\/\/blogs.uninter.edu.mx\/difusioncultural\/wp-content\/uploads\/2014\/06\/a.jpg","type":"image\/jpeg"}],"author":"webmaster","twitter_card":"summary_large_image","twitter_misc":{"Escrito por":"webmaster","Tiempo de lectura":"4 minutos"},"schema":{"@context":"https:\/\/schema.org","@graph":[{"@type":"Article","@id":"https:\/\/blogs.uninter.edu.mx\/difusioncultural\/?p=2952#article","isPartOf":{"@id":"https:\/\/blogs.uninter.edu.mx\/difusioncultural\/?p=2952"},"author":{"name":"webmaster","@id":"https:\/\/blogs.uninter.edu.mx\/difusioncultural\/#\/schema\/person\/37a0926f4dd300a814993fd595abdc4a"},"headline":"150 aniversario del natalicio del destacado compositor Johann Strauss","datePublished":"2014-06-11T04:40:41+00:00","mainEntityOfPage":{"@id":"https:\/\/blogs.uninter.edu.mx\/difusioncultural\/?p=2952"},"wordCount":714,"publisher":{"@id":"https:\/\/blogs.uninter.edu.mx\/difusioncultural\/#organization"},"image":{"@id":"https:\/\/blogs.uninter.edu.mx\/difusioncultural\/?p=2952#primaryimage"},"thumbnailUrl":"https:\/\/blogs.uninter.edu.mx\/difusioncultural\/wp-content\/uploads\/2014\/06\/a.jpg","inLanguage":"es"},{"@type":"WebPage","@id":"https:\/\/blogs.uninter.edu.mx\/difusioncultural\/?p=2952","url":"https:\/\/blogs.uninter.edu.mx\/difusioncultural\/?p=2952","name":"150 aniversario del natalicio del destacado compositor Johann Strauss - Difusi\u00f3n Cultural","isPartOf":{"@id":"https:\/\/blogs.uninter.edu.mx\/difusioncultural\/#website"},"primaryImageOfPage":{"@id":"https:\/\/blogs.uninter.edu.mx\/difusioncultural\/?p=2952#primaryimage"},"image":{"@id":"https:\/\/blogs.uninter.edu.mx\/difusioncultural\/?p=2952#primaryimage"},"thumbnailUrl":"https:\/\/blogs.uninter.edu.mx\/difusioncultural\/wp-content\/uploads\/2014\/06\/a.jpg","datePublished":"2014-06-11T04:40:41+00:00","breadcrumb":{"@id":"https:\/\/blogs.uninter.edu.mx\/difusioncultural\/?p=2952#breadcrumb"},"inLanguage":"es","potentialAction":[{"@type":"ReadAction","target":["https:\/\/blogs.uninter.edu.mx\/difusioncultural\/?p=2952"]}]},{"@type":"ImageObject","inLanguage":"es","@id":"https:\/\/blogs.uninter.edu.mx\/difusioncultural\/?p=2952#primaryimage","url":"https:\/\/blogs.uninter.edu.mx\/difusioncultural\/wp-content\/uploads\/2014\/06\/a.jpg","contentUrl":"https:\/\/blogs.uninter.edu.mx\/difusioncultural\/wp-content\/uploads\/2014\/06\/a.jpg","width":340,"height":270},{"@type":"BreadcrumbList","@id":"https:\/\/blogs.uninter.edu.mx\/difusioncultural\/?p=2952#breadcrumb","itemListElement":[{"@type":"ListItem","position":1,"name":"Inicio","item":"https:\/\/blogs.uninter.edu.mx\/difusioncultural\/"},{"@type":"ListItem","position":2,"name":"150 aniversario del natalicio del destacado compositor Johann Strauss"}]},{"@type":"WebSite","@id":"https:\/\/blogs.uninter.edu.mx\/difusioncultural\/#website","url":"https:\/\/blogs.uninter.edu.mx\/difusioncultural\/","name":"Difusi\u00f3n Cultural","description":"UNINTER","publisher":{"@id":"https:\/\/blogs.uninter.edu.mx\/difusioncultural\/#organization"},"potentialAction":[{"@type":"SearchAction","target":{"@type":"EntryPoint","urlTemplate":"https:\/\/blogs.uninter.edu.mx\/difusioncultural\/?s={search_term_string}"},"query-input":{"@type":"PropertyValueSpecification","valueRequired":true,"valueName":"search_term_string"}}],"inLanguage":"es"},{"@type":"Organization","@id":"https:\/\/blogs.uninter.edu.mx\/difusioncultural\/#organization","name":"Difusi\u00f3n Cultural","url":"https:\/\/blogs.uninter.edu.mx\/difusioncultural\/","logo":{"@type":"ImageObject","inLanguage":"es","@id":"https:\/\/blogs.uninter.edu.mx\/difusioncultural\/#\/schema\/logo\/image\/","url":"https:\/\/blogs.uninter.edu.mx\/difusioncultural\/wp-content\/uploads\/2022\/09\/uninter.jpg","contentUrl":"https:\/\/blogs.uninter.edu.mx\/difusioncultural\/wp-content\/uploads\/2022\/09\/uninter.jpg","width":2048,"height":2048,"caption":"Difusi\u00f3n Cultural"},"image":{"@id":"https:\/\/blogs.uninter.edu.mx\/difusioncultural\/#\/schema\/logo\/image\/"}},{"@type":"Person","@id":"https:\/\/blogs.uninter.edu.mx\/difusioncultural\/#\/schema\/person\/37a0926f4dd300a814993fd595abdc4a","name":"webmaster","image":{"@type":"ImageObject","inLanguage":"es","@id":"https:\/\/blogs.uninter.edu.mx\/difusioncultural\/#\/schema\/person\/image\/","url":"https:\/\/secure.gravatar.com\/avatar\/a59c276b01147463ef3aab4118e3137ebc5e1ad6700deb39ccdf8b89e517f7dc?s=96&d=mm&r=g","contentUrl":"https:\/\/secure.gravatar.com\/avatar\/a59c276b01147463ef3aab4118e3137ebc5e1ad6700deb39ccdf8b89e517f7dc?s=96&d=mm&r=g","caption":"webmaster"},"sameAs":["https:\/\/blogs.uninter.edu.mx\/difusioncultural"],"url":"https:\/\/blogs.uninter.edu.mx\/difusioncultural\/?author=1"}]}},"jetpack_publicize_connections":[],"jetpack_featured_media_url":"https:\/\/blogs.uninter.edu.mx\/difusioncultural\/wp-content\/uploads\/2014\/06\/a.jpg","jetpack_sharing_enabled":true,"_links":{"self":[{"href":"https:\/\/blogs.uninter.edu.mx\/difusioncultural\/index.php?rest_route=\/wp\/v2\/posts\/2952","targetHints":{"allow":["GET"]}}],"collection":[{"href":"https:\/\/blogs.uninter.edu.mx\/difusioncultural\/index.php?rest_route=\/wp\/v2\/posts"}],"about":[{"href":"https:\/\/blogs.uninter.edu.mx\/difusioncultural\/index.php?rest_route=\/wp\/v2\/types\/post"}],"author":[{"embeddable":true,"href":"https:\/\/blogs.uninter.edu.mx\/difusioncultural\/index.php?rest_route=\/wp\/v2\/users\/1"}],"replies":[{"embeddable":true,"href":"https:\/\/blogs.uninter.edu.mx\/difusioncultural\/index.php?rest_route=%2Fwp%2Fv2%2Fcomments&post=2952"}],"version-history":[{"count":0,"href":"https:\/\/blogs.uninter.edu.mx\/difusioncultural\/index.php?rest_route=\/wp\/v2\/posts\/2952\/revisions"}],"wp:featuredmedia":[{"embeddable":true,"href":"https:\/\/blogs.uninter.edu.mx\/difusioncultural\/index.php?rest_route=\/wp\/v2\/media\/2953"}],"wp:attachment":[{"href":"https:\/\/blogs.uninter.edu.mx\/difusioncultural\/index.php?rest_route=%2Fwp%2Fv2%2Fmedia&parent=2952"}],"wp:term":[{"taxonomy":"category","embeddable":true,"href":"https:\/\/blogs.uninter.edu.mx\/difusioncultural\/index.php?rest_route=%2Fwp%2Fv2%2Fcategories&post=2952"},{"taxonomy":"post_tag","embeddable":true,"href":"https:\/\/blogs.uninter.edu.mx\/difusioncultural\/index.php?rest_route=%2Fwp%2Fv2%2Ftags&post=2952"}],"curies":[{"name":"wp","href":"https:\/\/api.w.org\/{rel}","templated":true}]}}