{"id":3030,"date":"2014-07-24T16:19:32","date_gmt":"2014-07-24T16:19:32","guid":{"rendered":"http:\/\/difusionculturaluninter.wordpress.com\/?p=3030"},"modified":"2014-07-24T16:19:32","modified_gmt":"2014-07-24T16:19:32","slug":"descubrimiento-de-machu-picchu","status":"publish","type":"post","link":"https:\/\/blogs.uninter.edu.mx\/difusioncultural\/?p=3030","title":{"rendered":"Descubrimiento de Machu Picchu"},"content":{"rendered":"<p>Machu Picchu es el nombre que se le da a un antiguo\u00a0poblado Inca, construido a mediados del siglo XV. Est\u00e1 ubicado sobre una\u00a0elevaci\u00f3n rocosa unida entre las monta\u00f1as Huayna Picchu y Machu Picchu,\u00a0al oriente de la cordillera central, a unos 130 kil\u00f3metros de Cuzco, la\u00a0cual ciudad importante m\u00e1s cercana.<\/p>\n<p>La UNESCO declaro la zona de <b>Machu Picchu\u00a0<\/b>como patrimonio de la humanidad desde el a\u00f1o de 1983, y desde el d\u00eda 7\u00a0de julio del 2007 paso a formar parte de las Nuevas Maravillas Del mundo\u00a0Moderno.<\/p>\n<p><a href=\"https:\/\/blogs.uninter.edu.mx\/difusioncultural\/wp-content\/uploads\/2014\/07\/machu-picchu-peru-728x490-1.jpg\"><img fetchpriority=\"high\" decoding=\"async\" class=\"alignnone size-medium wp-image-3032\" src=\"https:\/\/blogs.uninter.edu.mx\/difusioncultural\/wp-content\/uploads\/2014\/07\/machu-picchu-peru-728x490-1.jpg?w=300\" alt=\"Machu-Picchu-Peru-728x490\" width=\"300\" height=\"201\" \/><\/a><\/p>\n<p>El 24 de julio de 1911 es conocido como la fecha del &#8220;descubrimiento&#8221; de la famosa Ciudadela inca de Machu Picchu, tesoro arquitect\u00f3nico que hab\u00eda permanecido oculto, por m\u00e1s de cuatro siglos, bajo la exuberante naturaleza del ca\u00f1\u00f3n del Urubamba. Este hallazgo fue hecho por el controvertido antrop\u00f3logo, historiador o, simplemente, por el explorador norteamericano, aficionado a la arqueolog\u00eda, de la Universidad de Yale, profesor Hiram Bingham.<\/p>\n<p>Si bien el descubrimiento le es adjudicado a Bingham, seg\u00fan el investigador del Cusco, Simone Waisbard, el hallazgo fue producto de una casualidad, ya que habr\u00edan sido Enrique Palma, Gabino S\u00e1nchez y Agust\u00edn Liz\u00e1rraga, los primeros en visitar estos restos arqueol\u00f3gicos sobre cuyas piedras dejaron grabados sus nombres el 14 de julio de 1901. Y porque, adem\u00e1s, el arque\u00f3logo ingl\u00e9s buscaba, en realidad, la ciudad de Vitco, el \u00faltimo refugio de los incas y el \u00faltimo punto de resistencia contra los espa\u00f1oles. De manera que el citado <b>descubrimiento de Bingham <\/b>se reducir\u00eda a la difusi\u00f3n del hecho para la ciencia. Sin embargo, para su principal protagonista llegar a este d\u00eda no fue producto del azar, sino de una extenuante investigaci\u00f3n basada en las informaciones proporcionadas por campesinos del lugar, adem\u00e1s de varios a\u00f1os de viajes y exploraciones por la zona.<\/p>\n<p>Antes que <b>Machu Picchu<\/b> fuera descubierta es probable que formara parte de los fundos Qollapani y Kutija. Con el paso de los a\u00f1os qued\u00f3 la hacienda Q`ente como unidad inmobiliaria. Ellos, Palma, S\u00e1nchez y Liz\u00e1rraga, encontraron viviendo en el lugar al ind\u00edgena Anacleto Alvarez, quien hac\u00eda ocho a\u00f1os atr\u00e1s cultivaba las tierras arrendadas por doce soles anuales.<\/p>\n<p><a href=\"https:\/\/blogs.uninter.edu.mx\/difusioncultural\/wp-content\/uploads\/2014\/07\/machu-picchu-1.jpg\"><img decoding=\"async\" class=\"alignnone size-medium wp-image-3033\" src=\"https:\/\/blogs.uninter.edu.mx\/difusioncultural\/wp-content\/uploads\/2014\/07\/machu-picchu-1.jpg?w=300\" alt=\"machu-picchu-1\" width=\"300\" height=\"187\" \/><\/a> <a href=\"https:\/\/blogs.uninter.edu.mx\/difusioncultural\/wp-content\/uploads\/2014\/07\/machu-picchu-2.jpg\"><img decoding=\"async\" class=\"alignnone size-medium wp-image-3034\" src=\"https:\/\/blogs.uninter.edu.mx\/difusioncultural\/wp-content\/uploads\/2014\/07\/machu-picchu-2.jpg?w=300\" alt=\"machu-picchu-2\" width=\"300\" height=\"187\" \/><\/a> <a href=\"https:\/\/blogs.uninter.edu.mx\/difusioncultural\/wp-content\/uploads\/2014\/07\/machu-picchu-31.jpg\"><img loading=\"lazy\" decoding=\"async\" class=\"alignnone size-medium wp-image-3035\" src=\"https:\/\/blogs.uninter.edu.mx\/difusioncultural\/wp-content\/uploads\/2014\/07\/machu-picchu-31.jpg?w=300\" alt=\"machu-picchu-3\" width=\"300\" height=\"187\" \/><\/a><\/p>\n","protected":false},"excerpt":{"rendered":"<p>Machu Picchu es el nombre que se le da a un antiguo\u00a0poblado Inca, construido a mediados del siglo XV. Est\u00e1 ubicado sobre una\u00a0elevaci\u00f3n rocosa unida entre las monta\u00f1as Huayna Picchu y Machu Picchu,\u00a0al oriente de la cordillera central, a unos 130 kil\u00f3metros de Cuzco, la\u00a0cual ciudad importante m\u00e1s cercana. La UNESCO declaro la zona de&hellip;<\/p>\n","protected":false},"author":1,"featured_media":3032,"comment_status":"closed","ping_status":"open","sticky":false,"template":"","format":"standard","meta":{"_jetpack_memberships_contains_paid_content":false,"footnotes":"","jetpack_publicize_message":"","jetpack_publicize_feature_enabled":true,"jetpack_social_post_already_shared":false,"jetpack_social_options":{"image_generator_settings":{"template":"highway","default_image_id":0,"font":"","enabled":false},"version":2}},"categories":[1],"tags":[36,41,93,113,163,255,277,280,299,303,305],"class_list":["post-3030","post","type-post","status-publish","format-standard","has-post-thumbnail","hentry","category-sin-categoria","tag-bachillerato","tag-becas-culturales","tag-cultura","tag-difusion-cultural","tag-intercambios","tag-prepa","tag-secundaria","tag-spanish-school","tag-un-dia-como-hoy","tag-uninter","tag-universidad-internacional"],"yoast_head":"<!-- This site is optimized with the Yoast SEO plugin v26.3 - https:\/\/yoast.com\/wordpress\/plugins\/seo\/ -->\r\n<title>Descubrimiento de Machu Picchu - Difusi\u00f3n Cultural<\/title>\r\n<meta name=\"robots\" content=\"index, follow, max-snippet:-1, max-image-preview:large, max-video-preview:-1\" \/>\r\n<link rel=\"canonical\" href=\"https:\/\/blogs.uninter.edu.mx\/difusioncultural\/?p=3030\" \/>\r\n<meta property=\"og:locale\" content=\"es_MX\" \/>\r\n<meta property=\"og:type\" content=\"article\" \/>\r\n<meta property=\"og:title\" content=\"Descubrimiento de Machu Picchu - Difusi\u00f3n Cultural\" \/>\r\n<meta property=\"og:description\" content=\"Machu Picchu es el nombre que se le da a un antiguo\u00a0poblado Inca, construido a mediados del siglo XV. Est\u00e1 ubicado sobre una\u00a0elevaci\u00f3n rocosa unida entre las monta\u00f1as Huayna Picchu y Machu Picchu,\u00a0al oriente de la cordillera central, a unos 130 kil\u00f3metros de Cuzco, la\u00a0cual ciudad importante m\u00e1s cercana. La UNESCO declaro la zona de&hellip;\" \/>\r\n<meta property=\"og:url\" content=\"https:\/\/blogs.uninter.edu.mx\/difusioncultural\/?p=3030\" \/>\r\n<meta property=\"og:site_name\" content=\"Difusi\u00f3n Cultural\" \/>\r\n<meta property=\"article:published_time\" content=\"2014-07-24T16:19:32+00:00\" \/>\r\n<meta property=\"og:image\" content=\"https:\/\/blogs.uninter.edu.mx\/difusioncultural\/wp-content\/uploads\/2014\/07\/machu-picchu-peru-728x490-1.jpg\" \/>\r\n\t<meta property=\"og:image:width\" content=\"728\" \/>\r\n\t<meta property=\"og:image:height\" content=\"490\" \/>\r\n\t<meta property=\"og:image:type\" content=\"image\/jpeg\" \/>\r\n<meta name=\"author\" content=\"webmaster\" \/>\r\n<meta name=\"twitter:card\" content=\"summary_large_image\" \/>\r\n<meta name=\"twitter:label1\" content=\"Escrito por\" \/>\n\t<meta name=\"twitter:data1\" content=\"webmaster\" \/>\n\t<meta name=\"twitter:label2\" content=\"Tiempo de lectura\" \/>\n\t<meta name=\"twitter:data2\" content=\"2 minutos\" \/>\r\n<script type=\"application\/ld+json\" class=\"yoast-schema-graph\">{\"@context\":\"https:\/\/schema.org\",\"@graph\":[{\"@type\":\"Article\",\"@id\":\"https:\/\/blogs.uninter.edu.mx\/difusioncultural\/?p=3030#article\",\"isPartOf\":{\"@id\":\"https:\/\/blogs.uninter.edu.mx\/difusioncultural\/?p=3030\"},\"author\":{\"name\":\"webmaster\",\"@id\":\"https:\/\/blogs.uninter.edu.mx\/difusioncultural\/#\/schema\/person\/37a0926f4dd300a814993fd595abdc4a\"},\"headline\":\"Descubrimiento de Machu Picchu\",\"datePublished\":\"2014-07-24T16:19:32+00:00\",\"mainEntityOfPage\":{\"@id\":\"https:\/\/blogs.uninter.edu.mx\/difusioncultural\/?p=3030\"},\"wordCount\":387,\"publisher\":{\"@id\":\"https:\/\/blogs.uninter.edu.mx\/difusioncultural\/#organization\"},\"image\":{\"@id\":\"https:\/\/blogs.uninter.edu.mx\/difusioncultural\/?p=3030#primaryimage\"},\"thumbnailUrl\":\"https:\/\/blogs.uninter.edu.mx\/difusioncultural\/wp-content\/uploads\/2014\/07\/machu-picchu-peru-728x490-1.jpg\",\"keywords\":[\"bachillerato\",\"becas culturales\",\"cultura\",\"difusi\u00f3n cultural\",\"intercambios\",\"prepa\",\"secundaria\",\"spanish school\",\"un dia como hoy\",\"uninter\",\"universidad internacional\"],\"inLanguage\":\"es\"},{\"@type\":\"WebPage\",\"@id\":\"https:\/\/blogs.uninter.edu.mx\/difusioncultural\/?p=3030\",\"url\":\"https:\/\/blogs.uninter.edu.mx\/difusioncultural\/?p=3030\",\"name\":\"Descubrimiento de Machu Picchu - Difusi\u00f3n Cultural\",\"isPartOf\":{\"@id\":\"https:\/\/blogs.uninter.edu.mx\/difusioncultural\/#website\"},\"primaryImageOfPage\":{\"@id\":\"https:\/\/blogs.uninter.edu.mx\/difusioncultural\/?p=3030#primaryimage\"},\"image\":{\"@id\":\"https:\/\/blogs.uninter.edu.mx\/difusioncultural\/?p=3030#primaryimage\"},\"thumbnailUrl\":\"https:\/\/blogs.uninter.edu.mx\/difusioncultural\/wp-content\/uploads\/2014\/07\/machu-picchu-peru-728x490-1.jpg\",\"datePublished\":\"2014-07-24T16:19:32+00:00\",\"breadcrumb\":{\"@id\":\"https:\/\/blogs.uninter.edu.mx\/difusioncultural\/?p=3030#breadcrumb\"},\"inLanguage\":\"es\",\"potentialAction\":[{\"@type\":\"ReadAction\",\"target\":[\"https:\/\/blogs.uninter.edu.mx\/difusioncultural\/?p=3030\"]}]},{\"@type\":\"ImageObject\",\"inLanguage\":\"es\",\"@id\":\"https:\/\/blogs.uninter.edu.mx\/difusioncultural\/?p=3030#primaryimage\",\"url\":\"https:\/\/blogs.uninter.edu.mx\/difusioncultural\/wp-content\/uploads\/2014\/07\/machu-picchu-peru-728x490-1.jpg\",\"contentUrl\":\"https:\/\/blogs.uninter.edu.mx\/difusioncultural\/wp-content\/uploads\/2014\/07\/machu-picchu-peru-728x490-1.jpg\",\"width\":728,\"height\":490},{\"@type\":\"BreadcrumbList\",\"@id\":\"https:\/\/blogs.uninter.edu.mx\/difusioncultural\/?p=3030#breadcrumb\",\"itemListElement\":[{\"@type\":\"ListItem\",\"position\":1,\"name\":\"Inicio\",\"item\":\"https:\/\/blogs.uninter.edu.mx\/difusioncultural\/\"},{\"@type\":\"ListItem\",\"position\":2,\"name\":\"Descubrimiento de Machu Picchu\"}]},{\"@type\":\"WebSite\",\"@id\":\"https:\/\/blogs.uninter.edu.mx\/difusioncultural\/#website\",\"url\":\"https:\/\/blogs.uninter.edu.mx\/difusioncultural\/\",\"name\":\"Difusi\u00f3n Cultural\",\"description\":\"UNINTER\",\"publisher\":{\"@id\":\"https:\/\/blogs.uninter.edu.mx\/difusioncultural\/#organization\"},\"potentialAction\":[{\"@type\":\"SearchAction\",\"target\":{\"@type\":\"EntryPoint\",\"urlTemplate\":\"https:\/\/blogs.uninter.edu.mx\/difusioncultural\/?s={search_term_string}\"},\"query-input\":{\"@type\":\"PropertyValueSpecification\",\"valueRequired\":true,\"valueName\":\"search_term_string\"}}],\"inLanguage\":\"es\"},{\"@type\":\"Organization\",\"@id\":\"https:\/\/blogs.uninter.edu.mx\/difusioncultural\/#organization\",\"name\":\"Difusi\u00f3n Cultural\",\"url\":\"https:\/\/blogs.uninter.edu.mx\/difusioncultural\/\",\"logo\":{\"@type\":\"ImageObject\",\"inLanguage\":\"es\",\"@id\":\"https:\/\/blogs.uninter.edu.mx\/difusioncultural\/#\/schema\/logo\/image\/\",\"url\":\"https:\/\/blogs.uninter.edu.mx\/difusioncultural\/wp-content\/uploads\/2022\/09\/uninter.jpg\",\"contentUrl\":\"https:\/\/blogs.uninter.edu.mx\/difusioncultural\/wp-content\/uploads\/2022\/09\/uninter.jpg\",\"width\":2048,\"height\":2048,\"caption\":\"Difusi\u00f3n Cultural\"},\"image\":{\"@id\":\"https:\/\/blogs.uninter.edu.mx\/difusioncultural\/#\/schema\/logo\/image\/\"}},{\"@type\":\"Person\",\"@id\":\"https:\/\/blogs.uninter.edu.mx\/difusioncultural\/#\/schema\/person\/37a0926f4dd300a814993fd595abdc4a\",\"name\":\"webmaster\",\"image\":{\"@type\":\"ImageObject\",\"inLanguage\":\"es\",\"@id\":\"https:\/\/blogs.uninter.edu.mx\/difusioncultural\/#\/schema\/person\/image\/\",\"url\":\"https:\/\/secure.gravatar.com\/avatar\/a59c276b01147463ef3aab4118e3137ebc5e1ad6700deb39ccdf8b89e517f7dc?s=96&d=mm&r=g\",\"contentUrl\":\"https:\/\/secure.gravatar.com\/avatar\/a59c276b01147463ef3aab4118e3137ebc5e1ad6700deb39ccdf8b89e517f7dc?s=96&d=mm&r=g\",\"caption\":\"webmaster\"},\"sameAs\":[\"https:\/\/blogs.uninter.edu.mx\/difusioncultural\"],\"url\":\"https:\/\/blogs.uninter.edu.mx\/difusioncultural\/?author=1\"}]}<\/script>\r\n<!-- \/ Yoast SEO plugin. -->","yoast_head_json":{"title":"Descubrimiento de Machu Picchu - Difusi\u00f3n Cultural","robots":{"index":"index","follow":"follow","max-snippet":"max-snippet:-1","max-image-preview":"max-image-preview:large","max-video-preview":"max-video-preview:-1"},"canonical":"https:\/\/blogs.uninter.edu.mx\/difusioncultural\/?p=3030","og_locale":"es_MX","og_type":"article","og_title":"Descubrimiento de Machu Picchu - Difusi\u00f3n Cultural","og_description":"Machu Picchu es el nombre que se le da a un antiguo\u00a0poblado Inca, construido a mediados del siglo XV. Est\u00e1 ubicado sobre una\u00a0elevaci\u00f3n rocosa unida entre las monta\u00f1as Huayna Picchu y Machu Picchu,\u00a0al oriente de la cordillera central, a unos 130 kil\u00f3metros de Cuzco, la\u00a0cual ciudad importante m\u00e1s cercana. La UNESCO declaro la zona de&hellip;","og_url":"https:\/\/blogs.uninter.edu.mx\/difusioncultural\/?p=3030","og_site_name":"Difusi\u00f3n Cultural","article_published_time":"2014-07-24T16:19:32+00:00","og_image":[{"width":728,"height":490,"url":"https:\/\/blogs.uninter.edu.mx\/difusioncultural\/wp-content\/uploads\/2014\/07\/machu-picchu-peru-728x490-1.jpg","type":"image\/jpeg"}],"author":"webmaster","twitter_card":"summary_large_image","twitter_misc":{"Escrito por":"webmaster","Tiempo de lectura":"2 minutos"},"schema":{"@context":"https:\/\/schema.org","@graph":[{"@type":"Article","@id":"https:\/\/blogs.uninter.edu.mx\/difusioncultural\/?p=3030#article","isPartOf":{"@id":"https:\/\/blogs.uninter.edu.mx\/difusioncultural\/?p=3030"},"author":{"name":"webmaster","@id":"https:\/\/blogs.uninter.edu.mx\/difusioncultural\/#\/schema\/person\/37a0926f4dd300a814993fd595abdc4a"},"headline":"Descubrimiento de Machu Picchu","datePublished":"2014-07-24T16:19:32+00:00","mainEntityOfPage":{"@id":"https:\/\/blogs.uninter.edu.mx\/difusioncultural\/?p=3030"},"wordCount":387,"publisher":{"@id":"https:\/\/blogs.uninter.edu.mx\/difusioncultural\/#organization"},"image":{"@id":"https:\/\/blogs.uninter.edu.mx\/difusioncultural\/?p=3030#primaryimage"},"thumbnailUrl":"https:\/\/blogs.uninter.edu.mx\/difusioncultural\/wp-content\/uploads\/2014\/07\/machu-picchu-peru-728x490-1.jpg","keywords":["bachillerato","becas culturales","cultura","difusi\u00f3n cultural","intercambios","prepa","secundaria","spanish school","un dia como hoy","uninter","universidad internacional"],"inLanguage":"es"},{"@type":"WebPage","@id":"https:\/\/blogs.uninter.edu.mx\/difusioncultural\/?p=3030","url":"https:\/\/blogs.uninter.edu.mx\/difusioncultural\/?p=3030","name":"Descubrimiento de Machu Picchu - Difusi\u00f3n Cultural","isPartOf":{"@id":"https:\/\/blogs.uninter.edu.mx\/difusioncultural\/#website"},"primaryImageOfPage":{"@id":"https:\/\/blogs.uninter.edu.mx\/difusioncultural\/?p=3030#primaryimage"},"image":{"@id":"https:\/\/blogs.uninter.edu.mx\/difusioncultural\/?p=3030#primaryimage"},"thumbnailUrl":"https:\/\/blogs.uninter.edu.mx\/difusioncultural\/wp-content\/uploads\/2014\/07\/machu-picchu-peru-728x490-1.jpg","datePublished":"2014-07-24T16:19:32+00:00","breadcrumb":{"@id":"https:\/\/blogs.uninter.edu.mx\/difusioncultural\/?p=3030#breadcrumb"},"inLanguage":"es","potentialAction":[{"@type":"ReadAction","target":["https:\/\/blogs.uninter.edu.mx\/difusioncultural\/?p=3030"]}]},{"@type":"ImageObject","inLanguage":"es","@id":"https:\/\/blogs.uninter.edu.mx\/difusioncultural\/?p=3030#primaryimage","url":"https:\/\/blogs.uninter.edu.mx\/difusioncultural\/wp-content\/uploads\/2014\/07\/machu-picchu-peru-728x490-1.jpg","contentUrl":"https:\/\/blogs.uninter.edu.mx\/difusioncultural\/wp-content\/uploads\/2014\/07\/machu-picchu-peru-728x490-1.jpg","width":728,"height":490},{"@type":"BreadcrumbList","@id":"https:\/\/blogs.uninter.edu.mx\/difusioncultural\/?p=3030#breadcrumb","itemListElement":[{"@type":"ListItem","position":1,"name":"Inicio","item":"https:\/\/blogs.uninter.edu.mx\/difusioncultural\/"},{"@type":"ListItem","position":2,"name":"Descubrimiento de Machu Picchu"}]},{"@type":"WebSite","@id":"https:\/\/blogs.uninter.edu.mx\/difusioncultural\/#website","url":"https:\/\/blogs.uninter.edu.mx\/difusioncultural\/","name":"Difusi\u00f3n Cultural","description":"UNINTER","publisher":{"@id":"https:\/\/blogs.uninter.edu.mx\/difusioncultural\/#organization"},"potentialAction":[{"@type":"SearchAction","target":{"@type":"EntryPoint","urlTemplate":"https:\/\/blogs.uninter.edu.mx\/difusioncultural\/?s={search_term_string}"},"query-input":{"@type":"PropertyValueSpecification","valueRequired":true,"valueName":"search_term_string"}}],"inLanguage":"es"},{"@type":"Organization","@id":"https:\/\/blogs.uninter.edu.mx\/difusioncultural\/#organization","name":"Difusi\u00f3n Cultural","url":"https:\/\/blogs.uninter.edu.mx\/difusioncultural\/","logo":{"@type":"ImageObject","inLanguage":"es","@id":"https:\/\/blogs.uninter.edu.mx\/difusioncultural\/#\/schema\/logo\/image\/","url":"https:\/\/blogs.uninter.edu.mx\/difusioncultural\/wp-content\/uploads\/2022\/09\/uninter.jpg","contentUrl":"https:\/\/blogs.uninter.edu.mx\/difusioncultural\/wp-content\/uploads\/2022\/09\/uninter.jpg","width":2048,"height":2048,"caption":"Difusi\u00f3n Cultural"},"image":{"@id":"https:\/\/blogs.uninter.edu.mx\/difusioncultural\/#\/schema\/logo\/image\/"}},{"@type":"Person","@id":"https:\/\/blogs.uninter.edu.mx\/difusioncultural\/#\/schema\/person\/37a0926f4dd300a814993fd595abdc4a","name":"webmaster","image":{"@type":"ImageObject","inLanguage":"es","@id":"https:\/\/blogs.uninter.edu.mx\/difusioncultural\/#\/schema\/person\/image\/","url":"https:\/\/secure.gravatar.com\/avatar\/a59c276b01147463ef3aab4118e3137ebc5e1ad6700deb39ccdf8b89e517f7dc?s=96&d=mm&r=g","contentUrl":"https:\/\/secure.gravatar.com\/avatar\/a59c276b01147463ef3aab4118e3137ebc5e1ad6700deb39ccdf8b89e517f7dc?s=96&d=mm&r=g","caption":"webmaster"},"sameAs":["https:\/\/blogs.uninter.edu.mx\/difusioncultural"],"url":"https:\/\/blogs.uninter.edu.mx\/difusioncultural\/?author=1"}]}},"jetpack_publicize_connections":[],"jetpack_featured_media_url":"https:\/\/blogs.uninter.edu.mx\/difusioncultural\/wp-content\/uploads\/2014\/07\/machu-picchu-peru-728x490-1.jpg","jetpack_sharing_enabled":true,"_links":{"self":[{"href":"https:\/\/blogs.uninter.edu.mx\/difusioncultural\/index.php?rest_route=\/wp\/v2\/posts\/3030","targetHints":{"allow":["GET"]}}],"collection":[{"href":"https:\/\/blogs.uninter.edu.mx\/difusioncultural\/index.php?rest_route=\/wp\/v2\/posts"}],"about":[{"href":"https:\/\/blogs.uninter.edu.mx\/difusioncultural\/index.php?rest_route=\/wp\/v2\/types\/post"}],"author":[{"embeddable":true,"href":"https:\/\/blogs.uninter.edu.mx\/difusioncultural\/index.php?rest_route=\/wp\/v2\/users\/1"}],"replies":[{"embeddable":true,"href":"https:\/\/blogs.uninter.edu.mx\/difusioncultural\/index.php?rest_route=%2Fwp%2Fv2%2Fcomments&post=3030"}],"version-history":[{"count":0,"href":"https:\/\/blogs.uninter.edu.mx\/difusioncultural\/index.php?rest_route=\/wp\/v2\/posts\/3030\/revisions"}],"wp:featuredmedia":[{"embeddable":true,"href":"https:\/\/blogs.uninter.edu.mx\/difusioncultural\/index.php?rest_route=\/wp\/v2\/media\/3032"}],"wp:attachment":[{"href":"https:\/\/blogs.uninter.edu.mx\/difusioncultural\/index.php?rest_route=%2Fwp%2Fv2%2Fmedia&parent=3030"}],"wp:term":[{"taxonomy":"category","embeddable":true,"href":"https:\/\/blogs.uninter.edu.mx\/difusioncultural\/index.php?rest_route=%2Fwp%2Fv2%2Fcategories&post=3030"},{"taxonomy":"post_tag","embeddable":true,"href":"https:\/\/blogs.uninter.edu.mx\/difusioncultural\/index.php?rest_route=%2Fwp%2Fv2%2Ftags&post=3030"}],"curies":[{"name":"wp","href":"https:\/\/api.w.org\/{rel}","templated":true}]}}