{"id":3037,"date":"2014-07-24T16:37:31","date_gmt":"2014-07-24T16:37:31","guid":{"rendered":"http:\/\/difusionculturaluninter.wordpress.com\/?p=3037"},"modified":"2014-07-24T16:37:31","modified_gmt":"2014-07-24T16:37:31","slug":"taller-de-caricatura-con-jose-hernandez-del-papel-al-pensamiento","status":"publish","type":"post","link":"https:\/\/blogs.uninter.edu.mx\/difusioncultural\/?p=3037","title":{"rendered":"Taller de Caricatura con Jos\u00e9 Hern\u00e1ndez; del papel al pensamiento"},"content":{"rendered":"<p>CAMBIOS<\/p>\n<p>\u2026.que transforman<\/p>\n<p>\u00bfCu\u00e1ndo fue la \u00faltima vez que estabas tan inmerso en algo que sentiste que el tiempo pasaba volando?<\/p>\n<p>TALLER DE CARICATURA<\/p>\n<p>Con Jos\u00e9 Hern\u00e1ndez<\/p>\n<p>\u00bfCu\u00e1ndo? 2, 9 y 16 de agosto De 10: a 14:00 hrs.<\/p>\n<p>Para:<\/p>\n<ul>\n<li>Dise\u00f1adores.<\/li>\n<li>Comunicadores.<\/li>\n<li>Artistas Pl\u00e1sticos.<\/li>\n<li>Y p\u00fablico en general interesado en comunicarse a trav\u00e9s del dibujo, la caricatura y el humor.<\/li>\n<\/ul>\n<p>\u00bfEn d\u00f3nde? : Museo del Estanquillo<\/p>\n<p>Isabel La Cat\u00f3lica 26, Cuauht\u00e9moc, Centro, 06000 Ciudad de M\u00e9xico, Distrito Federal<br \/>\n01 55 5521 3052<\/p>\n<p>\u00bfQui\u00e9n?: Jos\u00e9 Hern\u00e1ndez?<\/p>\n<p><a href=\"https:\/\/blogs.uninter.edu.mx\/difusioncultural\/wp-content\/uploads\/2014\/07\/monero.jpg\"><img fetchpriority=\"high\" decoding=\"async\" class=\"alignnone size-medium wp-image-3038\" src=\"https:\/\/blogs.uninter.edu.mx\/difusioncultural\/wp-content\/uploads\/2014\/07\/monero.jpg?w=267\" alt=\"monero\" width=\"267\" height=\"300\" \/><\/a><\/p>\n<p>\u00bfCu\u00e1nto?: $2,800 Descuento 10% estudiantes y egresados de: Comunicaciones, Dise\u00f1o Gr\u00e1fico, Artes Pl\u00e1sticas.<\/p>\n<p>El Dibujo, el lenguaje gr\u00e1fico universal, ha sido utilizado por la humanidad para transmitir ideas, proyectos y, en un sentido m\u00e1s amplio, su cultura.<\/p>\n<p>Objetivos:<\/p>\n<ul>\n<li>Comunicarse a trav\u00e9s del dibujo y el humor.<\/li>\n<li>Experimentar el estado de \u201cFlow\u201d Inmersi\u00f3n total.<\/li>\n<\/ul>\n<p>Temario:<\/p>\n<ul>\n<li>El Dibujo.<\/li>\n<li>El humor como herramienta fundamental para la caricatura.<\/li>\n<li>El Cart\u00f3n Pol\u00edtico.<\/li>\n<\/ul>\n<p>Informes:<\/p>\n<p>cyccapacita@cycca.mx<\/p>\n<p>@cyccapacita<\/p>\n<p>Facebook: CYC Consultores Asociados S.C.<\/p>\n<p><iframe title=\"Taller de Caricatura con Jos\u00e9 Hern\u00e1ndez; Del Pensamiento al Papel\" width=\"700\" height=\"394\" src=\"https:\/\/www.youtube.com\/embed\/t-dHfBabHNc?feature=oembed\" frameborder=\"0\" allow=\"accelerometer; autoplay; clipboard-write; encrypted-media; gyroscope; picture-in-picture\" allowfullscreen><\/iframe><\/p>\n","protected":false},"excerpt":{"rendered":"<p>CAMBIOS \u2026.que transforman \u00bfCu\u00e1ndo fue la \u00faltima vez que estabas tan inmerso en algo que sentiste que el tiempo pasaba volando? TALLER DE CARICATURA Con Jos\u00e9 Hern\u00e1ndez \u00bfCu\u00e1ndo? 2, 9 y 16 de agosto De 10: a 14:00 hrs. Para: Dise\u00f1adores. Comunicadores. Artistas Pl\u00e1sticos. Y p\u00fablico en general interesado en comunicarse a trav\u00e9s del dibujo,&hellip;<\/p>\n","protected":false},"author":1,"featured_media":3039,"comment_status":"closed","ping_status":"open","sticky":false,"template":"","format":"standard","meta":{"_jetpack_memberships_contains_paid_content":false,"footnotes":"","jetpack_publicize_message":"","jetpack_publicize_feature_enabled":true,"jetpack_social_post_already_shared":false,"jetpack_social_options":{"image_generator_settings":{"template":"highway","default_image_id":0,"font":"","enabled":false},"version":2}},"categories":[8],"tags":[36,41,93,113,131,163,255,277,280,286,303,305],"class_list":["post-3037","post","type-post","status-publish","format-standard","has-post-thumbnail","hentry","category-eventos","tag-bachillerato","tag-becas-culturales","tag-cultura","tag-difusion-cultural","tag-eventos","tag-intercambios","tag-prepa","tag-secundaria","tag-spanish-school","tag-talleres","tag-uninter","tag-universidad-internacional"],"yoast_head":"<!-- This site is optimized with the Yoast SEO plugin v26.3 - https:\/\/yoast.com\/wordpress\/plugins\/seo\/ -->\r\n<title>Taller de Caricatura con Jos\u00e9 Hern\u00e1ndez; del papel al pensamiento - Difusi\u00f3n Cultural<\/title>\r\n<meta name=\"robots\" content=\"index, follow, max-snippet:-1, max-image-preview:large, max-video-preview:-1\" \/>\r\n<link rel=\"canonical\" href=\"https:\/\/blogs.uninter.edu.mx\/difusioncultural\/?p=3037\" \/>\r\n<meta property=\"og:locale\" content=\"es_MX\" \/>\r\n<meta property=\"og:type\" content=\"article\" \/>\r\n<meta property=\"og:title\" content=\"Taller de Caricatura con Jos\u00e9 Hern\u00e1ndez; del papel al pensamiento - Difusi\u00f3n Cultural\" \/>\r\n<meta property=\"og:description\" content=\"CAMBIOS \u2026.que transforman \u00bfCu\u00e1ndo fue la \u00faltima vez que estabas tan inmerso en algo que sentiste que el tiempo pasaba volando? TALLER DE CARICATURA Con Jos\u00e9 Hern\u00e1ndez \u00bfCu\u00e1ndo? 2, 9 y 16 de agosto De 10: a 14:00 hrs. Para: Dise\u00f1adores. Comunicadores. Artistas Pl\u00e1sticos. Y p\u00fablico en general interesado en comunicarse a trav\u00e9s del dibujo,&hellip;\" \/>\r\n<meta property=\"og:url\" content=\"https:\/\/blogs.uninter.edu.mx\/difusioncultural\/?p=3037\" \/>\r\n<meta property=\"og:site_name\" content=\"Difusi\u00f3n Cultural\" \/>\r\n<meta property=\"article:published_time\" content=\"2014-07-24T16:37:31+00:00\" \/>\r\n<meta property=\"og:image\" content=\"https:\/\/blogs.uninter.edu.mx\/difusioncultural\/wp-content\/uploads\/2014\/07\/taller1.jpg\" \/>\r\n\t<meta property=\"og:image:width\" content=\"609\" \/>\r\n\t<meta property=\"og:image:height\" content=\"760\" \/>\r\n\t<meta property=\"og:image:type\" content=\"image\/jpeg\" \/>\r\n<meta name=\"author\" content=\"webmaster\" \/>\r\n<meta name=\"twitter:card\" content=\"summary_large_image\" \/>\r\n<meta name=\"twitter:label1\" content=\"Escrito por\" \/>\n\t<meta name=\"twitter:data1\" content=\"webmaster\" \/>\n\t<meta name=\"twitter:label2\" content=\"Tiempo de lectura\" \/>\n\t<meta name=\"twitter:data2\" content=\"1 minuto\" \/>\r\n<script type=\"application\/ld+json\" class=\"yoast-schema-graph\">{\"@context\":\"https:\/\/schema.org\",\"@graph\":[{\"@type\":\"Article\",\"@id\":\"https:\/\/blogs.uninter.edu.mx\/difusioncultural\/?p=3037#article\",\"isPartOf\":{\"@id\":\"https:\/\/blogs.uninter.edu.mx\/difusioncultural\/?p=3037\"},\"author\":{\"name\":\"webmaster\",\"@id\":\"https:\/\/blogs.uninter.edu.mx\/difusioncultural\/#\/schema\/person\/37a0926f4dd300a814993fd595abdc4a\"},\"headline\":\"Taller de Caricatura con Jos\u00e9 Hern\u00e1ndez; del papel al pensamiento\",\"datePublished\":\"2014-07-24T16:37:31+00:00\",\"mainEntityOfPage\":{\"@id\":\"https:\/\/blogs.uninter.edu.mx\/difusioncultural\/?p=3037\"},\"wordCount\":190,\"publisher\":{\"@id\":\"https:\/\/blogs.uninter.edu.mx\/difusioncultural\/#organization\"},\"image\":{\"@id\":\"https:\/\/blogs.uninter.edu.mx\/difusioncultural\/?p=3037#primaryimage\"},\"thumbnailUrl\":\"https:\/\/blogs.uninter.edu.mx\/difusioncultural\/wp-content\/uploads\/2014\/07\/taller1.jpg\",\"keywords\":[\"bachillerato\",\"becas culturales\",\"cultura\",\"difusi\u00f3n cultural\",\"eventos\",\"intercambios\",\"prepa\",\"secundaria\",\"spanish school\",\"talleres\",\"uninter\",\"universidad internacional\"],\"articleSection\":[\"Eventos\"],\"inLanguage\":\"es\"},{\"@type\":\"WebPage\",\"@id\":\"https:\/\/blogs.uninter.edu.mx\/difusioncultural\/?p=3037\",\"url\":\"https:\/\/blogs.uninter.edu.mx\/difusioncultural\/?p=3037\",\"name\":\"Taller de Caricatura con Jos\u00e9 Hern\u00e1ndez; del papel al pensamiento - Difusi\u00f3n Cultural\",\"isPartOf\":{\"@id\":\"https:\/\/blogs.uninter.edu.mx\/difusioncultural\/#website\"},\"primaryImageOfPage\":{\"@id\":\"https:\/\/blogs.uninter.edu.mx\/difusioncultural\/?p=3037#primaryimage\"},\"image\":{\"@id\":\"https:\/\/blogs.uninter.edu.mx\/difusioncultural\/?p=3037#primaryimage\"},\"thumbnailUrl\":\"https:\/\/blogs.uninter.edu.mx\/difusioncultural\/wp-content\/uploads\/2014\/07\/taller1.jpg\",\"datePublished\":\"2014-07-24T16:37:31+00:00\",\"breadcrumb\":{\"@id\":\"https:\/\/blogs.uninter.edu.mx\/difusioncultural\/?p=3037#breadcrumb\"},\"inLanguage\":\"es\",\"potentialAction\":[{\"@type\":\"ReadAction\",\"target\":[\"https:\/\/blogs.uninter.edu.mx\/difusioncultural\/?p=3037\"]}]},{\"@type\":\"ImageObject\",\"inLanguage\":\"es\",\"@id\":\"https:\/\/blogs.uninter.edu.mx\/difusioncultural\/?p=3037#primaryimage\",\"url\":\"https:\/\/blogs.uninter.edu.mx\/difusioncultural\/wp-content\/uploads\/2014\/07\/taller1.jpg\",\"contentUrl\":\"https:\/\/blogs.uninter.edu.mx\/difusioncultural\/wp-content\/uploads\/2014\/07\/taller1.jpg\",\"width\":609,\"height\":760},{\"@type\":\"BreadcrumbList\",\"@id\":\"https:\/\/blogs.uninter.edu.mx\/difusioncultural\/?p=3037#breadcrumb\",\"itemListElement\":[{\"@type\":\"ListItem\",\"position\":1,\"name\":\"Inicio\",\"item\":\"https:\/\/blogs.uninter.edu.mx\/difusioncultural\/\"},{\"@type\":\"ListItem\",\"position\":2,\"name\":\"Taller de Caricatura con Jos\u00e9 Hern\u00e1ndez; del papel al pensamiento\"}]},{\"@type\":\"WebSite\",\"@id\":\"https:\/\/blogs.uninter.edu.mx\/difusioncultural\/#website\",\"url\":\"https:\/\/blogs.uninter.edu.mx\/difusioncultural\/\",\"name\":\"Difusi\u00f3n Cultural\",\"description\":\"UNINTER\",\"publisher\":{\"@id\":\"https:\/\/blogs.uninter.edu.mx\/difusioncultural\/#organization\"},\"potentialAction\":[{\"@type\":\"SearchAction\",\"target\":{\"@type\":\"EntryPoint\",\"urlTemplate\":\"https:\/\/blogs.uninter.edu.mx\/difusioncultural\/?s={search_term_string}\"},\"query-input\":{\"@type\":\"PropertyValueSpecification\",\"valueRequired\":true,\"valueName\":\"search_term_string\"}}],\"inLanguage\":\"es\"},{\"@type\":\"Organization\",\"@id\":\"https:\/\/blogs.uninter.edu.mx\/difusioncultural\/#organization\",\"name\":\"Difusi\u00f3n Cultural\",\"url\":\"https:\/\/blogs.uninter.edu.mx\/difusioncultural\/\",\"logo\":{\"@type\":\"ImageObject\",\"inLanguage\":\"es\",\"@id\":\"https:\/\/blogs.uninter.edu.mx\/difusioncultural\/#\/schema\/logo\/image\/\",\"url\":\"https:\/\/blogs.uninter.edu.mx\/difusioncultural\/wp-content\/uploads\/2022\/09\/uninter.jpg\",\"contentUrl\":\"https:\/\/blogs.uninter.edu.mx\/difusioncultural\/wp-content\/uploads\/2022\/09\/uninter.jpg\",\"width\":2048,\"height\":2048,\"caption\":\"Difusi\u00f3n Cultural\"},\"image\":{\"@id\":\"https:\/\/blogs.uninter.edu.mx\/difusioncultural\/#\/schema\/logo\/image\/\"}},{\"@type\":\"Person\",\"@id\":\"https:\/\/blogs.uninter.edu.mx\/difusioncultural\/#\/schema\/person\/37a0926f4dd300a814993fd595abdc4a\",\"name\":\"webmaster\",\"image\":{\"@type\":\"ImageObject\",\"inLanguage\":\"es\",\"@id\":\"https:\/\/blogs.uninter.edu.mx\/difusioncultural\/#\/schema\/person\/image\/\",\"url\":\"https:\/\/secure.gravatar.com\/avatar\/a59c276b01147463ef3aab4118e3137ebc5e1ad6700deb39ccdf8b89e517f7dc?s=96&d=mm&r=g\",\"contentUrl\":\"https:\/\/secure.gravatar.com\/avatar\/a59c276b01147463ef3aab4118e3137ebc5e1ad6700deb39ccdf8b89e517f7dc?s=96&d=mm&r=g\",\"caption\":\"webmaster\"},\"sameAs\":[\"https:\/\/blogs.uninter.edu.mx\/difusioncultural\"],\"url\":\"https:\/\/blogs.uninter.edu.mx\/difusioncultural\/?author=1\"}]}<\/script>\r\n<!-- \/ Yoast SEO plugin. -->","yoast_head_json":{"title":"Taller de Caricatura con Jos\u00e9 Hern\u00e1ndez; del papel al pensamiento - Difusi\u00f3n Cultural","robots":{"index":"index","follow":"follow","max-snippet":"max-snippet:-1","max-image-preview":"max-image-preview:large","max-video-preview":"max-video-preview:-1"},"canonical":"https:\/\/blogs.uninter.edu.mx\/difusioncultural\/?p=3037","og_locale":"es_MX","og_type":"article","og_title":"Taller de Caricatura con Jos\u00e9 Hern\u00e1ndez; del papel al pensamiento - Difusi\u00f3n Cultural","og_description":"CAMBIOS \u2026.que transforman \u00bfCu\u00e1ndo fue la \u00faltima vez que estabas tan inmerso en algo que sentiste que el tiempo pasaba volando? TALLER DE CARICATURA Con Jos\u00e9 Hern\u00e1ndez \u00bfCu\u00e1ndo? 2, 9 y 16 de agosto De 10: a 14:00 hrs. Para: Dise\u00f1adores. Comunicadores. Artistas Pl\u00e1sticos. Y p\u00fablico en general interesado en comunicarse a trav\u00e9s del dibujo,&hellip;","og_url":"https:\/\/blogs.uninter.edu.mx\/difusioncultural\/?p=3037","og_site_name":"Difusi\u00f3n Cultural","article_published_time":"2014-07-24T16:37:31+00:00","og_image":[{"width":609,"height":760,"url":"https:\/\/blogs.uninter.edu.mx\/difusioncultural\/wp-content\/uploads\/2014\/07\/taller1.jpg","type":"image\/jpeg"}],"author":"webmaster","twitter_card":"summary_large_image","twitter_misc":{"Escrito por":"webmaster","Tiempo de lectura":"1 minuto"},"schema":{"@context":"https:\/\/schema.org","@graph":[{"@type":"Article","@id":"https:\/\/blogs.uninter.edu.mx\/difusioncultural\/?p=3037#article","isPartOf":{"@id":"https:\/\/blogs.uninter.edu.mx\/difusioncultural\/?p=3037"},"author":{"name":"webmaster","@id":"https:\/\/blogs.uninter.edu.mx\/difusioncultural\/#\/schema\/person\/37a0926f4dd300a814993fd595abdc4a"},"headline":"Taller de Caricatura con Jos\u00e9 Hern\u00e1ndez; del papel al pensamiento","datePublished":"2014-07-24T16:37:31+00:00","mainEntityOfPage":{"@id":"https:\/\/blogs.uninter.edu.mx\/difusioncultural\/?p=3037"},"wordCount":190,"publisher":{"@id":"https:\/\/blogs.uninter.edu.mx\/difusioncultural\/#organization"},"image":{"@id":"https:\/\/blogs.uninter.edu.mx\/difusioncultural\/?p=3037#primaryimage"},"thumbnailUrl":"https:\/\/blogs.uninter.edu.mx\/difusioncultural\/wp-content\/uploads\/2014\/07\/taller1.jpg","keywords":["bachillerato","becas culturales","cultura","difusi\u00f3n cultural","eventos","intercambios","prepa","secundaria","spanish school","talleres","uninter","universidad internacional"],"articleSection":["Eventos"],"inLanguage":"es"},{"@type":"WebPage","@id":"https:\/\/blogs.uninter.edu.mx\/difusioncultural\/?p=3037","url":"https:\/\/blogs.uninter.edu.mx\/difusioncultural\/?p=3037","name":"Taller de Caricatura con Jos\u00e9 Hern\u00e1ndez; del papel al pensamiento - Difusi\u00f3n Cultural","isPartOf":{"@id":"https:\/\/blogs.uninter.edu.mx\/difusioncultural\/#website"},"primaryImageOfPage":{"@id":"https:\/\/blogs.uninter.edu.mx\/difusioncultural\/?p=3037#primaryimage"},"image":{"@id":"https:\/\/blogs.uninter.edu.mx\/difusioncultural\/?p=3037#primaryimage"},"thumbnailUrl":"https:\/\/blogs.uninter.edu.mx\/difusioncultural\/wp-content\/uploads\/2014\/07\/taller1.jpg","datePublished":"2014-07-24T16:37:31+00:00","breadcrumb":{"@id":"https:\/\/blogs.uninter.edu.mx\/difusioncultural\/?p=3037#breadcrumb"},"inLanguage":"es","potentialAction":[{"@type":"ReadAction","target":["https:\/\/blogs.uninter.edu.mx\/difusioncultural\/?p=3037"]}]},{"@type":"ImageObject","inLanguage":"es","@id":"https:\/\/blogs.uninter.edu.mx\/difusioncultural\/?p=3037#primaryimage","url":"https:\/\/blogs.uninter.edu.mx\/difusioncultural\/wp-content\/uploads\/2014\/07\/taller1.jpg","contentUrl":"https:\/\/blogs.uninter.edu.mx\/difusioncultural\/wp-content\/uploads\/2014\/07\/taller1.jpg","width":609,"height":760},{"@type":"BreadcrumbList","@id":"https:\/\/blogs.uninter.edu.mx\/difusioncultural\/?p=3037#breadcrumb","itemListElement":[{"@type":"ListItem","position":1,"name":"Inicio","item":"https:\/\/blogs.uninter.edu.mx\/difusioncultural\/"},{"@type":"ListItem","position":2,"name":"Taller de Caricatura con Jos\u00e9 Hern\u00e1ndez; del papel al pensamiento"}]},{"@type":"WebSite","@id":"https:\/\/blogs.uninter.edu.mx\/difusioncultural\/#website","url":"https:\/\/blogs.uninter.edu.mx\/difusioncultural\/","name":"Difusi\u00f3n Cultural","description":"UNINTER","publisher":{"@id":"https:\/\/blogs.uninter.edu.mx\/difusioncultural\/#organization"},"potentialAction":[{"@type":"SearchAction","target":{"@type":"EntryPoint","urlTemplate":"https:\/\/blogs.uninter.edu.mx\/difusioncultural\/?s={search_term_string}"},"query-input":{"@type":"PropertyValueSpecification","valueRequired":true,"valueName":"search_term_string"}}],"inLanguage":"es"},{"@type":"Organization","@id":"https:\/\/blogs.uninter.edu.mx\/difusioncultural\/#organization","name":"Difusi\u00f3n Cultural","url":"https:\/\/blogs.uninter.edu.mx\/difusioncultural\/","logo":{"@type":"ImageObject","inLanguage":"es","@id":"https:\/\/blogs.uninter.edu.mx\/difusioncultural\/#\/schema\/logo\/image\/","url":"https:\/\/blogs.uninter.edu.mx\/difusioncultural\/wp-content\/uploads\/2022\/09\/uninter.jpg","contentUrl":"https:\/\/blogs.uninter.edu.mx\/difusioncultural\/wp-content\/uploads\/2022\/09\/uninter.jpg","width":2048,"height":2048,"caption":"Difusi\u00f3n Cultural"},"image":{"@id":"https:\/\/blogs.uninter.edu.mx\/difusioncultural\/#\/schema\/logo\/image\/"}},{"@type":"Person","@id":"https:\/\/blogs.uninter.edu.mx\/difusioncultural\/#\/schema\/person\/37a0926f4dd300a814993fd595abdc4a","name":"webmaster","image":{"@type":"ImageObject","inLanguage":"es","@id":"https:\/\/blogs.uninter.edu.mx\/difusioncultural\/#\/schema\/person\/image\/","url":"https:\/\/secure.gravatar.com\/avatar\/a59c276b01147463ef3aab4118e3137ebc5e1ad6700deb39ccdf8b89e517f7dc?s=96&d=mm&r=g","contentUrl":"https:\/\/secure.gravatar.com\/avatar\/a59c276b01147463ef3aab4118e3137ebc5e1ad6700deb39ccdf8b89e517f7dc?s=96&d=mm&r=g","caption":"webmaster"},"sameAs":["https:\/\/blogs.uninter.edu.mx\/difusioncultural"],"url":"https:\/\/blogs.uninter.edu.mx\/difusioncultural\/?author=1"}]}},"jetpack_publicize_connections":[],"jetpack_featured_media_url":"https:\/\/blogs.uninter.edu.mx\/difusioncultural\/wp-content\/uploads\/2014\/07\/taller1.jpg","jetpack_sharing_enabled":true,"_links":{"self":[{"href":"https:\/\/blogs.uninter.edu.mx\/difusioncultural\/index.php?rest_route=\/wp\/v2\/posts\/3037","targetHints":{"allow":["GET"]}}],"collection":[{"href":"https:\/\/blogs.uninter.edu.mx\/difusioncultural\/index.php?rest_route=\/wp\/v2\/posts"}],"about":[{"href":"https:\/\/blogs.uninter.edu.mx\/difusioncultural\/index.php?rest_route=\/wp\/v2\/types\/post"}],"author":[{"embeddable":true,"href":"https:\/\/blogs.uninter.edu.mx\/difusioncultural\/index.php?rest_route=\/wp\/v2\/users\/1"}],"replies":[{"embeddable":true,"href":"https:\/\/blogs.uninter.edu.mx\/difusioncultural\/index.php?rest_route=%2Fwp%2Fv2%2Fcomments&post=3037"}],"version-history":[{"count":0,"href":"https:\/\/blogs.uninter.edu.mx\/difusioncultural\/index.php?rest_route=\/wp\/v2\/posts\/3037\/revisions"}],"wp:featuredmedia":[{"embeddable":true,"href":"https:\/\/blogs.uninter.edu.mx\/difusioncultural\/index.php?rest_route=\/wp\/v2\/media\/3039"}],"wp:attachment":[{"href":"https:\/\/blogs.uninter.edu.mx\/difusioncultural\/index.php?rest_route=%2Fwp%2Fv2%2Fmedia&parent=3037"}],"wp:term":[{"taxonomy":"category","embeddable":true,"href":"https:\/\/blogs.uninter.edu.mx\/difusioncultural\/index.php?rest_route=%2Fwp%2Fv2%2Fcategories&post=3037"},{"taxonomy":"post_tag","embeddable":true,"href":"https:\/\/blogs.uninter.edu.mx\/difusioncultural\/index.php?rest_route=%2Fwp%2Fv2%2Ftags&post=3037"}],"curies":[{"name":"wp","href":"https:\/\/api.w.org\/{rel}","templated":true}]}}