{"id":3044,"date":"2014-07-25T19:27:32","date_gmt":"2014-07-25T19:27:32","guid":{"rendered":"http:\/\/difusionculturaluninter.wordpress.com\/?p=3044"},"modified":"2014-07-25T19:27:32","modified_gmt":"2014-07-25T19:27:32","slug":"musicoterapia","status":"publish","type":"post","link":"https:\/\/blogs.uninter.edu.mx\/difusioncultural\/?p=3044","title":{"rendered":"MUSICOTERAPIA"},"content":{"rendered":"<p>Por definici\u00f3n la musicoterapia es la curaci\u00f3n mediante la m\u00fasica ( terapia= curaci\u00f3n,tratamiento, y m\u00fasica= combinaci\u00f3n de sonidos y ritmo)\u00a0 . Pero, \u00bfas\u00ed de simple?, no, la terapia mediante la m\u00fasica va mucho m\u00e1s all\u00e1, podr\u00edamos decir que este poder de la m\u00fasica se utiliza en la consecuci\u00f3n de objetivos terap\u00e9uticos, manteniendo, mejorando y restaurando el funcionamiento f\u00edsico, cognitivo, emocional y social de las personas. Podr\u00edamos decir que es a la vez un arte, una ciencia y un proceso interpersonal.<\/p>\n<p>Seg\u00fan la American Music Therapy Association (AMTA):<\/p>\n<blockquote><p>\u201cEs la utilizaci\u00f3n de la m\u00fasica y\/o de los elementos musicales (sonido, ritmo, melod\u00eda y armon\u00eda) por un musicoterapeuta cualificado, con un paciente o un grupo de pacientes, en un proceso para facilitar y promover la comunicaci\u00f3n, la relajaci\u00f3n, el aprendizaje, la motricidad, la expresi\u00f3n, la organizaci\u00f3n y otros relevantes objetivos terap\u00e9uticos con el fin de satisfacer las necesidades f\u00edsicas, emocionales, mentales, sociales y cognitivas.\u201d<\/p>\n<p>\u201c\u201dEs el uso de la m\u00fasica en la consecuci\u00f3n de objetivos terap\u00e9uticos: la restauraci\u00f3n, mantenimiento y acrecentamiento de la salud tanto f\u00edsica como mental. Es la aplicaci\u00f3n sistem\u00e1tica de la m\u00fasica, dirigida por el musicoterapeuta en un \u00e1mbito terap\u00e9utico para provocar cambios en el comportamiento.\u201d<\/p><\/blockquote>\n<p>La musicoterapia hace uso de sonidos, trozos musicales y estructuras r\u00edtmicas para conseguir diferentes resultados terap\u00e9uticos directos e indirectos a nivel psicol\u00f3gico, psicomotriz, org\u00e1nico y energ\u00e9tico.<\/p>\n<blockquote><p>\u201cLa musicoterapia tiene su origen en la noche de los tiempos. Los primeros musicoterapeutas son los chamanes, m\u00e9dicos brujos tribales quienes comienzan a utilizar c\u00e1nticos, salmodias, susurros y estructuras r\u00edtmicas repetitivas para inducir estados de conciencia a nivel colectivo con fines cat\u00e1rticos y religiosos. Se tienen evidencias del uso ritual de la m\u00fasica en casi todas las grandes culturas de la antig\u00fcedad. Los griegos (Pit\u00e1goras, Plat\u00f3n, Arist\u00f3teles \u2026) y los egipcios nos cuentan acerca de los efectos psicol\u00f3gicos de diferentes escalas y modos musicales. De la misma manera, hind\u00faes, chinos y japoneses antiguos, reconocen en sus ragas y modos pentat\u00f3nicos, estructuras musicales aplicables a diversas actividades y estados de \u00e1nimo. A partir de tales tradiciones, durante el presente siglo se ha sistematizado el estudio de los efectos psicol\u00f3gicos y org\u00e1nicos de la m\u00fasica y se ha reconocido a la musicoterapia como vertiente terap\u00e9utica de valor concreto.\u201d<\/p>\n<p>Juan Jos\u00e9 Lopera<\/p>\n<p>M\u00e9dico y Terapeuta (Sinterg\u00e9tica, Musicoterapia y Sanaci\u00f3n)<\/p><\/blockquote>\n<p>La m\u00fasica permite que el <strong>hemisferio derecho e izquierdo<\/strong> se activen de forma global en relaci\u00f3n a la m\u00fasica, creando y desarrollando un potencial para la recuperaci\u00f3n neurol\u00f3gica; proviendo un equilibrio emocional y f\u00edsico como complemento.<\/p>\n<p>Los <b>tratamientos con Musicoterapia<\/b> son sustanciales y efectivos para la <b>rehabilitaci\u00f3n integral<\/b> del paciente, actualmente brindando una nueva posibilidad donde se puede encontrar una alternativa diferente que <b>genere un cambio motivado<\/b> en efecto, por cuestiones sonoras que dar\u00e1n a su vida una nueva armon\u00eda.<br \/>\nHay muchas disciplinas relacionadas con este m\u00e9todo, psicolog\u00eda, psiquiatr\u00eda, psicoterapia, educaci\u00f3n especial, etc. y tiene diversas aplicaciones en muy distintos campos.<\/p>\n<p>Uno de los usos cotidianos m\u00e1s simples y difundidos de la musicoterapia es la regulaci\u00f3n del estado de \u00e1nimo. Se utilizan trozos musicales para alegrarnos en la depresi\u00f3n o para calmarnos en medio de estados de excitaci\u00f3n producidos por la rabia, el estr\u00e9s o el temor.<\/p>\n<p>Tambi\u00e9n se pueden utilizar trozos musicales para mejorar el aprendizaje, ejercicios r\u00edtmicos para mejorar la coordinaci\u00f3n y la resistencia f\u00edsica. La m\u00fasica, bien empleada, puede facilitar el contacto con bloqueos emocionales concretos y producir la catarsis necesaria para la resoluci\u00f3n del conflicto.<\/p>\n<p>Se ha comprobado como la m\u00fasica es capaz de afectar notablemente a la actividad cerebral y por tanto afectar a los patrones cognitivos, y a las funciones vegetativas (frecuencia cardiaca, ritmo respiratorio, etc). Tambi\u00e9n parece ejercer una cierta influencia en la capacidad de aprender y en la estimulaci\u00f3n psicomotriz.<\/p>\n<p><strong>PLICACIONES DE LA MUSICOTERAPIA<\/strong><\/p>\n<p>Intervenciones quir\u00fargicas. Durante la misma, la m\u00fasica se reproduce para que el paciente est\u00e9 m\u00e1s relajado, se sienta bien y la operaci\u00f3n tenga mejores resultados-<\/p>\n<p>F\u00e1rmaco-dependencias. Potencia la autovaloraci\u00f3n, la autoconciencia y la autonom\u00eda. Tambi\u00e9n contribuye a aumentar la autoestima-<\/p>\n<p>Embarazo y parto. Se ha observado que con la musicoterapia se consigue cierta precocidad en el desarrollo de la inteligencia y el despertar temprano de la consciencia.<\/p>\n<p><a href=\"https:\/\/blogs.uninter.edu.mx\/difusioncultural\/wp-content\/uploads\/2014\/07\/is754-072.jpg\"><img fetchpriority=\"high\" decoding=\"async\" class=\"alignnone size-medium wp-image-3047\" src=\"https:\/\/blogs.uninter.edu.mx\/difusioncultural\/wp-content\/uploads\/2014\/07\/is754-072.jpg?w=300\" alt=\"is754-072\" width=\"300\" height=\"183\" \/><\/a><\/p>\n<p>Discapacitados mentales. Se utiliza la m\u00fasica para controlar el parloteo incesante, reducir la frecuencia e intensidad de los gritos, as\u00ed como la hiperactividad, estimular y facilitar la expresi\u00f3n de sentimientos y mantener la atenci\u00f3n.<\/p>\n<p><a href=\"https:\/\/blogs.uninter.edu.mx\/difusioncultural\/wp-content\/uploads\/2014\/07\/foto-seminario-discapacidad.jpg\"><img decoding=\"async\" class=\"alignnone size-medium wp-image-3050\" src=\"https:\/\/blogs.uninter.edu.mx\/difusioncultural\/wp-content\/uploads\/2014\/07\/foto-seminario-discapacidad.jpg?w=300\" alt=\"foto-seminario-discapacidad\" width=\"300\" height=\"222\" \/><\/a><\/p>\n<p>Par\u00e1lisis cerebral. Estimulaci\u00f3n al movimientos mediante ritmos binarios que les incita a moverse, como puede ser una marcha militar o con el manejo de instrumentos de vibraci\u00f3n y percusi\u00f3n-<\/p>\n<p>Rehabilitaci\u00f3n. La m\u00fasica estructura el movimiento r\u00edtmico, facilita la movilidad del sistema m\u00fasculo-esquel\u00e9tico, reduce el dolor asociado a los movimientos, disminuye la tensi\u00f3n tanto f\u00edsica como ps\u00edquica y acelera la recuperaci\u00f3n de pacientes politraumatizados.<\/p>\n<p>Ancianos. Se trabaja la asunci\u00f3n y elaboraci\u00f3n de las p\u00e9rdidas. Por ejemplo: para tratar el Alzheimer, la m\u00fasica al tener un poder evocador, les ayuda a recordar el pasado.<\/p>\n<p><a href=\"https:\/\/blogs.uninter.edu.mx\/difusioncultural\/wp-content\/uploads\/2014\/07\/img_20080916_092733-300x295-1.jpg\"><img decoding=\"async\" class=\"alignnone size-full wp-image-3049\" src=\"https:\/\/blogs.uninter.edu.mx\/difusioncultural\/wp-content\/uploads\/2014\/07\/img_20080916_092733-300x295-1.jpg\" alt=\"img_20080916_092733-300x295\" width=\"300\" height=\"295\" \/><\/a><\/p>\n<p>Autismo. El paciente emite sonidos con un instrumento cualquiera y el musicoterapeuta con otro hace lo mismo, de esta forma se entablar\u00e1 una conversaci\u00f3n-<\/p>\n<p>Problemas de aprendizaje. El manejo de los elementos musicales es un buen regulador de la hiperactividad, reclamo de la atenci\u00f3n y un poderoso y divertido auxiliar de la memoria-<\/p>\n<p>Crecimiento personal. Mejora las relaciones interpersonales, armoniza el autoconocimiento y mejora en general la calidad de vida de los sujetos-<\/p>\n<p>Situaciones sociales. La m\u00fasica es uno de los signos m\u00e1s espont\u00e1neos de identidad de un grupo-<\/p>\n<p>Enfermos terminales y cuidados paliativos. La musicoterapia es beneficiosa para aquellas personas que sufren dolor, alteraciones del \u00e1nimo y ansiedad dentro del \u00e1mbito de los cuidados paliativos. Tambi\u00e9n se incrementa el bienestar espiritual de los pacientes con una enfermedad terminal. Las sesiones de musicoterapia en directo, incrementan la calidad de vida percibida en el caso de personas con un c\u00e1ncer terminal. Sin embargo, la m\u00fasica no ayuda a marchar a los moribundos, ni prolonga la vida.<\/p>\n<p><a href=\"https:\/\/blogs.uninter.edu.mx\/difusioncultural\/wp-content\/uploads\/2014\/07\/19-de-enero_-musicoterapia.jpg\"><img loading=\"lazy\" decoding=\"async\" class=\"alignnone size-medium wp-image-3046\" src=\"https:\/\/blogs.uninter.edu.mx\/difusioncultural\/wp-content\/uploads\/2014\/07\/19-de-enero_-musicoterapia.jpg?w=300\" alt=\"19-DE-ENERO_-MUSICOTERAPIA\" width=\"300\" height=\"200\" \/><\/a><\/p>\n<p><strong>EFECTOS DE LA M\u00daSICA SOBRE LA FISIOLOG\u00cdA HUMANA<\/strong><\/p>\n<p>Al final del siglo XIX comenzaron las primeras experiencias verdaderamente cient\u00edficas con un esp\u00edritu objetivo y materialista, midiendo cuantitativamente los efectos fisiol\u00f3gicos de las ondas sonoras. Algunas de las conclusiones de estas investigaciones son:<br \/>\n\u2022 El ritmo musical tiene influencia sobre el funcionamiento card\u00edaco, la frecuencia respiratoria, la tensi\u00f3n arterial y la funci\u00f3n endocrina-<\/p>\n<p>\u2022 El sonido provoca cambios en los trazados el\u00e9ctricos del organismo-<\/p>\n<p>\u2022 Provoca cambios en el metabolismo y en la bios\u00edntesis de variados procesos enzim\u00e1ticos-<\/p>\n<p>\u2022 Estimula el T\u00e1lamo y la corteza, lo que permite el contacto a trav\u00e9s de la m\u00fasica con pacientes que carecen de contacto verbal a causa de un episodio confusional, autista, alucinatorio o depresivo-<\/p>\n<p>\u2022 Determinados sonidos hacen vibrar por resonancia la Hip\u00f3fisis, encargada de controlar la s\u00edntesis de numerosas hormonas y relacionada con la orientaci\u00f3n temporo-espacial-<\/p>\n<p>\u2022 Se le atribuye al sonido un efecto excitante, calmante y armonizante sobre todo el organismo.<\/p>\n<p>Se trabaja en 3 niveles:<\/p>\n<p><strong>&#8211;<\/strong>El sonoro-musical<strong>: <\/strong>a trav\u00e9s de la emisi\u00f3n de sonidos vocales, de improvisaciones instrumentales, y la audici\u00f3n de sonidos o m\u00fasicas envasadas-<\/p>\n<p><strong>&#8211;<\/strong>El corporal: ritmos y movimientos del cuerpo, gestos y posturas-<\/p>\n<p><strong>&#8211;<\/strong>El verbal: palabras y reflexiones que surgen a partir de la experiencia no verbal.<\/p>\n<p><a href=\"https:\/\/blogs.uninter.edu.mx\/difusioncultural\/wp-content\/uploads\/2014\/07\/musicoterapia-definicion.jpg\"><img loading=\"lazy\" decoding=\"async\" class=\"alignnone size-medium wp-image-3045\" src=\"https:\/\/blogs.uninter.edu.mx\/difusioncultural\/wp-content\/uploads\/2014\/07\/musicoterapia-definicion.jpg?w=300\" alt=\"musicoterapia-definicion\" width=\"300\" height=\"157\" \/><\/a><\/p>\n<p>Los M\u00e9todos m\u00e1s reconocidos en Musicoterapia son:<\/p>\n<ul>\n<li>La musicoterapia Creativa, de los norteamericanos Paul Nordoff y Clive Robbins.<\/li>\n<\/ul>\n<ul>\n<li>La musicoterapia de orientaci\u00f3n Psicoanal\u00edtica, de la inglesa Mary Priestley.<\/li>\n<\/ul>\n<ul>\n<li>El \u201cModelo Benenzon \u201d de musicoterapia, del argentino Rolando Benenzon.<\/li>\n<\/ul>\n<ul>\n<li>La musicoterapia GIM ( guided imaginary and music ) , de la Norteamericana Helen Ronny.<\/li>\n<\/ul>\n<p><em>Obras relajantes:<\/em><\/p>\n<p>Beethoven: Minueto, Sinfon\u00eda heroica, <a title=\"Para Elisa\" href=\"http:\/\/sinalefa2.wordpress.com\/musica-y-cuentos\/la-pastora-y-la-musica\/\" target=\"_blank\" rel=\"noopener\">Para Elisa<\/a>, sonata <a title=\"Claro de Luna\" href=\"http:\/\/sinalefa2.wordpress.com\/2009\/11\/09\/el-abuelo-y-el-nieto-hnos-grimm-para-el-respeto\/\" target=\"_blank\" rel=\"noopener\">Claro de Luna<\/a><\/p>\n<p>Brahms: Vals op.39 N15,<a title=\"Canci\u00f3n de cuna - Brahms\" href=\"http:\/\/sinalefa2.wordpress.com\/2011\/03\/27\/cancin-de-cuna-johannes-brahms\/\" target=\"_blank\" rel=\"noopener\">Canci\u00f3n de cuna<\/a><\/p>\n<p>Bach: Largo de concierto en la suite en si bemol, concierto de Brandemburgo.<\/p>\n<p>Pachelbel: <a title=\"Canon en re mayor\" href=\"http:\/\/sinalefa2.wordpress.com\/musica\/canon-en-re-mayor-pachelbel\/\" target=\"_blank\" rel=\"noopener\">Canon<\/a><\/p>\n<p>Schubert: Sinfon\u00eda inacabada, <a title=\"Schubert\" href=\"http:\/\/sinalefa2.wordpress.com\/2009\/03\/22\/el-arpa\/\" target=\"_blank\" rel=\"noopener\">Ave Mar\u00eda<\/a><\/p>\n<p>Vivaldi: Concierto para oboe<\/p>\n<p>Mozart: <a title=\"Adagio del Concierto n\u00ba 3\" href=\"http:\/\/sinalefa2.wordpress.com\/2009\/04\/20\/%C2%BFcomo-contar-un-cuento-ii\/\" target=\"_blank\" rel=\"noopener\">Concierto n\u00ba 3 para viol\u00edn<\/a><\/p>\n<p>Chopin:<a title=\"Treistesse\" href=\"http:\/\/sinalefa2.wordpress.com\/2009\/11\/19\/ser-madre-isabel-allende\/\" target=\"_blank\" rel=\"noopener\"> Tristeza<\/a><\/p>\n<p>Albinoni: <a title=\"Adagio\" href=\"http:\/\/sinalefa2.wordpress.com\/musica\/adagio-en-sol-menor-albinoni\/\" target=\"_blank\" rel=\"noopener\">Adagio<\/a><\/p>\n<p>Saint-Sa\u00ebns: <a title=\"El cisne\" href=\"http:\/\/sinalefa2.wordpress.com\/musica\/el-carnaval-de-los-animales\/el-cisne\/\" target=\"_blank\" rel=\"noopener\">Carnaval de los Animales<\/a><\/p>\n<p>Offenbach: <a title=\"Barcarola\" href=\"http:\/\/sinalefa2.wordpress.com\/la-orquesta\/instrumentos-de-cuerda\/el-violonchelo\/\" target=\"_blank\" rel=\"noopener\">Barcarola<\/a><\/p>\n<p>Tchaikowsky: <a title=\"Pat\u00e9tica\" href=\"http:\/\/sinalefa2.wordpress.com\/2009\/03\/17\/pyotr-ilich-tchaikovsky\/\" target=\"_blank\" rel=\"noopener\">Sexta sinfon\u00eda<\/a><\/p>\n<p>Debussy: El mar, <a title=\"Claude Debussy\" href=\"http:\/\/sinalefa2.wordpress.com\/2012\/09\/12\/claro-de-luna-claude-debussy\/\" target=\"_blank\" rel=\"noopener\">Claro de Luna<\/a><\/p>\n<p>Wagner: <a title=\"Preludio de Parsifal\" href=\"http:\/\/sinalefa2.wordpress.com\/2012\/08\/28\/parsifal-richard-wagner\/\" target=\"_blank\" rel=\"noopener\">Preludio de Parsifal<\/a><\/p>\n<p>Fajerman: Flowers of Love<\/p>\n<p>Stivell: Renacimiento del arpa<\/p>\n<p>Haendel: <a title=\"M\u00fasica acuatica - Haendel\" href=\"http:\/\/sinalefa2.wordpress.com\/2012\/08\/03\/musica-acuatica-g-f-haendel\/\" target=\"_blank\" rel=\"noopener\">M\u00fasica acu\u00e1tica<\/a><\/p>\n<p><em>Obras Estimulantes:<\/em><\/p>\n<p>Wagner: La gran marcha de Tannhauser, el final de los Maestros cantores, la Obertura de Rienzi<\/p>\n<p>Boccherini: <a title=\"Minuetto\" href=\"http:\/\/sinalefa2.wordpress.com\/autores\/luigi-boccherini\/\" target=\"_blank\" rel=\"noopener\">Minuetto<\/a><\/p>\n<p>Mozart: <a title=\"Wolfgang A. Mozart\" href=\"http:\/\/sinalefa2.wordpress.com\/2012\/11\/01\/don-giovanni-w-a-mozart\/\" target=\"_blank\" rel=\"noopener\">Minueto Don Juan<\/a><\/p>\n<p>Borodin: <a title=\"Alexander Borod\u00edn\" href=\"http:\/\/sinalefa2.wordpress.com\/cuentos\/la-bobina-magica\/\" target=\"_blank\" rel=\"noopener\">El Pr\u00edncipe Igor<\/a><\/p>\n<p>Popular escocesa: D\u00edas Lejanos<\/p>\n<p>Popular napolitana: Santa Luc\u00eda<\/p>\n<p><em>Obras energizantes:<\/em><\/p>\n<p>Elgar: <a title=\"Pompa y Circunstancia\" href=\"http:\/\/sinalefa2.wordpress.com\/musica-y-cuentos\/el-castillo-de-iras-y-no-volveras\/\" target=\"_blank\" rel=\"noopener\">Pompa y Circunstancia<\/a><\/p>\n<p>Verdi: Marcha triunfal de Aida<\/p>\n<p>Tchaikowsky: Marcha Eslava<\/p>\n<p>Mozart: <a title=\"Marcha Turca\" href=\"http:\/\/sinalefa2.wordpress.com\/musica-y-cuentos\/los-vestidos-nuevos-del-emperador-andersen\/\" target=\"_blank\" rel=\"noopener\">Marcha Turca<\/a>, Las Bodas de F\u00edgaro, Serenata, Sinfon\u00eda J\u00fapiter<\/p>\n<p>Faure: In Paradisum<\/p>\n<p>Toselli: <a title=\"Serenata . Enrico Toselli\" href=\"http:\/\/www.youtube.com\/watch?v=SDva8lEVDh0\" target=\"_blank\" rel=\"noopener\">Serenata<\/a><\/p>\n<p>Rossini: <a title=\"Guillermo Tell\" href=\"http:\/\/sinalefa2.wordpress.com\/musica\/guillermo-tell-rossini\/\" target=\"_blank\" rel=\"noopener\">Obertura de Guillermo Tell<\/a><\/p>\n<p>Schubert: <a title=\"Momento musical\" href=\"http:\/\/sinalefa2.wordpress.com\/2009\/10\/06\/momento-musical-n-3-en-fa-menor-f-schubert\/\" target=\"_blank\" rel=\"noopener\">Momento musical<\/a><\/p>\n","protected":false},"excerpt":{"rendered":"<p>Por definici\u00f3n la musicoterapia es la curaci\u00f3n mediante la m\u00fasica ( terapia= curaci\u00f3n,tratamiento, y m\u00fasica= combinaci\u00f3n de sonidos y ritmo)\u00a0 . Pero, \u00bfas\u00ed de simple?, no, la terapia mediante la m\u00fasica va mucho m\u00e1s all\u00e1, podr\u00edamos decir que este poder de la m\u00fasica se utiliza en la consecuci\u00f3n de objetivos terap\u00e9uticos, manteniendo, mejorando y restaurando&hellip;<\/p>\n","protected":false},"author":1,"featured_media":3051,"comment_status":"closed","ping_status":"open","sticky":false,"template":"","format":"standard","meta":{"_jetpack_memberships_contains_paid_content":false,"footnotes":"","jetpack_publicize_message":"","jetpack_publicize_feature_enabled":true,"jetpack_social_post_already_shared":false,"jetpack_social_options":{"image_generator_settings":{"template":"highway","default_image_id":0,"font":"","enabled":false},"version":2}},"categories":[1],"tags":[36,41,93,113,163,220,255,277,280,303,305],"class_list":["post-3044","post","type-post","status-publish","format-standard","has-post-thumbnail","hentry","category-sin-categoria","tag-bachillerato","tag-becas-culturales","tag-cultura","tag-difusion-cultural","tag-intercambios","tag-musicoterapia","tag-prepa","tag-secundaria","tag-spanish-school","tag-uninter","tag-universidad-internacional"],"yoast_head":"<!-- This site is optimized with the Yoast SEO plugin v26.3 - https:\/\/yoast.com\/wordpress\/plugins\/seo\/ -->\r\n<title>MUSICOTERAPIA - Difusi\u00f3n Cultural<\/title>\r\n<meta name=\"robots\" content=\"index, follow, max-snippet:-1, max-image-preview:large, max-video-preview:-1\" \/>\r\n<link rel=\"canonical\" href=\"https:\/\/blogs.uninter.edu.mx\/difusioncultural\/?p=3044\" \/>\r\n<meta property=\"og:locale\" content=\"es_MX\" \/>\r\n<meta property=\"og:type\" content=\"article\" \/>\r\n<meta property=\"og:title\" content=\"MUSICOTERAPIA - Difusi\u00f3n Cultural\" \/>\r\n<meta property=\"og:description\" content=\"Por definici\u00f3n la musicoterapia es la curaci\u00f3n mediante la m\u00fasica ( terapia= curaci\u00f3n,tratamiento, y m\u00fasica= combinaci\u00f3n de sonidos y ritmo)\u00a0 . Pero, \u00bfas\u00ed de simple?, no, la terapia mediante la m\u00fasica va mucho m\u00e1s all\u00e1, podr\u00edamos decir que este poder de la m\u00fasica se utiliza en la consecuci\u00f3n de objetivos terap\u00e9uticos, manteniendo, mejorando y restaurando&hellip;\" \/>\r\n<meta property=\"og:url\" content=\"https:\/\/blogs.uninter.edu.mx\/difusioncultural\/?p=3044\" \/>\r\n<meta property=\"og:site_name\" content=\"Difusi\u00f3n Cultural\" \/>\r\n<meta property=\"article:published_time\" content=\"2014-07-25T19:27:32+00:00\" \/>\r\n<meta property=\"og:image\" content=\"https:\/\/blogs.uninter.edu.mx\/difusioncultural\/wp-content\/uploads\/2014\/07\/musicoterapia-1.jpg\" \/>\r\n\t<meta property=\"og:image:width\" content=\"886\" \/>\r\n\t<meta property=\"og:image:height\" content=\"625\" \/>\r\n\t<meta property=\"og:image:type\" content=\"image\/jpeg\" \/>\r\n<meta name=\"author\" content=\"webmaster\" \/>\r\n<meta name=\"twitter:card\" content=\"summary_large_image\" \/>\r\n<meta name=\"twitter:label1\" content=\"Escrito por\" \/>\n\t<meta name=\"twitter:data1\" content=\"webmaster\" \/>\n\t<meta name=\"twitter:label2\" content=\"Tiempo de lectura\" \/>\n\t<meta name=\"twitter:data2\" content=\"8 minutos\" \/>\r\n<script type=\"application\/ld+json\" class=\"yoast-schema-graph\">{\"@context\":\"https:\/\/schema.org\",\"@graph\":[{\"@type\":\"Article\",\"@id\":\"https:\/\/blogs.uninter.edu.mx\/difusioncultural\/?p=3044#article\",\"isPartOf\":{\"@id\":\"https:\/\/blogs.uninter.edu.mx\/difusioncultural\/?p=3044\"},\"author\":{\"name\":\"webmaster\",\"@id\":\"https:\/\/blogs.uninter.edu.mx\/difusioncultural\/#\/schema\/person\/37a0926f4dd300a814993fd595abdc4a\"},\"headline\":\"MUSICOTERAPIA\",\"datePublished\":\"2014-07-25T19:27:32+00:00\",\"mainEntityOfPage\":{\"@id\":\"https:\/\/blogs.uninter.edu.mx\/difusioncultural\/?p=3044\"},\"wordCount\":1548,\"publisher\":{\"@id\":\"https:\/\/blogs.uninter.edu.mx\/difusioncultural\/#organization\"},\"image\":{\"@id\":\"https:\/\/blogs.uninter.edu.mx\/difusioncultural\/?p=3044#primaryimage\"},\"thumbnailUrl\":\"https:\/\/blogs.uninter.edu.mx\/difusioncultural\/wp-content\/uploads\/2014\/07\/musicoterapia-1.jpg\",\"keywords\":[\"bachillerato\",\"becas culturales\",\"cultura\",\"difusi\u00f3n cultural\",\"intercambios\",\"musicoterapia\",\"prepa\",\"secundaria\",\"spanish school\",\"uninter\",\"universidad internacional\"],\"inLanguage\":\"es\"},{\"@type\":\"WebPage\",\"@id\":\"https:\/\/blogs.uninter.edu.mx\/difusioncultural\/?p=3044\",\"url\":\"https:\/\/blogs.uninter.edu.mx\/difusioncultural\/?p=3044\",\"name\":\"MUSICOTERAPIA - Difusi\u00f3n Cultural\",\"isPartOf\":{\"@id\":\"https:\/\/blogs.uninter.edu.mx\/difusioncultural\/#website\"},\"primaryImageOfPage\":{\"@id\":\"https:\/\/blogs.uninter.edu.mx\/difusioncultural\/?p=3044#primaryimage\"},\"image\":{\"@id\":\"https:\/\/blogs.uninter.edu.mx\/difusioncultural\/?p=3044#primaryimage\"},\"thumbnailUrl\":\"https:\/\/blogs.uninter.edu.mx\/difusioncultural\/wp-content\/uploads\/2014\/07\/musicoterapia-1.jpg\",\"datePublished\":\"2014-07-25T19:27:32+00:00\",\"breadcrumb\":{\"@id\":\"https:\/\/blogs.uninter.edu.mx\/difusioncultural\/?p=3044#breadcrumb\"},\"inLanguage\":\"es\",\"potentialAction\":[{\"@type\":\"ReadAction\",\"target\":[\"https:\/\/blogs.uninter.edu.mx\/difusioncultural\/?p=3044\"]}]},{\"@type\":\"ImageObject\",\"inLanguage\":\"es\",\"@id\":\"https:\/\/blogs.uninter.edu.mx\/difusioncultural\/?p=3044#primaryimage\",\"url\":\"https:\/\/blogs.uninter.edu.mx\/difusioncultural\/wp-content\/uploads\/2014\/07\/musicoterapia-1.jpg\",\"contentUrl\":\"https:\/\/blogs.uninter.edu.mx\/difusioncultural\/wp-content\/uploads\/2014\/07\/musicoterapia-1.jpg\",\"width\":886,\"height\":625},{\"@type\":\"BreadcrumbList\",\"@id\":\"https:\/\/blogs.uninter.edu.mx\/difusioncultural\/?p=3044#breadcrumb\",\"itemListElement\":[{\"@type\":\"ListItem\",\"position\":1,\"name\":\"Inicio\",\"item\":\"https:\/\/blogs.uninter.edu.mx\/difusioncultural\/\"},{\"@type\":\"ListItem\",\"position\":2,\"name\":\"MUSICOTERAPIA\"}]},{\"@type\":\"WebSite\",\"@id\":\"https:\/\/blogs.uninter.edu.mx\/difusioncultural\/#website\",\"url\":\"https:\/\/blogs.uninter.edu.mx\/difusioncultural\/\",\"name\":\"Difusi\u00f3n Cultural\",\"description\":\"UNINTER\",\"publisher\":{\"@id\":\"https:\/\/blogs.uninter.edu.mx\/difusioncultural\/#organization\"},\"potentialAction\":[{\"@type\":\"SearchAction\",\"target\":{\"@type\":\"EntryPoint\",\"urlTemplate\":\"https:\/\/blogs.uninter.edu.mx\/difusioncultural\/?s={search_term_string}\"},\"query-input\":{\"@type\":\"PropertyValueSpecification\",\"valueRequired\":true,\"valueName\":\"search_term_string\"}}],\"inLanguage\":\"es\"},{\"@type\":\"Organization\",\"@id\":\"https:\/\/blogs.uninter.edu.mx\/difusioncultural\/#organization\",\"name\":\"Difusi\u00f3n Cultural\",\"url\":\"https:\/\/blogs.uninter.edu.mx\/difusioncultural\/\",\"logo\":{\"@type\":\"ImageObject\",\"inLanguage\":\"es\",\"@id\":\"https:\/\/blogs.uninter.edu.mx\/difusioncultural\/#\/schema\/logo\/image\/\",\"url\":\"https:\/\/blogs.uninter.edu.mx\/difusioncultural\/wp-content\/uploads\/2022\/09\/uninter.jpg\",\"contentUrl\":\"https:\/\/blogs.uninter.edu.mx\/difusioncultural\/wp-content\/uploads\/2022\/09\/uninter.jpg\",\"width\":2048,\"height\":2048,\"caption\":\"Difusi\u00f3n Cultural\"},\"image\":{\"@id\":\"https:\/\/blogs.uninter.edu.mx\/difusioncultural\/#\/schema\/logo\/image\/\"}},{\"@type\":\"Person\",\"@id\":\"https:\/\/blogs.uninter.edu.mx\/difusioncultural\/#\/schema\/person\/37a0926f4dd300a814993fd595abdc4a\",\"name\":\"webmaster\",\"image\":{\"@type\":\"ImageObject\",\"inLanguage\":\"es\",\"@id\":\"https:\/\/blogs.uninter.edu.mx\/difusioncultural\/#\/schema\/person\/image\/\",\"url\":\"https:\/\/secure.gravatar.com\/avatar\/a59c276b01147463ef3aab4118e3137ebc5e1ad6700deb39ccdf8b89e517f7dc?s=96&d=mm&r=g\",\"contentUrl\":\"https:\/\/secure.gravatar.com\/avatar\/a59c276b01147463ef3aab4118e3137ebc5e1ad6700deb39ccdf8b89e517f7dc?s=96&d=mm&r=g\",\"caption\":\"webmaster\"},\"sameAs\":[\"https:\/\/blogs.uninter.edu.mx\/difusioncultural\"],\"url\":\"https:\/\/blogs.uninter.edu.mx\/difusioncultural\/?author=1\"}]}<\/script>\r\n<!-- \/ Yoast SEO plugin. -->","yoast_head_json":{"title":"MUSICOTERAPIA - Difusi\u00f3n Cultural","robots":{"index":"index","follow":"follow","max-snippet":"max-snippet:-1","max-image-preview":"max-image-preview:large","max-video-preview":"max-video-preview:-1"},"canonical":"https:\/\/blogs.uninter.edu.mx\/difusioncultural\/?p=3044","og_locale":"es_MX","og_type":"article","og_title":"MUSICOTERAPIA - Difusi\u00f3n Cultural","og_description":"Por definici\u00f3n la musicoterapia es la curaci\u00f3n mediante la m\u00fasica ( terapia= curaci\u00f3n,tratamiento, y m\u00fasica= combinaci\u00f3n de sonidos y ritmo)\u00a0 . Pero, \u00bfas\u00ed de simple?, no, la terapia mediante la m\u00fasica va mucho m\u00e1s all\u00e1, podr\u00edamos decir que este poder de la m\u00fasica se utiliza en la consecuci\u00f3n de objetivos terap\u00e9uticos, manteniendo, mejorando y restaurando&hellip;","og_url":"https:\/\/blogs.uninter.edu.mx\/difusioncultural\/?p=3044","og_site_name":"Difusi\u00f3n Cultural","article_published_time":"2014-07-25T19:27:32+00:00","og_image":[{"width":886,"height":625,"url":"https:\/\/blogs.uninter.edu.mx\/difusioncultural\/wp-content\/uploads\/2014\/07\/musicoterapia-1.jpg","type":"image\/jpeg"}],"author":"webmaster","twitter_card":"summary_large_image","twitter_misc":{"Escrito por":"webmaster","Tiempo de lectura":"8 minutos"},"schema":{"@context":"https:\/\/schema.org","@graph":[{"@type":"Article","@id":"https:\/\/blogs.uninter.edu.mx\/difusioncultural\/?p=3044#article","isPartOf":{"@id":"https:\/\/blogs.uninter.edu.mx\/difusioncultural\/?p=3044"},"author":{"name":"webmaster","@id":"https:\/\/blogs.uninter.edu.mx\/difusioncultural\/#\/schema\/person\/37a0926f4dd300a814993fd595abdc4a"},"headline":"MUSICOTERAPIA","datePublished":"2014-07-25T19:27:32+00:00","mainEntityOfPage":{"@id":"https:\/\/blogs.uninter.edu.mx\/difusioncultural\/?p=3044"},"wordCount":1548,"publisher":{"@id":"https:\/\/blogs.uninter.edu.mx\/difusioncultural\/#organization"},"image":{"@id":"https:\/\/blogs.uninter.edu.mx\/difusioncultural\/?p=3044#primaryimage"},"thumbnailUrl":"https:\/\/blogs.uninter.edu.mx\/difusioncultural\/wp-content\/uploads\/2014\/07\/musicoterapia-1.jpg","keywords":["bachillerato","becas culturales","cultura","difusi\u00f3n cultural","intercambios","musicoterapia","prepa","secundaria","spanish school","uninter","universidad internacional"],"inLanguage":"es"},{"@type":"WebPage","@id":"https:\/\/blogs.uninter.edu.mx\/difusioncultural\/?p=3044","url":"https:\/\/blogs.uninter.edu.mx\/difusioncultural\/?p=3044","name":"MUSICOTERAPIA - Difusi\u00f3n Cultural","isPartOf":{"@id":"https:\/\/blogs.uninter.edu.mx\/difusioncultural\/#website"},"primaryImageOfPage":{"@id":"https:\/\/blogs.uninter.edu.mx\/difusioncultural\/?p=3044#primaryimage"},"image":{"@id":"https:\/\/blogs.uninter.edu.mx\/difusioncultural\/?p=3044#primaryimage"},"thumbnailUrl":"https:\/\/blogs.uninter.edu.mx\/difusioncultural\/wp-content\/uploads\/2014\/07\/musicoterapia-1.jpg","datePublished":"2014-07-25T19:27:32+00:00","breadcrumb":{"@id":"https:\/\/blogs.uninter.edu.mx\/difusioncultural\/?p=3044#breadcrumb"},"inLanguage":"es","potentialAction":[{"@type":"ReadAction","target":["https:\/\/blogs.uninter.edu.mx\/difusioncultural\/?p=3044"]}]},{"@type":"ImageObject","inLanguage":"es","@id":"https:\/\/blogs.uninter.edu.mx\/difusioncultural\/?p=3044#primaryimage","url":"https:\/\/blogs.uninter.edu.mx\/difusioncultural\/wp-content\/uploads\/2014\/07\/musicoterapia-1.jpg","contentUrl":"https:\/\/blogs.uninter.edu.mx\/difusioncultural\/wp-content\/uploads\/2014\/07\/musicoterapia-1.jpg","width":886,"height":625},{"@type":"BreadcrumbList","@id":"https:\/\/blogs.uninter.edu.mx\/difusioncultural\/?p=3044#breadcrumb","itemListElement":[{"@type":"ListItem","position":1,"name":"Inicio","item":"https:\/\/blogs.uninter.edu.mx\/difusioncultural\/"},{"@type":"ListItem","position":2,"name":"MUSICOTERAPIA"}]},{"@type":"WebSite","@id":"https:\/\/blogs.uninter.edu.mx\/difusioncultural\/#website","url":"https:\/\/blogs.uninter.edu.mx\/difusioncultural\/","name":"Difusi\u00f3n Cultural","description":"UNINTER","publisher":{"@id":"https:\/\/blogs.uninter.edu.mx\/difusioncultural\/#organization"},"potentialAction":[{"@type":"SearchAction","target":{"@type":"EntryPoint","urlTemplate":"https:\/\/blogs.uninter.edu.mx\/difusioncultural\/?s={search_term_string}"},"query-input":{"@type":"PropertyValueSpecification","valueRequired":true,"valueName":"search_term_string"}}],"inLanguage":"es"},{"@type":"Organization","@id":"https:\/\/blogs.uninter.edu.mx\/difusioncultural\/#organization","name":"Difusi\u00f3n Cultural","url":"https:\/\/blogs.uninter.edu.mx\/difusioncultural\/","logo":{"@type":"ImageObject","inLanguage":"es","@id":"https:\/\/blogs.uninter.edu.mx\/difusioncultural\/#\/schema\/logo\/image\/","url":"https:\/\/blogs.uninter.edu.mx\/difusioncultural\/wp-content\/uploads\/2022\/09\/uninter.jpg","contentUrl":"https:\/\/blogs.uninter.edu.mx\/difusioncultural\/wp-content\/uploads\/2022\/09\/uninter.jpg","width":2048,"height":2048,"caption":"Difusi\u00f3n Cultural"},"image":{"@id":"https:\/\/blogs.uninter.edu.mx\/difusioncultural\/#\/schema\/logo\/image\/"}},{"@type":"Person","@id":"https:\/\/blogs.uninter.edu.mx\/difusioncultural\/#\/schema\/person\/37a0926f4dd300a814993fd595abdc4a","name":"webmaster","image":{"@type":"ImageObject","inLanguage":"es","@id":"https:\/\/blogs.uninter.edu.mx\/difusioncultural\/#\/schema\/person\/image\/","url":"https:\/\/secure.gravatar.com\/avatar\/a59c276b01147463ef3aab4118e3137ebc5e1ad6700deb39ccdf8b89e517f7dc?s=96&d=mm&r=g","contentUrl":"https:\/\/secure.gravatar.com\/avatar\/a59c276b01147463ef3aab4118e3137ebc5e1ad6700deb39ccdf8b89e517f7dc?s=96&d=mm&r=g","caption":"webmaster"},"sameAs":["https:\/\/blogs.uninter.edu.mx\/difusioncultural"],"url":"https:\/\/blogs.uninter.edu.mx\/difusioncultural\/?author=1"}]}},"jetpack_publicize_connections":[],"jetpack_featured_media_url":"https:\/\/blogs.uninter.edu.mx\/difusioncultural\/wp-content\/uploads\/2014\/07\/musicoterapia-1.jpg","jetpack_sharing_enabled":true,"_links":{"self":[{"href":"https:\/\/blogs.uninter.edu.mx\/difusioncultural\/index.php?rest_route=\/wp\/v2\/posts\/3044","targetHints":{"allow":["GET"]}}],"collection":[{"href":"https:\/\/blogs.uninter.edu.mx\/difusioncultural\/index.php?rest_route=\/wp\/v2\/posts"}],"about":[{"href":"https:\/\/blogs.uninter.edu.mx\/difusioncultural\/index.php?rest_route=\/wp\/v2\/types\/post"}],"author":[{"embeddable":true,"href":"https:\/\/blogs.uninter.edu.mx\/difusioncultural\/index.php?rest_route=\/wp\/v2\/users\/1"}],"replies":[{"embeddable":true,"href":"https:\/\/blogs.uninter.edu.mx\/difusioncultural\/index.php?rest_route=%2Fwp%2Fv2%2Fcomments&post=3044"}],"version-history":[{"count":0,"href":"https:\/\/blogs.uninter.edu.mx\/difusioncultural\/index.php?rest_route=\/wp\/v2\/posts\/3044\/revisions"}],"wp:featuredmedia":[{"embeddable":true,"href":"https:\/\/blogs.uninter.edu.mx\/difusioncultural\/index.php?rest_route=\/wp\/v2\/media\/3051"}],"wp:attachment":[{"href":"https:\/\/blogs.uninter.edu.mx\/difusioncultural\/index.php?rest_route=%2Fwp%2Fv2%2Fmedia&parent=3044"}],"wp:term":[{"taxonomy":"category","embeddable":true,"href":"https:\/\/blogs.uninter.edu.mx\/difusioncultural\/index.php?rest_route=%2Fwp%2Fv2%2Fcategories&post=3044"},{"taxonomy":"post_tag","embeddable":true,"href":"https:\/\/blogs.uninter.edu.mx\/difusioncultural\/index.php?rest_route=%2Fwp%2Fv2%2Ftags&post=3044"}],"curies":[{"name":"wp","href":"https:\/\/api.w.org\/{rel}","templated":true}]}}