{"id":3058,"date":"2014-07-29T10:00:33","date_gmt":"2014-07-29T10:00:33","guid":{"rendered":"http:\/\/difusionculturaluninter.wordpress.com\/?p=3058"},"modified":"2014-07-29T10:00:33","modified_gmt":"2014-07-29T10:00:33","slug":"9-extraordinarios-habitantes-del-df","status":"publish","type":"post","link":"https:\/\/blogs.uninter.edu.mx\/difusioncultural\/?p=3058","title":{"rendered":"9 EXTRAORDINARIOS HABITANTES DEL DF"},"content":{"rendered":"<p>Cada urbe es \u00fanica por un c\u00famulo de factores. La Ciudad de M\u00e9xico es singular, porque en algunos de sus rincones, a\u00fan se respira el imperio prehisp\u00e1nico que fue. Su ubicaci\u00f3n geol\u00f3gica es particular (rodeada por volcanes y asentada sobre un lago extinto), y la mezcla cultural es inaudita, quiz\u00e1, entre otras cosas, como hechura de la gran desigualdad que aflora en la ciudad.<\/p>\n<p>Entre las bondades y perjuicios del D.F, hay detonantes de inspiraci\u00f3n, entre ellos su intensidad, que seguro son canalizados por las mentes creativas. Recordemos que en esta ciudad vivieron grandes personajes como William Burroughs, Jack Kerouac, el Che Guevara o Trotski. Hoy, tambi\u00e9n la habitan personas que han consumado creaciones de gran envergadura, y hacen de la Ciudad de M\u00e9xico su casa permanente.<\/p>\n<p>Algunos sugerentes ejemplos:<\/p>\n<p><a href=\"https:\/\/blogs.uninter.edu.mx\/difusioncultural\/wp-content\/uploads\/2014\/07\/15_1.jpg\"><img fetchpriority=\"high\" decoding=\"async\" class=\"alignnone size-medium wp-image-3059\" src=\"https:\/\/blogs.uninter.edu.mx\/difusioncultural\/wp-content\/uploads\/2014\/07\/15_1.jpg?w=205\" alt=\"15_1\" width=\"205\" height=\"300\" \/><\/a><\/p>\n<p><strong>Francis Al\u00ffs:<\/strong> este artista belga arrib\u00f3 tras el temblor de 1985 para ayudar en algunos proyectos de construcci\u00f3n. Ese momento se prolong\u00f3 porque eligi\u00f3 quedarse en la Ciudad de M\u00e9xico hasta hoy. Mut\u00f3 su profesi\u00f3n de arquitecto por la de artista, y en sus paseos por la ciudad, consuma experimentos sobre la influencia del arte en las urbes. Hace pintura, escultura, performance, video, etc. Ha sido catalogado como uno de los artistas m\u00e1s importantes en el mundo.<\/p>\n<p><a href=\"https:\/\/blogs.uninter.edu.mx\/difusioncultural\/wp-content\/uploads\/2014\/07\/12024-2.jpg\"><img decoding=\"async\" class=\"alignnone size-medium wp-image-3060\" src=\"https:\/\/blogs.uninter.edu.mx\/difusioncultural\/wp-content\/uploads\/2014\/07\/12024-2.jpg?w=300\" alt=\"12024-2\" width=\"300\" height=\"270\" \/><\/a><\/p>\n<p><strong>Ariel Guzik:<\/strong> este multifac\u00e9tico personaje estudia la naturaleza, y le da vida con su propia m\u00fasica. Guzik es\u00a0 m\u00fasico, investigador, artista, irid\u00f3logo, herbolario e inventor. Estudia fen\u00f3menos de resonancia, mec\u00e1nica, electricidad y magnetismo, como fundamento para la invenci\u00f3n de mecanismos de sonirificai\u00f3n de la natura. Es el director del Laboratorio de Investigaci\u00f3n en Resonancia y Expresi\u00f3n de la Naturaleza en M\u00e9xico. Un ingenioso creativo, h\u00edbrido entre cient\u00edfico y artista.<\/p>\n<p><strong><a href=\"https:\/\/blogs.uninter.edu.mx\/difusioncultural\/wp-content\/uploads\/2014\/07\/teodoroglez.jpg\"><img decoding=\"async\" class=\"alignnone size-medium wp-image-3067\" src=\"https:\/\/blogs.uninter.edu.mx\/difusioncultural\/wp-content\/uploads\/2014\/07\/tino-happy.jpg?w=300\" alt=\"tino happy\" width=\"300\" height=\"225\" \/><\/a>Tino Contreras:<\/strong> Es uno de los m\u00fasicos mexicanos contempor\u00e1neos m\u00e1s admirados en el mundo. Es\u00a0 creador de fusiones de jazz con estilos populares tan arraigados como la m\u00fasica religiosa. Sus creaciones son tan euf\u00f3ricas en ocasiones, que se confunden entre la genialidad\u00a0 y la locura. Para que te des una idea de su amalgama, ha hecho trabajos que ha llamado: jazz Tropical, Jazz Flamenco, Jazz Mariachi, mezclado instrumentos prehisp\u00e1nicos con Arpas Arm\u00f3nicas, Multifon\u00eda Tarahumara, obra percusiva con ritmos de Medio Oriente. Es una genialidad, y un tesoro nacional viviente.<\/p>\n<p><a href=\"https:\/\/blogs.uninter.edu.mx\/difusioncultural\/wp-content\/uploads\/2014\/07\/news_thumb_41810_630.jpg\"><img loading=\"lazy\" decoding=\"async\" class=\"alignnone size-medium wp-image-3064\" src=\"https:\/\/blogs.uninter.edu.mx\/difusioncultural\/wp-content\/uploads\/2014\/07\/news_thumb_41810_630.jpg?w=300\" alt=\"news_thumb_41810_630\" width=\"300\" height=\"143\" \/><\/a><\/p>\n<p><strong>Mario Molina:<\/strong> fue el primer mexicano en recibir un premio nobel de Qu\u00edmica. Este cient\u00edfico descubri\u00f3 el agujero de la capa de ozono, que entre otras cosas, acelera el cambio clim\u00e1tico.<\/p>\n<p><img loading=\"lazy\" decoding=\"async\" class=\"alignnone size-medium wp-image-3062\" src=\"https:\/\/blogs.uninter.edu.mx\/difusioncultural\/wp-content\/uploads\/2014\/07\/juan-villoro-p3.jpg?w=300\" alt=\"Juan-Villoro-P3\" width=\"300\" height=\"200\" \/><\/p>\n<p>&nbsp;<\/p>\n<p>&nbsp;<\/p>\n<p>&nbsp;<\/p>\n<p>&nbsp;<\/p>\n<p><strong>Juan Villoro:<\/strong> es escritor, fil\u00f3sofo y periodista, tiene muy buena reputaci\u00f3n en M\u00e9xico como intelectual.\u00a0 Es un gran cr\u00edtico de la \u00e9poca digital, que dice, ha llevado a nuestra mente a niveles tan c\u00f3modos, que indagamos informaci\u00f3n necesaria al momento, y\u00a0 hemos ido perdiendo la pr\u00e1ctica de la memoria.<strong>Mario Molina:<\/strong> fue el primer mexicano en recibir un premio nobel de Qu\u00edmica. Este cient\u00edfico descubri\u00f3 el agujero de la capa de ozono, que entre otras cosas, acelera el cambio clim\u00e1tico.<\/p>\n<p><strong><img loading=\"lazy\" decoding=\"async\" class=\"alignnone size-medium wp-image-3063\" src=\"https:\/\/blogs.uninter.edu.mx\/difusioncultural\/wp-content\/uploads\/2014\/07\/kurimanzutto001.jpg?w=300\" alt=\"kurimanzutto001\" width=\"300\" height=\"205\" \/>Abraham Cruz\u00a0 Villegas:<\/strong> form\u00f3 parte de una primera generaci\u00f3n de artistas que retaron lo que se hac\u00eda de arte en M\u00e9xico. Cruz Villegas persigue la reinterpretaci\u00f3n de los objetos cotidianos. Sobre todo, del legado artesanal de su padre, quien hab\u00eda trabajado esos objetos por necesidad econ\u00f3mica.<\/p>\n<p><img loading=\"lazy\" decoding=\"async\" class=\"alignnone size-medium wp-image-3061\" src=\"https:\/\/blogs.uninter.edu.mx\/difusioncultural\/wp-content\/uploads\/2014\/07\/gabriel-orozco.jpg?w=300\" alt=\"Gabriel-Orozco\" width=\"300\" height=\"199\" \/><\/p>\n<p><strong>Gabriel Orozco:<\/strong> se considera parte de la nueva generaci\u00f3n de artistas conceptuales en M\u00e9xico. Este creativo hace reflexiones en torno a sus obras con \u201chilos\u201d de repetici\u00f3n. El artista detona reflexiones en el espectador, no durante, sino despu\u00e9s de haber visto la pieza.<\/p>\n<p><strong><img loading=\"lazy\" decoding=\"async\" class=\"alignnone size-medium wp-image-3065\" src=\"https:\/\/blogs.uninter.edu.mx\/difusioncultural\/wp-content\/uploads\/2014\/07\/sem-ponia1.jpg?w=196\" alt=\"sem-ponia1\" width=\"196\" height=\"300\" \/>Elena Poniatowska:<\/strong> activista, periodista y escritora, muy querida por la poblaci\u00f3n. Fue de las primeras en exigir al sistema informaci\u00f3n ver\u00eddica sobre la opresi\u00f3n de estudiantes, en\u00a0un r\u00e9gimen pol\u00edtico muy herm\u00e9tico y peligroso.<\/p>\n<p><strong><a href=\"https:\/\/blogs.uninter.edu.mx\/difusioncultural\/wp-content\/uploads\/2014\/07\/teodoroglez.jpg\"><img loading=\"lazy\" decoding=\"async\" class=\"alignnone size-medium wp-image-3066\" src=\"https:\/\/blogs.uninter.edu.mx\/difusioncultural\/wp-content\/uploads\/2014\/07\/teodoroglez.jpg?w=260\" alt=\"teodoroglez\" width=\"260\" height=\"300\" \/><\/a><\/strong><\/p>\n<p><strong>Teodoro Gonz\u00e1lez de Le\u00f3n:<\/strong> uno de los arquitectos m\u00e1s prol\u00edficos, e\u00a0 importantes de la historia del pa\u00eds. Hizo grandes edificios, que conjugan la sobriedad de enormes bloques de concreto, con un formato abstracto, modernista y minimalista. Sus m\u00e1s emblem\u00e1ticos recintos son el Museo Tamayo, el Auditorio Nacional, el Colegio de M\u00e9xico y la casa matriz del Fondo de Cultura Econ\u00f3mica. Muchas de sus obras las cre\u00f3, en conjunci\u00f3n, con el ic\u00f3nico arquitecto Abraham Zabludovsky.<\/p>\n","protected":false},"excerpt":{"rendered":"<p>Cada urbe es \u00fanica por un c\u00famulo de factores. La Ciudad de M\u00e9xico es singular, porque en algunos de sus rincones, a\u00fan se respira el imperio prehisp\u00e1nico que fue. Su ubicaci\u00f3n geol\u00f3gica es particular (rodeada por volcanes y asentada sobre un lago extinto), y la mezcla cultural es inaudita, quiz\u00e1, entre otras cosas, como hechura&hellip;<\/p>\n","protected":false},"author":1,"featured_media":3068,"comment_status":"closed","ping_status":"open","sticky":false,"template":"","format":"standard","meta":{"_jetpack_memberships_contains_paid_content":false,"footnotes":"","jetpack_publicize_message":"","jetpack_publicize_feature_enabled":true,"jetpack_social_post_already_shared":false,"jetpack_social_options":{"image_generator_settings":{"template":"highway","default_image_id":0,"font":"","enabled":false},"version":2}},"categories":[1],"tags":[36,41,93,113,163,204,255,277,280,303,305],"class_list":["post-3058","post","type-post","status-publish","format-standard","has-post-thumbnail","hentry","category-sin-categoria","tag-bachillerato","tag-becas-culturales","tag-cultura","tag-difusion-cultural","tag-intercambios","tag-mexico","tag-prepa","tag-secundaria","tag-spanish-school","tag-uninter","tag-universidad-internacional"],"yoast_head":"<!-- This site is optimized with the Yoast SEO plugin v26.3 - https:\/\/yoast.com\/wordpress\/plugins\/seo\/ -->\r\n<title>9 EXTRAORDINARIOS HABITANTES DEL DF - Difusi\u00f3n Cultural<\/title>\r\n<meta name=\"robots\" content=\"index, follow, max-snippet:-1, max-image-preview:large, max-video-preview:-1\" \/>\r\n<link rel=\"canonical\" href=\"https:\/\/blogs.uninter.edu.mx\/difusioncultural\/?p=3058\" \/>\r\n<meta property=\"og:locale\" content=\"es_MX\" \/>\r\n<meta property=\"og:type\" content=\"article\" \/>\r\n<meta property=\"og:title\" content=\"9 EXTRAORDINARIOS HABITANTES DEL DF - Difusi\u00f3n Cultural\" \/>\r\n<meta property=\"og:description\" content=\"Cada urbe es \u00fanica por un c\u00famulo de factores. La Ciudad de M\u00e9xico es singular, porque en algunos de sus rincones, a\u00fan se respira el imperio prehisp\u00e1nico que fue. Su ubicaci\u00f3n geol\u00f3gica es particular (rodeada por volcanes y asentada sobre un lago extinto), y la mezcla cultural es inaudita, quiz\u00e1, entre otras cosas, como hechura&hellip;\" \/>\r\n<meta property=\"og:url\" content=\"https:\/\/blogs.uninter.edu.mx\/difusioncultural\/?p=3058\" \/>\r\n<meta property=\"og:site_name\" content=\"Difusi\u00f3n Cultural\" \/>\r\n<meta property=\"article:published_time\" content=\"2014-07-29T10:00:33+00:00\" \/>\r\n<meta property=\"og:image\" content=\"https:\/\/blogs.uninter.edu.mx\/difusioncultural\/wp-content\/uploads\/2014\/07\/tino-happy1.jpg\" \/>\r\n\t<meta property=\"og:image:width\" content=\"960\" \/>\r\n\t<meta property=\"og:image:height\" content=\"720\" \/>\r\n\t<meta property=\"og:image:type\" content=\"image\/jpeg\" \/>\r\n<meta name=\"author\" content=\"webmaster\" \/>\r\n<meta name=\"twitter:card\" content=\"summary_large_image\" \/>\r\n<meta name=\"twitter:label1\" content=\"Escrito por\" \/>\n\t<meta name=\"twitter:data1\" content=\"webmaster\" \/>\n\t<meta name=\"twitter:label2\" content=\"Tiempo de lectura\" \/>\n\t<meta name=\"twitter:data2\" content=\"4 minutos\" \/>\r\n<script type=\"application\/ld+json\" class=\"yoast-schema-graph\">{\"@context\":\"https:\/\/schema.org\",\"@graph\":[{\"@type\":\"Article\",\"@id\":\"https:\/\/blogs.uninter.edu.mx\/difusioncultural\/?p=3058#article\",\"isPartOf\":{\"@id\":\"https:\/\/blogs.uninter.edu.mx\/difusioncultural\/?p=3058\"},\"author\":{\"name\":\"webmaster\",\"@id\":\"https:\/\/blogs.uninter.edu.mx\/difusioncultural\/#\/schema\/person\/37a0926f4dd300a814993fd595abdc4a\"},\"headline\":\"9 EXTRAORDINARIOS HABITANTES DEL DF\",\"datePublished\":\"2014-07-29T10:00:33+00:00\",\"mainEntityOfPage\":{\"@id\":\"https:\/\/blogs.uninter.edu.mx\/difusioncultural\/?p=3058\"},\"wordCount\":757,\"publisher\":{\"@id\":\"https:\/\/blogs.uninter.edu.mx\/difusioncultural\/#organization\"},\"image\":{\"@id\":\"https:\/\/blogs.uninter.edu.mx\/difusioncultural\/?p=3058#primaryimage\"},\"thumbnailUrl\":\"https:\/\/blogs.uninter.edu.mx\/difusioncultural\/wp-content\/uploads\/2014\/07\/tino-happy1.jpg\",\"keywords\":[\"bachillerato\",\"becas culturales\",\"cultura\",\"difusi\u00f3n cultural\",\"intercambios\",\"Mexico\",\"prepa\",\"secundaria\",\"spanish school\",\"uninter\",\"universidad internacional\"],\"inLanguage\":\"es\"},{\"@type\":\"WebPage\",\"@id\":\"https:\/\/blogs.uninter.edu.mx\/difusioncultural\/?p=3058\",\"url\":\"https:\/\/blogs.uninter.edu.mx\/difusioncultural\/?p=3058\",\"name\":\"9 EXTRAORDINARIOS HABITANTES DEL DF - Difusi\u00f3n Cultural\",\"isPartOf\":{\"@id\":\"https:\/\/blogs.uninter.edu.mx\/difusioncultural\/#website\"},\"primaryImageOfPage\":{\"@id\":\"https:\/\/blogs.uninter.edu.mx\/difusioncultural\/?p=3058#primaryimage\"},\"image\":{\"@id\":\"https:\/\/blogs.uninter.edu.mx\/difusioncultural\/?p=3058#primaryimage\"},\"thumbnailUrl\":\"https:\/\/blogs.uninter.edu.mx\/difusioncultural\/wp-content\/uploads\/2014\/07\/tino-happy1.jpg\",\"datePublished\":\"2014-07-29T10:00:33+00:00\",\"breadcrumb\":{\"@id\":\"https:\/\/blogs.uninter.edu.mx\/difusioncultural\/?p=3058#breadcrumb\"},\"inLanguage\":\"es\",\"potentialAction\":[{\"@type\":\"ReadAction\",\"target\":[\"https:\/\/blogs.uninter.edu.mx\/difusioncultural\/?p=3058\"]}]},{\"@type\":\"ImageObject\",\"inLanguage\":\"es\",\"@id\":\"https:\/\/blogs.uninter.edu.mx\/difusioncultural\/?p=3058#primaryimage\",\"url\":\"https:\/\/blogs.uninter.edu.mx\/difusioncultural\/wp-content\/uploads\/2014\/07\/tino-happy1.jpg\",\"contentUrl\":\"https:\/\/blogs.uninter.edu.mx\/difusioncultural\/wp-content\/uploads\/2014\/07\/tino-happy1.jpg\",\"width\":960,\"height\":720},{\"@type\":\"BreadcrumbList\",\"@id\":\"https:\/\/blogs.uninter.edu.mx\/difusioncultural\/?p=3058#breadcrumb\",\"itemListElement\":[{\"@type\":\"ListItem\",\"position\":1,\"name\":\"Inicio\",\"item\":\"https:\/\/blogs.uninter.edu.mx\/difusioncultural\/\"},{\"@type\":\"ListItem\",\"position\":2,\"name\":\"9 EXTRAORDINARIOS HABITANTES DEL DF\"}]},{\"@type\":\"WebSite\",\"@id\":\"https:\/\/blogs.uninter.edu.mx\/difusioncultural\/#website\",\"url\":\"https:\/\/blogs.uninter.edu.mx\/difusioncultural\/\",\"name\":\"Difusi\u00f3n Cultural\",\"description\":\"UNINTER\",\"publisher\":{\"@id\":\"https:\/\/blogs.uninter.edu.mx\/difusioncultural\/#organization\"},\"potentialAction\":[{\"@type\":\"SearchAction\",\"target\":{\"@type\":\"EntryPoint\",\"urlTemplate\":\"https:\/\/blogs.uninter.edu.mx\/difusioncultural\/?s={search_term_string}\"},\"query-input\":{\"@type\":\"PropertyValueSpecification\",\"valueRequired\":true,\"valueName\":\"search_term_string\"}}],\"inLanguage\":\"es\"},{\"@type\":\"Organization\",\"@id\":\"https:\/\/blogs.uninter.edu.mx\/difusioncultural\/#organization\",\"name\":\"Difusi\u00f3n Cultural\",\"url\":\"https:\/\/blogs.uninter.edu.mx\/difusioncultural\/\",\"logo\":{\"@type\":\"ImageObject\",\"inLanguage\":\"es\",\"@id\":\"https:\/\/blogs.uninter.edu.mx\/difusioncultural\/#\/schema\/logo\/image\/\",\"url\":\"https:\/\/blogs.uninter.edu.mx\/difusioncultural\/wp-content\/uploads\/2022\/09\/uninter.jpg\",\"contentUrl\":\"https:\/\/blogs.uninter.edu.mx\/difusioncultural\/wp-content\/uploads\/2022\/09\/uninter.jpg\",\"width\":2048,\"height\":2048,\"caption\":\"Difusi\u00f3n Cultural\"},\"image\":{\"@id\":\"https:\/\/blogs.uninter.edu.mx\/difusioncultural\/#\/schema\/logo\/image\/\"}},{\"@type\":\"Person\",\"@id\":\"https:\/\/blogs.uninter.edu.mx\/difusioncultural\/#\/schema\/person\/37a0926f4dd300a814993fd595abdc4a\",\"name\":\"webmaster\",\"image\":{\"@type\":\"ImageObject\",\"inLanguage\":\"es\",\"@id\":\"https:\/\/blogs.uninter.edu.mx\/difusioncultural\/#\/schema\/person\/image\/\",\"url\":\"https:\/\/secure.gravatar.com\/avatar\/a59c276b01147463ef3aab4118e3137ebc5e1ad6700deb39ccdf8b89e517f7dc?s=96&d=mm&r=g\",\"contentUrl\":\"https:\/\/secure.gravatar.com\/avatar\/a59c276b01147463ef3aab4118e3137ebc5e1ad6700deb39ccdf8b89e517f7dc?s=96&d=mm&r=g\",\"caption\":\"webmaster\"},\"sameAs\":[\"https:\/\/blogs.uninter.edu.mx\/difusioncultural\"],\"url\":\"https:\/\/blogs.uninter.edu.mx\/difusioncultural\/?author=1\"}]}<\/script>\r\n<!-- \/ Yoast SEO plugin. -->","yoast_head_json":{"title":"9 EXTRAORDINARIOS HABITANTES DEL DF - Difusi\u00f3n Cultural","robots":{"index":"index","follow":"follow","max-snippet":"max-snippet:-1","max-image-preview":"max-image-preview:large","max-video-preview":"max-video-preview:-1"},"canonical":"https:\/\/blogs.uninter.edu.mx\/difusioncultural\/?p=3058","og_locale":"es_MX","og_type":"article","og_title":"9 EXTRAORDINARIOS HABITANTES DEL DF - Difusi\u00f3n Cultural","og_description":"Cada urbe es \u00fanica por un c\u00famulo de factores. La Ciudad de M\u00e9xico es singular, porque en algunos de sus rincones, a\u00fan se respira el imperio prehisp\u00e1nico que fue. Su ubicaci\u00f3n geol\u00f3gica es particular (rodeada por volcanes y asentada sobre un lago extinto), y la mezcla cultural es inaudita, quiz\u00e1, entre otras cosas, como hechura&hellip;","og_url":"https:\/\/blogs.uninter.edu.mx\/difusioncultural\/?p=3058","og_site_name":"Difusi\u00f3n Cultural","article_published_time":"2014-07-29T10:00:33+00:00","og_image":[{"width":960,"height":720,"url":"https:\/\/blogs.uninter.edu.mx\/difusioncultural\/wp-content\/uploads\/2014\/07\/tino-happy1.jpg","type":"image\/jpeg"}],"author":"webmaster","twitter_card":"summary_large_image","twitter_misc":{"Escrito por":"webmaster","Tiempo de lectura":"4 minutos"},"schema":{"@context":"https:\/\/schema.org","@graph":[{"@type":"Article","@id":"https:\/\/blogs.uninter.edu.mx\/difusioncultural\/?p=3058#article","isPartOf":{"@id":"https:\/\/blogs.uninter.edu.mx\/difusioncultural\/?p=3058"},"author":{"name":"webmaster","@id":"https:\/\/blogs.uninter.edu.mx\/difusioncultural\/#\/schema\/person\/37a0926f4dd300a814993fd595abdc4a"},"headline":"9 EXTRAORDINARIOS HABITANTES DEL DF","datePublished":"2014-07-29T10:00:33+00:00","mainEntityOfPage":{"@id":"https:\/\/blogs.uninter.edu.mx\/difusioncultural\/?p=3058"},"wordCount":757,"publisher":{"@id":"https:\/\/blogs.uninter.edu.mx\/difusioncultural\/#organization"},"image":{"@id":"https:\/\/blogs.uninter.edu.mx\/difusioncultural\/?p=3058#primaryimage"},"thumbnailUrl":"https:\/\/blogs.uninter.edu.mx\/difusioncultural\/wp-content\/uploads\/2014\/07\/tino-happy1.jpg","keywords":["bachillerato","becas culturales","cultura","difusi\u00f3n cultural","intercambios","Mexico","prepa","secundaria","spanish school","uninter","universidad internacional"],"inLanguage":"es"},{"@type":"WebPage","@id":"https:\/\/blogs.uninter.edu.mx\/difusioncultural\/?p=3058","url":"https:\/\/blogs.uninter.edu.mx\/difusioncultural\/?p=3058","name":"9 EXTRAORDINARIOS HABITANTES DEL DF - Difusi\u00f3n Cultural","isPartOf":{"@id":"https:\/\/blogs.uninter.edu.mx\/difusioncultural\/#website"},"primaryImageOfPage":{"@id":"https:\/\/blogs.uninter.edu.mx\/difusioncultural\/?p=3058#primaryimage"},"image":{"@id":"https:\/\/blogs.uninter.edu.mx\/difusioncultural\/?p=3058#primaryimage"},"thumbnailUrl":"https:\/\/blogs.uninter.edu.mx\/difusioncultural\/wp-content\/uploads\/2014\/07\/tino-happy1.jpg","datePublished":"2014-07-29T10:00:33+00:00","breadcrumb":{"@id":"https:\/\/blogs.uninter.edu.mx\/difusioncultural\/?p=3058#breadcrumb"},"inLanguage":"es","potentialAction":[{"@type":"ReadAction","target":["https:\/\/blogs.uninter.edu.mx\/difusioncultural\/?p=3058"]}]},{"@type":"ImageObject","inLanguage":"es","@id":"https:\/\/blogs.uninter.edu.mx\/difusioncultural\/?p=3058#primaryimage","url":"https:\/\/blogs.uninter.edu.mx\/difusioncultural\/wp-content\/uploads\/2014\/07\/tino-happy1.jpg","contentUrl":"https:\/\/blogs.uninter.edu.mx\/difusioncultural\/wp-content\/uploads\/2014\/07\/tino-happy1.jpg","width":960,"height":720},{"@type":"BreadcrumbList","@id":"https:\/\/blogs.uninter.edu.mx\/difusioncultural\/?p=3058#breadcrumb","itemListElement":[{"@type":"ListItem","position":1,"name":"Inicio","item":"https:\/\/blogs.uninter.edu.mx\/difusioncultural\/"},{"@type":"ListItem","position":2,"name":"9 EXTRAORDINARIOS HABITANTES DEL DF"}]},{"@type":"WebSite","@id":"https:\/\/blogs.uninter.edu.mx\/difusioncultural\/#website","url":"https:\/\/blogs.uninter.edu.mx\/difusioncultural\/","name":"Difusi\u00f3n Cultural","description":"UNINTER","publisher":{"@id":"https:\/\/blogs.uninter.edu.mx\/difusioncultural\/#organization"},"potentialAction":[{"@type":"SearchAction","target":{"@type":"EntryPoint","urlTemplate":"https:\/\/blogs.uninter.edu.mx\/difusioncultural\/?s={search_term_string}"},"query-input":{"@type":"PropertyValueSpecification","valueRequired":true,"valueName":"search_term_string"}}],"inLanguage":"es"},{"@type":"Organization","@id":"https:\/\/blogs.uninter.edu.mx\/difusioncultural\/#organization","name":"Difusi\u00f3n Cultural","url":"https:\/\/blogs.uninter.edu.mx\/difusioncultural\/","logo":{"@type":"ImageObject","inLanguage":"es","@id":"https:\/\/blogs.uninter.edu.mx\/difusioncultural\/#\/schema\/logo\/image\/","url":"https:\/\/blogs.uninter.edu.mx\/difusioncultural\/wp-content\/uploads\/2022\/09\/uninter.jpg","contentUrl":"https:\/\/blogs.uninter.edu.mx\/difusioncultural\/wp-content\/uploads\/2022\/09\/uninter.jpg","width":2048,"height":2048,"caption":"Difusi\u00f3n Cultural"},"image":{"@id":"https:\/\/blogs.uninter.edu.mx\/difusioncultural\/#\/schema\/logo\/image\/"}},{"@type":"Person","@id":"https:\/\/blogs.uninter.edu.mx\/difusioncultural\/#\/schema\/person\/37a0926f4dd300a814993fd595abdc4a","name":"webmaster","image":{"@type":"ImageObject","inLanguage":"es","@id":"https:\/\/blogs.uninter.edu.mx\/difusioncultural\/#\/schema\/person\/image\/","url":"https:\/\/secure.gravatar.com\/avatar\/a59c276b01147463ef3aab4118e3137ebc5e1ad6700deb39ccdf8b89e517f7dc?s=96&d=mm&r=g","contentUrl":"https:\/\/secure.gravatar.com\/avatar\/a59c276b01147463ef3aab4118e3137ebc5e1ad6700deb39ccdf8b89e517f7dc?s=96&d=mm&r=g","caption":"webmaster"},"sameAs":["https:\/\/blogs.uninter.edu.mx\/difusioncultural"],"url":"https:\/\/blogs.uninter.edu.mx\/difusioncultural\/?author=1"}]}},"jetpack_publicize_connections":[],"jetpack_featured_media_url":"https:\/\/blogs.uninter.edu.mx\/difusioncultural\/wp-content\/uploads\/2014\/07\/tino-happy1.jpg","jetpack_sharing_enabled":true,"_links":{"self":[{"href":"https:\/\/blogs.uninter.edu.mx\/difusioncultural\/index.php?rest_route=\/wp\/v2\/posts\/3058","targetHints":{"allow":["GET"]}}],"collection":[{"href":"https:\/\/blogs.uninter.edu.mx\/difusioncultural\/index.php?rest_route=\/wp\/v2\/posts"}],"about":[{"href":"https:\/\/blogs.uninter.edu.mx\/difusioncultural\/index.php?rest_route=\/wp\/v2\/types\/post"}],"author":[{"embeddable":true,"href":"https:\/\/blogs.uninter.edu.mx\/difusioncultural\/index.php?rest_route=\/wp\/v2\/users\/1"}],"replies":[{"embeddable":true,"href":"https:\/\/blogs.uninter.edu.mx\/difusioncultural\/index.php?rest_route=%2Fwp%2Fv2%2Fcomments&post=3058"}],"version-history":[{"count":0,"href":"https:\/\/blogs.uninter.edu.mx\/difusioncultural\/index.php?rest_route=\/wp\/v2\/posts\/3058\/revisions"}],"wp:featuredmedia":[{"embeddable":true,"href":"https:\/\/blogs.uninter.edu.mx\/difusioncultural\/index.php?rest_route=\/wp\/v2\/media\/3068"}],"wp:attachment":[{"href":"https:\/\/blogs.uninter.edu.mx\/difusioncultural\/index.php?rest_route=%2Fwp%2Fv2%2Fmedia&parent=3058"}],"wp:term":[{"taxonomy":"category","embeddable":true,"href":"https:\/\/blogs.uninter.edu.mx\/difusioncultural\/index.php?rest_route=%2Fwp%2Fv2%2Fcategories&post=3058"},{"taxonomy":"post_tag","embeddable":true,"href":"https:\/\/blogs.uninter.edu.mx\/difusioncultural\/index.php?rest_route=%2Fwp%2Fv2%2Ftags&post=3058"}],"curies":[{"name":"wp","href":"https:\/\/api.w.org\/{rel}","templated":true}]}}