{"id":3086,"date":"2014-07-28T11:58:07","date_gmt":"2014-07-28T11:58:07","guid":{"rendered":"http:\/\/difusionculturaluninter.wordpress.com\/?p=3086"},"modified":"2014-07-28T11:58:07","modified_gmt":"2014-07-28T11:58:07","slug":"efemerides-de-esta-semana","status":"publish","type":"post","link":"https:\/\/blogs.uninter.edu.mx\/difusioncultural\/?p=3086","title":{"rendered":"Efem\u00e9rides de esta semana&#8230;"},"content":{"rendered":"<p><a href=\"https:\/\/blogs.uninter.edu.mx\/difusioncultural\/wp-content\/uploads\/2014\/07\/images.jpg\"><img decoding=\"async\" class=\"alignnone size-medium wp-image-3087\" src=\"https:\/\/blogs.uninter.edu.mx\/difusioncultural\/wp-content\/uploads\/2014\/07\/images.jpg?w=300\" alt=\"images\" width=\"300\" height=\"128\" \/><\/a><\/p>\n<p>&nbsp;<\/p>\n<ul>\n<li><strong>28 DE JULIO<\/strong><\/li>\n<\/ul>\n<p><a href=\"http:\/\/www.hechoshistoricos.es\/html\/eventos1821.html\">1821<\/a><\/p>\n<p>Reunido el Cabildo Abierto de la ciudad de Lima (Per\u00fa) se declara, junto al pueblo, la Independencia del Per\u00fa de la dominaci\u00f3n espa\u00f1ola y de cualquier otra dominaci\u00f3n extranjera. El General Jos\u00e9 de San Mart\u00edn, junto a la bandera roja y blanca que acompa\u00f1\u00f3 a los revolucionarios durante la campa\u00f1a, proclama y jura la Independencia del Per\u00fa en la Plaza Mayor de Lima con las siguientes palabras: &#8220;El Per\u00fa desde este momento es libre e independiente por la voluntad general de los pueblos y por la justicia de su causa que Dios defiende. \u00a1Viva la Patria! \u00a1Viva la libertad! \u00a1Viva la independencia!&#8221;. El d\u00eda 2 de agosto, San Mart\u00edn ocupar\u00e1 el cargo de &#8220;Protector del Per\u00fa&#8221; poni\u00e9ndose de inmediato a organizar la creaci\u00f3n de un gobierno provisional.<\/p>\n<p>&nbsp;<\/p>\n<ul>\n<li><strong>29 DE JULIO<\/strong><\/li>\n<\/ul>\n<p><a href=\"http:\/\/www.hechoshistoricos.es\/html\/eventos1958.html\">1958<\/a><\/p>\n<p>&nbsp;<\/p>\n<p>En EE.UU., el presidente Dwight D. Eisenhower firma la legislaci\u00f3n que permite la creaci\u00f3n de la NASA, tras ser duramente criticado por permitir que la Uni\u00f3n Sovi\u00e9tica haya puesto en \u00f3rbita terrestre el primer sat\u00e9lite hecho por el hombre, el &#8220;Sputnik 1&#8221;, lanzado el 4 de octubre de 1957.<\/p>\n<p>&nbsp;<\/p>\n<ul>\n<li><strong>30 DE JULIO<\/strong><\/li>\n<\/ul>\n<p><a href=\"http:\/\/www.hechoshistoricos.es\/html\/eventos1811.html\">1811<\/a><\/p>\n<p>En Chihuahua, M\u00e9xico, y a manos de los espa\u00f1oles es fusilado el cura p\u00e1rroco Hidalgo, que proclam\u00f3 el primer llamamiento de independencia en M\u00e9xico contra las autoridades coloniales, el conocido como &#8220;Grito de Dolores&#8221; en la ma\u00f1ana del 16 de septiembre de 1810. En 1868, en un M\u00e9xico independiente, se erigir\u00e1 en su honor el Estado de Hidalgo.<\/p>\n<p>&nbsp;<\/p>\n<ul>\n<li><strong>31 DE JULIO<\/strong><\/li>\n<\/ul>\n<p><a href=\"http:\/\/www.hechoshistoricos.es\/html\/eventos1971.html\">1971<\/a><\/p>\n<p>Por primera vez en la historia, se utiliza un veh\u00edculo de cuatro ruedas para transportar personas fuera de la Tierra, al usar los astronautas del Apolo XV, James B. Irwin y David Scott, el &#8220;rover lunar&#8221; alimentado por bater\u00edas, para explorar la superficie de la Luna, en las inmediaciones de su lugar de alunizaje. Esta primera exploraci\u00f3n tiene una duraci\u00f3n de 6 horas y 32 minutos que sirve para investigar el borde de la grieta Hadley, instalando una estaci\u00f3n cient\u00edfica, llamada ALSEP, para estudiar el suelo y registrar la temperatura, el flujo de calor y la conductividad t\u00e9rmica, en la falda de los Apeninos lunares.<\/p>\n<p>&nbsp;<\/p>\n<ul>\n<li><strong>1 DE AGOSTO<\/strong><\/li>\n<\/ul>\n<p><a href=\"http:\/\/www.hechoshistoricos.es\/html\/eventos1798.html\">1798<\/a><\/p>\n<p>En Madrid, Espa\u00f1a, el pintor Francisco de Goya comienza a pintar el fresco de la c\u00fapula de la iglesia de San Antonio de la Florida, que concluir\u00e1 120 d\u00edas m\u00e1s tarde.<\/p>\n<p>&nbsp;<\/p>\n<ul>\n<li><strong>2 DE AGOSTO<\/strong><\/li>\n<\/ul>\n<p><a href=\"http:\/\/www.hechoshistoricos.es\/html\/eventos1934.html\">1934<\/a><\/p>\n<p>Adolf Hitler, hasta ahora canciller, se convierte en l\u00edder \u00fanico de Alemania tras fallecer el presidente Paul von Hindenburg. El ej\u00e9rcito jura obediencia al F\u00fchrer. En algo m\u00e1s de diez a\u00f1os, el Partido Nacional Socialista de Hitler ha pasado de ser un grupo radical a partido gobernante. Con la muerte de Hindenburg, se ven totalmente desmantelados los \u00faltimos vestigios de gobierno democr\u00e1tico en Alemania.<\/p>\n","protected":false},"excerpt":{"rendered":"<p>&nbsp; 28 DE JULIO 1821 Reunido el Cabildo Abierto de la ciudad de Lima (Per\u00fa) se declara, junto al pueblo, la Independencia del Per\u00fa de la dominaci\u00f3n espa\u00f1ola y de cualquier otra dominaci\u00f3n extranjera. El General Jos\u00e9 de San Mart\u00edn, junto a la bandera roja y blanca que acompa\u00f1\u00f3 a los revolucionarios durante la campa\u00f1a,&hellip;<\/p>\n","protected":false},"author":1,"featured_media":3087,"comment_status":"closed","ping_status":"open","sticky":false,"template":"","format":"standard","meta":{"_jetpack_memberships_contains_paid_content":false,"footnotes":"","jetpack_publicize_message":"","jetpack_publicize_feature_enabled":true,"jetpack_social_post_already_shared":false,"jetpack_social_options":{"image_generator_settings":{"template":"highway","default_image_id":0,"font":"","enabled":false},"version":2}},"categories":[1],"tags":[36,41,93,113,116,151,163,204,255,277,280,299,303,305],"class_list":["post-3086","post","type-post","status-publish","format-standard","has-post-thumbnail","hentry","category-sin-categoria","tag-bachillerato","tag-becas-culturales","tag-cultura","tag-difusion-cultural","tag-efemerides","tag-historia","tag-intercambios","tag-mexico","tag-prepa","tag-secundaria","tag-spanish-school","tag-un-dia-como-hoy","tag-uninter","tag-universidad-internacional"],"yoast_head":"<!-- This site is optimized with the Yoast SEO plugin v26.3 - https:\/\/yoast.com\/wordpress\/plugins\/seo\/ -->\r\n<title>Efem\u00e9rides de esta semana... - Difusi\u00f3n Cultural<\/title>\r\n<meta name=\"robots\" content=\"index, follow, max-snippet:-1, max-image-preview:large, max-video-preview:-1\" \/>\r\n<link rel=\"canonical\" href=\"https:\/\/blogs.uninter.edu.mx\/difusioncultural\/?p=3086\" \/>\r\n<meta property=\"og:locale\" content=\"es_MX\" \/>\r\n<meta property=\"og:type\" content=\"article\" \/>\r\n<meta property=\"og:title\" content=\"Efem\u00e9rides de esta semana... - Difusi\u00f3n Cultural\" \/>\r\n<meta property=\"og:description\" content=\"&nbsp; 28 DE JULIO 1821 Reunido el Cabildo Abierto de la ciudad de Lima (Per\u00fa) se declara, junto al pueblo, la Independencia del Per\u00fa de la dominaci\u00f3n espa\u00f1ola y de cualquier otra dominaci\u00f3n extranjera. El General Jos\u00e9 de San Mart\u00edn, junto a la bandera roja y blanca que acompa\u00f1\u00f3 a los revolucionarios durante la campa\u00f1a,&hellip;\" \/>\r\n<meta property=\"og:url\" content=\"https:\/\/blogs.uninter.edu.mx\/difusioncultural\/?p=3086\" \/>\r\n<meta property=\"og:site_name\" content=\"Difusi\u00f3n Cultural\" \/>\r\n<meta property=\"article:published_time\" content=\"2014-07-28T11:58:07+00:00\" \/>\r\n<meta property=\"og:image\" content=\"https:\/\/blogs.uninter.edu.mx\/difusioncultural\/wp-content\/uploads\/2014\/07\/images.jpg\" \/>\r\n\t<meta property=\"og:image:width\" content=\"343\" \/>\r\n\t<meta property=\"og:image:height\" content=\"147\" \/>\r\n\t<meta property=\"og:image:type\" content=\"image\/jpeg\" \/>\r\n<meta name=\"author\" content=\"webmaster\" \/>\r\n<meta name=\"twitter:card\" content=\"summary_large_image\" \/>\r\n<meta name=\"twitter:label1\" content=\"Escrito por\" \/>\n\t<meta name=\"twitter:data1\" content=\"webmaster\" \/>\n\t<meta name=\"twitter:label2\" content=\"Tiempo de lectura\" \/>\n\t<meta name=\"twitter:data2\" content=\"2 minutos\" \/>\r\n<script type=\"application\/ld+json\" class=\"yoast-schema-graph\">{\"@context\":\"https:\/\/schema.org\",\"@graph\":[{\"@type\":\"Article\",\"@id\":\"https:\/\/blogs.uninter.edu.mx\/difusioncultural\/?p=3086#article\",\"isPartOf\":{\"@id\":\"https:\/\/blogs.uninter.edu.mx\/difusioncultural\/?p=3086\"},\"author\":{\"name\":\"webmaster\",\"@id\":\"https:\/\/blogs.uninter.edu.mx\/difusioncultural\/#\/schema\/person\/37a0926f4dd300a814993fd595abdc4a\"},\"headline\":\"Efem\u00e9rides de esta semana&#8230;\",\"datePublished\":\"2014-07-28T11:58:07+00:00\",\"mainEntityOfPage\":{\"@id\":\"https:\/\/blogs.uninter.edu.mx\/difusioncultural\/?p=3086\"},\"wordCount\":486,\"publisher\":{\"@id\":\"https:\/\/blogs.uninter.edu.mx\/difusioncultural\/#organization\"},\"image\":{\"@id\":\"https:\/\/blogs.uninter.edu.mx\/difusioncultural\/?p=3086#primaryimage\"},\"thumbnailUrl\":\"https:\/\/blogs.uninter.edu.mx\/difusioncultural\/wp-content\/uploads\/2014\/07\/images.jpg\",\"keywords\":[\"bachillerato\",\"becas culturales\",\"cultura\",\"difusi\u00f3n cultural\",\"efem\u00e9rides\",\"historia\",\"intercambios\",\"Mexico\",\"prepa\",\"secundaria\",\"spanish school\",\"un dia como hoy\",\"uninter\",\"universidad internacional\"],\"inLanguage\":\"es\"},{\"@type\":\"WebPage\",\"@id\":\"https:\/\/blogs.uninter.edu.mx\/difusioncultural\/?p=3086\",\"url\":\"https:\/\/blogs.uninter.edu.mx\/difusioncultural\/?p=3086\",\"name\":\"Efem\u00e9rides de esta semana... - Difusi\u00f3n Cultural\",\"isPartOf\":{\"@id\":\"https:\/\/blogs.uninter.edu.mx\/difusioncultural\/#website\"},\"primaryImageOfPage\":{\"@id\":\"https:\/\/blogs.uninter.edu.mx\/difusioncultural\/?p=3086#primaryimage\"},\"image\":{\"@id\":\"https:\/\/blogs.uninter.edu.mx\/difusioncultural\/?p=3086#primaryimage\"},\"thumbnailUrl\":\"https:\/\/blogs.uninter.edu.mx\/difusioncultural\/wp-content\/uploads\/2014\/07\/images.jpg\",\"datePublished\":\"2014-07-28T11:58:07+00:00\",\"breadcrumb\":{\"@id\":\"https:\/\/blogs.uninter.edu.mx\/difusioncultural\/?p=3086#breadcrumb\"},\"inLanguage\":\"es\",\"potentialAction\":[{\"@type\":\"ReadAction\",\"target\":[\"https:\/\/blogs.uninter.edu.mx\/difusioncultural\/?p=3086\"]}]},{\"@type\":\"ImageObject\",\"inLanguage\":\"es\",\"@id\":\"https:\/\/blogs.uninter.edu.mx\/difusioncultural\/?p=3086#primaryimage\",\"url\":\"https:\/\/blogs.uninter.edu.mx\/difusioncultural\/wp-content\/uploads\/2014\/07\/images.jpg\",\"contentUrl\":\"https:\/\/blogs.uninter.edu.mx\/difusioncultural\/wp-content\/uploads\/2014\/07\/images.jpg\",\"width\":343,\"height\":147},{\"@type\":\"BreadcrumbList\",\"@id\":\"https:\/\/blogs.uninter.edu.mx\/difusioncultural\/?p=3086#breadcrumb\",\"itemListElement\":[{\"@type\":\"ListItem\",\"position\":1,\"name\":\"Inicio\",\"item\":\"https:\/\/blogs.uninter.edu.mx\/difusioncultural\/\"},{\"@type\":\"ListItem\",\"position\":2,\"name\":\"Efem\u00e9rides de esta semana&#8230;\"}]},{\"@type\":\"WebSite\",\"@id\":\"https:\/\/blogs.uninter.edu.mx\/difusioncultural\/#website\",\"url\":\"https:\/\/blogs.uninter.edu.mx\/difusioncultural\/\",\"name\":\"Difusi\u00f3n Cultural\",\"description\":\"UNINTER\",\"publisher\":{\"@id\":\"https:\/\/blogs.uninter.edu.mx\/difusioncultural\/#organization\"},\"potentialAction\":[{\"@type\":\"SearchAction\",\"target\":{\"@type\":\"EntryPoint\",\"urlTemplate\":\"https:\/\/blogs.uninter.edu.mx\/difusioncultural\/?s={search_term_string}\"},\"query-input\":{\"@type\":\"PropertyValueSpecification\",\"valueRequired\":true,\"valueName\":\"search_term_string\"}}],\"inLanguage\":\"es\"},{\"@type\":\"Organization\",\"@id\":\"https:\/\/blogs.uninter.edu.mx\/difusioncultural\/#organization\",\"name\":\"Difusi\u00f3n Cultural\",\"url\":\"https:\/\/blogs.uninter.edu.mx\/difusioncultural\/\",\"logo\":{\"@type\":\"ImageObject\",\"inLanguage\":\"es\",\"@id\":\"https:\/\/blogs.uninter.edu.mx\/difusioncultural\/#\/schema\/logo\/image\/\",\"url\":\"https:\/\/blogs.uninter.edu.mx\/difusioncultural\/wp-content\/uploads\/2022\/09\/uninter.jpg\",\"contentUrl\":\"https:\/\/blogs.uninter.edu.mx\/difusioncultural\/wp-content\/uploads\/2022\/09\/uninter.jpg\",\"width\":2048,\"height\":2048,\"caption\":\"Difusi\u00f3n Cultural\"},\"image\":{\"@id\":\"https:\/\/blogs.uninter.edu.mx\/difusioncultural\/#\/schema\/logo\/image\/\"}},{\"@type\":\"Person\",\"@id\":\"https:\/\/blogs.uninter.edu.mx\/difusioncultural\/#\/schema\/person\/37a0926f4dd300a814993fd595abdc4a\",\"name\":\"webmaster\",\"image\":{\"@type\":\"ImageObject\",\"inLanguage\":\"es\",\"@id\":\"https:\/\/blogs.uninter.edu.mx\/difusioncultural\/#\/schema\/person\/image\/\",\"url\":\"https:\/\/secure.gravatar.com\/avatar\/a59c276b01147463ef3aab4118e3137ebc5e1ad6700deb39ccdf8b89e517f7dc?s=96&d=mm&r=g\",\"contentUrl\":\"https:\/\/secure.gravatar.com\/avatar\/a59c276b01147463ef3aab4118e3137ebc5e1ad6700deb39ccdf8b89e517f7dc?s=96&d=mm&r=g\",\"caption\":\"webmaster\"},\"sameAs\":[\"https:\/\/blogs.uninter.edu.mx\/difusioncultural\"],\"url\":\"https:\/\/blogs.uninter.edu.mx\/difusioncultural\/?author=1\"}]}<\/script>\r\n<!-- \/ Yoast SEO plugin. -->","yoast_head_json":{"title":"Efem\u00e9rides de esta semana... - Difusi\u00f3n Cultural","robots":{"index":"index","follow":"follow","max-snippet":"max-snippet:-1","max-image-preview":"max-image-preview:large","max-video-preview":"max-video-preview:-1"},"canonical":"https:\/\/blogs.uninter.edu.mx\/difusioncultural\/?p=3086","og_locale":"es_MX","og_type":"article","og_title":"Efem\u00e9rides de esta semana... - Difusi\u00f3n Cultural","og_description":"&nbsp; 28 DE JULIO 1821 Reunido el Cabildo Abierto de la ciudad de Lima (Per\u00fa) se declara, junto al pueblo, la Independencia del Per\u00fa de la dominaci\u00f3n espa\u00f1ola y de cualquier otra dominaci\u00f3n extranjera. El General Jos\u00e9 de San Mart\u00edn, junto a la bandera roja y blanca que acompa\u00f1\u00f3 a los revolucionarios durante la campa\u00f1a,&hellip;","og_url":"https:\/\/blogs.uninter.edu.mx\/difusioncultural\/?p=3086","og_site_name":"Difusi\u00f3n Cultural","article_published_time":"2014-07-28T11:58:07+00:00","og_image":[{"width":343,"height":147,"url":"https:\/\/blogs.uninter.edu.mx\/difusioncultural\/wp-content\/uploads\/2014\/07\/images.jpg","type":"image\/jpeg"}],"author":"webmaster","twitter_card":"summary_large_image","twitter_misc":{"Escrito por":"webmaster","Tiempo de lectura":"2 minutos"},"schema":{"@context":"https:\/\/schema.org","@graph":[{"@type":"Article","@id":"https:\/\/blogs.uninter.edu.mx\/difusioncultural\/?p=3086#article","isPartOf":{"@id":"https:\/\/blogs.uninter.edu.mx\/difusioncultural\/?p=3086"},"author":{"name":"webmaster","@id":"https:\/\/blogs.uninter.edu.mx\/difusioncultural\/#\/schema\/person\/37a0926f4dd300a814993fd595abdc4a"},"headline":"Efem\u00e9rides de esta semana&#8230;","datePublished":"2014-07-28T11:58:07+00:00","mainEntityOfPage":{"@id":"https:\/\/blogs.uninter.edu.mx\/difusioncultural\/?p=3086"},"wordCount":486,"publisher":{"@id":"https:\/\/blogs.uninter.edu.mx\/difusioncultural\/#organization"},"image":{"@id":"https:\/\/blogs.uninter.edu.mx\/difusioncultural\/?p=3086#primaryimage"},"thumbnailUrl":"https:\/\/blogs.uninter.edu.mx\/difusioncultural\/wp-content\/uploads\/2014\/07\/images.jpg","keywords":["bachillerato","becas culturales","cultura","difusi\u00f3n cultural","efem\u00e9rides","historia","intercambios","Mexico","prepa","secundaria","spanish school","un dia como hoy","uninter","universidad internacional"],"inLanguage":"es"},{"@type":"WebPage","@id":"https:\/\/blogs.uninter.edu.mx\/difusioncultural\/?p=3086","url":"https:\/\/blogs.uninter.edu.mx\/difusioncultural\/?p=3086","name":"Efem\u00e9rides de esta semana... - Difusi\u00f3n Cultural","isPartOf":{"@id":"https:\/\/blogs.uninter.edu.mx\/difusioncultural\/#website"},"primaryImageOfPage":{"@id":"https:\/\/blogs.uninter.edu.mx\/difusioncultural\/?p=3086#primaryimage"},"image":{"@id":"https:\/\/blogs.uninter.edu.mx\/difusioncultural\/?p=3086#primaryimage"},"thumbnailUrl":"https:\/\/blogs.uninter.edu.mx\/difusioncultural\/wp-content\/uploads\/2014\/07\/images.jpg","datePublished":"2014-07-28T11:58:07+00:00","breadcrumb":{"@id":"https:\/\/blogs.uninter.edu.mx\/difusioncultural\/?p=3086#breadcrumb"},"inLanguage":"es","potentialAction":[{"@type":"ReadAction","target":["https:\/\/blogs.uninter.edu.mx\/difusioncultural\/?p=3086"]}]},{"@type":"ImageObject","inLanguage":"es","@id":"https:\/\/blogs.uninter.edu.mx\/difusioncultural\/?p=3086#primaryimage","url":"https:\/\/blogs.uninter.edu.mx\/difusioncultural\/wp-content\/uploads\/2014\/07\/images.jpg","contentUrl":"https:\/\/blogs.uninter.edu.mx\/difusioncultural\/wp-content\/uploads\/2014\/07\/images.jpg","width":343,"height":147},{"@type":"BreadcrumbList","@id":"https:\/\/blogs.uninter.edu.mx\/difusioncultural\/?p=3086#breadcrumb","itemListElement":[{"@type":"ListItem","position":1,"name":"Inicio","item":"https:\/\/blogs.uninter.edu.mx\/difusioncultural\/"},{"@type":"ListItem","position":2,"name":"Efem\u00e9rides de esta semana&#8230;"}]},{"@type":"WebSite","@id":"https:\/\/blogs.uninter.edu.mx\/difusioncultural\/#website","url":"https:\/\/blogs.uninter.edu.mx\/difusioncultural\/","name":"Difusi\u00f3n Cultural","description":"UNINTER","publisher":{"@id":"https:\/\/blogs.uninter.edu.mx\/difusioncultural\/#organization"},"potentialAction":[{"@type":"SearchAction","target":{"@type":"EntryPoint","urlTemplate":"https:\/\/blogs.uninter.edu.mx\/difusioncultural\/?s={search_term_string}"},"query-input":{"@type":"PropertyValueSpecification","valueRequired":true,"valueName":"search_term_string"}}],"inLanguage":"es"},{"@type":"Organization","@id":"https:\/\/blogs.uninter.edu.mx\/difusioncultural\/#organization","name":"Difusi\u00f3n Cultural","url":"https:\/\/blogs.uninter.edu.mx\/difusioncultural\/","logo":{"@type":"ImageObject","inLanguage":"es","@id":"https:\/\/blogs.uninter.edu.mx\/difusioncultural\/#\/schema\/logo\/image\/","url":"https:\/\/blogs.uninter.edu.mx\/difusioncultural\/wp-content\/uploads\/2022\/09\/uninter.jpg","contentUrl":"https:\/\/blogs.uninter.edu.mx\/difusioncultural\/wp-content\/uploads\/2022\/09\/uninter.jpg","width":2048,"height":2048,"caption":"Difusi\u00f3n Cultural"},"image":{"@id":"https:\/\/blogs.uninter.edu.mx\/difusioncultural\/#\/schema\/logo\/image\/"}},{"@type":"Person","@id":"https:\/\/blogs.uninter.edu.mx\/difusioncultural\/#\/schema\/person\/37a0926f4dd300a814993fd595abdc4a","name":"webmaster","image":{"@type":"ImageObject","inLanguage":"es","@id":"https:\/\/blogs.uninter.edu.mx\/difusioncultural\/#\/schema\/person\/image\/","url":"https:\/\/secure.gravatar.com\/avatar\/a59c276b01147463ef3aab4118e3137ebc5e1ad6700deb39ccdf8b89e517f7dc?s=96&d=mm&r=g","contentUrl":"https:\/\/secure.gravatar.com\/avatar\/a59c276b01147463ef3aab4118e3137ebc5e1ad6700deb39ccdf8b89e517f7dc?s=96&d=mm&r=g","caption":"webmaster"},"sameAs":["https:\/\/blogs.uninter.edu.mx\/difusioncultural"],"url":"https:\/\/blogs.uninter.edu.mx\/difusioncultural\/?author=1"}]}},"jetpack_publicize_connections":[],"jetpack_featured_media_url":"https:\/\/blogs.uninter.edu.mx\/difusioncultural\/wp-content\/uploads\/2014\/07\/images.jpg","jetpack_sharing_enabled":true,"_links":{"self":[{"href":"https:\/\/blogs.uninter.edu.mx\/difusioncultural\/index.php?rest_route=\/wp\/v2\/posts\/3086","targetHints":{"allow":["GET"]}}],"collection":[{"href":"https:\/\/blogs.uninter.edu.mx\/difusioncultural\/index.php?rest_route=\/wp\/v2\/posts"}],"about":[{"href":"https:\/\/blogs.uninter.edu.mx\/difusioncultural\/index.php?rest_route=\/wp\/v2\/types\/post"}],"author":[{"embeddable":true,"href":"https:\/\/blogs.uninter.edu.mx\/difusioncultural\/index.php?rest_route=\/wp\/v2\/users\/1"}],"replies":[{"embeddable":true,"href":"https:\/\/blogs.uninter.edu.mx\/difusioncultural\/index.php?rest_route=%2Fwp%2Fv2%2Fcomments&post=3086"}],"version-history":[{"count":0,"href":"https:\/\/blogs.uninter.edu.mx\/difusioncultural\/index.php?rest_route=\/wp\/v2\/posts\/3086\/revisions"}],"wp:featuredmedia":[{"embeddable":true,"href":"https:\/\/blogs.uninter.edu.mx\/difusioncultural\/index.php?rest_route=\/wp\/v2\/media\/3087"}],"wp:attachment":[{"href":"https:\/\/blogs.uninter.edu.mx\/difusioncultural\/index.php?rest_route=%2Fwp%2Fv2%2Fmedia&parent=3086"}],"wp:term":[{"taxonomy":"category","embeddable":true,"href":"https:\/\/blogs.uninter.edu.mx\/difusioncultural\/index.php?rest_route=%2Fwp%2Fv2%2Fcategories&post=3086"},{"taxonomy":"post_tag","embeddable":true,"href":"https:\/\/blogs.uninter.edu.mx\/difusioncultural\/index.php?rest_route=%2Fwp%2Fv2%2Ftags&post=3086"}],"curies":[{"name":"wp","href":"https:\/\/api.w.org\/{rel}","templated":true}]}}