{"id":3089,"date":"2014-07-30T14:50:19","date_gmt":"2014-07-30T14:50:19","guid":{"rendered":"http:\/\/difusionculturaluninter.wordpress.com\/?p=3089"},"modified":"2014-07-30T14:50:19","modified_gmt":"2014-07-30T14:50:19","slug":"salvador-novo","status":"publish","type":"post","link":"https:\/\/blogs.uninter.edu.mx\/difusioncultural\/?p=3089","title":{"rendered":"Salvador Novo"},"content":{"rendered":"<p style=\"text-align:center;\"><a href=\"https:\/\/blogs.uninter.edu.mx\/difusioncultural\/wp-content\/uploads\/2014\/07\/e0407.jpg\"><img fetchpriority=\"high\" decoding=\"async\" class=\"alignnone size-medium wp-image-3090\" src=\"https:\/\/blogs.uninter.edu.mx\/difusioncultural\/wp-content\/uploads\/2014\/07\/e0407.jpg?w=300\" alt=\"E0407\" width=\"300\" height=\"168\" \/><\/a><\/p>\n<p>El gran poeta, cronista y dramaturgo mexicano Salvador Novo naci\u00f3 un 30 de julio pero de hace 110 a\u00f1os.<\/p>\n<p>Novo L\u00f3pez naci\u00f3 en 1904 \u2014en la Ciudad de M\u00e9xico, aunque su infancia la vivi\u00f3 en Torre\u00f3n, en donde se acerc\u00f3 por primera vez a la poes\u00eda, entre los seis y doce a\u00f1os\u2014 y falleci\u00f3 casi 70 a\u00f1os despu\u00e9s, dejando atr\u00e1s una reconocida obra de poemas, cr\u00f3nicas, y hasta obras de teatro y libros de gastronom\u00eda.<\/p>\n<p>El joven Novo no termin\u00f3 la carrera de abogado pero en cambio fund\u00f3, al lado de <strong>Xavier Villaurrutia<\/strong>, la compa\u00f1\u00eda de teatro experimental <strong><em>Ulises<\/em> <\/strong>(1927) y la revista <strong><em>Contempor\u00e1neos<\/em> <\/strong>(1928).<\/p>\n<p>Luego participar\u00eda en el lanzamiento del <strong>Instituto Nacional de Bellas Artes<\/strong>, en 1947. Se desempe\u00f1\u00f3 en varios cargos p\u00fablicos durante toda su vida, entre ellos fue\u00a0jefe del departamento editorial de la<strong>Secretar\u00eda de Educaci\u00f3n P\u00fablica<\/strong>.<\/p>\n<p>En 1965 fue nombrado <strong>&#8220;Cronista de la Ciudad de M\u00e9xico&#8221;<\/strong> por el entonces presidente <strong>Gustavo D\u00edaz Ordaz<\/strong>.<\/p>\n<p>Novo fue uno de los primeros autores mexicanos en ser traducido al ingl\u00e9s, e incluso a otras lenguas como el franc\u00e9s y el portugu\u00e9s. Gan\u00f3 el Premio Nacional de Literatura 1967, luego de haber publicado 11 libros de poes\u00eda.<\/p>\n<p>Sobre Salvador Novo:<\/p>\n<p>&#8211; Le fascinaban los anillos, pues su forma circular representa el tiempo y la eternidad en varias culturas. Ten\u00eda muchos y gustaba usar varios en ambas manos al mismo tiempo. &#8220;El barroquismo de su vestimenta juego con lo florido de su lenguaje&#8221;, explicar\u00eda <strong>Teresa Madrigal<\/strong>.<\/p>\n<p>&#8211; Le gustaba resaltar lo ex\u00f3tico ante la identidad mexicana. &#8220;&#8230; nacionaliz\u00f3 el humor de vanguardia&#8221;, describir\u00eda la investigadora<strong> Lila Xicot\u00e9ncatl<\/strong>.<\/p>\n<p>&#8211; Su s\u00e1tira le fue reconocida como la &#8220;salida del cl\u00f3set m\u00e1s provocadora de la literatura de habla hispana&#8221;, seg\u00fan\u00a0<strong>Carlos Monsiv\u00e1is<\/strong>.<\/p>\n<p>&#8211; &#8220;Ejercit\u00f3 las libertades sexuales y abri\u00f3 un camino enorme hacia la visualizaci\u00f3n de los deseos que eran satanizados en esa \u00e9poca&#8221;, describi\u00f3 el poeta <strong>Juan Carlos Bautista<\/strong>.<\/p>\n<p>&#8211; No le avergonzaba su homosexualidad, al contrario, la acept\u00f3 con orgullo y la plasm\u00f3 en todo lo que escrib\u00eda.<\/p>\n<p>&#8211; Le preocupaba mucho su familia, siempre estuvo al pendiente de que no les faltara nada. Aconsejaba a sus primos e incluso ayud\u00f3 econ\u00f3micamente a uno de sus t\u00edos cuando estuvo en aprietos: &#8220;T\u00edo Salvador, ya sabe usted que no existir\u00e1 ninguna limitante para que los muchachos (sus primos) sigan estudiando&#8221;, recuerda lo que dijo a su padre\u00a0<strong>Salvador L\u00f3pez Antu\u00f1ano<\/strong>, primo hermano de Novo.<\/p>\n<p>&#8211; No le ca\u00eda muy bien <strong>Diego Rivera<\/strong> y le dedic\u00f3 una serie de versos sat\u00edricos muy ofensivos conocidos como <strong>&#8220;La diegada&#8221;<\/strong>.<\/p>\n<p>&#8211; Le gustaba usar pelucas, ten\u00eda muchas.<\/p>\n<p>&#8211; Muri\u00f3 el 13 de enero de 1974<\/p>\n<p>&#8211; Hoy <strong>Google<\/strong> dedica un <strong>&#8220;doodle&#8221;<\/strong> a su memoria\u00a0para recordar la llegada al mundo de este destacado escritor mexicano.<\/p>\n<p><a href=\"https:\/\/blogs.uninter.edu.mx\/difusioncultural\/wp-content\/uploads\/2014\/07\/025842_doo_principal.jpg\"><img decoding=\"async\" class=\"alignnone size-medium wp-image-3091\" src=\"https:\/\/blogs.uninter.edu.mx\/difusioncultural\/wp-content\/uploads\/2014\/07\/025842_doo_principal.jpg?w=300\" alt=\"025842_doo_principal\" width=\"300\" height=\"144\" \/><\/a><\/p>\n","protected":false},"excerpt":{"rendered":"<p>El gran poeta, cronista y dramaturgo mexicano Salvador Novo naci\u00f3 un 30 de julio pero de hace 110 a\u00f1os. Novo L\u00f3pez naci\u00f3 en 1904 \u2014en la Ciudad de M\u00e9xico, aunque su infancia la vivi\u00f3 en Torre\u00f3n, en donde se acerc\u00f3 por primera vez a la poes\u00eda, entre los seis y doce a\u00f1os\u2014 y falleci\u00f3 casi&hellip;<\/p>\n","protected":false},"author":1,"featured_media":3090,"comment_status":"closed","ping_status":"open","sticky":false,"template":"","format":"standard","meta":{"_jetpack_memberships_contains_paid_content":false,"footnotes":"","jetpack_publicize_message":"","jetpack_publicize_feature_enabled":true,"jetpack_social_post_already_shared":false,"jetpack_social_options":{"image_generator_settings":{"template":"highway","default_image_id":0,"font":"","enabled":false},"version":2}},"categories":[1],"tags":[36,41,93,113,151,163,204,255,277,280,299,303,305],"class_list":["post-3089","post","type-post","status-publish","format-standard","has-post-thumbnail","hentry","category-sin-categoria","tag-bachillerato","tag-becas-culturales","tag-cultura","tag-difusion-cultural","tag-historia","tag-intercambios","tag-mexico","tag-prepa","tag-secundaria","tag-spanish-school","tag-un-dia-como-hoy","tag-uninter","tag-universidad-internacional"],"yoast_head":"<!-- This site is optimized with the Yoast SEO plugin v26.3 - https:\/\/yoast.com\/wordpress\/plugins\/seo\/ -->\r\n<title>Salvador Novo - Difusi\u00f3n Cultural<\/title>\r\n<meta name=\"robots\" content=\"index, follow, max-snippet:-1, max-image-preview:large, max-video-preview:-1\" \/>\r\n<link rel=\"canonical\" href=\"https:\/\/blogs.uninter.edu.mx\/difusioncultural\/?p=3089\" \/>\r\n<meta property=\"og:locale\" content=\"es_MX\" \/>\r\n<meta property=\"og:type\" content=\"article\" \/>\r\n<meta property=\"og:title\" content=\"Salvador Novo - Difusi\u00f3n Cultural\" \/>\r\n<meta property=\"og:description\" content=\"El gran poeta, cronista y dramaturgo mexicano Salvador Novo naci\u00f3 un 30 de julio pero de hace 110 a\u00f1os. Novo L\u00f3pez naci\u00f3 en 1904 \u2014en la Ciudad de M\u00e9xico, aunque su infancia la vivi\u00f3 en Torre\u00f3n, en donde se acerc\u00f3 por primera vez a la poes\u00eda, entre los seis y doce a\u00f1os\u2014 y falleci\u00f3 casi&hellip;\" \/>\r\n<meta property=\"og:url\" content=\"https:\/\/blogs.uninter.edu.mx\/difusioncultural\/?p=3089\" \/>\r\n<meta property=\"og:site_name\" content=\"Difusi\u00f3n Cultural\" \/>\r\n<meta property=\"article:published_time\" content=\"2014-07-30T14:50:19+00:00\" \/>\r\n<meta property=\"og:image\" content=\"https:\/\/blogs.uninter.edu.mx\/difusioncultural\/wp-content\/uploads\/2014\/07\/e0407.jpg\" \/>\r\n\t<meta property=\"og:image:width\" content=\"430\" \/>\r\n\t<meta property=\"og:image:height\" content=\"241\" \/>\r\n\t<meta property=\"og:image:type\" content=\"image\/jpeg\" \/>\r\n<meta name=\"author\" content=\"webmaster\" \/>\r\n<meta name=\"twitter:card\" content=\"summary_large_image\" \/>\r\n<meta name=\"twitter:label1\" content=\"Escrito por\" \/>\n\t<meta name=\"twitter:data1\" content=\"webmaster\" \/>\n\t<meta name=\"twitter:label2\" content=\"Tiempo de lectura\" \/>\n\t<meta name=\"twitter:data2\" content=\"2 minutos\" \/>\r\n<script type=\"application\/ld+json\" class=\"yoast-schema-graph\">{\"@context\":\"https:\/\/schema.org\",\"@graph\":[{\"@type\":\"Article\",\"@id\":\"https:\/\/blogs.uninter.edu.mx\/difusioncultural\/?p=3089#article\",\"isPartOf\":{\"@id\":\"https:\/\/blogs.uninter.edu.mx\/difusioncultural\/?p=3089\"},\"author\":{\"name\":\"webmaster\",\"@id\":\"https:\/\/blogs.uninter.edu.mx\/difusioncultural\/#\/schema\/person\/37a0926f4dd300a814993fd595abdc4a\"},\"headline\":\"Salvador Novo\",\"datePublished\":\"2014-07-30T14:50:19+00:00\",\"mainEntityOfPage\":{\"@id\":\"https:\/\/blogs.uninter.edu.mx\/difusioncultural\/?p=3089\"},\"wordCount\":490,\"publisher\":{\"@id\":\"https:\/\/blogs.uninter.edu.mx\/difusioncultural\/#organization\"},\"image\":{\"@id\":\"https:\/\/blogs.uninter.edu.mx\/difusioncultural\/?p=3089#primaryimage\"},\"thumbnailUrl\":\"https:\/\/blogs.uninter.edu.mx\/difusioncultural\/wp-content\/uploads\/2014\/07\/e0407.jpg\",\"keywords\":[\"bachillerato\",\"becas culturales\",\"cultura\",\"difusi\u00f3n cultural\",\"historia\",\"intercambios\",\"Mexico\",\"prepa\",\"secundaria\",\"spanish school\",\"un dia como hoy\",\"uninter\",\"universidad internacional\"],\"inLanguage\":\"es\"},{\"@type\":\"WebPage\",\"@id\":\"https:\/\/blogs.uninter.edu.mx\/difusioncultural\/?p=3089\",\"url\":\"https:\/\/blogs.uninter.edu.mx\/difusioncultural\/?p=3089\",\"name\":\"Salvador Novo - Difusi\u00f3n Cultural\",\"isPartOf\":{\"@id\":\"https:\/\/blogs.uninter.edu.mx\/difusioncultural\/#website\"},\"primaryImageOfPage\":{\"@id\":\"https:\/\/blogs.uninter.edu.mx\/difusioncultural\/?p=3089#primaryimage\"},\"image\":{\"@id\":\"https:\/\/blogs.uninter.edu.mx\/difusioncultural\/?p=3089#primaryimage\"},\"thumbnailUrl\":\"https:\/\/blogs.uninter.edu.mx\/difusioncultural\/wp-content\/uploads\/2014\/07\/e0407.jpg\",\"datePublished\":\"2014-07-30T14:50:19+00:00\",\"breadcrumb\":{\"@id\":\"https:\/\/blogs.uninter.edu.mx\/difusioncultural\/?p=3089#breadcrumb\"},\"inLanguage\":\"es\",\"potentialAction\":[{\"@type\":\"ReadAction\",\"target\":[\"https:\/\/blogs.uninter.edu.mx\/difusioncultural\/?p=3089\"]}]},{\"@type\":\"ImageObject\",\"inLanguage\":\"es\",\"@id\":\"https:\/\/blogs.uninter.edu.mx\/difusioncultural\/?p=3089#primaryimage\",\"url\":\"https:\/\/blogs.uninter.edu.mx\/difusioncultural\/wp-content\/uploads\/2014\/07\/e0407.jpg\",\"contentUrl\":\"https:\/\/blogs.uninter.edu.mx\/difusioncultural\/wp-content\/uploads\/2014\/07\/e0407.jpg\",\"width\":430,\"height\":241},{\"@type\":\"BreadcrumbList\",\"@id\":\"https:\/\/blogs.uninter.edu.mx\/difusioncultural\/?p=3089#breadcrumb\",\"itemListElement\":[{\"@type\":\"ListItem\",\"position\":1,\"name\":\"Inicio\",\"item\":\"https:\/\/blogs.uninter.edu.mx\/difusioncultural\/\"},{\"@type\":\"ListItem\",\"position\":2,\"name\":\"Salvador Novo\"}]},{\"@type\":\"WebSite\",\"@id\":\"https:\/\/blogs.uninter.edu.mx\/difusioncultural\/#website\",\"url\":\"https:\/\/blogs.uninter.edu.mx\/difusioncultural\/\",\"name\":\"Difusi\u00f3n Cultural\",\"description\":\"UNINTER\",\"publisher\":{\"@id\":\"https:\/\/blogs.uninter.edu.mx\/difusioncultural\/#organization\"},\"potentialAction\":[{\"@type\":\"SearchAction\",\"target\":{\"@type\":\"EntryPoint\",\"urlTemplate\":\"https:\/\/blogs.uninter.edu.mx\/difusioncultural\/?s={search_term_string}\"},\"query-input\":{\"@type\":\"PropertyValueSpecification\",\"valueRequired\":true,\"valueName\":\"search_term_string\"}}],\"inLanguage\":\"es\"},{\"@type\":\"Organization\",\"@id\":\"https:\/\/blogs.uninter.edu.mx\/difusioncultural\/#organization\",\"name\":\"Difusi\u00f3n Cultural\",\"url\":\"https:\/\/blogs.uninter.edu.mx\/difusioncultural\/\",\"logo\":{\"@type\":\"ImageObject\",\"inLanguage\":\"es\",\"@id\":\"https:\/\/blogs.uninter.edu.mx\/difusioncultural\/#\/schema\/logo\/image\/\",\"url\":\"https:\/\/blogs.uninter.edu.mx\/difusioncultural\/wp-content\/uploads\/2022\/09\/uninter.jpg\",\"contentUrl\":\"https:\/\/blogs.uninter.edu.mx\/difusioncultural\/wp-content\/uploads\/2022\/09\/uninter.jpg\",\"width\":2048,\"height\":2048,\"caption\":\"Difusi\u00f3n Cultural\"},\"image\":{\"@id\":\"https:\/\/blogs.uninter.edu.mx\/difusioncultural\/#\/schema\/logo\/image\/\"}},{\"@type\":\"Person\",\"@id\":\"https:\/\/blogs.uninter.edu.mx\/difusioncultural\/#\/schema\/person\/37a0926f4dd300a814993fd595abdc4a\",\"name\":\"webmaster\",\"image\":{\"@type\":\"ImageObject\",\"inLanguage\":\"es\",\"@id\":\"https:\/\/blogs.uninter.edu.mx\/difusioncultural\/#\/schema\/person\/image\/\",\"url\":\"https:\/\/secure.gravatar.com\/avatar\/a59c276b01147463ef3aab4118e3137ebc5e1ad6700deb39ccdf8b89e517f7dc?s=96&d=mm&r=g\",\"contentUrl\":\"https:\/\/secure.gravatar.com\/avatar\/a59c276b01147463ef3aab4118e3137ebc5e1ad6700deb39ccdf8b89e517f7dc?s=96&d=mm&r=g\",\"caption\":\"webmaster\"},\"sameAs\":[\"https:\/\/blogs.uninter.edu.mx\/difusioncultural\"],\"url\":\"https:\/\/blogs.uninter.edu.mx\/difusioncultural\/?author=1\"}]}<\/script>\r\n<!-- \/ Yoast SEO plugin. -->","yoast_head_json":{"title":"Salvador Novo - Difusi\u00f3n Cultural","robots":{"index":"index","follow":"follow","max-snippet":"max-snippet:-1","max-image-preview":"max-image-preview:large","max-video-preview":"max-video-preview:-1"},"canonical":"https:\/\/blogs.uninter.edu.mx\/difusioncultural\/?p=3089","og_locale":"es_MX","og_type":"article","og_title":"Salvador Novo - Difusi\u00f3n Cultural","og_description":"El gran poeta, cronista y dramaturgo mexicano Salvador Novo naci\u00f3 un 30 de julio pero de hace 110 a\u00f1os. Novo L\u00f3pez naci\u00f3 en 1904 \u2014en la Ciudad de M\u00e9xico, aunque su infancia la vivi\u00f3 en Torre\u00f3n, en donde se acerc\u00f3 por primera vez a la poes\u00eda, entre los seis y doce a\u00f1os\u2014 y falleci\u00f3 casi&hellip;","og_url":"https:\/\/blogs.uninter.edu.mx\/difusioncultural\/?p=3089","og_site_name":"Difusi\u00f3n Cultural","article_published_time":"2014-07-30T14:50:19+00:00","og_image":[{"width":430,"height":241,"url":"https:\/\/blogs.uninter.edu.mx\/difusioncultural\/wp-content\/uploads\/2014\/07\/e0407.jpg","type":"image\/jpeg"}],"author":"webmaster","twitter_card":"summary_large_image","twitter_misc":{"Escrito por":"webmaster","Tiempo de lectura":"2 minutos"},"schema":{"@context":"https:\/\/schema.org","@graph":[{"@type":"Article","@id":"https:\/\/blogs.uninter.edu.mx\/difusioncultural\/?p=3089#article","isPartOf":{"@id":"https:\/\/blogs.uninter.edu.mx\/difusioncultural\/?p=3089"},"author":{"name":"webmaster","@id":"https:\/\/blogs.uninter.edu.mx\/difusioncultural\/#\/schema\/person\/37a0926f4dd300a814993fd595abdc4a"},"headline":"Salvador Novo","datePublished":"2014-07-30T14:50:19+00:00","mainEntityOfPage":{"@id":"https:\/\/blogs.uninter.edu.mx\/difusioncultural\/?p=3089"},"wordCount":490,"publisher":{"@id":"https:\/\/blogs.uninter.edu.mx\/difusioncultural\/#organization"},"image":{"@id":"https:\/\/blogs.uninter.edu.mx\/difusioncultural\/?p=3089#primaryimage"},"thumbnailUrl":"https:\/\/blogs.uninter.edu.mx\/difusioncultural\/wp-content\/uploads\/2014\/07\/e0407.jpg","keywords":["bachillerato","becas culturales","cultura","difusi\u00f3n cultural","historia","intercambios","Mexico","prepa","secundaria","spanish school","un dia como hoy","uninter","universidad internacional"],"inLanguage":"es"},{"@type":"WebPage","@id":"https:\/\/blogs.uninter.edu.mx\/difusioncultural\/?p=3089","url":"https:\/\/blogs.uninter.edu.mx\/difusioncultural\/?p=3089","name":"Salvador Novo - Difusi\u00f3n Cultural","isPartOf":{"@id":"https:\/\/blogs.uninter.edu.mx\/difusioncultural\/#website"},"primaryImageOfPage":{"@id":"https:\/\/blogs.uninter.edu.mx\/difusioncultural\/?p=3089#primaryimage"},"image":{"@id":"https:\/\/blogs.uninter.edu.mx\/difusioncultural\/?p=3089#primaryimage"},"thumbnailUrl":"https:\/\/blogs.uninter.edu.mx\/difusioncultural\/wp-content\/uploads\/2014\/07\/e0407.jpg","datePublished":"2014-07-30T14:50:19+00:00","breadcrumb":{"@id":"https:\/\/blogs.uninter.edu.mx\/difusioncultural\/?p=3089#breadcrumb"},"inLanguage":"es","potentialAction":[{"@type":"ReadAction","target":["https:\/\/blogs.uninter.edu.mx\/difusioncultural\/?p=3089"]}]},{"@type":"ImageObject","inLanguage":"es","@id":"https:\/\/blogs.uninter.edu.mx\/difusioncultural\/?p=3089#primaryimage","url":"https:\/\/blogs.uninter.edu.mx\/difusioncultural\/wp-content\/uploads\/2014\/07\/e0407.jpg","contentUrl":"https:\/\/blogs.uninter.edu.mx\/difusioncultural\/wp-content\/uploads\/2014\/07\/e0407.jpg","width":430,"height":241},{"@type":"BreadcrumbList","@id":"https:\/\/blogs.uninter.edu.mx\/difusioncultural\/?p=3089#breadcrumb","itemListElement":[{"@type":"ListItem","position":1,"name":"Inicio","item":"https:\/\/blogs.uninter.edu.mx\/difusioncultural\/"},{"@type":"ListItem","position":2,"name":"Salvador Novo"}]},{"@type":"WebSite","@id":"https:\/\/blogs.uninter.edu.mx\/difusioncultural\/#website","url":"https:\/\/blogs.uninter.edu.mx\/difusioncultural\/","name":"Difusi\u00f3n Cultural","description":"UNINTER","publisher":{"@id":"https:\/\/blogs.uninter.edu.mx\/difusioncultural\/#organization"},"potentialAction":[{"@type":"SearchAction","target":{"@type":"EntryPoint","urlTemplate":"https:\/\/blogs.uninter.edu.mx\/difusioncultural\/?s={search_term_string}"},"query-input":{"@type":"PropertyValueSpecification","valueRequired":true,"valueName":"search_term_string"}}],"inLanguage":"es"},{"@type":"Organization","@id":"https:\/\/blogs.uninter.edu.mx\/difusioncultural\/#organization","name":"Difusi\u00f3n Cultural","url":"https:\/\/blogs.uninter.edu.mx\/difusioncultural\/","logo":{"@type":"ImageObject","inLanguage":"es","@id":"https:\/\/blogs.uninter.edu.mx\/difusioncultural\/#\/schema\/logo\/image\/","url":"https:\/\/blogs.uninter.edu.mx\/difusioncultural\/wp-content\/uploads\/2022\/09\/uninter.jpg","contentUrl":"https:\/\/blogs.uninter.edu.mx\/difusioncultural\/wp-content\/uploads\/2022\/09\/uninter.jpg","width":2048,"height":2048,"caption":"Difusi\u00f3n Cultural"},"image":{"@id":"https:\/\/blogs.uninter.edu.mx\/difusioncultural\/#\/schema\/logo\/image\/"}},{"@type":"Person","@id":"https:\/\/blogs.uninter.edu.mx\/difusioncultural\/#\/schema\/person\/37a0926f4dd300a814993fd595abdc4a","name":"webmaster","image":{"@type":"ImageObject","inLanguage":"es","@id":"https:\/\/blogs.uninter.edu.mx\/difusioncultural\/#\/schema\/person\/image\/","url":"https:\/\/secure.gravatar.com\/avatar\/a59c276b01147463ef3aab4118e3137ebc5e1ad6700deb39ccdf8b89e517f7dc?s=96&d=mm&r=g","contentUrl":"https:\/\/secure.gravatar.com\/avatar\/a59c276b01147463ef3aab4118e3137ebc5e1ad6700deb39ccdf8b89e517f7dc?s=96&d=mm&r=g","caption":"webmaster"},"sameAs":["https:\/\/blogs.uninter.edu.mx\/difusioncultural"],"url":"https:\/\/blogs.uninter.edu.mx\/difusioncultural\/?author=1"}]}},"jetpack_publicize_connections":[],"jetpack_featured_media_url":"https:\/\/blogs.uninter.edu.mx\/difusioncultural\/wp-content\/uploads\/2014\/07\/e0407.jpg","jetpack_sharing_enabled":true,"_links":{"self":[{"href":"https:\/\/blogs.uninter.edu.mx\/difusioncultural\/index.php?rest_route=\/wp\/v2\/posts\/3089","targetHints":{"allow":["GET"]}}],"collection":[{"href":"https:\/\/blogs.uninter.edu.mx\/difusioncultural\/index.php?rest_route=\/wp\/v2\/posts"}],"about":[{"href":"https:\/\/blogs.uninter.edu.mx\/difusioncultural\/index.php?rest_route=\/wp\/v2\/types\/post"}],"author":[{"embeddable":true,"href":"https:\/\/blogs.uninter.edu.mx\/difusioncultural\/index.php?rest_route=\/wp\/v2\/users\/1"}],"replies":[{"embeddable":true,"href":"https:\/\/blogs.uninter.edu.mx\/difusioncultural\/index.php?rest_route=%2Fwp%2Fv2%2Fcomments&post=3089"}],"version-history":[{"count":0,"href":"https:\/\/blogs.uninter.edu.mx\/difusioncultural\/index.php?rest_route=\/wp\/v2\/posts\/3089\/revisions"}],"wp:featuredmedia":[{"embeddable":true,"href":"https:\/\/blogs.uninter.edu.mx\/difusioncultural\/index.php?rest_route=\/wp\/v2\/media\/3090"}],"wp:attachment":[{"href":"https:\/\/blogs.uninter.edu.mx\/difusioncultural\/index.php?rest_route=%2Fwp%2Fv2%2Fmedia&parent=3089"}],"wp:term":[{"taxonomy":"category","embeddable":true,"href":"https:\/\/blogs.uninter.edu.mx\/difusioncultural\/index.php?rest_route=%2Fwp%2Fv2%2Fcategories&post=3089"},{"taxonomy":"post_tag","embeddable":true,"href":"https:\/\/blogs.uninter.edu.mx\/difusioncultural\/index.php?rest_route=%2Fwp%2Fv2%2Ftags&post=3089"}],"curies":[{"name":"wp","href":"https:\/\/api.w.org\/{rel}","templated":true}]}}