{"id":3100,"date":"2014-08-04T12:50:16","date_gmt":"2014-08-04T12:50:16","guid":{"rendered":"http:\/\/difusionculturaluninter.wordpress.com\/?p=3100"},"modified":"2014-08-04T12:50:16","modified_gmt":"2014-08-04T12:50:16","slug":"efemerides-de-la-primer-semana-de-agosto","status":"publish","type":"post","link":"https:\/\/blogs.uninter.edu.mx\/difusioncultural\/?p=3100","title":{"rendered":"Efem\u00e9rides de la primer semana de agosto&#8230;"},"content":{"rendered":"<p>Recibimos al primer lunes de agosto. Y aqu\u00ed les dejamos las efem\u00e9rides de esta primer semana&#8230;<\/p>\n<p><a href=\"https:\/\/blogs.uninter.edu.mx\/difusioncultural\/wp-content\/uploads\/2014\/08\/foto_efe2.gif\"><img decoding=\"async\" class=\"alignnone size-medium wp-image-3101\" src=\"https:\/\/blogs.uninter.edu.mx\/difusioncultural\/wp-content\/uploads\/2014\/08\/foto_efe2.gif?w=300\" alt=\"foto_efe2\" width=\"300\" height=\"163\" \/><\/a><\/p>\n<p><strong><span style=\"text-decoration:underline;\">4 de Agosto<\/span><\/strong><\/p>\n<ul>\n<li>1834 &#8211; Nace John Venn, matem\u00e1tico y l\u00f3gico brit\u00e1nico. Destac\u00f3 por sus investigaciones en l\u00f3gica inductiva. Es especialmente conocido por su m\u00e9todo de representaci\u00f3n gr\u00e1fica de proposiciones y silogismos.<\/li>\n<\/ul>\n<p><strong><span style=\"text-decoration:underline;\">5 de Agosto<\/span><\/strong><\/p>\n<ul>\n<li>1930 &#8211; Nace Neil Armstrong, astronauta estadounidense, primer hombre en pisar la luna.<\/li>\n<\/ul>\n<p><strong><span style=\"text-decoration:underline;\">6 de Agosto<\/span><\/strong><\/p>\n<ul>\n<li>1824 &#8211; D\u00eda de la Independencia de Bolivia.<\/li>\n<li>1945 &#8211; En Jap\u00f3n, la primera bomba at\u00f3mica\u00a0de la historia es lanzada por EE.UU. sobre la ciudad de Hiroshima.<\/li>\n<\/ul>\n<p><strong><span style=\"text-decoration:underline;\">7 de Agosto<\/span><\/strong><\/p>\n<ul>\n<li>1819 &#8211; Con la Batalla de Boyoc\u00e1\u00a0se sella la independencia deColombia\u00a0ante Espa\u00f1a.<\/li>\n<\/ul>\n<p><strong><span style=\"text-decoration:underline;\">8 de Agosto<\/span><\/strong><\/p>\n<ul>\n<li>1878 &#8211; Emiliano Zapata\u00a0nace en San Miguel Anenecuilco, Morelos.<\/li>\n<li>1974 &#8211; Muere Rosario Castellanos, Poetisa, escrit\u00f3ra y diplom\u00e1tica, inhumada en la Rotonda de los Hombres Ilustres.<\/li>\n<\/ul>\n<p><strong><span style=\"text-decoration:underline;\">9 de Agosto<\/span><\/strong><\/p>\n<ul>\n<li>1855 &#8211; El general Antonio L\u00f3pez de Santa Anna\u00a0renuncia a la Presidencia de la Rep\u00fablica y abandona el pa\u00eds, consum\u00e1ndose as\u00ed, la Revoluci\u00f3n de Ayutla.<\/li>\n<li>1945 &#8211; Segunda Bomba At\u00f3mica\u00a0lanzada contra una ciudad en la historia destruye Nagasaki.<\/li>\n<li>1965 &#8211; D\u00eda Nacional de Singapur.<\/li>\n<li>1974 &#8211; Richard Nixon\u00a0dimite de la presidencia de los Estados Unidos.<\/li>\n<\/ul>\n<p><strong><span style=\"text-decoration:underline;\">10 de Agosto<\/span><\/strong><\/p>\n<ul>\n<li>1809 &#8211; En Quito, Ecuador se produce el primer grito de Independencia\u00a0en las colonias espa\u00f1olas de Am\u00e9rica.<\/li>\n<li>1738 &#8211; Nace Vicente Guerrero,\u00a0consumador de la Independencia de M\u00e9xico\u00a0y\u00a0presidente de M\u00e9xico.<\/li>\n<\/ul>\n","protected":false},"excerpt":{"rendered":"<p>Recibimos al primer lunes de agosto. Y aqu\u00ed les dejamos las efem\u00e9rides de esta primer semana&#8230; 4 de Agosto 1834 &#8211; Nace John Venn, matem\u00e1tico y l\u00f3gico brit\u00e1nico. Destac\u00f3 por sus investigaciones en l\u00f3gica inductiva. Es especialmente conocido por su m\u00e9todo de representaci\u00f3n gr\u00e1fica de proposiciones y silogismos. 5 de Agosto 1930 &#8211; Nace Neil&hellip;<\/p>\n","protected":false},"author":1,"featured_media":3101,"comment_status":"closed","ping_status":"open","sticky":false,"template":"","format":"standard","meta":{"_jetpack_memberships_contains_paid_content":false,"footnotes":"","jetpack_publicize_message":"","jetpack_publicize_feature_enabled":true,"jetpack_social_post_already_shared":false,"jetpack_social_options":{"image_generator_settings":{"template":"highway","default_image_id":0,"font":"","enabled":false},"version":2}},"categories":[1],"tags":[26,36,41,93,113,116,131,163,204,255,277,280,299,303,305],"class_list":["post-3100","post","type-post","status-publish","format-standard","has-post-thumbnail","hentry","category-sin-categoria","tag-acontecimientos","tag-bachillerato","tag-becas-culturales","tag-cultura","tag-difusion-cultural","tag-efemerides","tag-eventos","tag-intercambios","tag-mexico","tag-prepa","tag-secundaria","tag-spanish-school","tag-un-dia-como-hoy","tag-uninter","tag-universidad-internacional"],"yoast_head":"<!-- This site is optimized with the Yoast SEO plugin v26.3 - https:\/\/yoast.com\/wordpress\/plugins\/seo\/ -->\r\n<title>Efem\u00e9rides de la primer semana de agosto... - Difusi\u00f3n Cultural<\/title>\r\n<meta name=\"robots\" content=\"index, follow, max-snippet:-1, max-image-preview:large, max-video-preview:-1\" \/>\r\n<link rel=\"canonical\" href=\"https:\/\/blogs.uninter.edu.mx\/difusioncultural\/?p=3100\" \/>\r\n<meta property=\"og:locale\" content=\"es_MX\" \/>\r\n<meta property=\"og:type\" content=\"article\" \/>\r\n<meta property=\"og:title\" content=\"Efem\u00e9rides de la primer semana de agosto... - Difusi\u00f3n Cultural\" \/>\r\n<meta property=\"og:description\" content=\"Recibimos al primer lunes de agosto. Y aqu\u00ed les dejamos las efem\u00e9rides de esta primer semana&#8230; 4 de Agosto 1834 &#8211; Nace John Venn, matem\u00e1tico y l\u00f3gico brit\u00e1nico. Destac\u00f3 por sus investigaciones en l\u00f3gica inductiva. Es especialmente conocido por su m\u00e9todo de representaci\u00f3n gr\u00e1fica de proposiciones y silogismos. 5 de Agosto 1930 &#8211; Nace Neil&hellip;\" \/>\r\n<meta property=\"og:url\" content=\"https:\/\/blogs.uninter.edu.mx\/difusioncultural\/?p=3100\" \/>\r\n<meta property=\"og:site_name\" content=\"Difusi\u00f3n Cultural\" \/>\r\n<meta property=\"article:published_time\" content=\"2014-08-04T12:50:16+00:00\" \/>\r\n<meta property=\"og:image\" content=\"https:\/\/blogs.uninter.edu.mx\/difusioncultural\/wp-content\/uploads\/2014\/08\/foto_efe2.gif\" \/>\r\n\t<meta property=\"og:image:width\" content=\"413\" \/>\r\n\t<meta property=\"og:image:height\" content=\"225\" \/>\r\n\t<meta property=\"og:image:type\" content=\"image\/gif\" \/>\r\n<meta name=\"author\" content=\"webmaster\" \/>\r\n<meta name=\"twitter:card\" content=\"summary_large_image\" \/>\r\n<meta name=\"twitter:label1\" content=\"Escrito por\" \/>\n\t<meta name=\"twitter:data1\" content=\"webmaster\" \/>\n\t<meta name=\"twitter:label2\" content=\"Tiempo de lectura\" \/>\n\t<meta name=\"twitter:data2\" content=\"1 minuto\" \/>\r\n<script type=\"application\/ld+json\" class=\"yoast-schema-graph\">{\"@context\":\"https:\/\/schema.org\",\"@graph\":[{\"@type\":\"Article\",\"@id\":\"https:\/\/blogs.uninter.edu.mx\/difusioncultural\/?p=3100#article\",\"isPartOf\":{\"@id\":\"https:\/\/blogs.uninter.edu.mx\/difusioncultural\/?p=3100\"},\"author\":{\"name\":\"webmaster\",\"@id\":\"https:\/\/blogs.uninter.edu.mx\/difusioncultural\/#\/schema\/person\/37a0926f4dd300a814993fd595abdc4a\"},\"headline\":\"Efem\u00e9rides de la primer semana de agosto&#8230;\",\"datePublished\":\"2014-08-04T12:50:16+00:00\",\"mainEntityOfPage\":{\"@id\":\"https:\/\/blogs.uninter.edu.mx\/difusioncultural\/?p=3100\"},\"wordCount\":253,\"publisher\":{\"@id\":\"https:\/\/blogs.uninter.edu.mx\/difusioncultural\/#organization\"},\"image\":{\"@id\":\"https:\/\/blogs.uninter.edu.mx\/difusioncultural\/?p=3100#primaryimage\"},\"thumbnailUrl\":\"https:\/\/blogs.uninter.edu.mx\/difusioncultural\/wp-content\/uploads\/2014\/08\/foto_efe2.gif\",\"keywords\":[\"acontecimientos\",\"bachillerato\",\"becas culturales\",\"cultura\",\"difusi\u00f3n cultural\",\"efem\u00e9rides\",\"eventos\",\"intercambios\",\"Mexico\",\"prepa\",\"secundaria\",\"spanish school\",\"un dia como hoy\",\"uninter\",\"universidad internacional\"],\"inLanguage\":\"es\"},{\"@type\":\"WebPage\",\"@id\":\"https:\/\/blogs.uninter.edu.mx\/difusioncultural\/?p=3100\",\"url\":\"https:\/\/blogs.uninter.edu.mx\/difusioncultural\/?p=3100\",\"name\":\"Efem\u00e9rides de la primer semana de agosto... - Difusi\u00f3n Cultural\",\"isPartOf\":{\"@id\":\"https:\/\/blogs.uninter.edu.mx\/difusioncultural\/#website\"},\"primaryImageOfPage\":{\"@id\":\"https:\/\/blogs.uninter.edu.mx\/difusioncultural\/?p=3100#primaryimage\"},\"image\":{\"@id\":\"https:\/\/blogs.uninter.edu.mx\/difusioncultural\/?p=3100#primaryimage\"},\"thumbnailUrl\":\"https:\/\/blogs.uninter.edu.mx\/difusioncultural\/wp-content\/uploads\/2014\/08\/foto_efe2.gif\",\"datePublished\":\"2014-08-04T12:50:16+00:00\",\"breadcrumb\":{\"@id\":\"https:\/\/blogs.uninter.edu.mx\/difusioncultural\/?p=3100#breadcrumb\"},\"inLanguage\":\"es\",\"potentialAction\":[{\"@type\":\"ReadAction\",\"target\":[\"https:\/\/blogs.uninter.edu.mx\/difusioncultural\/?p=3100\"]}]},{\"@type\":\"ImageObject\",\"inLanguage\":\"es\",\"@id\":\"https:\/\/blogs.uninter.edu.mx\/difusioncultural\/?p=3100#primaryimage\",\"url\":\"https:\/\/blogs.uninter.edu.mx\/difusioncultural\/wp-content\/uploads\/2014\/08\/foto_efe2.gif\",\"contentUrl\":\"https:\/\/blogs.uninter.edu.mx\/difusioncultural\/wp-content\/uploads\/2014\/08\/foto_efe2.gif\",\"width\":413,\"height\":225},{\"@type\":\"BreadcrumbList\",\"@id\":\"https:\/\/blogs.uninter.edu.mx\/difusioncultural\/?p=3100#breadcrumb\",\"itemListElement\":[{\"@type\":\"ListItem\",\"position\":1,\"name\":\"Inicio\",\"item\":\"https:\/\/blogs.uninter.edu.mx\/difusioncultural\/\"},{\"@type\":\"ListItem\",\"position\":2,\"name\":\"Efem\u00e9rides de la primer semana de agosto&#8230;\"}]},{\"@type\":\"WebSite\",\"@id\":\"https:\/\/blogs.uninter.edu.mx\/difusioncultural\/#website\",\"url\":\"https:\/\/blogs.uninter.edu.mx\/difusioncultural\/\",\"name\":\"Difusi\u00f3n Cultural\",\"description\":\"UNINTER\",\"publisher\":{\"@id\":\"https:\/\/blogs.uninter.edu.mx\/difusioncultural\/#organization\"},\"potentialAction\":[{\"@type\":\"SearchAction\",\"target\":{\"@type\":\"EntryPoint\",\"urlTemplate\":\"https:\/\/blogs.uninter.edu.mx\/difusioncultural\/?s={search_term_string}\"},\"query-input\":{\"@type\":\"PropertyValueSpecification\",\"valueRequired\":true,\"valueName\":\"search_term_string\"}}],\"inLanguage\":\"es\"},{\"@type\":\"Organization\",\"@id\":\"https:\/\/blogs.uninter.edu.mx\/difusioncultural\/#organization\",\"name\":\"Difusi\u00f3n Cultural\",\"url\":\"https:\/\/blogs.uninter.edu.mx\/difusioncultural\/\",\"logo\":{\"@type\":\"ImageObject\",\"inLanguage\":\"es\",\"@id\":\"https:\/\/blogs.uninter.edu.mx\/difusioncultural\/#\/schema\/logo\/image\/\",\"url\":\"https:\/\/blogs.uninter.edu.mx\/difusioncultural\/wp-content\/uploads\/2022\/09\/uninter.jpg\",\"contentUrl\":\"https:\/\/blogs.uninter.edu.mx\/difusioncultural\/wp-content\/uploads\/2022\/09\/uninter.jpg\",\"width\":2048,\"height\":2048,\"caption\":\"Difusi\u00f3n Cultural\"},\"image\":{\"@id\":\"https:\/\/blogs.uninter.edu.mx\/difusioncultural\/#\/schema\/logo\/image\/\"}},{\"@type\":\"Person\",\"@id\":\"https:\/\/blogs.uninter.edu.mx\/difusioncultural\/#\/schema\/person\/37a0926f4dd300a814993fd595abdc4a\",\"name\":\"webmaster\",\"image\":{\"@type\":\"ImageObject\",\"inLanguage\":\"es\",\"@id\":\"https:\/\/blogs.uninter.edu.mx\/difusioncultural\/#\/schema\/person\/image\/\",\"url\":\"https:\/\/secure.gravatar.com\/avatar\/a59c276b01147463ef3aab4118e3137ebc5e1ad6700deb39ccdf8b89e517f7dc?s=96&d=mm&r=g\",\"contentUrl\":\"https:\/\/secure.gravatar.com\/avatar\/a59c276b01147463ef3aab4118e3137ebc5e1ad6700deb39ccdf8b89e517f7dc?s=96&d=mm&r=g\",\"caption\":\"webmaster\"},\"sameAs\":[\"https:\/\/blogs.uninter.edu.mx\/difusioncultural\"],\"url\":\"https:\/\/blogs.uninter.edu.mx\/difusioncultural\/?author=1\"}]}<\/script>\r\n<!-- \/ Yoast SEO plugin. -->","yoast_head_json":{"title":"Efem\u00e9rides de la primer semana de agosto... - Difusi\u00f3n Cultural","robots":{"index":"index","follow":"follow","max-snippet":"max-snippet:-1","max-image-preview":"max-image-preview:large","max-video-preview":"max-video-preview:-1"},"canonical":"https:\/\/blogs.uninter.edu.mx\/difusioncultural\/?p=3100","og_locale":"es_MX","og_type":"article","og_title":"Efem\u00e9rides de la primer semana de agosto... - Difusi\u00f3n Cultural","og_description":"Recibimos al primer lunes de agosto. Y aqu\u00ed les dejamos las efem\u00e9rides de esta primer semana&#8230; 4 de Agosto 1834 &#8211; Nace John Venn, matem\u00e1tico y l\u00f3gico brit\u00e1nico. Destac\u00f3 por sus investigaciones en l\u00f3gica inductiva. Es especialmente conocido por su m\u00e9todo de representaci\u00f3n gr\u00e1fica de proposiciones y silogismos. 5 de Agosto 1930 &#8211; Nace Neil&hellip;","og_url":"https:\/\/blogs.uninter.edu.mx\/difusioncultural\/?p=3100","og_site_name":"Difusi\u00f3n Cultural","article_published_time":"2014-08-04T12:50:16+00:00","og_image":[{"width":413,"height":225,"url":"https:\/\/blogs.uninter.edu.mx\/difusioncultural\/wp-content\/uploads\/2014\/08\/foto_efe2.gif","type":"image\/gif"}],"author":"webmaster","twitter_card":"summary_large_image","twitter_misc":{"Escrito por":"webmaster","Tiempo de lectura":"1 minuto"},"schema":{"@context":"https:\/\/schema.org","@graph":[{"@type":"Article","@id":"https:\/\/blogs.uninter.edu.mx\/difusioncultural\/?p=3100#article","isPartOf":{"@id":"https:\/\/blogs.uninter.edu.mx\/difusioncultural\/?p=3100"},"author":{"name":"webmaster","@id":"https:\/\/blogs.uninter.edu.mx\/difusioncultural\/#\/schema\/person\/37a0926f4dd300a814993fd595abdc4a"},"headline":"Efem\u00e9rides de la primer semana de agosto&#8230;","datePublished":"2014-08-04T12:50:16+00:00","mainEntityOfPage":{"@id":"https:\/\/blogs.uninter.edu.mx\/difusioncultural\/?p=3100"},"wordCount":253,"publisher":{"@id":"https:\/\/blogs.uninter.edu.mx\/difusioncultural\/#organization"},"image":{"@id":"https:\/\/blogs.uninter.edu.mx\/difusioncultural\/?p=3100#primaryimage"},"thumbnailUrl":"https:\/\/blogs.uninter.edu.mx\/difusioncultural\/wp-content\/uploads\/2014\/08\/foto_efe2.gif","keywords":["acontecimientos","bachillerato","becas culturales","cultura","difusi\u00f3n cultural","efem\u00e9rides","eventos","intercambios","Mexico","prepa","secundaria","spanish school","un dia como hoy","uninter","universidad internacional"],"inLanguage":"es"},{"@type":"WebPage","@id":"https:\/\/blogs.uninter.edu.mx\/difusioncultural\/?p=3100","url":"https:\/\/blogs.uninter.edu.mx\/difusioncultural\/?p=3100","name":"Efem\u00e9rides de la primer semana de agosto... - Difusi\u00f3n Cultural","isPartOf":{"@id":"https:\/\/blogs.uninter.edu.mx\/difusioncultural\/#website"},"primaryImageOfPage":{"@id":"https:\/\/blogs.uninter.edu.mx\/difusioncultural\/?p=3100#primaryimage"},"image":{"@id":"https:\/\/blogs.uninter.edu.mx\/difusioncultural\/?p=3100#primaryimage"},"thumbnailUrl":"https:\/\/blogs.uninter.edu.mx\/difusioncultural\/wp-content\/uploads\/2014\/08\/foto_efe2.gif","datePublished":"2014-08-04T12:50:16+00:00","breadcrumb":{"@id":"https:\/\/blogs.uninter.edu.mx\/difusioncultural\/?p=3100#breadcrumb"},"inLanguage":"es","potentialAction":[{"@type":"ReadAction","target":["https:\/\/blogs.uninter.edu.mx\/difusioncultural\/?p=3100"]}]},{"@type":"ImageObject","inLanguage":"es","@id":"https:\/\/blogs.uninter.edu.mx\/difusioncultural\/?p=3100#primaryimage","url":"https:\/\/blogs.uninter.edu.mx\/difusioncultural\/wp-content\/uploads\/2014\/08\/foto_efe2.gif","contentUrl":"https:\/\/blogs.uninter.edu.mx\/difusioncultural\/wp-content\/uploads\/2014\/08\/foto_efe2.gif","width":413,"height":225},{"@type":"BreadcrumbList","@id":"https:\/\/blogs.uninter.edu.mx\/difusioncultural\/?p=3100#breadcrumb","itemListElement":[{"@type":"ListItem","position":1,"name":"Inicio","item":"https:\/\/blogs.uninter.edu.mx\/difusioncultural\/"},{"@type":"ListItem","position":2,"name":"Efem\u00e9rides de la primer semana de agosto&#8230;"}]},{"@type":"WebSite","@id":"https:\/\/blogs.uninter.edu.mx\/difusioncultural\/#website","url":"https:\/\/blogs.uninter.edu.mx\/difusioncultural\/","name":"Difusi\u00f3n Cultural","description":"UNINTER","publisher":{"@id":"https:\/\/blogs.uninter.edu.mx\/difusioncultural\/#organization"},"potentialAction":[{"@type":"SearchAction","target":{"@type":"EntryPoint","urlTemplate":"https:\/\/blogs.uninter.edu.mx\/difusioncultural\/?s={search_term_string}"},"query-input":{"@type":"PropertyValueSpecification","valueRequired":true,"valueName":"search_term_string"}}],"inLanguage":"es"},{"@type":"Organization","@id":"https:\/\/blogs.uninter.edu.mx\/difusioncultural\/#organization","name":"Difusi\u00f3n Cultural","url":"https:\/\/blogs.uninter.edu.mx\/difusioncultural\/","logo":{"@type":"ImageObject","inLanguage":"es","@id":"https:\/\/blogs.uninter.edu.mx\/difusioncultural\/#\/schema\/logo\/image\/","url":"https:\/\/blogs.uninter.edu.mx\/difusioncultural\/wp-content\/uploads\/2022\/09\/uninter.jpg","contentUrl":"https:\/\/blogs.uninter.edu.mx\/difusioncultural\/wp-content\/uploads\/2022\/09\/uninter.jpg","width":2048,"height":2048,"caption":"Difusi\u00f3n Cultural"},"image":{"@id":"https:\/\/blogs.uninter.edu.mx\/difusioncultural\/#\/schema\/logo\/image\/"}},{"@type":"Person","@id":"https:\/\/blogs.uninter.edu.mx\/difusioncultural\/#\/schema\/person\/37a0926f4dd300a814993fd595abdc4a","name":"webmaster","image":{"@type":"ImageObject","inLanguage":"es","@id":"https:\/\/blogs.uninter.edu.mx\/difusioncultural\/#\/schema\/person\/image\/","url":"https:\/\/secure.gravatar.com\/avatar\/a59c276b01147463ef3aab4118e3137ebc5e1ad6700deb39ccdf8b89e517f7dc?s=96&d=mm&r=g","contentUrl":"https:\/\/secure.gravatar.com\/avatar\/a59c276b01147463ef3aab4118e3137ebc5e1ad6700deb39ccdf8b89e517f7dc?s=96&d=mm&r=g","caption":"webmaster"},"sameAs":["https:\/\/blogs.uninter.edu.mx\/difusioncultural"],"url":"https:\/\/blogs.uninter.edu.mx\/difusioncultural\/?author=1"}]}},"jetpack_publicize_connections":[],"jetpack_featured_media_url":"https:\/\/blogs.uninter.edu.mx\/difusioncultural\/wp-content\/uploads\/2014\/08\/foto_efe2.gif","jetpack_sharing_enabled":true,"_links":{"self":[{"href":"https:\/\/blogs.uninter.edu.mx\/difusioncultural\/index.php?rest_route=\/wp\/v2\/posts\/3100","targetHints":{"allow":["GET"]}}],"collection":[{"href":"https:\/\/blogs.uninter.edu.mx\/difusioncultural\/index.php?rest_route=\/wp\/v2\/posts"}],"about":[{"href":"https:\/\/blogs.uninter.edu.mx\/difusioncultural\/index.php?rest_route=\/wp\/v2\/types\/post"}],"author":[{"embeddable":true,"href":"https:\/\/blogs.uninter.edu.mx\/difusioncultural\/index.php?rest_route=\/wp\/v2\/users\/1"}],"replies":[{"embeddable":true,"href":"https:\/\/blogs.uninter.edu.mx\/difusioncultural\/index.php?rest_route=%2Fwp%2Fv2%2Fcomments&post=3100"}],"version-history":[{"count":0,"href":"https:\/\/blogs.uninter.edu.mx\/difusioncultural\/index.php?rest_route=\/wp\/v2\/posts\/3100\/revisions"}],"wp:featuredmedia":[{"embeddable":true,"href":"https:\/\/blogs.uninter.edu.mx\/difusioncultural\/index.php?rest_route=\/wp\/v2\/media\/3101"}],"wp:attachment":[{"href":"https:\/\/blogs.uninter.edu.mx\/difusioncultural\/index.php?rest_route=%2Fwp%2Fv2%2Fmedia&parent=3100"}],"wp:term":[{"taxonomy":"category","embeddable":true,"href":"https:\/\/blogs.uninter.edu.mx\/difusioncultural\/index.php?rest_route=%2Fwp%2Fv2%2Fcategories&post=3100"},{"taxonomy":"post_tag","embeddable":true,"href":"https:\/\/blogs.uninter.edu.mx\/difusioncultural\/index.php?rest_route=%2Fwp%2Fv2%2Ftags&post=3100"}],"curies":[{"name":"wp","href":"https:\/\/api.w.org\/{rel}","templated":true}]}}