{"id":3106,"date":"2014-08-08T08:00:44","date_gmt":"2014-08-08T08:00:44","guid":{"rendered":"http:\/\/difusionculturaluninter.wordpress.com\/?p=3106"},"modified":"2014-08-08T08:00:44","modified_gmt":"2014-08-08T08:00:44","slug":"conmemoracion-del-nacimiento-de-emiliano-zapata","status":"publish","type":"post","link":"https:\/\/blogs.uninter.edu.mx\/difusioncultural\/?p=3106","title":{"rendered":"Conmemoraci\u00f3n del nacimiento de Emiliano zapata&#8230;"},"content":{"rendered":"<p><a href=\"https:\/\/blogs.uninter.edu.mx\/difusioncultural\/wp-content\/uploads\/2014\/08\/zapata.jpg\"><img fetchpriority=\"high\" decoding=\"async\" class=\"alignnone size-medium wp-image-3107\" src=\"https:\/\/blogs.uninter.edu.mx\/difusioncultural\/wp-content\/uploads\/2014\/08\/zapata.jpg?w=300\" alt=\"zapata\" width=\"300\" height=\"246\" \/><\/a><\/p>\n<p>Este revolucionario agrarista mexicano naci\u00f3 el 8 de agosto de 1879 en San Miguel Anenecuilco, estado de <strong>Morelos<\/strong> (M\u00e9xico), en el seno de una familia de peque\u00f1os propietarios de tierras,\u00a0trabaj\u00f3 como pe\u00f3n y aparcero y recibi\u00f3 una pobre instrucci\u00f3n escolar.<\/p>\n<p>En 1902 ayud\u00f3 a las personas del pueblo de Yautepec (Morelos) que ten\u00edan problemas con el hacendado <b>Pablo Escand\u00f3n<\/b>, acompa\u00f1\u00e1ndolos a <b>ciudad de M\u00e9xico <\/b>para exigir que se les hiciera justicia. En 1906 asisti\u00f3 a una junta de campesinos en <b>Cuautla<\/b>, para discutir la forma de defender frente a los hacendados vecinos las tierras del pueblo. Como represalia, en 1908 se vio forzado a incorporarse al noveno regimiento de <b>Cuernavaca<\/b>, forma de castigo, a la que se le conoc\u00eda como <b>leva<\/b>, y que era frecuente durante el\u00a0<b>porfirismo<\/b>.<\/p>\n<p>De regreso en Morelos, Emiliano Zapata retom\u00f3 la defensa de las tierras comunales y, en 1909, fue designado jefe de la Junta de Ayala. Al frente de un peque\u00f1o grupo armado, ocup\u00f3 las tierras del Hospital y las distribuy\u00f3 entre los campesinos.<\/p>\n<p>En septiembre de 1909 fue electo presidente de la <b>junta de defensa<\/b> de las tierras de <b>Anenecuilco<\/b>. Reuni\u00f3 un ej\u00e9rcito de peones, la mayor\u00eda de ellos ind\u00edgenas de Morelos, y con &#8220;<b>Tierra y Libertad<\/b>&#8221; como grito de guerra pas\u00f3 a formar parte en 1910 de la <b>Revoluci\u00f3n Mexicana<\/b> de<b>\u00a0Francisco I. Madero<\/b>, que pretend\u00eda acabar con el r\u00e9gimen de <b>Porfirio D\u00edaz<\/b>. Zapata comenz\u00f3 su guerrilla en marzo de 1911, tomaron <b>Jojutla<\/b>,\u00a0<b>Chinameca<\/b>, y siti\u00f3 <b>Cuautla<\/b> que estaba defendida por los porfiristas. M\u00e1s tarde tom\u00f3 <b>Cuernavaca<\/b>. Al triunfo de los maderistas, Zapata se neg\u00f3 a deponer las armas ya que todav\u00eda no se hab\u00edan devuelto las tierras a los ind\u00edgenas. Mientras tanto los hacendados comenzaron hacer una campa\u00f1a en contra de Zapata, trat\u00e1ndolo como un bandido.<\/p>\n<p>Dej\u00f3 de confiar en Madero, que comenz\u00f3 a ejercer como <b>presidente<\/b> en 1911, y se declar\u00f3 en su contra, formulando su propio programa de <b>reforma agraria<\/b> (conocido con el nombre de <b>Plan de Ayala<\/b>), mediante el que pensaba redistribuir la tierra entre los campesinos. En febrero de 1913,<b> Victoriano Huerta\u00a0<\/b>protagoniza un golpe de estado contra Madero y toma la presidencia mandando detener a \u00e9ste, quien mas tarde muere asesinado. Durante las presidencias del dictador Victoriano Huerta (1913-1914) y del presidente constitucionalista Venustiano Carranza\u00a0(1914-1920), continu\u00f3 con sus movimientos en contra del gobierno, extendiendo su poder por todo el sur de M\u00e9xico.<\/p>\n<p>Junto a <strong>Pancho Villa<\/strong>, que hab\u00eda aceptado el Plan de Ayala, entr\u00f3 en la ciudad de M\u00e9xico en 1914. Un a\u00f1o despu\u00e9s se traslad\u00f3 a <b>Morelos<\/b>, donde prosigui\u00f3 con la defensa de sus posiciones, frente a las tropas<b>constitucionalistas<\/b>. Zapata durante este tiempo cre\u00f3 las primeras <b>Comisiones Agrarias<\/b>, estableci\u00f3 el\u00a0<b>Cr\u00e9dito Agr\u00edcola<\/b> adem\u00e1s que inaugur\u00f3 la <b>Caja Rural de Prestamos en Morelos<\/b>. Luego, en octubre de 1915, el gobierno de la Convenci\u00f3n promulg\u00f3 la <b>Ley Agraria<\/b>.<\/p>\n<p>El 10 de abril de 1919 fue asesinado en una emboscada organizada por el coronel <b>Jes\u00fas Guajardo<\/b>, en la hacienda de <b>Chinameca<\/b>. La acci\u00f3n caus\u00f3 una en\u00e9rgica condena de la opini\u00f3n p\u00fablica y de gran parte de los propios sectores constitucionalistas.<\/p>\n","protected":false},"excerpt":{"rendered":"<p>Este revolucionario agrarista mexicano naci\u00f3 el 8 de agosto de 1879 en San Miguel Anenecuilco, estado de Morelos (M\u00e9xico), en el seno de una familia de peque\u00f1os propietarios de tierras,\u00a0trabaj\u00f3 como pe\u00f3n y aparcero y recibi\u00f3 una pobre instrucci\u00f3n escolar. En 1902 ayud\u00f3 a las personas del pueblo de Yautepec (Morelos) que ten\u00edan problemas con&hellip;<\/p>\n","protected":false},"author":1,"featured_media":3107,"comment_status":"closed","ping_status":"open","sticky":false,"template":"","format":"standard","meta":{"_jetpack_memberships_contains_paid_content":false,"footnotes":"","jetpack_publicize_message":"","jetpack_publicize_feature_enabled":true,"jetpack_social_post_already_shared":false,"jetpack_social_options":{"image_generator_settings":{"template":"highway","default_image_id":0,"font":"","enabled":false},"version":2}},"categories":[13],"tags":[26,36,41,93,113,151,163,204,255,265,277,280,299,303,305],"class_list":["post-3106","post","type-post","status-publish","format-standard","has-post-thumbnail","hentry","category-personas-interesantes","tag-acontecimientos","tag-bachillerato","tag-becas-culturales","tag-cultura","tag-difusion-cultural","tag-historia","tag-intercambios","tag-mexico","tag-prepa","tag-revolucion-mexicana","tag-secundaria","tag-spanish-school","tag-un-dia-como-hoy","tag-uninter","tag-universidad-internacional"],"yoast_head":"<!-- This site is optimized with the Yoast SEO plugin v26.3 - https:\/\/yoast.com\/wordpress\/plugins\/seo\/ -->\r\n<title>Conmemoraci\u00f3n del nacimiento de Emiliano zapata... - Difusi\u00f3n Cultural<\/title>\r\n<meta name=\"robots\" content=\"index, follow, max-snippet:-1, max-image-preview:large, max-video-preview:-1\" \/>\r\n<link rel=\"canonical\" href=\"https:\/\/blogs.uninter.edu.mx\/difusioncultural\/?p=3106\" \/>\r\n<meta property=\"og:locale\" content=\"es_MX\" \/>\r\n<meta property=\"og:type\" content=\"article\" \/>\r\n<meta property=\"og:title\" content=\"Conmemoraci\u00f3n del nacimiento de Emiliano zapata... - Difusi\u00f3n Cultural\" \/>\r\n<meta property=\"og:description\" content=\"Este revolucionario agrarista mexicano naci\u00f3 el 8 de agosto de 1879 en San Miguel Anenecuilco, estado de Morelos (M\u00e9xico), en el seno de una familia de peque\u00f1os propietarios de tierras,\u00a0trabaj\u00f3 como pe\u00f3n y aparcero y recibi\u00f3 una pobre instrucci\u00f3n escolar. En 1902 ayud\u00f3 a las personas del pueblo de Yautepec (Morelos) que ten\u00edan problemas con&hellip;\" \/>\r\n<meta property=\"og:url\" content=\"https:\/\/blogs.uninter.edu.mx\/difusioncultural\/?p=3106\" \/>\r\n<meta property=\"og:site_name\" content=\"Difusi\u00f3n Cultural\" \/>\r\n<meta property=\"article:published_time\" content=\"2014-08-08T08:00:44+00:00\" \/>\r\n<meta property=\"og:image\" content=\"https:\/\/blogs.uninter.edu.mx\/difusioncultural\/wp-content\/uploads\/2014\/08\/zapata.jpg\" \/>\r\n\t<meta property=\"og:image:width\" content=\"340\" \/>\r\n\t<meta property=\"og:image:height\" content=\"279\" \/>\r\n\t<meta property=\"og:image:type\" content=\"image\/jpeg\" \/>\r\n<meta name=\"author\" content=\"webmaster\" \/>\r\n<meta name=\"twitter:card\" content=\"summary_large_image\" \/>\r\n<meta name=\"twitter:label1\" content=\"Escrito por\" \/>\n\t<meta name=\"twitter:data1\" content=\"webmaster\" \/>\n\t<meta name=\"twitter:label2\" content=\"Tiempo de lectura\" \/>\n\t<meta name=\"twitter:data2\" content=\"3 minutos\" \/>\r\n<script type=\"application\/ld+json\" class=\"yoast-schema-graph\">{\"@context\":\"https:\/\/schema.org\",\"@graph\":[{\"@type\":\"Article\",\"@id\":\"https:\/\/blogs.uninter.edu.mx\/difusioncultural\/?p=3106#article\",\"isPartOf\":{\"@id\":\"https:\/\/blogs.uninter.edu.mx\/difusioncultural\/?p=3106\"},\"author\":{\"name\":\"webmaster\",\"@id\":\"https:\/\/blogs.uninter.edu.mx\/difusioncultural\/#\/schema\/person\/37a0926f4dd300a814993fd595abdc4a\"},\"headline\":\"Conmemoraci\u00f3n del nacimiento de Emiliano zapata&#8230;\",\"datePublished\":\"2014-08-08T08:00:44+00:00\",\"mainEntityOfPage\":{\"@id\":\"https:\/\/blogs.uninter.edu.mx\/difusioncultural\/?p=3106\"},\"wordCount\":543,\"publisher\":{\"@id\":\"https:\/\/blogs.uninter.edu.mx\/difusioncultural\/#organization\"},\"image\":{\"@id\":\"https:\/\/blogs.uninter.edu.mx\/difusioncultural\/?p=3106#primaryimage\"},\"thumbnailUrl\":\"https:\/\/blogs.uninter.edu.mx\/difusioncultural\/wp-content\/uploads\/2014\/08\/zapata.jpg\",\"keywords\":[\"acontecimientos\",\"bachillerato\",\"becas culturales\",\"cultura\",\"difusi\u00f3n cultural\",\"historia\",\"intercambios\",\"Mexico\",\"prepa\",\"revoluci\u00f3n mexicana\",\"secundaria\",\"spanish school\",\"un dia como hoy\",\"uninter\",\"universidad internacional\"],\"articleSection\":[\"Personas interesantes\"],\"inLanguage\":\"es\"},{\"@type\":\"WebPage\",\"@id\":\"https:\/\/blogs.uninter.edu.mx\/difusioncultural\/?p=3106\",\"url\":\"https:\/\/blogs.uninter.edu.mx\/difusioncultural\/?p=3106\",\"name\":\"Conmemoraci\u00f3n del nacimiento de Emiliano zapata... - Difusi\u00f3n Cultural\",\"isPartOf\":{\"@id\":\"https:\/\/blogs.uninter.edu.mx\/difusioncultural\/#website\"},\"primaryImageOfPage\":{\"@id\":\"https:\/\/blogs.uninter.edu.mx\/difusioncultural\/?p=3106#primaryimage\"},\"image\":{\"@id\":\"https:\/\/blogs.uninter.edu.mx\/difusioncultural\/?p=3106#primaryimage\"},\"thumbnailUrl\":\"https:\/\/blogs.uninter.edu.mx\/difusioncultural\/wp-content\/uploads\/2014\/08\/zapata.jpg\",\"datePublished\":\"2014-08-08T08:00:44+00:00\",\"breadcrumb\":{\"@id\":\"https:\/\/blogs.uninter.edu.mx\/difusioncultural\/?p=3106#breadcrumb\"},\"inLanguage\":\"es\",\"potentialAction\":[{\"@type\":\"ReadAction\",\"target\":[\"https:\/\/blogs.uninter.edu.mx\/difusioncultural\/?p=3106\"]}]},{\"@type\":\"ImageObject\",\"inLanguage\":\"es\",\"@id\":\"https:\/\/blogs.uninter.edu.mx\/difusioncultural\/?p=3106#primaryimage\",\"url\":\"https:\/\/blogs.uninter.edu.mx\/difusioncultural\/wp-content\/uploads\/2014\/08\/zapata.jpg\",\"contentUrl\":\"https:\/\/blogs.uninter.edu.mx\/difusioncultural\/wp-content\/uploads\/2014\/08\/zapata.jpg\",\"width\":340,\"height\":279},{\"@type\":\"BreadcrumbList\",\"@id\":\"https:\/\/blogs.uninter.edu.mx\/difusioncultural\/?p=3106#breadcrumb\",\"itemListElement\":[{\"@type\":\"ListItem\",\"position\":1,\"name\":\"Inicio\",\"item\":\"https:\/\/blogs.uninter.edu.mx\/difusioncultural\/\"},{\"@type\":\"ListItem\",\"position\":2,\"name\":\"Conmemoraci\u00f3n del nacimiento de Emiliano zapata&#8230;\"}]},{\"@type\":\"WebSite\",\"@id\":\"https:\/\/blogs.uninter.edu.mx\/difusioncultural\/#website\",\"url\":\"https:\/\/blogs.uninter.edu.mx\/difusioncultural\/\",\"name\":\"Difusi\u00f3n Cultural\",\"description\":\"UNINTER\",\"publisher\":{\"@id\":\"https:\/\/blogs.uninter.edu.mx\/difusioncultural\/#organization\"},\"potentialAction\":[{\"@type\":\"SearchAction\",\"target\":{\"@type\":\"EntryPoint\",\"urlTemplate\":\"https:\/\/blogs.uninter.edu.mx\/difusioncultural\/?s={search_term_string}\"},\"query-input\":{\"@type\":\"PropertyValueSpecification\",\"valueRequired\":true,\"valueName\":\"search_term_string\"}}],\"inLanguage\":\"es\"},{\"@type\":\"Organization\",\"@id\":\"https:\/\/blogs.uninter.edu.mx\/difusioncultural\/#organization\",\"name\":\"Difusi\u00f3n Cultural\",\"url\":\"https:\/\/blogs.uninter.edu.mx\/difusioncultural\/\",\"logo\":{\"@type\":\"ImageObject\",\"inLanguage\":\"es\",\"@id\":\"https:\/\/blogs.uninter.edu.mx\/difusioncultural\/#\/schema\/logo\/image\/\",\"url\":\"https:\/\/blogs.uninter.edu.mx\/difusioncultural\/wp-content\/uploads\/2022\/09\/uninter.jpg\",\"contentUrl\":\"https:\/\/blogs.uninter.edu.mx\/difusioncultural\/wp-content\/uploads\/2022\/09\/uninter.jpg\",\"width\":2048,\"height\":2048,\"caption\":\"Difusi\u00f3n Cultural\"},\"image\":{\"@id\":\"https:\/\/blogs.uninter.edu.mx\/difusioncultural\/#\/schema\/logo\/image\/\"}},{\"@type\":\"Person\",\"@id\":\"https:\/\/blogs.uninter.edu.mx\/difusioncultural\/#\/schema\/person\/37a0926f4dd300a814993fd595abdc4a\",\"name\":\"webmaster\",\"image\":{\"@type\":\"ImageObject\",\"inLanguage\":\"es\",\"@id\":\"https:\/\/blogs.uninter.edu.mx\/difusioncultural\/#\/schema\/person\/image\/\",\"url\":\"https:\/\/secure.gravatar.com\/avatar\/a59c276b01147463ef3aab4118e3137ebc5e1ad6700deb39ccdf8b89e517f7dc?s=96&d=mm&r=g\",\"contentUrl\":\"https:\/\/secure.gravatar.com\/avatar\/a59c276b01147463ef3aab4118e3137ebc5e1ad6700deb39ccdf8b89e517f7dc?s=96&d=mm&r=g\",\"caption\":\"webmaster\"},\"sameAs\":[\"https:\/\/blogs.uninter.edu.mx\/difusioncultural\"],\"url\":\"https:\/\/blogs.uninter.edu.mx\/difusioncultural\/?author=1\"}]}<\/script>\r\n<!-- \/ Yoast SEO plugin. -->","yoast_head_json":{"title":"Conmemoraci\u00f3n del nacimiento de Emiliano zapata... - Difusi\u00f3n Cultural","robots":{"index":"index","follow":"follow","max-snippet":"max-snippet:-1","max-image-preview":"max-image-preview:large","max-video-preview":"max-video-preview:-1"},"canonical":"https:\/\/blogs.uninter.edu.mx\/difusioncultural\/?p=3106","og_locale":"es_MX","og_type":"article","og_title":"Conmemoraci\u00f3n del nacimiento de Emiliano zapata... - Difusi\u00f3n Cultural","og_description":"Este revolucionario agrarista mexicano naci\u00f3 el 8 de agosto de 1879 en San Miguel Anenecuilco, estado de Morelos (M\u00e9xico), en el seno de una familia de peque\u00f1os propietarios de tierras,\u00a0trabaj\u00f3 como pe\u00f3n y aparcero y recibi\u00f3 una pobre instrucci\u00f3n escolar. En 1902 ayud\u00f3 a las personas del pueblo de Yautepec (Morelos) que ten\u00edan problemas con&hellip;","og_url":"https:\/\/blogs.uninter.edu.mx\/difusioncultural\/?p=3106","og_site_name":"Difusi\u00f3n Cultural","article_published_time":"2014-08-08T08:00:44+00:00","og_image":[{"width":340,"height":279,"url":"https:\/\/blogs.uninter.edu.mx\/difusioncultural\/wp-content\/uploads\/2014\/08\/zapata.jpg","type":"image\/jpeg"}],"author":"webmaster","twitter_card":"summary_large_image","twitter_misc":{"Escrito por":"webmaster","Tiempo de lectura":"3 minutos"},"schema":{"@context":"https:\/\/schema.org","@graph":[{"@type":"Article","@id":"https:\/\/blogs.uninter.edu.mx\/difusioncultural\/?p=3106#article","isPartOf":{"@id":"https:\/\/blogs.uninter.edu.mx\/difusioncultural\/?p=3106"},"author":{"name":"webmaster","@id":"https:\/\/blogs.uninter.edu.mx\/difusioncultural\/#\/schema\/person\/37a0926f4dd300a814993fd595abdc4a"},"headline":"Conmemoraci\u00f3n del nacimiento de Emiliano zapata&#8230;","datePublished":"2014-08-08T08:00:44+00:00","mainEntityOfPage":{"@id":"https:\/\/blogs.uninter.edu.mx\/difusioncultural\/?p=3106"},"wordCount":543,"publisher":{"@id":"https:\/\/blogs.uninter.edu.mx\/difusioncultural\/#organization"},"image":{"@id":"https:\/\/blogs.uninter.edu.mx\/difusioncultural\/?p=3106#primaryimage"},"thumbnailUrl":"https:\/\/blogs.uninter.edu.mx\/difusioncultural\/wp-content\/uploads\/2014\/08\/zapata.jpg","keywords":["acontecimientos","bachillerato","becas culturales","cultura","difusi\u00f3n cultural","historia","intercambios","Mexico","prepa","revoluci\u00f3n mexicana","secundaria","spanish school","un dia como hoy","uninter","universidad internacional"],"articleSection":["Personas interesantes"],"inLanguage":"es"},{"@type":"WebPage","@id":"https:\/\/blogs.uninter.edu.mx\/difusioncultural\/?p=3106","url":"https:\/\/blogs.uninter.edu.mx\/difusioncultural\/?p=3106","name":"Conmemoraci\u00f3n del nacimiento de Emiliano zapata... - Difusi\u00f3n Cultural","isPartOf":{"@id":"https:\/\/blogs.uninter.edu.mx\/difusioncultural\/#website"},"primaryImageOfPage":{"@id":"https:\/\/blogs.uninter.edu.mx\/difusioncultural\/?p=3106#primaryimage"},"image":{"@id":"https:\/\/blogs.uninter.edu.mx\/difusioncultural\/?p=3106#primaryimage"},"thumbnailUrl":"https:\/\/blogs.uninter.edu.mx\/difusioncultural\/wp-content\/uploads\/2014\/08\/zapata.jpg","datePublished":"2014-08-08T08:00:44+00:00","breadcrumb":{"@id":"https:\/\/blogs.uninter.edu.mx\/difusioncultural\/?p=3106#breadcrumb"},"inLanguage":"es","potentialAction":[{"@type":"ReadAction","target":["https:\/\/blogs.uninter.edu.mx\/difusioncultural\/?p=3106"]}]},{"@type":"ImageObject","inLanguage":"es","@id":"https:\/\/blogs.uninter.edu.mx\/difusioncultural\/?p=3106#primaryimage","url":"https:\/\/blogs.uninter.edu.mx\/difusioncultural\/wp-content\/uploads\/2014\/08\/zapata.jpg","contentUrl":"https:\/\/blogs.uninter.edu.mx\/difusioncultural\/wp-content\/uploads\/2014\/08\/zapata.jpg","width":340,"height":279},{"@type":"BreadcrumbList","@id":"https:\/\/blogs.uninter.edu.mx\/difusioncultural\/?p=3106#breadcrumb","itemListElement":[{"@type":"ListItem","position":1,"name":"Inicio","item":"https:\/\/blogs.uninter.edu.mx\/difusioncultural\/"},{"@type":"ListItem","position":2,"name":"Conmemoraci\u00f3n del nacimiento de Emiliano zapata&#8230;"}]},{"@type":"WebSite","@id":"https:\/\/blogs.uninter.edu.mx\/difusioncultural\/#website","url":"https:\/\/blogs.uninter.edu.mx\/difusioncultural\/","name":"Difusi\u00f3n Cultural","description":"UNINTER","publisher":{"@id":"https:\/\/blogs.uninter.edu.mx\/difusioncultural\/#organization"},"potentialAction":[{"@type":"SearchAction","target":{"@type":"EntryPoint","urlTemplate":"https:\/\/blogs.uninter.edu.mx\/difusioncultural\/?s={search_term_string}"},"query-input":{"@type":"PropertyValueSpecification","valueRequired":true,"valueName":"search_term_string"}}],"inLanguage":"es"},{"@type":"Organization","@id":"https:\/\/blogs.uninter.edu.mx\/difusioncultural\/#organization","name":"Difusi\u00f3n Cultural","url":"https:\/\/blogs.uninter.edu.mx\/difusioncultural\/","logo":{"@type":"ImageObject","inLanguage":"es","@id":"https:\/\/blogs.uninter.edu.mx\/difusioncultural\/#\/schema\/logo\/image\/","url":"https:\/\/blogs.uninter.edu.mx\/difusioncultural\/wp-content\/uploads\/2022\/09\/uninter.jpg","contentUrl":"https:\/\/blogs.uninter.edu.mx\/difusioncultural\/wp-content\/uploads\/2022\/09\/uninter.jpg","width":2048,"height":2048,"caption":"Difusi\u00f3n Cultural"},"image":{"@id":"https:\/\/blogs.uninter.edu.mx\/difusioncultural\/#\/schema\/logo\/image\/"}},{"@type":"Person","@id":"https:\/\/blogs.uninter.edu.mx\/difusioncultural\/#\/schema\/person\/37a0926f4dd300a814993fd595abdc4a","name":"webmaster","image":{"@type":"ImageObject","inLanguage":"es","@id":"https:\/\/blogs.uninter.edu.mx\/difusioncultural\/#\/schema\/person\/image\/","url":"https:\/\/secure.gravatar.com\/avatar\/a59c276b01147463ef3aab4118e3137ebc5e1ad6700deb39ccdf8b89e517f7dc?s=96&d=mm&r=g","contentUrl":"https:\/\/secure.gravatar.com\/avatar\/a59c276b01147463ef3aab4118e3137ebc5e1ad6700deb39ccdf8b89e517f7dc?s=96&d=mm&r=g","caption":"webmaster"},"sameAs":["https:\/\/blogs.uninter.edu.mx\/difusioncultural"],"url":"https:\/\/blogs.uninter.edu.mx\/difusioncultural\/?author=1"}]}},"jetpack_publicize_connections":[],"jetpack_featured_media_url":"https:\/\/blogs.uninter.edu.mx\/difusioncultural\/wp-content\/uploads\/2014\/08\/zapata.jpg","jetpack_sharing_enabled":true,"_links":{"self":[{"href":"https:\/\/blogs.uninter.edu.mx\/difusioncultural\/index.php?rest_route=\/wp\/v2\/posts\/3106","targetHints":{"allow":["GET"]}}],"collection":[{"href":"https:\/\/blogs.uninter.edu.mx\/difusioncultural\/index.php?rest_route=\/wp\/v2\/posts"}],"about":[{"href":"https:\/\/blogs.uninter.edu.mx\/difusioncultural\/index.php?rest_route=\/wp\/v2\/types\/post"}],"author":[{"embeddable":true,"href":"https:\/\/blogs.uninter.edu.mx\/difusioncultural\/index.php?rest_route=\/wp\/v2\/users\/1"}],"replies":[{"embeddable":true,"href":"https:\/\/blogs.uninter.edu.mx\/difusioncultural\/index.php?rest_route=%2Fwp%2Fv2%2Fcomments&post=3106"}],"version-history":[{"count":0,"href":"https:\/\/blogs.uninter.edu.mx\/difusioncultural\/index.php?rest_route=\/wp\/v2\/posts\/3106\/revisions"}],"wp:featuredmedia":[{"embeddable":true,"href":"https:\/\/blogs.uninter.edu.mx\/difusioncultural\/index.php?rest_route=\/wp\/v2\/media\/3107"}],"wp:attachment":[{"href":"https:\/\/blogs.uninter.edu.mx\/difusioncultural\/index.php?rest_route=%2Fwp%2Fv2%2Fmedia&parent=3106"}],"wp:term":[{"taxonomy":"category","embeddable":true,"href":"https:\/\/blogs.uninter.edu.mx\/difusioncultural\/index.php?rest_route=%2Fwp%2Fv2%2Fcategories&post=3106"},{"taxonomy":"post_tag","embeddable":true,"href":"https:\/\/blogs.uninter.edu.mx\/difusioncultural\/index.php?rest_route=%2Fwp%2Fv2%2Ftags&post=3106"}],"curies":[{"name":"wp","href":"https:\/\/api.w.org\/{rel}","templated":true}]}}