{"id":3141,"date":"2014-08-28T20:37:43","date_gmt":"2014-08-28T20:37:43","guid":{"rendered":"http:\/\/difusionculturaluninter.wordpress.com\/?p=3141"},"modified":"2014-08-28T20:37:43","modified_gmt":"2014-08-28T20:37:43","slug":"se-acerca-una-de-las-fecha-mas-importante-para-los-mexicanos","status":"publish","type":"post","link":"https:\/\/blogs.uninter.edu.mx\/difusioncultural\/?p=3141","title":{"rendered":"Se acerca una de las fecha m\u00e1s importante para los Mexicanos&#8230;"},"content":{"rendered":"<p>Se acerca una fecha importante para los Mexicanos, la conmemoraci\u00f3n de la Independencia de M\u00e9xico,\u00a0importante movimiento que, en tan s\u00f3lo once a\u00f1os, le permiti\u00f3 al ej\u00e9rcito insurgente acabar con casi tres siglos de dominio espa\u00f1ol en nuestro territorio.<\/p>\n<div id=\"wrapper-note-content\">\n<p>El periodo de nuestra historia conocido como la <strong>Guerra de<\/strong> <strong>Independencia\u00a0<\/strong>empieza (estrictamente hablando) la madrugada del 16 de septiembre de 1810, con el\u00a0<strong>&#8220;Grito de Dolores&#8221; &#8211;\u00a0<\/strong>En Dolores, Guanajuato, lugar donde resid\u00eda<strong> Don\u00a0<\/strong><b>Miguel Hidalgo y Costilla<\/b> \u2013 Cura de Dolores, iniciador del movimiento de independencia en 1810. Aboli\u00f3 la esclavitud en un documento. Muri\u00f3 luego de ser traicionado por Ignacio Elizondo, su cabeza se coloc\u00f3 en una jaula que fue mandada al Estado de Guanajuato, siendo colocada en una de las esquinas de la Alh\u00f3ndiga de Granaditas, como escarmiento para futuros levantamientos.<\/p>\n<p><a href=\"https:\/\/blogs.uninter.edu.mx\/difusioncultural\/wp-content\/uploads\/2014\/08\/hidalgo.jpg\"><img fetchpriority=\"high\" decoding=\"async\" class=\"alignnone size-medium wp-image-3145\" src=\"https:\/\/blogs.uninter.edu.mx\/difusioncultural\/wp-content\/uploads\/2014\/08\/hidalgo.jpg?w=300\" alt=\"hidalgo\" width=\"300\" height=\"277\" \/><\/a><\/p>\n<p>Miguel Hidalgo\u00a0es el m\u00e1s reconocido en la primer etapa de este movimiento contra los espa\u00f1oles, fue este personaje quien\u00a0dio el llamado<\/p>\n<p align=\"justify\">Elegido Hidalgo como jefe de los conjuradores, es decir, de quienes estaban descontentos con el r\u00e9gimen espa\u00f1ol, y enter\u00e1ndose por do\u00f1a Josefa Ortiz de Dom\u00ednguez que el corregidor hab\u00eda dispuesto la aprehensi\u00f3n de los conjurados, decidi\u00f3 lanzarse a la lucha por la independencia.<\/p>\n<p align=\"justify\">Hidalgo, acompa\u00f1ado de Allende, Aldama y otros m\u00e1s que eran de su confianza, el 15 de septiembre de 1810 se dirigi\u00f3 a la c\u00e1rcel p\u00fablica y puso en libertad a los presos, pero aprehendi\u00f3 a los europeos. Hecho todo esto mand\u00f3 llamar a misa en la madrugada del d\u00eda 16, a la cual asistieron muchos fieles del pueblo y de sus alrededores, all\u00ed les mencion\u00f3 las ventajas que traer\u00eda la independencia. Ante esto, la multitud entusiasmada grit\u00f3:<\/p>\n<p align=\"justify\"><strong>\u00a1Viva la independencia! \u00a1Muera el mal gobierno!<\/strong><\/p>\n<p align=\"justify\">A la arenga que Miguel Hidalgo y Costilla dirigi\u00f3 esa madrugada del 16 de septiembre de 1810 se le conoce como &#8220;Grito de Independencia&#8221; y fue as\u00ed como comenz\u00f3 la guerra insurgente o guerra de independencia.<\/p>\n<p align=\"justify\"><a href=\"https:\/\/blogs.uninter.edu.mx\/difusioncultural\/wp-content\/uploads\/2014\/08\/miguel_hidalgo_y_costilla___grito_de_dolores_by_genzoman-d5f04h2.jpg\"><img decoding=\"async\" class=\"alignnone size-medium wp-image-3144\" src=\"https:\/\/blogs.uninter.edu.mx\/difusioncultural\/wp-content\/uploads\/2014\/08\/miguel_hidalgo_y_costilla___grito_de_dolores_by_genzoman-d5f04h2.jpg?w=300\" alt=\"miguel_hidalgo_y_costilla___grito_de_dolores_by_genzoman-d5f04h2\" width=\"300\" height=\"300\" \/><\/a><\/p>\n<\/div>\n","protected":false},"excerpt":{"rendered":"<p>Se acerca una fecha importante para los Mexicanos, la conmemoraci\u00f3n de la Independencia de M\u00e9xico,\u00a0importante movimiento que, en tan s\u00f3lo once a\u00f1os, le permiti\u00f3 al ej\u00e9rcito insurgente acabar con casi tres siglos de dominio espa\u00f1ol en nuestro territorio. El periodo de nuestra historia conocido como la Guerra de Independencia\u00a0empieza (estrictamente hablando) la madrugada del 16&hellip;<\/p>\n","protected":false},"author":1,"featured_media":3144,"comment_status":"closed","ping_status":"open","sticky":false,"template":"","format":"standard","meta":{"_jetpack_memberships_contains_paid_content":false,"footnotes":"","jetpack_publicize_message":"","jetpack_publicize_feature_enabled":true,"jetpack_social_post_already_shared":false,"jetpack_social_options":{"image_generator_settings":{"template":"highway","default_image_id":0,"font":"","enabled":false},"version":2}},"categories":[1],"tags":[20,26,36,41,93,94,108,113,137,151,163,204,255,277,280,303,305],"class_list":["post-3141","post","type-post","status-publish","format-standard","has-post-thumbnail","hentry","category-sin-categoria","tag-15-de-septiembre","tag-acontecimientos","tag-bachillerato","tag-becas-culturales","tag-cultura","tag-cultura-de-la-paz","tag-dia-de-la-independencia-uninter","tag-difusion-cultural","tag-festejos-patrios-uninter","tag-historia","tag-intercambios","tag-mexico","tag-prepa","tag-secundaria","tag-spanish-school","tag-uninter","tag-universidad-internacional"],"yoast_head":"<!-- This site is optimized with the Yoast SEO plugin v26.3 - https:\/\/yoast.com\/wordpress\/plugins\/seo\/ -->\r\n<title>Se acerca una de las fecha m\u00e1s importante para los Mexicanos... - Difusi\u00f3n Cultural<\/title>\r\n<meta name=\"robots\" content=\"index, follow, max-snippet:-1, max-image-preview:large, max-video-preview:-1\" \/>\r\n<link rel=\"canonical\" href=\"https:\/\/blogs.uninter.edu.mx\/difusioncultural\/?p=3141\" \/>\r\n<meta property=\"og:locale\" content=\"es_MX\" \/>\r\n<meta property=\"og:type\" content=\"article\" \/>\r\n<meta property=\"og:title\" content=\"Se acerca una de las fecha m\u00e1s importante para los Mexicanos... - Difusi\u00f3n Cultural\" \/>\r\n<meta property=\"og:description\" content=\"Se acerca una fecha importante para los Mexicanos, la conmemoraci\u00f3n de la Independencia de M\u00e9xico,\u00a0importante movimiento que, en tan s\u00f3lo once a\u00f1os, le permiti\u00f3 al ej\u00e9rcito insurgente acabar con casi tres siglos de dominio espa\u00f1ol en nuestro territorio. El periodo de nuestra historia conocido como la Guerra de Independencia\u00a0empieza (estrictamente hablando) la madrugada del 16&hellip;\" \/>\r\n<meta property=\"og:url\" content=\"https:\/\/blogs.uninter.edu.mx\/difusioncultural\/?p=3141\" \/>\r\n<meta property=\"og:site_name\" content=\"Difusi\u00f3n Cultural\" \/>\r\n<meta property=\"article:published_time\" content=\"2014-08-28T20:37:43+00:00\" \/>\r\n<meta property=\"og:image\" content=\"https:\/\/blogs.uninter.edu.mx\/difusioncultural\/wp-content\/uploads\/2014\/08\/miguel_hidalgo_y_costilla___grito_de_dolores_by_genzoman-d5f04h2.jpg\" \/>\r\n\t<meta property=\"og:image:width\" content=\"900\" \/>\r\n\t<meta property=\"og:image:height\" content=\"900\" \/>\r\n\t<meta property=\"og:image:type\" content=\"image\/jpeg\" \/>\r\n<meta name=\"author\" content=\"webmaster\" \/>\r\n<meta name=\"twitter:card\" content=\"summary_large_image\" \/>\r\n<meta name=\"twitter:label1\" content=\"Escrito por\" \/>\n\t<meta name=\"twitter:data1\" content=\"webmaster\" \/>\n\t<meta name=\"twitter:label2\" content=\"Tiempo de lectura\" \/>\n\t<meta name=\"twitter:data2\" content=\"2 minutos\" \/>\r\n<script type=\"application\/ld+json\" class=\"yoast-schema-graph\">{\"@context\":\"https:\/\/schema.org\",\"@graph\":[{\"@type\":\"Article\",\"@id\":\"https:\/\/blogs.uninter.edu.mx\/difusioncultural\/?p=3141#article\",\"isPartOf\":{\"@id\":\"https:\/\/blogs.uninter.edu.mx\/difusioncultural\/?p=3141\"},\"author\":{\"name\":\"webmaster\",\"@id\":\"https:\/\/blogs.uninter.edu.mx\/difusioncultural\/#\/schema\/person\/37a0926f4dd300a814993fd595abdc4a\"},\"headline\":\"Se acerca una de las fecha m\u00e1s importante para los Mexicanos&#8230;\",\"datePublished\":\"2014-08-28T20:37:43+00:00\",\"mainEntityOfPage\":{\"@id\":\"https:\/\/blogs.uninter.edu.mx\/difusioncultural\/?p=3141\"},\"wordCount\":346,\"publisher\":{\"@id\":\"https:\/\/blogs.uninter.edu.mx\/difusioncultural\/#organization\"},\"image\":{\"@id\":\"https:\/\/blogs.uninter.edu.mx\/difusioncultural\/?p=3141#primaryimage\"},\"thumbnailUrl\":\"https:\/\/blogs.uninter.edu.mx\/difusioncultural\/wp-content\/uploads\/2014\/08\/miguel_hidalgo_y_costilla___grito_de_dolores_by_genzoman-d5f04h2.jpg\",\"keywords\":[\"15 DE SEPTIEMBRE\",\"acontecimientos\",\"bachillerato\",\"becas culturales\",\"cultura\",\"cultura de la paz\",\"dia de la independencia uninter\",\"difusi\u00f3n cultural\",\"festejos patrios uninter\",\"historia\",\"intercambios\",\"Mexico\",\"prepa\",\"secundaria\",\"spanish school\",\"uninter\",\"universidad internacional\"],\"inLanguage\":\"es\"},{\"@type\":\"WebPage\",\"@id\":\"https:\/\/blogs.uninter.edu.mx\/difusioncultural\/?p=3141\",\"url\":\"https:\/\/blogs.uninter.edu.mx\/difusioncultural\/?p=3141\",\"name\":\"Se acerca una de las fecha m\u00e1s importante para los Mexicanos... - Difusi\u00f3n Cultural\",\"isPartOf\":{\"@id\":\"https:\/\/blogs.uninter.edu.mx\/difusioncultural\/#website\"},\"primaryImageOfPage\":{\"@id\":\"https:\/\/blogs.uninter.edu.mx\/difusioncultural\/?p=3141#primaryimage\"},\"image\":{\"@id\":\"https:\/\/blogs.uninter.edu.mx\/difusioncultural\/?p=3141#primaryimage\"},\"thumbnailUrl\":\"https:\/\/blogs.uninter.edu.mx\/difusioncultural\/wp-content\/uploads\/2014\/08\/miguel_hidalgo_y_costilla___grito_de_dolores_by_genzoman-d5f04h2.jpg\",\"datePublished\":\"2014-08-28T20:37:43+00:00\",\"breadcrumb\":{\"@id\":\"https:\/\/blogs.uninter.edu.mx\/difusioncultural\/?p=3141#breadcrumb\"},\"inLanguage\":\"es\",\"potentialAction\":[{\"@type\":\"ReadAction\",\"target\":[\"https:\/\/blogs.uninter.edu.mx\/difusioncultural\/?p=3141\"]}]},{\"@type\":\"ImageObject\",\"inLanguage\":\"es\",\"@id\":\"https:\/\/blogs.uninter.edu.mx\/difusioncultural\/?p=3141#primaryimage\",\"url\":\"https:\/\/blogs.uninter.edu.mx\/difusioncultural\/wp-content\/uploads\/2014\/08\/miguel_hidalgo_y_costilla___grito_de_dolores_by_genzoman-d5f04h2.jpg\",\"contentUrl\":\"https:\/\/blogs.uninter.edu.mx\/difusioncultural\/wp-content\/uploads\/2014\/08\/miguel_hidalgo_y_costilla___grito_de_dolores_by_genzoman-d5f04h2.jpg\",\"width\":900,\"height\":900},{\"@type\":\"BreadcrumbList\",\"@id\":\"https:\/\/blogs.uninter.edu.mx\/difusioncultural\/?p=3141#breadcrumb\",\"itemListElement\":[{\"@type\":\"ListItem\",\"position\":1,\"name\":\"Inicio\",\"item\":\"https:\/\/blogs.uninter.edu.mx\/difusioncultural\/\"},{\"@type\":\"ListItem\",\"position\":2,\"name\":\"Se acerca una de las fecha m\u00e1s importante para los Mexicanos&#8230;\"}]},{\"@type\":\"WebSite\",\"@id\":\"https:\/\/blogs.uninter.edu.mx\/difusioncultural\/#website\",\"url\":\"https:\/\/blogs.uninter.edu.mx\/difusioncultural\/\",\"name\":\"Difusi\u00f3n Cultural\",\"description\":\"UNINTER\",\"publisher\":{\"@id\":\"https:\/\/blogs.uninter.edu.mx\/difusioncultural\/#organization\"},\"potentialAction\":[{\"@type\":\"SearchAction\",\"target\":{\"@type\":\"EntryPoint\",\"urlTemplate\":\"https:\/\/blogs.uninter.edu.mx\/difusioncultural\/?s={search_term_string}\"},\"query-input\":{\"@type\":\"PropertyValueSpecification\",\"valueRequired\":true,\"valueName\":\"search_term_string\"}}],\"inLanguage\":\"es\"},{\"@type\":\"Organization\",\"@id\":\"https:\/\/blogs.uninter.edu.mx\/difusioncultural\/#organization\",\"name\":\"Difusi\u00f3n Cultural\",\"url\":\"https:\/\/blogs.uninter.edu.mx\/difusioncultural\/\",\"logo\":{\"@type\":\"ImageObject\",\"inLanguage\":\"es\",\"@id\":\"https:\/\/blogs.uninter.edu.mx\/difusioncultural\/#\/schema\/logo\/image\/\",\"url\":\"https:\/\/blogs.uninter.edu.mx\/difusioncultural\/wp-content\/uploads\/2022\/09\/uninter.jpg\",\"contentUrl\":\"https:\/\/blogs.uninter.edu.mx\/difusioncultural\/wp-content\/uploads\/2022\/09\/uninter.jpg\",\"width\":2048,\"height\":2048,\"caption\":\"Difusi\u00f3n Cultural\"},\"image\":{\"@id\":\"https:\/\/blogs.uninter.edu.mx\/difusioncultural\/#\/schema\/logo\/image\/\"}},{\"@type\":\"Person\",\"@id\":\"https:\/\/blogs.uninter.edu.mx\/difusioncultural\/#\/schema\/person\/37a0926f4dd300a814993fd595abdc4a\",\"name\":\"webmaster\",\"image\":{\"@type\":\"ImageObject\",\"inLanguage\":\"es\",\"@id\":\"https:\/\/blogs.uninter.edu.mx\/difusioncultural\/#\/schema\/person\/image\/\",\"url\":\"https:\/\/secure.gravatar.com\/avatar\/a59c276b01147463ef3aab4118e3137ebc5e1ad6700deb39ccdf8b89e517f7dc?s=96&d=mm&r=g\",\"contentUrl\":\"https:\/\/secure.gravatar.com\/avatar\/a59c276b01147463ef3aab4118e3137ebc5e1ad6700deb39ccdf8b89e517f7dc?s=96&d=mm&r=g\",\"caption\":\"webmaster\"},\"sameAs\":[\"https:\/\/blogs.uninter.edu.mx\/difusioncultural\"],\"url\":\"https:\/\/blogs.uninter.edu.mx\/difusioncultural\/?author=1\"}]}<\/script>\r\n<!-- \/ Yoast SEO plugin. -->","yoast_head_json":{"title":"Se acerca una de las fecha m\u00e1s importante para los Mexicanos... - Difusi\u00f3n Cultural","robots":{"index":"index","follow":"follow","max-snippet":"max-snippet:-1","max-image-preview":"max-image-preview:large","max-video-preview":"max-video-preview:-1"},"canonical":"https:\/\/blogs.uninter.edu.mx\/difusioncultural\/?p=3141","og_locale":"es_MX","og_type":"article","og_title":"Se acerca una de las fecha m\u00e1s importante para los Mexicanos... - Difusi\u00f3n Cultural","og_description":"Se acerca una fecha importante para los Mexicanos, la conmemoraci\u00f3n de la Independencia de M\u00e9xico,\u00a0importante movimiento que, en tan s\u00f3lo once a\u00f1os, le permiti\u00f3 al ej\u00e9rcito insurgente acabar con casi tres siglos de dominio espa\u00f1ol en nuestro territorio. El periodo de nuestra historia conocido como la Guerra de Independencia\u00a0empieza (estrictamente hablando) la madrugada del 16&hellip;","og_url":"https:\/\/blogs.uninter.edu.mx\/difusioncultural\/?p=3141","og_site_name":"Difusi\u00f3n Cultural","article_published_time":"2014-08-28T20:37:43+00:00","og_image":[{"width":900,"height":900,"url":"https:\/\/blogs.uninter.edu.mx\/difusioncultural\/wp-content\/uploads\/2014\/08\/miguel_hidalgo_y_costilla___grito_de_dolores_by_genzoman-d5f04h2.jpg","type":"image\/jpeg"}],"author":"webmaster","twitter_card":"summary_large_image","twitter_misc":{"Escrito por":"webmaster","Tiempo de lectura":"2 minutos"},"schema":{"@context":"https:\/\/schema.org","@graph":[{"@type":"Article","@id":"https:\/\/blogs.uninter.edu.mx\/difusioncultural\/?p=3141#article","isPartOf":{"@id":"https:\/\/blogs.uninter.edu.mx\/difusioncultural\/?p=3141"},"author":{"name":"webmaster","@id":"https:\/\/blogs.uninter.edu.mx\/difusioncultural\/#\/schema\/person\/37a0926f4dd300a814993fd595abdc4a"},"headline":"Se acerca una de las fecha m\u00e1s importante para los Mexicanos&#8230;","datePublished":"2014-08-28T20:37:43+00:00","mainEntityOfPage":{"@id":"https:\/\/blogs.uninter.edu.mx\/difusioncultural\/?p=3141"},"wordCount":346,"publisher":{"@id":"https:\/\/blogs.uninter.edu.mx\/difusioncultural\/#organization"},"image":{"@id":"https:\/\/blogs.uninter.edu.mx\/difusioncultural\/?p=3141#primaryimage"},"thumbnailUrl":"https:\/\/blogs.uninter.edu.mx\/difusioncultural\/wp-content\/uploads\/2014\/08\/miguel_hidalgo_y_costilla___grito_de_dolores_by_genzoman-d5f04h2.jpg","keywords":["15 DE SEPTIEMBRE","acontecimientos","bachillerato","becas culturales","cultura","cultura de la paz","dia de la independencia uninter","difusi\u00f3n cultural","festejos patrios uninter","historia","intercambios","Mexico","prepa","secundaria","spanish school","uninter","universidad internacional"],"inLanguage":"es"},{"@type":"WebPage","@id":"https:\/\/blogs.uninter.edu.mx\/difusioncultural\/?p=3141","url":"https:\/\/blogs.uninter.edu.mx\/difusioncultural\/?p=3141","name":"Se acerca una de las fecha m\u00e1s importante para los Mexicanos... - Difusi\u00f3n Cultural","isPartOf":{"@id":"https:\/\/blogs.uninter.edu.mx\/difusioncultural\/#website"},"primaryImageOfPage":{"@id":"https:\/\/blogs.uninter.edu.mx\/difusioncultural\/?p=3141#primaryimage"},"image":{"@id":"https:\/\/blogs.uninter.edu.mx\/difusioncultural\/?p=3141#primaryimage"},"thumbnailUrl":"https:\/\/blogs.uninter.edu.mx\/difusioncultural\/wp-content\/uploads\/2014\/08\/miguel_hidalgo_y_costilla___grito_de_dolores_by_genzoman-d5f04h2.jpg","datePublished":"2014-08-28T20:37:43+00:00","breadcrumb":{"@id":"https:\/\/blogs.uninter.edu.mx\/difusioncultural\/?p=3141#breadcrumb"},"inLanguage":"es","potentialAction":[{"@type":"ReadAction","target":["https:\/\/blogs.uninter.edu.mx\/difusioncultural\/?p=3141"]}]},{"@type":"ImageObject","inLanguage":"es","@id":"https:\/\/blogs.uninter.edu.mx\/difusioncultural\/?p=3141#primaryimage","url":"https:\/\/blogs.uninter.edu.mx\/difusioncultural\/wp-content\/uploads\/2014\/08\/miguel_hidalgo_y_costilla___grito_de_dolores_by_genzoman-d5f04h2.jpg","contentUrl":"https:\/\/blogs.uninter.edu.mx\/difusioncultural\/wp-content\/uploads\/2014\/08\/miguel_hidalgo_y_costilla___grito_de_dolores_by_genzoman-d5f04h2.jpg","width":900,"height":900},{"@type":"BreadcrumbList","@id":"https:\/\/blogs.uninter.edu.mx\/difusioncultural\/?p=3141#breadcrumb","itemListElement":[{"@type":"ListItem","position":1,"name":"Inicio","item":"https:\/\/blogs.uninter.edu.mx\/difusioncultural\/"},{"@type":"ListItem","position":2,"name":"Se acerca una de las fecha m\u00e1s importante para los Mexicanos&#8230;"}]},{"@type":"WebSite","@id":"https:\/\/blogs.uninter.edu.mx\/difusioncultural\/#website","url":"https:\/\/blogs.uninter.edu.mx\/difusioncultural\/","name":"Difusi\u00f3n Cultural","description":"UNINTER","publisher":{"@id":"https:\/\/blogs.uninter.edu.mx\/difusioncultural\/#organization"},"potentialAction":[{"@type":"SearchAction","target":{"@type":"EntryPoint","urlTemplate":"https:\/\/blogs.uninter.edu.mx\/difusioncultural\/?s={search_term_string}"},"query-input":{"@type":"PropertyValueSpecification","valueRequired":true,"valueName":"search_term_string"}}],"inLanguage":"es"},{"@type":"Organization","@id":"https:\/\/blogs.uninter.edu.mx\/difusioncultural\/#organization","name":"Difusi\u00f3n Cultural","url":"https:\/\/blogs.uninter.edu.mx\/difusioncultural\/","logo":{"@type":"ImageObject","inLanguage":"es","@id":"https:\/\/blogs.uninter.edu.mx\/difusioncultural\/#\/schema\/logo\/image\/","url":"https:\/\/blogs.uninter.edu.mx\/difusioncultural\/wp-content\/uploads\/2022\/09\/uninter.jpg","contentUrl":"https:\/\/blogs.uninter.edu.mx\/difusioncultural\/wp-content\/uploads\/2022\/09\/uninter.jpg","width":2048,"height":2048,"caption":"Difusi\u00f3n Cultural"},"image":{"@id":"https:\/\/blogs.uninter.edu.mx\/difusioncultural\/#\/schema\/logo\/image\/"}},{"@type":"Person","@id":"https:\/\/blogs.uninter.edu.mx\/difusioncultural\/#\/schema\/person\/37a0926f4dd300a814993fd595abdc4a","name":"webmaster","image":{"@type":"ImageObject","inLanguage":"es","@id":"https:\/\/blogs.uninter.edu.mx\/difusioncultural\/#\/schema\/person\/image\/","url":"https:\/\/secure.gravatar.com\/avatar\/a59c276b01147463ef3aab4118e3137ebc5e1ad6700deb39ccdf8b89e517f7dc?s=96&d=mm&r=g","contentUrl":"https:\/\/secure.gravatar.com\/avatar\/a59c276b01147463ef3aab4118e3137ebc5e1ad6700deb39ccdf8b89e517f7dc?s=96&d=mm&r=g","caption":"webmaster"},"sameAs":["https:\/\/blogs.uninter.edu.mx\/difusioncultural"],"url":"https:\/\/blogs.uninter.edu.mx\/difusioncultural\/?author=1"}]}},"jetpack_publicize_connections":[],"jetpack_featured_media_url":"https:\/\/blogs.uninter.edu.mx\/difusioncultural\/wp-content\/uploads\/2014\/08\/miguel_hidalgo_y_costilla___grito_de_dolores_by_genzoman-d5f04h2.jpg","jetpack_sharing_enabled":true,"_links":{"self":[{"href":"https:\/\/blogs.uninter.edu.mx\/difusioncultural\/index.php?rest_route=\/wp\/v2\/posts\/3141","targetHints":{"allow":["GET"]}}],"collection":[{"href":"https:\/\/blogs.uninter.edu.mx\/difusioncultural\/index.php?rest_route=\/wp\/v2\/posts"}],"about":[{"href":"https:\/\/blogs.uninter.edu.mx\/difusioncultural\/index.php?rest_route=\/wp\/v2\/types\/post"}],"author":[{"embeddable":true,"href":"https:\/\/blogs.uninter.edu.mx\/difusioncultural\/index.php?rest_route=\/wp\/v2\/users\/1"}],"replies":[{"embeddable":true,"href":"https:\/\/blogs.uninter.edu.mx\/difusioncultural\/index.php?rest_route=%2Fwp%2Fv2%2Fcomments&post=3141"}],"version-history":[{"count":0,"href":"https:\/\/blogs.uninter.edu.mx\/difusioncultural\/index.php?rest_route=\/wp\/v2\/posts\/3141\/revisions"}],"wp:featuredmedia":[{"embeddable":true,"href":"https:\/\/blogs.uninter.edu.mx\/difusioncultural\/index.php?rest_route=\/wp\/v2\/media\/3144"}],"wp:attachment":[{"href":"https:\/\/blogs.uninter.edu.mx\/difusioncultural\/index.php?rest_route=%2Fwp%2Fv2%2Fmedia&parent=3141"}],"wp:term":[{"taxonomy":"category","embeddable":true,"href":"https:\/\/blogs.uninter.edu.mx\/difusioncultural\/index.php?rest_route=%2Fwp%2Fv2%2Fcategories&post=3141"},{"taxonomy":"post_tag","embeddable":true,"href":"https:\/\/blogs.uninter.edu.mx\/difusioncultural\/index.php?rest_route=%2Fwp%2Fv2%2Ftags&post=3141"}],"curies":[{"name":"wp","href":"https:\/\/api.w.org\/{rel}","templated":true}]}}