{"id":3160,"date":"2014-09-03T14:20:21","date_gmt":"2014-09-03T14:20:21","guid":{"rendered":"http:\/\/difusionculturaluninter.wordpress.com\/?p=3160"},"modified":"2014-09-03T14:20:21","modified_gmt":"2014-09-03T14:20:21","slug":"jose-maria-morelos-y-pavon","status":"publish","type":"post","link":"https:\/\/blogs.uninter.edu.mx\/difusioncultural\/?p=3160","title":{"rendered":"Jos\u00e9 Mar\u00eda Morelos y Pav\u00f3n"},"content":{"rendered":"<p align=\"justify\"><a href=\"https:\/\/blogs.uninter.edu.mx\/difusioncultural\/wp-content\/uploads\/2014\/09\/morelos-sentimientos.jpg\"><img fetchpriority=\"high\" decoding=\"async\" class=\"size-medium wp-image-3161 aligncenter\" src=\"https:\/\/blogs.uninter.edu.mx\/difusioncultural\/wp-content\/uploads\/2014\/09\/morelos-sentimientos.jpg?w=221\" alt=\"morelos-sentimientos\" width=\"221\" height=\"300\" \/><\/a><\/p>\n<p style=\"text-align:center;\" align=\"justify\"><b>Jos\u00e9 Mar\u00eda Morelos y Pav\u00f3n<\/b><\/p>\n<p style=\"text-align:left;\" align=\"justify\">Naci\u00f3 el 30 de septiembre de 1765 en Valladolid (hoy Morelia). En 1795 ingres\u00f3 al Colegio de San Nicol\u00e1s regido por Miguel Hidalgo, fue ordenado sacerdote en 1799 y lleg\u00f3 a ser p\u00e1rroco de los pueblos de Car\u00e1cuaro y Necupetaro. Al enterarse de la lucha por la Independencia se present\u00f3 ante Hidalgo para ofrecer sus servicios como sacerdote, y \u00e9ste le encomend\u00f3 que extendiera el movimiento por el sur del pa\u00eds y tomara Acapulco.<\/p>\n<p style=\"text-align:left;\" align=\"justify\">De sus brillantes hechos de armas destaca el Sitio de Cuautla, donde resisti\u00f3 m\u00e1s de dos meses a las fuerzas de F\u00e9lix Maria Calleja. El 13 de septiembre de 1813 convoc\u00f3 e instal\u00f3 el primer Congreso en Chilpancingo,\u00a0que sustituy\u00f3 a la junta de Zit\u00e1cuaro y por primera vez en un documentos escrito se habl\u00f3 de total independencia de Espa\u00f1a. En este\u00a0expres\u00f3 a los congresistas su ideario pol\u00edtico: Sentimientos de la Naci\u00f3n, recibe el nombramiento de general\u00edsimo con el tratamiento de alteza, que declin\u00f3 para adoptar el de Siervo de le Naci\u00f3n.<\/p>\n<p style=\"text-align:left;\" align=\"justify\">Derrotado en Tezmalaca el 5 de noviembre de 1815, fue sometido ajuicio ante la Inquisici\u00f3n, que lo degrad\u00f3 p\u00fablicamente y conden\u00f3 a muerte. Morelos fue fusilado el 22 de diciembre de 1815 en San Crist\u00f3bal Ecatepec.<\/p>\n","protected":false},"excerpt":{"rendered":"<p>Jos\u00e9 Mar\u00eda Morelos y Pav\u00f3n Naci\u00f3 el 30 de septiembre de 1765 en Valladolid (hoy Morelia). En 1795 ingres\u00f3 al Colegio de San Nicol\u00e1s regido por Miguel Hidalgo, fue ordenado sacerdote en 1799 y lleg\u00f3 a ser p\u00e1rroco de los pueblos de Car\u00e1cuaro y Necupetaro. Al enterarse de la lucha por la Independencia se present\u00f3&hellip;<\/p>\n","protected":false},"author":1,"featured_media":3161,"comment_status":"closed","ping_status":"open","sticky":false,"template":"","format":"standard","meta":{"_jetpack_memberships_contains_paid_content":false,"footnotes":"","jetpack_publicize_message":"","jetpack_publicize_feature_enabled":true,"jetpack_social_post_already_shared":false,"jetpack_social_options":{"image_generator_settings":{"template":"highway","default_image_id":0,"font":"","enabled":false},"version":2}},"categories":[13],"tags":[20,26,36,41,93,108,113,151,163,204,255,277,280,303,305],"class_list":["post-3160","post","type-post","status-publish","format-standard","has-post-thumbnail","hentry","category-personas-interesantes","tag-15-de-septiembre","tag-acontecimientos","tag-bachillerato","tag-becas-culturales","tag-cultura","tag-dia-de-la-independencia-uninter","tag-difusion-cultural","tag-historia","tag-intercambios","tag-mexico","tag-prepa","tag-secundaria","tag-spanish-school","tag-uninter","tag-universidad-internacional"],"yoast_head":"<!-- This site is optimized with the Yoast SEO plugin v26.3 - https:\/\/yoast.com\/wordpress\/plugins\/seo\/ -->\r\n<title>Jos\u00e9 Mar\u00eda Morelos y Pav\u00f3n - Difusi\u00f3n Cultural<\/title>\r\n<meta name=\"robots\" content=\"index, follow, max-snippet:-1, max-image-preview:large, max-video-preview:-1\" \/>\r\n<link rel=\"canonical\" href=\"https:\/\/blogs.uninter.edu.mx\/difusioncultural\/?p=3160\" \/>\r\n<meta property=\"og:locale\" content=\"es_MX\" \/>\r\n<meta property=\"og:type\" content=\"article\" \/>\r\n<meta property=\"og:title\" content=\"Jos\u00e9 Mar\u00eda Morelos y Pav\u00f3n - Difusi\u00f3n Cultural\" \/>\r\n<meta property=\"og:description\" content=\"Jos\u00e9 Mar\u00eda Morelos y Pav\u00f3n Naci\u00f3 el 30 de septiembre de 1765 en Valladolid (hoy Morelia). En 1795 ingres\u00f3 al Colegio de San Nicol\u00e1s regido por Miguel Hidalgo, fue ordenado sacerdote en 1799 y lleg\u00f3 a ser p\u00e1rroco de los pueblos de Car\u00e1cuaro y Necupetaro. Al enterarse de la lucha por la Independencia se present\u00f3&hellip;\" \/>\r\n<meta property=\"og:url\" content=\"https:\/\/blogs.uninter.edu.mx\/difusioncultural\/?p=3160\" \/>\r\n<meta property=\"og:site_name\" content=\"Difusi\u00f3n Cultural\" \/>\r\n<meta property=\"article:published_time\" content=\"2014-09-03T14:20:21+00:00\" \/>\r\n<meta property=\"og:image\" content=\"https:\/\/blogs.uninter.edu.mx\/difusioncultural\/wp-content\/uploads\/2014\/09\/morelos-sentimientos.jpg\" \/>\r\n\t<meta property=\"og:image:width\" content=\"317\" \/>\r\n\t<meta property=\"og:image:height\" content=\"430\" \/>\r\n\t<meta property=\"og:image:type\" content=\"image\/jpeg\" \/>\r\n<meta name=\"author\" content=\"webmaster\" \/>\r\n<meta name=\"twitter:card\" content=\"summary_large_image\" \/>\r\n<meta name=\"twitter:label1\" content=\"Escrito por\" \/>\n\t<meta name=\"twitter:data1\" content=\"webmaster\" \/>\n\t<meta name=\"twitter:label2\" content=\"Tiempo de lectura\" \/>\n\t<meta name=\"twitter:data2\" content=\"1 minuto\" \/>\r\n<script type=\"application\/ld+json\" class=\"yoast-schema-graph\">{\"@context\":\"https:\/\/schema.org\",\"@graph\":[{\"@type\":\"Article\",\"@id\":\"https:\/\/blogs.uninter.edu.mx\/difusioncultural\/?p=3160#article\",\"isPartOf\":{\"@id\":\"https:\/\/blogs.uninter.edu.mx\/difusioncultural\/?p=3160\"},\"author\":{\"name\":\"webmaster\",\"@id\":\"https:\/\/blogs.uninter.edu.mx\/difusioncultural\/#\/schema\/person\/37a0926f4dd300a814993fd595abdc4a\"},\"headline\":\"Jos\u00e9 Mar\u00eda Morelos y Pav\u00f3n\",\"datePublished\":\"2014-09-03T14:20:21+00:00\",\"mainEntityOfPage\":{\"@id\":\"https:\/\/blogs.uninter.edu.mx\/difusioncultural\/?p=3160\"},\"wordCount\":222,\"publisher\":{\"@id\":\"https:\/\/blogs.uninter.edu.mx\/difusioncultural\/#organization\"},\"image\":{\"@id\":\"https:\/\/blogs.uninter.edu.mx\/difusioncultural\/?p=3160#primaryimage\"},\"thumbnailUrl\":\"https:\/\/blogs.uninter.edu.mx\/difusioncultural\/wp-content\/uploads\/2014\/09\/morelos-sentimientos.jpg\",\"keywords\":[\"15 DE SEPTIEMBRE\",\"acontecimientos\",\"bachillerato\",\"becas culturales\",\"cultura\",\"dia de la independencia uninter\",\"difusi\u00f3n cultural\",\"historia\",\"intercambios\",\"Mexico\",\"prepa\",\"secundaria\",\"spanish school\",\"uninter\",\"universidad internacional\"],\"articleSection\":[\"Personas interesantes\"],\"inLanguage\":\"es\"},{\"@type\":\"WebPage\",\"@id\":\"https:\/\/blogs.uninter.edu.mx\/difusioncultural\/?p=3160\",\"url\":\"https:\/\/blogs.uninter.edu.mx\/difusioncultural\/?p=3160\",\"name\":\"Jos\u00e9 Mar\u00eda Morelos y Pav\u00f3n - Difusi\u00f3n Cultural\",\"isPartOf\":{\"@id\":\"https:\/\/blogs.uninter.edu.mx\/difusioncultural\/#website\"},\"primaryImageOfPage\":{\"@id\":\"https:\/\/blogs.uninter.edu.mx\/difusioncultural\/?p=3160#primaryimage\"},\"image\":{\"@id\":\"https:\/\/blogs.uninter.edu.mx\/difusioncultural\/?p=3160#primaryimage\"},\"thumbnailUrl\":\"https:\/\/blogs.uninter.edu.mx\/difusioncultural\/wp-content\/uploads\/2014\/09\/morelos-sentimientos.jpg\",\"datePublished\":\"2014-09-03T14:20:21+00:00\",\"breadcrumb\":{\"@id\":\"https:\/\/blogs.uninter.edu.mx\/difusioncultural\/?p=3160#breadcrumb\"},\"inLanguage\":\"es\",\"potentialAction\":[{\"@type\":\"ReadAction\",\"target\":[\"https:\/\/blogs.uninter.edu.mx\/difusioncultural\/?p=3160\"]}]},{\"@type\":\"ImageObject\",\"inLanguage\":\"es\",\"@id\":\"https:\/\/blogs.uninter.edu.mx\/difusioncultural\/?p=3160#primaryimage\",\"url\":\"https:\/\/blogs.uninter.edu.mx\/difusioncultural\/wp-content\/uploads\/2014\/09\/morelos-sentimientos.jpg\",\"contentUrl\":\"https:\/\/blogs.uninter.edu.mx\/difusioncultural\/wp-content\/uploads\/2014\/09\/morelos-sentimientos.jpg\",\"width\":317,\"height\":430},{\"@type\":\"BreadcrumbList\",\"@id\":\"https:\/\/blogs.uninter.edu.mx\/difusioncultural\/?p=3160#breadcrumb\",\"itemListElement\":[{\"@type\":\"ListItem\",\"position\":1,\"name\":\"Inicio\",\"item\":\"https:\/\/blogs.uninter.edu.mx\/difusioncultural\/\"},{\"@type\":\"ListItem\",\"position\":2,\"name\":\"Jos\u00e9 Mar\u00eda Morelos y Pav\u00f3n\"}]},{\"@type\":\"WebSite\",\"@id\":\"https:\/\/blogs.uninter.edu.mx\/difusioncultural\/#website\",\"url\":\"https:\/\/blogs.uninter.edu.mx\/difusioncultural\/\",\"name\":\"Difusi\u00f3n Cultural\",\"description\":\"UNINTER\",\"publisher\":{\"@id\":\"https:\/\/blogs.uninter.edu.mx\/difusioncultural\/#organization\"},\"potentialAction\":[{\"@type\":\"SearchAction\",\"target\":{\"@type\":\"EntryPoint\",\"urlTemplate\":\"https:\/\/blogs.uninter.edu.mx\/difusioncultural\/?s={search_term_string}\"},\"query-input\":{\"@type\":\"PropertyValueSpecification\",\"valueRequired\":true,\"valueName\":\"search_term_string\"}}],\"inLanguage\":\"es\"},{\"@type\":\"Organization\",\"@id\":\"https:\/\/blogs.uninter.edu.mx\/difusioncultural\/#organization\",\"name\":\"Difusi\u00f3n Cultural\",\"url\":\"https:\/\/blogs.uninter.edu.mx\/difusioncultural\/\",\"logo\":{\"@type\":\"ImageObject\",\"inLanguage\":\"es\",\"@id\":\"https:\/\/blogs.uninter.edu.mx\/difusioncultural\/#\/schema\/logo\/image\/\",\"url\":\"https:\/\/blogs.uninter.edu.mx\/difusioncultural\/wp-content\/uploads\/2022\/09\/uninter.jpg\",\"contentUrl\":\"https:\/\/blogs.uninter.edu.mx\/difusioncultural\/wp-content\/uploads\/2022\/09\/uninter.jpg\",\"width\":2048,\"height\":2048,\"caption\":\"Difusi\u00f3n Cultural\"},\"image\":{\"@id\":\"https:\/\/blogs.uninter.edu.mx\/difusioncultural\/#\/schema\/logo\/image\/\"}},{\"@type\":\"Person\",\"@id\":\"https:\/\/blogs.uninter.edu.mx\/difusioncultural\/#\/schema\/person\/37a0926f4dd300a814993fd595abdc4a\",\"name\":\"webmaster\",\"image\":{\"@type\":\"ImageObject\",\"inLanguage\":\"es\",\"@id\":\"https:\/\/blogs.uninter.edu.mx\/difusioncultural\/#\/schema\/person\/image\/\",\"url\":\"https:\/\/secure.gravatar.com\/avatar\/a59c276b01147463ef3aab4118e3137ebc5e1ad6700deb39ccdf8b89e517f7dc?s=96&d=mm&r=g\",\"contentUrl\":\"https:\/\/secure.gravatar.com\/avatar\/a59c276b01147463ef3aab4118e3137ebc5e1ad6700deb39ccdf8b89e517f7dc?s=96&d=mm&r=g\",\"caption\":\"webmaster\"},\"sameAs\":[\"https:\/\/blogs.uninter.edu.mx\/difusioncultural\"],\"url\":\"https:\/\/blogs.uninter.edu.mx\/difusioncultural\/?author=1\"}]}<\/script>\r\n<!-- \/ Yoast SEO plugin. -->","yoast_head_json":{"title":"Jos\u00e9 Mar\u00eda Morelos y Pav\u00f3n - Difusi\u00f3n Cultural","robots":{"index":"index","follow":"follow","max-snippet":"max-snippet:-1","max-image-preview":"max-image-preview:large","max-video-preview":"max-video-preview:-1"},"canonical":"https:\/\/blogs.uninter.edu.mx\/difusioncultural\/?p=3160","og_locale":"es_MX","og_type":"article","og_title":"Jos\u00e9 Mar\u00eda Morelos y Pav\u00f3n - Difusi\u00f3n Cultural","og_description":"Jos\u00e9 Mar\u00eda Morelos y Pav\u00f3n Naci\u00f3 el 30 de septiembre de 1765 en Valladolid (hoy Morelia). En 1795 ingres\u00f3 al Colegio de San Nicol\u00e1s regido por Miguel Hidalgo, fue ordenado sacerdote en 1799 y lleg\u00f3 a ser p\u00e1rroco de los pueblos de Car\u00e1cuaro y Necupetaro. Al enterarse de la lucha por la Independencia se present\u00f3&hellip;","og_url":"https:\/\/blogs.uninter.edu.mx\/difusioncultural\/?p=3160","og_site_name":"Difusi\u00f3n Cultural","article_published_time":"2014-09-03T14:20:21+00:00","og_image":[{"width":317,"height":430,"url":"https:\/\/blogs.uninter.edu.mx\/difusioncultural\/wp-content\/uploads\/2014\/09\/morelos-sentimientos.jpg","type":"image\/jpeg"}],"author":"webmaster","twitter_card":"summary_large_image","twitter_misc":{"Escrito por":"webmaster","Tiempo de lectura":"1 minuto"},"schema":{"@context":"https:\/\/schema.org","@graph":[{"@type":"Article","@id":"https:\/\/blogs.uninter.edu.mx\/difusioncultural\/?p=3160#article","isPartOf":{"@id":"https:\/\/blogs.uninter.edu.mx\/difusioncultural\/?p=3160"},"author":{"name":"webmaster","@id":"https:\/\/blogs.uninter.edu.mx\/difusioncultural\/#\/schema\/person\/37a0926f4dd300a814993fd595abdc4a"},"headline":"Jos\u00e9 Mar\u00eda Morelos y Pav\u00f3n","datePublished":"2014-09-03T14:20:21+00:00","mainEntityOfPage":{"@id":"https:\/\/blogs.uninter.edu.mx\/difusioncultural\/?p=3160"},"wordCount":222,"publisher":{"@id":"https:\/\/blogs.uninter.edu.mx\/difusioncultural\/#organization"},"image":{"@id":"https:\/\/blogs.uninter.edu.mx\/difusioncultural\/?p=3160#primaryimage"},"thumbnailUrl":"https:\/\/blogs.uninter.edu.mx\/difusioncultural\/wp-content\/uploads\/2014\/09\/morelos-sentimientos.jpg","keywords":["15 DE SEPTIEMBRE","acontecimientos","bachillerato","becas culturales","cultura","dia de la independencia uninter","difusi\u00f3n cultural","historia","intercambios","Mexico","prepa","secundaria","spanish school","uninter","universidad internacional"],"articleSection":["Personas interesantes"],"inLanguage":"es"},{"@type":"WebPage","@id":"https:\/\/blogs.uninter.edu.mx\/difusioncultural\/?p=3160","url":"https:\/\/blogs.uninter.edu.mx\/difusioncultural\/?p=3160","name":"Jos\u00e9 Mar\u00eda Morelos y Pav\u00f3n - Difusi\u00f3n Cultural","isPartOf":{"@id":"https:\/\/blogs.uninter.edu.mx\/difusioncultural\/#website"},"primaryImageOfPage":{"@id":"https:\/\/blogs.uninter.edu.mx\/difusioncultural\/?p=3160#primaryimage"},"image":{"@id":"https:\/\/blogs.uninter.edu.mx\/difusioncultural\/?p=3160#primaryimage"},"thumbnailUrl":"https:\/\/blogs.uninter.edu.mx\/difusioncultural\/wp-content\/uploads\/2014\/09\/morelos-sentimientos.jpg","datePublished":"2014-09-03T14:20:21+00:00","breadcrumb":{"@id":"https:\/\/blogs.uninter.edu.mx\/difusioncultural\/?p=3160#breadcrumb"},"inLanguage":"es","potentialAction":[{"@type":"ReadAction","target":["https:\/\/blogs.uninter.edu.mx\/difusioncultural\/?p=3160"]}]},{"@type":"ImageObject","inLanguage":"es","@id":"https:\/\/blogs.uninter.edu.mx\/difusioncultural\/?p=3160#primaryimage","url":"https:\/\/blogs.uninter.edu.mx\/difusioncultural\/wp-content\/uploads\/2014\/09\/morelos-sentimientos.jpg","contentUrl":"https:\/\/blogs.uninter.edu.mx\/difusioncultural\/wp-content\/uploads\/2014\/09\/morelos-sentimientos.jpg","width":317,"height":430},{"@type":"BreadcrumbList","@id":"https:\/\/blogs.uninter.edu.mx\/difusioncultural\/?p=3160#breadcrumb","itemListElement":[{"@type":"ListItem","position":1,"name":"Inicio","item":"https:\/\/blogs.uninter.edu.mx\/difusioncultural\/"},{"@type":"ListItem","position":2,"name":"Jos\u00e9 Mar\u00eda Morelos y Pav\u00f3n"}]},{"@type":"WebSite","@id":"https:\/\/blogs.uninter.edu.mx\/difusioncultural\/#website","url":"https:\/\/blogs.uninter.edu.mx\/difusioncultural\/","name":"Difusi\u00f3n Cultural","description":"UNINTER","publisher":{"@id":"https:\/\/blogs.uninter.edu.mx\/difusioncultural\/#organization"},"potentialAction":[{"@type":"SearchAction","target":{"@type":"EntryPoint","urlTemplate":"https:\/\/blogs.uninter.edu.mx\/difusioncultural\/?s={search_term_string}"},"query-input":{"@type":"PropertyValueSpecification","valueRequired":true,"valueName":"search_term_string"}}],"inLanguage":"es"},{"@type":"Organization","@id":"https:\/\/blogs.uninter.edu.mx\/difusioncultural\/#organization","name":"Difusi\u00f3n Cultural","url":"https:\/\/blogs.uninter.edu.mx\/difusioncultural\/","logo":{"@type":"ImageObject","inLanguage":"es","@id":"https:\/\/blogs.uninter.edu.mx\/difusioncultural\/#\/schema\/logo\/image\/","url":"https:\/\/blogs.uninter.edu.mx\/difusioncultural\/wp-content\/uploads\/2022\/09\/uninter.jpg","contentUrl":"https:\/\/blogs.uninter.edu.mx\/difusioncultural\/wp-content\/uploads\/2022\/09\/uninter.jpg","width":2048,"height":2048,"caption":"Difusi\u00f3n Cultural"},"image":{"@id":"https:\/\/blogs.uninter.edu.mx\/difusioncultural\/#\/schema\/logo\/image\/"}},{"@type":"Person","@id":"https:\/\/blogs.uninter.edu.mx\/difusioncultural\/#\/schema\/person\/37a0926f4dd300a814993fd595abdc4a","name":"webmaster","image":{"@type":"ImageObject","inLanguage":"es","@id":"https:\/\/blogs.uninter.edu.mx\/difusioncultural\/#\/schema\/person\/image\/","url":"https:\/\/secure.gravatar.com\/avatar\/a59c276b01147463ef3aab4118e3137ebc5e1ad6700deb39ccdf8b89e517f7dc?s=96&d=mm&r=g","contentUrl":"https:\/\/secure.gravatar.com\/avatar\/a59c276b01147463ef3aab4118e3137ebc5e1ad6700deb39ccdf8b89e517f7dc?s=96&d=mm&r=g","caption":"webmaster"},"sameAs":["https:\/\/blogs.uninter.edu.mx\/difusioncultural"],"url":"https:\/\/blogs.uninter.edu.mx\/difusioncultural\/?author=1"}]}},"jetpack_publicize_connections":[],"jetpack_featured_media_url":"https:\/\/blogs.uninter.edu.mx\/difusioncultural\/wp-content\/uploads\/2014\/09\/morelos-sentimientos.jpg","jetpack_sharing_enabled":true,"_links":{"self":[{"href":"https:\/\/blogs.uninter.edu.mx\/difusioncultural\/index.php?rest_route=\/wp\/v2\/posts\/3160","targetHints":{"allow":["GET"]}}],"collection":[{"href":"https:\/\/blogs.uninter.edu.mx\/difusioncultural\/index.php?rest_route=\/wp\/v2\/posts"}],"about":[{"href":"https:\/\/blogs.uninter.edu.mx\/difusioncultural\/index.php?rest_route=\/wp\/v2\/types\/post"}],"author":[{"embeddable":true,"href":"https:\/\/blogs.uninter.edu.mx\/difusioncultural\/index.php?rest_route=\/wp\/v2\/users\/1"}],"replies":[{"embeddable":true,"href":"https:\/\/blogs.uninter.edu.mx\/difusioncultural\/index.php?rest_route=%2Fwp%2Fv2%2Fcomments&post=3160"}],"version-history":[{"count":0,"href":"https:\/\/blogs.uninter.edu.mx\/difusioncultural\/index.php?rest_route=\/wp\/v2\/posts\/3160\/revisions"}],"wp:featuredmedia":[{"embeddable":true,"href":"https:\/\/blogs.uninter.edu.mx\/difusioncultural\/index.php?rest_route=\/wp\/v2\/media\/3161"}],"wp:attachment":[{"href":"https:\/\/blogs.uninter.edu.mx\/difusioncultural\/index.php?rest_route=%2Fwp%2Fv2%2Fmedia&parent=3160"}],"wp:term":[{"taxonomy":"category","embeddable":true,"href":"https:\/\/blogs.uninter.edu.mx\/difusioncultural\/index.php?rest_route=%2Fwp%2Fv2%2Fcategories&post=3160"},{"taxonomy":"post_tag","embeddable":true,"href":"https:\/\/blogs.uninter.edu.mx\/difusioncultural\/index.php?rest_route=%2Fwp%2Fv2%2Ftags&post=3160"}],"curies":[{"name":"wp","href":"https:\/\/api.w.org\/{rel}","templated":true}]}}