{"id":3170,"date":"2014-09-05T16:25:01","date_gmt":"2014-09-05T16:25:01","guid":{"rendered":"http:\/\/difusionculturaluninter.wordpress.com\/?p=3170"},"modified":"2014-09-05T16:25:01","modified_gmt":"2014-09-05T16:25:01","slug":"hermanos-galeana","status":"publish","type":"post","link":"https:\/\/blogs.uninter.edu.mx\/difusioncultural\/?p=3170","title":{"rendered":"Hermanos Galeana"},"content":{"rendered":"<p style=\"text-align:center;\" align=\"justify\"><a href=\"https:\/\/blogs.uninter.edu.mx\/difusioncultural\/wp-content\/uploads\/2014\/09\/5-hermenegildo-galeana.jpg\"><img fetchpriority=\"high\" decoding=\"async\" class=\"size-medium wp-image-3171\" src=\"https:\/\/blogs.uninter.edu.mx\/difusioncultural\/wp-content\/uploads\/2014\/09\/5-hermenegildo-galeana.jpg?w=221\" alt=\"5 Hermenegildo Galeana\" width=\"221\" height=\"300\" \/><\/a><\/p>\n<p style=\"text-align:center;\" align=\"justify\"><b>Hermenegildo, Juan y Jos\u00e9 Galeana<\/b><\/p>\n<p style=\"text-align:center;\" align=\"justify\">Fueron tres hermanos, caudillos importantes por ser gran influencia, con mucha popularidad, tierras y conocimiento.<\/p>\n<p align=\"justify\"><strong>Hermenegildo Galeana<\/strong><\/p>\n<p align=\"justify\">Naci\u00f3 en Tecpan, Guerrero, en 1762. Se alist\u00f3 a las fuerzas de Morelos el 7 de noviembre de 1810 y se incorpor\u00f3 junto con algunos hombres, armas y el peque\u00f1o ca\u00f1\u00f3n llamado &#8220;El Ni\u00f1o&#8221; comprado a una nave inglesa en Acapulco. En 1811 derrot\u00f3 en Tixtla a los realistas, tom\u00f3 Taxco y entr\u00f3 en Cuernavaca. Despu\u00e9s particip\u00f3 en el sitio de Cuautla y en las batallas de El Palmar, Acultzingo y Oaxaca. En 1813 tambi\u00e9n intervino en la toma del castillo de Acapulco. Buen estratega, ascendi\u00f3 a mariscal.<\/p>\n<p align=\"justify\">El 27 de junio de 1814 muri\u00f3 en una emboscada tendida por los realistas al golpearse con la rama de un \u00e1rbol.\u00a0El soldado Joaqu\u00edn de Le\u00f3n le dispar\u00f3 en el pecho y le cort\u00f3 la cabeza, llev\u00e1ndola como trofeo a Coyuca. Se dice que su cuerpo fue sepultado en secreto, aunque se ignora d\u00f3nde qued\u00f3.<\/p>\n<p align=\"justify\"><strong>Juan Pablo\u00a0Galeana<\/strong><\/p>\n<p align=\"justify\">Naci\u00f3 en 1760 en Tecpan, Guerrero.\u00a0Cuando Morelos empez\u00f3 a operar por ese lugar, siguiendo las instrucciones de Hidalgo, al empezar la guerra de Independencia, a fines de 1810, Juan Pablo y sus hermanos se unieron al ej\u00e9rcito insurgente con mando de tropas. Pues llevaron consigo un buen contingente de hombres, caballos y armas, sacados de las haciendas.<\/p>\n<p align=\"justify\">Juan Pablo ayud\u00f3 mucho a Hermenegildo en los triunfos que aqu\u00e9l obtuvo en El Veladero, Tixtla, Huajuapan y otros lugares; pero tambi\u00e9n solo y separado de sus hermanos, tom\u00f3 al pueblo de Tepeacuilco y el rico mineral de Taxco, en muy honrosas acciones guerreras, que fueron elogiadas por Morelos. Cuando \u00e9ste se fortific\u00f3 en Cuautla, en 1812, mientras que Nicol\u00e1s Bravo levantaba las fortificaciones defensivas, Juan Pablo Galeana dirigi\u00f3 la fortificaci\u00f3n de la \u00fanica toma de agua que exist\u00eda dentro de la ciudad.<\/p>\n<p align=\"justify\">Se ignora la fecha y lugar de su muerte, pero con gran certeza se cree que muri\u00f3 en la emboscada que las tropas de Calleja pusieron el 26 de junio de 1814 a su hermano Hermenegildo, y en la cual \u00e9ste result\u00f3 muerto tambi\u00e9n.<\/p>\n<p align=\"justify\"><strong>Juan Jos\u00e9 Galeana<\/strong><\/p>\n<p align=\"justify\">Insurgente. Naci\u00f3 el 13 de abril de 1762 en Los Barrancones, situado entre Tecpan y El Zanj\u00f3n, hoy San Jer\u00f3nimo de Ju\u00e1rez. Era hermano de Juan Jos\u00e9 y Antonio Galeana.<\/p>\n<p align=\"justify\">Fue capit\u00e1n de las milicias. En su juventud se dedic\u00f3 a la agricultura y en noviembre de 1810, junto con sus familiares y otras gentes, se integr\u00f3 a las filas de la insurgencia, por invitaci\u00f3n expresa del general Jos\u00e9 Mar\u00eda Morelos. Muri\u00f3 en Cuautla en 1812<\/p>\n<p align=\"justify\">\n<p align=\"justify\">\n","protected":false},"excerpt":{"rendered":"<p>Hermenegildo, Juan y Jos\u00e9 Galeana Fueron tres hermanos, caudillos importantes por ser gran influencia, con mucha popularidad, tierras y conocimiento. Hermenegildo Galeana Naci\u00f3 en Tecpan, Guerrero, en 1762. Se alist\u00f3 a las fuerzas de Morelos el 7 de noviembre de 1810 y se incorpor\u00f3 junto con algunos hombres, armas y el peque\u00f1o ca\u00f1\u00f3n llamado &#8220;El&hellip;<\/p>\n","protected":false},"author":1,"featured_media":3171,"comment_status":"closed","ping_status":"open","sticky":false,"template":"","format":"standard","meta":{"_jetpack_memberships_contains_paid_content":false,"footnotes":"","jetpack_publicize_message":"","jetpack_publicize_feature_enabled":true,"jetpack_social_post_already_shared":false,"jetpack_social_options":{"image_generator_settings":{"template":"highway","default_image_id":0,"font":"","enabled":false},"version":2}},"categories":[13],"tags":[20,26,36,41,93,94,108,113,151,163,204,255,277,280,303,305],"class_list":["post-3170","post","type-post","status-publish","format-standard","has-post-thumbnail","hentry","category-personas-interesantes","tag-15-de-septiembre","tag-acontecimientos","tag-bachillerato","tag-becas-culturales","tag-cultura","tag-cultura-de-la-paz","tag-dia-de-la-independencia-uninter","tag-difusion-cultural","tag-historia","tag-intercambios","tag-mexico","tag-prepa","tag-secundaria","tag-spanish-school","tag-uninter","tag-universidad-internacional"],"yoast_head":"<!-- This site is optimized with the Yoast SEO plugin v26.3 - https:\/\/yoast.com\/wordpress\/plugins\/seo\/ -->\r\n<title>Hermanos Galeana - Difusi\u00f3n Cultural<\/title>\r\n<meta name=\"robots\" content=\"index, follow, max-snippet:-1, max-image-preview:large, max-video-preview:-1\" \/>\r\n<link rel=\"canonical\" href=\"https:\/\/blogs.uninter.edu.mx\/difusioncultural\/?p=3170\" \/>\r\n<meta property=\"og:locale\" content=\"es_MX\" \/>\r\n<meta property=\"og:type\" content=\"article\" \/>\r\n<meta property=\"og:title\" content=\"Hermanos Galeana - Difusi\u00f3n Cultural\" \/>\r\n<meta property=\"og:description\" content=\"Hermenegildo, Juan y Jos\u00e9 Galeana Fueron tres hermanos, caudillos importantes por ser gran influencia, con mucha popularidad, tierras y conocimiento. Hermenegildo Galeana Naci\u00f3 en Tecpan, Guerrero, en 1762. Se alist\u00f3 a las fuerzas de Morelos el 7 de noviembre de 1810 y se incorpor\u00f3 junto con algunos hombres, armas y el peque\u00f1o ca\u00f1\u00f3n llamado &#8220;El&hellip;\" \/>\r\n<meta property=\"og:url\" content=\"https:\/\/blogs.uninter.edu.mx\/difusioncultural\/?p=3170\" \/>\r\n<meta property=\"og:site_name\" content=\"Difusi\u00f3n Cultural\" \/>\r\n<meta property=\"article:published_time\" content=\"2014-09-05T16:25:01+00:00\" \/>\r\n<meta property=\"og:image\" content=\"https:\/\/blogs.uninter.edu.mx\/difusioncultural\/wp-content\/uploads\/2014\/09\/5-hermenegildo-galeana.jpg\" \/>\r\n\t<meta property=\"og:image:width\" content=\"332\" \/>\r\n\t<meta property=\"og:image:height\" content=\"450\" \/>\r\n\t<meta property=\"og:image:type\" content=\"image\/jpeg\" \/>\r\n<meta name=\"author\" content=\"webmaster\" \/>\r\n<meta name=\"twitter:card\" content=\"summary_large_image\" \/>\r\n<meta name=\"twitter:label1\" content=\"Escrito por\" \/>\n\t<meta name=\"twitter:data1\" content=\"webmaster\" \/>\n\t<meta name=\"twitter:label2\" content=\"Tiempo de lectura\" \/>\n\t<meta name=\"twitter:data2\" content=\"2 minutos\" \/>\r\n<script type=\"application\/ld+json\" class=\"yoast-schema-graph\">{\"@context\":\"https:\/\/schema.org\",\"@graph\":[{\"@type\":\"Article\",\"@id\":\"https:\/\/blogs.uninter.edu.mx\/difusioncultural\/?p=3170#article\",\"isPartOf\":{\"@id\":\"https:\/\/blogs.uninter.edu.mx\/difusioncultural\/?p=3170\"},\"author\":{\"name\":\"webmaster\",\"@id\":\"https:\/\/blogs.uninter.edu.mx\/difusioncultural\/#\/schema\/person\/37a0926f4dd300a814993fd595abdc4a\"},\"headline\":\"Hermanos Galeana\",\"datePublished\":\"2014-09-05T16:25:01+00:00\",\"mainEntityOfPage\":{\"@id\":\"https:\/\/blogs.uninter.edu.mx\/difusioncultural\/?p=3170\"},\"wordCount\":441,\"publisher\":{\"@id\":\"https:\/\/blogs.uninter.edu.mx\/difusioncultural\/#organization\"},\"image\":{\"@id\":\"https:\/\/blogs.uninter.edu.mx\/difusioncultural\/?p=3170#primaryimage\"},\"thumbnailUrl\":\"https:\/\/blogs.uninter.edu.mx\/difusioncultural\/wp-content\/uploads\/2014\/09\/5-hermenegildo-galeana.jpg\",\"keywords\":[\"15 DE SEPTIEMBRE\",\"acontecimientos\",\"bachillerato\",\"becas culturales\",\"cultura\",\"cultura de la paz\",\"dia de la independencia uninter\",\"difusi\u00f3n cultural\",\"historia\",\"intercambios\",\"Mexico\",\"prepa\",\"secundaria\",\"spanish school\",\"uninter\",\"universidad internacional\"],\"articleSection\":[\"Personas interesantes\"],\"inLanguage\":\"es\"},{\"@type\":\"WebPage\",\"@id\":\"https:\/\/blogs.uninter.edu.mx\/difusioncultural\/?p=3170\",\"url\":\"https:\/\/blogs.uninter.edu.mx\/difusioncultural\/?p=3170\",\"name\":\"Hermanos Galeana - Difusi\u00f3n Cultural\",\"isPartOf\":{\"@id\":\"https:\/\/blogs.uninter.edu.mx\/difusioncultural\/#website\"},\"primaryImageOfPage\":{\"@id\":\"https:\/\/blogs.uninter.edu.mx\/difusioncultural\/?p=3170#primaryimage\"},\"image\":{\"@id\":\"https:\/\/blogs.uninter.edu.mx\/difusioncultural\/?p=3170#primaryimage\"},\"thumbnailUrl\":\"https:\/\/blogs.uninter.edu.mx\/difusioncultural\/wp-content\/uploads\/2014\/09\/5-hermenegildo-galeana.jpg\",\"datePublished\":\"2014-09-05T16:25:01+00:00\",\"breadcrumb\":{\"@id\":\"https:\/\/blogs.uninter.edu.mx\/difusioncultural\/?p=3170#breadcrumb\"},\"inLanguage\":\"es\",\"potentialAction\":[{\"@type\":\"ReadAction\",\"target\":[\"https:\/\/blogs.uninter.edu.mx\/difusioncultural\/?p=3170\"]}]},{\"@type\":\"ImageObject\",\"inLanguage\":\"es\",\"@id\":\"https:\/\/blogs.uninter.edu.mx\/difusioncultural\/?p=3170#primaryimage\",\"url\":\"https:\/\/blogs.uninter.edu.mx\/difusioncultural\/wp-content\/uploads\/2014\/09\/5-hermenegildo-galeana.jpg\",\"contentUrl\":\"https:\/\/blogs.uninter.edu.mx\/difusioncultural\/wp-content\/uploads\/2014\/09\/5-hermenegildo-galeana.jpg\",\"width\":332,\"height\":450},{\"@type\":\"BreadcrumbList\",\"@id\":\"https:\/\/blogs.uninter.edu.mx\/difusioncultural\/?p=3170#breadcrumb\",\"itemListElement\":[{\"@type\":\"ListItem\",\"position\":1,\"name\":\"Inicio\",\"item\":\"https:\/\/blogs.uninter.edu.mx\/difusioncultural\/\"},{\"@type\":\"ListItem\",\"position\":2,\"name\":\"Hermanos Galeana\"}]},{\"@type\":\"WebSite\",\"@id\":\"https:\/\/blogs.uninter.edu.mx\/difusioncultural\/#website\",\"url\":\"https:\/\/blogs.uninter.edu.mx\/difusioncultural\/\",\"name\":\"Difusi\u00f3n Cultural\",\"description\":\"UNINTER\",\"publisher\":{\"@id\":\"https:\/\/blogs.uninter.edu.mx\/difusioncultural\/#organization\"},\"potentialAction\":[{\"@type\":\"SearchAction\",\"target\":{\"@type\":\"EntryPoint\",\"urlTemplate\":\"https:\/\/blogs.uninter.edu.mx\/difusioncultural\/?s={search_term_string}\"},\"query-input\":{\"@type\":\"PropertyValueSpecification\",\"valueRequired\":true,\"valueName\":\"search_term_string\"}}],\"inLanguage\":\"es\"},{\"@type\":\"Organization\",\"@id\":\"https:\/\/blogs.uninter.edu.mx\/difusioncultural\/#organization\",\"name\":\"Difusi\u00f3n Cultural\",\"url\":\"https:\/\/blogs.uninter.edu.mx\/difusioncultural\/\",\"logo\":{\"@type\":\"ImageObject\",\"inLanguage\":\"es\",\"@id\":\"https:\/\/blogs.uninter.edu.mx\/difusioncultural\/#\/schema\/logo\/image\/\",\"url\":\"https:\/\/blogs.uninter.edu.mx\/difusioncultural\/wp-content\/uploads\/2022\/09\/uninter.jpg\",\"contentUrl\":\"https:\/\/blogs.uninter.edu.mx\/difusioncultural\/wp-content\/uploads\/2022\/09\/uninter.jpg\",\"width\":2048,\"height\":2048,\"caption\":\"Difusi\u00f3n Cultural\"},\"image\":{\"@id\":\"https:\/\/blogs.uninter.edu.mx\/difusioncultural\/#\/schema\/logo\/image\/\"}},{\"@type\":\"Person\",\"@id\":\"https:\/\/blogs.uninter.edu.mx\/difusioncultural\/#\/schema\/person\/37a0926f4dd300a814993fd595abdc4a\",\"name\":\"webmaster\",\"image\":{\"@type\":\"ImageObject\",\"inLanguage\":\"es\",\"@id\":\"https:\/\/blogs.uninter.edu.mx\/difusioncultural\/#\/schema\/person\/image\/\",\"url\":\"https:\/\/secure.gravatar.com\/avatar\/a59c276b01147463ef3aab4118e3137ebc5e1ad6700deb39ccdf8b89e517f7dc?s=96&d=mm&r=g\",\"contentUrl\":\"https:\/\/secure.gravatar.com\/avatar\/a59c276b01147463ef3aab4118e3137ebc5e1ad6700deb39ccdf8b89e517f7dc?s=96&d=mm&r=g\",\"caption\":\"webmaster\"},\"sameAs\":[\"https:\/\/blogs.uninter.edu.mx\/difusioncultural\"],\"url\":\"https:\/\/blogs.uninter.edu.mx\/difusioncultural\/?author=1\"}]}<\/script>\r\n<!-- \/ Yoast SEO plugin. -->","yoast_head_json":{"title":"Hermanos Galeana - Difusi\u00f3n Cultural","robots":{"index":"index","follow":"follow","max-snippet":"max-snippet:-1","max-image-preview":"max-image-preview:large","max-video-preview":"max-video-preview:-1"},"canonical":"https:\/\/blogs.uninter.edu.mx\/difusioncultural\/?p=3170","og_locale":"es_MX","og_type":"article","og_title":"Hermanos Galeana - Difusi\u00f3n Cultural","og_description":"Hermenegildo, Juan y Jos\u00e9 Galeana Fueron tres hermanos, caudillos importantes por ser gran influencia, con mucha popularidad, tierras y conocimiento. Hermenegildo Galeana Naci\u00f3 en Tecpan, Guerrero, en 1762. Se alist\u00f3 a las fuerzas de Morelos el 7 de noviembre de 1810 y se incorpor\u00f3 junto con algunos hombres, armas y el peque\u00f1o ca\u00f1\u00f3n llamado &#8220;El&hellip;","og_url":"https:\/\/blogs.uninter.edu.mx\/difusioncultural\/?p=3170","og_site_name":"Difusi\u00f3n Cultural","article_published_time":"2014-09-05T16:25:01+00:00","og_image":[{"width":332,"height":450,"url":"https:\/\/blogs.uninter.edu.mx\/difusioncultural\/wp-content\/uploads\/2014\/09\/5-hermenegildo-galeana.jpg","type":"image\/jpeg"}],"author":"webmaster","twitter_card":"summary_large_image","twitter_misc":{"Escrito por":"webmaster","Tiempo de lectura":"2 minutos"},"schema":{"@context":"https:\/\/schema.org","@graph":[{"@type":"Article","@id":"https:\/\/blogs.uninter.edu.mx\/difusioncultural\/?p=3170#article","isPartOf":{"@id":"https:\/\/blogs.uninter.edu.mx\/difusioncultural\/?p=3170"},"author":{"name":"webmaster","@id":"https:\/\/blogs.uninter.edu.mx\/difusioncultural\/#\/schema\/person\/37a0926f4dd300a814993fd595abdc4a"},"headline":"Hermanos Galeana","datePublished":"2014-09-05T16:25:01+00:00","mainEntityOfPage":{"@id":"https:\/\/blogs.uninter.edu.mx\/difusioncultural\/?p=3170"},"wordCount":441,"publisher":{"@id":"https:\/\/blogs.uninter.edu.mx\/difusioncultural\/#organization"},"image":{"@id":"https:\/\/blogs.uninter.edu.mx\/difusioncultural\/?p=3170#primaryimage"},"thumbnailUrl":"https:\/\/blogs.uninter.edu.mx\/difusioncultural\/wp-content\/uploads\/2014\/09\/5-hermenegildo-galeana.jpg","keywords":["15 DE SEPTIEMBRE","acontecimientos","bachillerato","becas culturales","cultura","cultura de la paz","dia de la independencia uninter","difusi\u00f3n cultural","historia","intercambios","Mexico","prepa","secundaria","spanish school","uninter","universidad internacional"],"articleSection":["Personas interesantes"],"inLanguage":"es"},{"@type":"WebPage","@id":"https:\/\/blogs.uninter.edu.mx\/difusioncultural\/?p=3170","url":"https:\/\/blogs.uninter.edu.mx\/difusioncultural\/?p=3170","name":"Hermanos Galeana - Difusi\u00f3n Cultural","isPartOf":{"@id":"https:\/\/blogs.uninter.edu.mx\/difusioncultural\/#website"},"primaryImageOfPage":{"@id":"https:\/\/blogs.uninter.edu.mx\/difusioncultural\/?p=3170#primaryimage"},"image":{"@id":"https:\/\/blogs.uninter.edu.mx\/difusioncultural\/?p=3170#primaryimage"},"thumbnailUrl":"https:\/\/blogs.uninter.edu.mx\/difusioncultural\/wp-content\/uploads\/2014\/09\/5-hermenegildo-galeana.jpg","datePublished":"2014-09-05T16:25:01+00:00","breadcrumb":{"@id":"https:\/\/blogs.uninter.edu.mx\/difusioncultural\/?p=3170#breadcrumb"},"inLanguage":"es","potentialAction":[{"@type":"ReadAction","target":["https:\/\/blogs.uninter.edu.mx\/difusioncultural\/?p=3170"]}]},{"@type":"ImageObject","inLanguage":"es","@id":"https:\/\/blogs.uninter.edu.mx\/difusioncultural\/?p=3170#primaryimage","url":"https:\/\/blogs.uninter.edu.mx\/difusioncultural\/wp-content\/uploads\/2014\/09\/5-hermenegildo-galeana.jpg","contentUrl":"https:\/\/blogs.uninter.edu.mx\/difusioncultural\/wp-content\/uploads\/2014\/09\/5-hermenegildo-galeana.jpg","width":332,"height":450},{"@type":"BreadcrumbList","@id":"https:\/\/blogs.uninter.edu.mx\/difusioncultural\/?p=3170#breadcrumb","itemListElement":[{"@type":"ListItem","position":1,"name":"Inicio","item":"https:\/\/blogs.uninter.edu.mx\/difusioncultural\/"},{"@type":"ListItem","position":2,"name":"Hermanos Galeana"}]},{"@type":"WebSite","@id":"https:\/\/blogs.uninter.edu.mx\/difusioncultural\/#website","url":"https:\/\/blogs.uninter.edu.mx\/difusioncultural\/","name":"Difusi\u00f3n Cultural","description":"UNINTER","publisher":{"@id":"https:\/\/blogs.uninter.edu.mx\/difusioncultural\/#organization"},"potentialAction":[{"@type":"SearchAction","target":{"@type":"EntryPoint","urlTemplate":"https:\/\/blogs.uninter.edu.mx\/difusioncultural\/?s={search_term_string}"},"query-input":{"@type":"PropertyValueSpecification","valueRequired":true,"valueName":"search_term_string"}}],"inLanguage":"es"},{"@type":"Organization","@id":"https:\/\/blogs.uninter.edu.mx\/difusioncultural\/#organization","name":"Difusi\u00f3n Cultural","url":"https:\/\/blogs.uninter.edu.mx\/difusioncultural\/","logo":{"@type":"ImageObject","inLanguage":"es","@id":"https:\/\/blogs.uninter.edu.mx\/difusioncultural\/#\/schema\/logo\/image\/","url":"https:\/\/blogs.uninter.edu.mx\/difusioncultural\/wp-content\/uploads\/2022\/09\/uninter.jpg","contentUrl":"https:\/\/blogs.uninter.edu.mx\/difusioncultural\/wp-content\/uploads\/2022\/09\/uninter.jpg","width":2048,"height":2048,"caption":"Difusi\u00f3n Cultural"},"image":{"@id":"https:\/\/blogs.uninter.edu.mx\/difusioncultural\/#\/schema\/logo\/image\/"}},{"@type":"Person","@id":"https:\/\/blogs.uninter.edu.mx\/difusioncultural\/#\/schema\/person\/37a0926f4dd300a814993fd595abdc4a","name":"webmaster","image":{"@type":"ImageObject","inLanguage":"es","@id":"https:\/\/blogs.uninter.edu.mx\/difusioncultural\/#\/schema\/person\/image\/","url":"https:\/\/secure.gravatar.com\/avatar\/a59c276b01147463ef3aab4118e3137ebc5e1ad6700deb39ccdf8b89e517f7dc?s=96&d=mm&r=g","contentUrl":"https:\/\/secure.gravatar.com\/avatar\/a59c276b01147463ef3aab4118e3137ebc5e1ad6700deb39ccdf8b89e517f7dc?s=96&d=mm&r=g","caption":"webmaster"},"sameAs":["https:\/\/blogs.uninter.edu.mx\/difusioncultural"],"url":"https:\/\/blogs.uninter.edu.mx\/difusioncultural\/?author=1"}]}},"jetpack_publicize_connections":[],"jetpack_featured_media_url":"https:\/\/blogs.uninter.edu.mx\/difusioncultural\/wp-content\/uploads\/2014\/09\/5-hermenegildo-galeana.jpg","jetpack_sharing_enabled":true,"_links":{"self":[{"href":"https:\/\/blogs.uninter.edu.mx\/difusioncultural\/index.php?rest_route=\/wp\/v2\/posts\/3170","targetHints":{"allow":["GET"]}}],"collection":[{"href":"https:\/\/blogs.uninter.edu.mx\/difusioncultural\/index.php?rest_route=\/wp\/v2\/posts"}],"about":[{"href":"https:\/\/blogs.uninter.edu.mx\/difusioncultural\/index.php?rest_route=\/wp\/v2\/types\/post"}],"author":[{"embeddable":true,"href":"https:\/\/blogs.uninter.edu.mx\/difusioncultural\/index.php?rest_route=\/wp\/v2\/users\/1"}],"replies":[{"embeddable":true,"href":"https:\/\/blogs.uninter.edu.mx\/difusioncultural\/index.php?rest_route=%2Fwp%2Fv2%2Fcomments&post=3170"}],"version-history":[{"count":0,"href":"https:\/\/blogs.uninter.edu.mx\/difusioncultural\/index.php?rest_route=\/wp\/v2\/posts\/3170\/revisions"}],"wp:featuredmedia":[{"embeddable":true,"href":"https:\/\/blogs.uninter.edu.mx\/difusioncultural\/index.php?rest_route=\/wp\/v2\/media\/3171"}],"wp:attachment":[{"href":"https:\/\/blogs.uninter.edu.mx\/difusioncultural\/index.php?rest_route=%2Fwp%2Fv2%2Fmedia&parent=3170"}],"wp:term":[{"taxonomy":"category","embeddable":true,"href":"https:\/\/blogs.uninter.edu.mx\/difusioncultural\/index.php?rest_route=%2Fwp%2Fv2%2Fcategories&post=3170"},{"taxonomy":"post_tag","embeddable":true,"href":"https:\/\/blogs.uninter.edu.mx\/difusioncultural\/index.php?rest_route=%2Fwp%2Fv2%2Ftags&post=3170"}],"curies":[{"name":"wp","href":"https:\/\/api.w.org\/{rel}","templated":true}]}}