{"id":3173,"date":"2014-09-05T21:15:02","date_gmt":"2014-09-05T21:15:02","guid":{"rendered":"http:\/\/difusionculturaluninter.wordpress.com\/?p=3173"},"modified":"2014-09-05T21:15:02","modified_gmt":"2014-09-05T21:15:02","slug":"nombramiento-de-lideres-culturales-2014","status":"publish","type":"post","link":"https:\/\/blogs.uninter.edu.mx\/difusioncultural\/?p=3173","title":{"rendered":"Nombramiento de L\u00edderes Culturales 2014"},"content":{"rendered":"<p>El d\u00eda 04 de Septiembre del 2014 \u00a0se llev\u00f3 a cabo la ceremonia de entrega de nombramientos a los l\u00edderes de grupos culturales y deportivos de Universidad Internacional.<\/p>\n<p><a href=\"https:\/\/porrasuninter.files.wordpress.com\/2014\/09\/lc3adderes-culturales.jpg\"><img fetchpriority=\"high\" decoding=\"async\" class=\"size-medium wp-image-1591 aligncenter\" src=\"http:\/\/porrasuninter.files.wordpress.com\/2014\/09\/lc3adderes-culturales.jpg?w=300&amp;h=199\" alt=\"l\u00edderes culturales\" width=\"300\" height=\"199\" \/><\/a><\/p>\n<p>Durante la ceremonia se hizo entrega de nombramientos a todos los l\u00edderes que pertenecen a la coordinaci\u00f3n de difusi\u00f3n cultural y programas representativos, nuestros orgullosos l\u00edderes son:<\/p>\n<p style=\"text-align:center;\"><strong>GRUPOS REPRESENTATIVOS:<\/strong><\/p>\n<p><strong>L\u00edder de Cheer Dance UNINTER\u00a0<\/strong><\/p>\n<p>Yuridia Mart\u00ednez Nu\u00f1ez<\/p>\n<p><a href=\"https:\/\/blogs.uninter.edu.mx\/difusioncultural\/wp-content\/uploads\/2014\/09\/yuri.jpg\"><img decoding=\"async\" class=\"alignnone size-medium wp-image-3174\" src=\"https:\/\/blogs.uninter.edu.mx\/difusioncultural\/wp-content\/uploads\/2014\/09\/yuri.jpg?w=199\" alt=\"YURI\" width=\"199\" height=\"300\" \/><\/a><\/p>\n<p><strong>L\u00edder de Cheer Dance BIU\u00a0<\/strong><\/p>\n<p>Daphne Elisa Le\u00f3n Espinoza<\/p>\n<p><a href=\"https:\/\/blogs.uninter.edu.mx\/difusioncultural\/wp-content\/uploads\/2014\/09\/daphne.jpg\"><img decoding=\"async\" class=\"alignnone size-medium wp-image-3175\" src=\"https:\/\/blogs.uninter.edu.mx\/difusioncultural\/wp-content\/uploads\/2014\/09\/daphne.jpg?w=199\" alt=\"DAPHNE\" width=\"199\" height=\"300\" \/><\/a><\/p>\n<p><strong>L\u00edder de Cheer Dance SIU\u00a0<\/strong><\/p>\n<p>Bertha Anakaren Lagunas Aguilar<\/p>\n<p><a href=\"https:\/\/blogs.uninter.edu.mx\/difusioncultural\/wp-content\/uploads\/2014\/09\/anakaren.jpg\"><img loading=\"lazy\" decoding=\"async\" class=\"alignnone size-medium wp-image-3176\" src=\"https:\/\/blogs.uninter.edu.mx\/difusioncultural\/wp-content\/uploads\/2014\/09\/anakaren.jpg?w=199\" alt=\"ANAKAREN\" width=\"199\" height=\"300\" \/><\/a><\/p>\n<p>&nbsp;<\/p>\n<p><strong>L\u00edder de la Filarm\u00f3nica de Cuernavaca BIU\u00a0<\/strong><\/p>\n<p>Stephanie Valerie Guerrero Arenas<\/p>\n<p><a href=\"https:\/\/blogs.uninter.edu.mx\/difusioncultural\/wp-content\/uploads\/2014\/09\/stephanie.jpg\"><img loading=\"lazy\" decoding=\"async\" class=\"alignnone size-medium wp-image-3177\" src=\"https:\/\/blogs.uninter.edu.mx\/difusioncultural\/wp-content\/uploads\/2014\/09\/stephanie.jpg?w=199\" alt=\"STEPHANIE\" width=\"199\" height=\"300\" \/><\/a><\/p>\n<p><strong>L\u00edder de la Filarmonica de Cuernavaca SIU<\/strong><\/p>\n<p>Jordi Zepeda Gonz\u00e1lez<\/p>\n<p><a href=\"https:\/\/blogs.uninter.edu.mx\/difusioncultural\/wp-content\/uploads\/2014\/09\/jordi.jpg\"><img loading=\"lazy\" decoding=\"async\" class=\"alignnone size-medium wp-image-3178\" src=\"https:\/\/blogs.uninter.edu.mx\/difusioncultural\/wp-content\/uploads\/2014\/09\/jordi.jpg?w=199\" alt=\"JORDI\" width=\"199\" height=\"300\" \/><\/a><\/p>\n<p><strong>L\u00edder de Danza Contempor\u00e1nea &#8220;Ra\u00edces&#8221;<\/strong><\/p>\n<p>Claudia Paola Pederzini Gil<\/p>\n<p><a href=\"https:\/\/blogs.uninter.edu.mx\/difusioncultural\/wp-content\/uploads\/2014\/09\/pederzini.jpg\"><img loading=\"lazy\" decoding=\"async\" class=\"alignnone size-medium wp-image-3179\" src=\"https:\/\/blogs.uninter.edu.mx\/difusioncultural\/wp-content\/uploads\/2014\/09\/pederzini.jpg?w=199\" alt=\"PEDERZINI\" width=\"199\" height=\"300\" \/><\/a><\/p>\n<p>&nbsp;<\/p>\n<p style=\"text-align:center;\"><strong>GRUPOS ESTUDIANTILES\u00a0<\/strong><\/p>\n<p style=\"text-align:left;\"><strong>L\u00edder del grupo estudiantil de Hip Hop\u00a0<\/strong><\/p>\n<p style=\"text-align:left;\">Iv\u00e1n Armando Huerta Medina<\/p>\n<p style=\"text-align:left;\"><a href=\"https:\/\/blogs.uninter.edu.mx\/difusioncultural\/wp-content\/uploads\/2014\/09\/ivan-huerta.jpg\"><img loading=\"lazy\" decoding=\"async\" class=\"alignnone size-medium wp-image-3180\" src=\"https:\/\/blogs.uninter.edu.mx\/difusioncultural\/wp-content\/uploads\/2014\/09\/ivan-huerta.jpg?w=199\" alt=\"IVAN HUERTA\" width=\"199\" height=\"300\" \/><\/a><\/p>\n<p style=\"text-align:left;\"><strong>L\u00edder del grupo estudiantil de Artes Circenses \u00a0<\/strong><\/p>\n<p style=\"text-align:left;\">Samantha Yolanda Salazar Vargas<\/p>\n<p style=\"text-align:left;\"><a href=\"https:\/\/blogs.uninter.edu.mx\/difusioncultural\/wp-content\/uploads\/2014\/09\/samantha.jpg\"><img loading=\"lazy\" decoding=\"async\" class=\"alignnone size-medium wp-image-3181\" src=\"https:\/\/blogs.uninter.edu.mx\/difusioncultural\/wp-content\/uploads\/2014\/09\/samantha.jpg?w=199\" alt=\"SAMANTHA\" width=\"199\" height=\"300\" \/><\/a><\/p>\n<p style=\"text-align:left;\"><strong>L\u00edder del grupo estudiantil de Arte y Espacio\u00a0\u00a0<\/strong><\/p>\n<p style=\"text-align:left;\">Victor Uriostegui \u00c1lvarez<\/p>\n<p style=\"text-align:left;\"><a href=\"https:\/\/blogs.uninter.edu.mx\/difusioncultural\/wp-content\/uploads\/2014\/09\/victor-uriostegui.jpg\"><img loading=\"lazy\" decoding=\"async\" class=\"alignnone size-medium wp-image-3182\" src=\"https:\/\/blogs.uninter.edu.mx\/difusioncultural\/wp-content\/uploads\/2014\/09\/victor-uriostegui.jpg?w=300\" alt=\"VICTOR URIOSTEGUI\" width=\"300\" height=\"199\" \/><\/a><\/p>\n<p style=\"text-align:left;\"><strong>L\u00edder del grupo estudiantil de Break Dance\u00a0\u00a0\u00a0<\/strong><\/p>\n<p style=\"text-align:left;\">Mahikon Daniel Valerio Ram\u00edrez<\/p>\n<p style=\"text-align:left;\"><a href=\"https:\/\/blogs.uninter.edu.mx\/difusioncultural\/wp-content\/uploads\/2014\/09\/mahikon.jpg\"><img loading=\"lazy\" decoding=\"async\" class=\"alignnone size-medium wp-image-3183\" src=\"https:\/\/blogs.uninter.edu.mx\/difusioncultural\/wp-content\/uploads\/2014\/09\/mahikon.jpg?w=300\" alt=\"MAHIKON\" width=\"300\" height=\"199\" \/><\/a><\/p>\n<p style=\"text-align:left;\"><strong>L\u00edder del grupo estudiantil de Ensamble de Rock<\/strong><strong>\u00a0\u00a0<\/strong><\/p>\n<p style=\"text-align:left;\">Alexis Yael Meza Recio<\/p>\n<p style=\"text-align:left;\"><a href=\"https:\/\/blogs.uninter.edu.mx\/difusioncultural\/wp-content\/uploads\/2014\/09\/yael.jpg\"><img loading=\"lazy\" decoding=\"async\" class=\"alignnone size-medium wp-image-3184\" src=\"https:\/\/blogs.uninter.edu.mx\/difusioncultural\/wp-content\/uploads\/2014\/09\/yael.jpg?w=300\" alt=\"YAEL\" width=\"300\" height=\"199\" \/><\/a><\/p>\n<p style=\"text-align:left;\"><strong>L\u00edder del grupo estudiantil de Coreograf\u00edas Masivas\u00a0<\/strong><\/p>\n<p style=\"text-align:left;\">Jos\u00e9 Angel Pina Flores<\/p>\n<p style=\"text-align:left;\"><a href=\"https:\/\/blogs.uninter.edu.mx\/difusioncultural\/wp-content\/uploads\/2014\/09\/jose-angel-pina.jpg\"><img loading=\"lazy\" decoding=\"async\" class=\"alignnone size-medium wp-image-3185\" src=\"https:\/\/blogs.uninter.edu.mx\/difusioncultural\/wp-content\/uploads\/2014\/09\/jose-angel-pina.jpg?w=199\" alt=\"JOSE ANGEL PINA\" width=\"199\" height=\"300\" \/><\/a><\/p>\n<p style=\"text-align:left;\"><strong>L\u00edder del grupo estudiantil de Guionismo\u00a0\u00a0\u00a0<\/strong><\/p>\n<p style=\"text-align:left;\">Marcos Rojas Sosa<\/p>\n<p style=\"text-align:left;\"><a href=\"https:\/\/blogs.uninter.edu.mx\/difusioncultural\/wp-content\/uploads\/2014\/09\/marcos-rojas.jpg\"><img loading=\"lazy\" decoding=\"async\" class=\"alignnone size-medium wp-image-3186\" src=\"https:\/\/blogs.uninter.edu.mx\/difusioncultural\/wp-content\/uploads\/2014\/09\/marcos-rojas.jpg?w=199\" alt=\"MARCOS ROJAS\" width=\"199\" height=\"300\" \/><\/a><\/p>\n<p style=\"text-align:left;\"><strong>L\u00edder del grupo estudiantil de Meditaci\u00f3n \u00a0\u00a0<\/strong><\/p>\n<p style=\"text-align:left;\">Karla Ximena Fajardo Aguirre<\/p>\n<p style=\"text-align:left;\"><a href=\"https:\/\/blogs.uninter.edu.mx\/difusioncultural\/wp-content\/uploads\/2014\/09\/ximena.jpg\"><img loading=\"lazy\" decoding=\"async\" class=\"alignnone size-medium wp-image-3187\" src=\"https:\/\/blogs.uninter.edu.mx\/difusioncultural\/wp-content\/uploads\/2014\/09\/ximena.jpg?w=300\" alt=\"XIMENA\" width=\"300\" height=\"199\" \/><\/a><\/p>\n<p style=\"text-align:left;\">\n<h2 style=\"text-align:center;\">\u00a1Felicidades!<\/h2>\n","protected":false},"excerpt":{"rendered":"<p>El d\u00eda 04 de Septiembre del 2014 \u00a0se llev\u00f3 a cabo la ceremonia de entrega de nombramientos a los l\u00edderes de grupos culturales y deportivos de Universidad Internacional. Durante la ceremonia se hizo entrega de nombramientos a todos los l\u00edderes que pertenecen a la coordinaci\u00f3n de difusi\u00f3n cultural y programas representativos, nuestros orgullosos l\u00edderes son:&hellip;<\/p>\n","protected":false},"author":1,"featured_media":3188,"comment_status":"closed","ping_status":"open","sticky":false,"template":"","format":"standard","meta":{"_jetpack_memberships_contains_paid_content":false,"footnotes":"","jetpack_publicize_message":"","jetpack_publicize_feature_enabled":true,"jetpack_social_post_already_shared":false,"jetpack_social_options":{"image_generator_settings":{"template":"highway","default_image_id":0,"font":"","enabled":false},"version":2}},"categories":[1],"tags":[26,36,41,93,113,131,163,255,280,303,305],"class_list":["post-3173","post","type-post","status-publish","format-standard","has-post-thumbnail","hentry","category-sin-categoria","tag-acontecimientos","tag-bachillerato","tag-becas-culturales","tag-cultura","tag-difusion-cultural","tag-eventos","tag-intercambios","tag-prepa","tag-spanish-school","tag-uninter","tag-universidad-internacional"],"yoast_head":"<!-- This site is optimized with the Yoast SEO plugin v26.3 - https:\/\/yoast.com\/wordpress\/plugins\/seo\/ -->\r\n<title>Nombramiento de L\u00edderes Culturales 2014 - Difusi\u00f3n Cultural<\/title>\r\n<meta name=\"robots\" content=\"index, follow, max-snippet:-1, max-image-preview:large, max-video-preview:-1\" \/>\r\n<link rel=\"canonical\" href=\"https:\/\/blogs.uninter.edu.mx\/difusioncultural\/?p=3173\" \/>\r\n<meta property=\"og:locale\" content=\"es_MX\" \/>\r\n<meta property=\"og:type\" content=\"article\" \/>\r\n<meta property=\"og:title\" content=\"Nombramiento de L\u00edderes Culturales 2014 - Difusi\u00f3n Cultural\" \/>\r\n<meta property=\"og:description\" content=\"El d\u00eda 04 de Septiembre del 2014 \u00a0se llev\u00f3 a cabo la ceremonia de entrega de nombramientos a los l\u00edderes de grupos culturales y deportivos de Universidad Internacional. Durante la ceremonia se hizo entrega de nombramientos a todos los l\u00edderes que pertenecen a la coordinaci\u00f3n de difusi\u00f3n cultural y programas representativos, nuestros orgullosos l\u00edderes son:&hellip;\" \/>\r\n<meta property=\"og:url\" content=\"https:\/\/blogs.uninter.edu.mx\/difusioncultural\/?p=3173\" \/>\r\n<meta property=\"og:site_name\" content=\"Difusi\u00f3n Cultural\" \/>\r\n<meta property=\"article:published_time\" content=\"2014-09-05T21:15:02+00:00\" \/>\r\n<meta property=\"og:image\" content=\"https:\/\/blogs.uninter.edu.mx\/difusioncultural\/wp-content\/uploads\/2014\/09\/lc3adderes-culturales.jpg\" \/>\r\n\t<meta property=\"og:image:width\" content=\"960\" \/>\r\n\t<meta property=\"og:image:height\" content=\"639\" \/>\r\n\t<meta property=\"og:image:type\" content=\"image\/jpeg\" \/>\r\n<meta name=\"author\" content=\"webmaster\" \/>\r\n<meta name=\"twitter:card\" content=\"summary_large_image\" \/>\r\n<meta name=\"twitter:label1\" content=\"Escrito por\" \/>\n\t<meta name=\"twitter:data1\" content=\"webmaster\" \/>\n\t<meta name=\"twitter:label2\" content=\"Tiempo de lectura\" \/>\n\t<meta name=\"twitter:data2\" content=\"1 minuto\" \/>\r\n<script type=\"application\/ld+json\" class=\"yoast-schema-graph\">{\"@context\":\"https:\/\/schema.org\",\"@graph\":[{\"@type\":\"Article\",\"@id\":\"https:\/\/blogs.uninter.edu.mx\/difusioncultural\/?p=3173#article\",\"isPartOf\":{\"@id\":\"https:\/\/blogs.uninter.edu.mx\/difusioncultural\/?p=3173\"},\"author\":{\"name\":\"webmaster\",\"@id\":\"https:\/\/blogs.uninter.edu.mx\/difusioncultural\/#\/schema\/person\/37a0926f4dd300a814993fd595abdc4a\"},\"headline\":\"Nombramiento de L\u00edderes Culturales 2014\",\"datePublished\":\"2014-09-05T21:15:02+00:00\",\"mainEntityOfPage\":{\"@id\":\"https:\/\/blogs.uninter.edu.mx\/difusioncultural\/?p=3173\"},\"wordCount\":238,\"publisher\":{\"@id\":\"https:\/\/blogs.uninter.edu.mx\/difusioncultural\/#organization\"},\"image\":{\"@id\":\"https:\/\/blogs.uninter.edu.mx\/difusioncultural\/?p=3173#primaryimage\"},\"thumbnailUrl\":\"https:\/\/blogs.uninter.edu.mx\/difusioncultural\/wp-content\/uploads\/2014\/09\/lc3adderes-culturales.jpg\",\"keywords\":[\"acontecimientos\",\"bachillerato\",\"becas culturales\",\"cultura\",\"difusi\u00f3n cultural\",\"eventos\",\"intercambios\",\"prepa\",\"spanish school\",\"uninter\",\"universidad internacional\"],\"inLanguage\":\"es\"},{\"@type\":\"WebPage\",\"@id\":\"https:\/\/blogs.uninter.edu.mx\/difusioncultural\/?p=3173\",\"url\":\"https:\/\/blogs.uninter.edu.mx\/difusioncultural\/?p=3173\",\"name\":\"Nombramiento de L\u00edderes Culturales 2014 - Difusi\u00f3n Cultural\",\"isPartOf\":{\"@id\":\"https:\/\/blogs.uninter.edu.mx\/difusioncultural\/#website\"},\"primaryImageOfPage\":{\"@id\":\"https:\/\/blogs.uninter.edu.mx\/difusioncultural\/?p=3173#primaryimage\"},\"image\":{\"@id\":\"https:\/\/blogs.uninter.edu.mx\/difusioncultural\/?p=3173#primaryimage\"},\"thumbnailUrl\":\"https:\/\/blogs.uninter.edu.mx\/difusioncultural\/wp-content\/uploads\/2014\/09\/lc3adderes-culturales.jpg\",\"datePublished\":\"2014-09-05T21:15:02+00:00\",\"breadcrumb\":{\"@id\":\"https:\/\/blogs.uninter.edu.mx\/difusioncultural\/?p=3173#breadcrumb\"},\"inLanguage\":\"es\",\"potentialAction\":[{\"@type\":\"ReadAction\",\"target\":[\"https:\/\/blogs.uninter.edu.mx\/difusioncultural\/?p=3173\"]}]},{\"@type\":\"ImageObject\",\"inLanguage\":\"es\",\"@id\":\"https:\/\/blogs.uninter.edu.mx\/difusioncultural\/?p=3173#primaryimage\",\"url\":\"https:\/\/blogs.uninter.edu.mx\/difusioncultural\/wp-content\/uploads\/2014\/09\/lc3adderes-culturales.jpg\",\"contentUrl\":\"https:\/\/blogs.uninter.edu.mx\/difusioncultural\/wp-content\/uploads\/2014\/09\/lc3adderes-culturales.jpg\",\"width\":960,\"height\":639},{\"@type\":\"BreadcrumbList\",\"@id\":\"https:\/\/blogs.uninter.edu.mx\/difusioncultural\/?p=3173#breadcrumb\",\"itemListElement\":[{\"@type\":\"ListItem\",\"position\":1,\"name\":\"Inicio\",\"item\":\"https:\/\/blogs.uninter.edu.mx\/difusioncultural\/\"},{\"@type\":\"ListItem\",\"position\":2,\"name\":\"Nombramiento de L\u00edderes Culturales 2014\"}]},{\"@type\":\"WebSite\",\"@id\":\"https:\/\/blogs.uninter.edu.mx\/difusioncultural\/#website\",\"url\":\"https:\/\/blogs.uninter.edu.mx\/difusioncultural\/\",\"name\":\"Difusi\u00f3n Cultural\",\"description\":\"UNINTER\",\"publisher\":{\"@id\":\"https:\/\/blogs.uninter.edu.mx\/difusioncultural\/#organization\"},\"potentialAction\":[{\"@type\":\"SearchAction\",\"target\":{\"@type\":\"EntryPoint\",\"urlTemplate\":\"https:\/\/blogs.uninter.edu.mx\/difusioncultural\/?s={search_term_string}\"},\"query-input\":{\"@type\":\"PropertyValueSpecification\",\"valueRequired\":true,\"valueName\":\"search_term_string\"}}],\"inLanguage\":\"es\"},{\"@type\":\"Organization\",\"@id\":\"https:\/\/blogs.uninter.edu.mx\/difusioncultural\/#organization\",\"name\":\"Difusi\u00f3n Cultural\",\"url\":\"https:\/\/blogs.uninter.edu.mx\/difusioncultural\/\",\"logo\":{\"@type\":\"ImageObject\",\"inLanguage\":\"es\",\"@id\":\"https:\/\/blogs.uninter.edu.mx\/difusioncultural\/#\/schema\/logo\/image\/\",\"url\":\"https:\/\/blogs.uninter.edu.mx\/difusioncultural\/wp-content\/uploads\/2022\/09\/uninter.jpg\",\"contentUrl\":\"https:\/\/blogs.uninter.edu.mx\/difusioncultural\/wp-content\/uploads\/2022\/09\/uninter.jpg\",\"width\":2048,\"height\":2048,\"caption\":\"Difusi\u00f3n Cultural\"},\"image\":{\"@id\":\"https:\/\/blogs.uninter.edu.mx\/difusioncultural\/#\/schema\/logo\/image\/\"}},{\"@type\":\"Person\",\"@id\":\"https:\/\/blogs.uninter.edu.mx\/difusioncultural\/#\/schema\/person\/37a0926f4dd300a814993fd595abdc4a\",\"name\":\"webmaster\",\"image\":{\"@type\":\"ImageObject\",\"inLanguage\":\"es\",\"@id\":\"https:\/\/blogs.uninter.edu.mx\/difusioncultural\/#\/schema\/person\/image\/\",\"url\":\"https:\/\/secure.gravatar.com\/avatar\/a59c276b01147463ef3aab4118e3137ebc5e1ad6700deb39ccdf8b89e517f7dc?s=96&d=mm&r=g\",\"contentUrl\":\"https:\/\/secure.gravatar.com\/avatar\/a59c276b01147463ef3aab4118e3137ebc5e1ad6700deb39ccdf8b89e517f7dc?s=96&d=mm&r=g\",\"caption\":\"webmaster\"},\"sameAs\":[\"https:\/\/blogs.uninter.edu.mx\/difusioncultural\"],\"url\":\"https:\/\/blogs.uninter.edu.mx\/difusioncultural\/?author=1\"}]}<\/script>\r\n<!-- \/ Yoast SEO plugin. -->","yoast_head_json":{"title":"Nombramiento de L\u00edderes Culturales 2014 - Difusi\u00f3n Cultural","robots":{"index":"index","follow":"follow","max-snippet":"max-snippet:-1","max-image-preview":"max-image-preview:large","max-video-preview":"max-video-preview:-1"},"canonical":"https:\/\/blogs.uninter.edu.mx\/difusioncultural\/?p=3173","og_locale":"es_MX","og_type":"article","og_title":"Nombramiento de L\u00edderes Culturales 2014 - Difusi\u00f3n Cultural","og_description":"El d\u00eda 04 de Septiembre del 2014 \u00a0se llev\u00f3 a cabo la ceremonia de entrega de nombramientos a los l\u00edderes de grupos culturales y deportivos de Universidad Internacional. Durante la ceremonia se hizo entrega de nombramientos a todos los l\u00edderes que pertenecen a la coordinaci\u00f3n de difusi\u00f3n cultural y programas representativos, nuestros orgullosos l\u00edderes son:&hellip;","og_url":"https:\/\/blogs.uninter.edu.mx\/difusioncultural\/?p=3173","og_site_name":"Difusi\u00f3n Cultural","article_published_time":"2014-09-05T21:15:02+00:00","og_image":[{"width":960,"height":639,"url":"https:\/\/blogs.uninter.edu.mx\/difusioncultural\/wp-content\/uploads\/2014\/09\/lc3adderes-culturales.jpg","type":"image\/jpeg"}],"author":"webmaster","twitter_card":"summary_large_image","twitter_misc":{"Escrito por":"webmaster","Tiempo de lectura":"1 minuto"},"schema":{"@context":"https:\/\/schema.org","@graph":[{"@type":"Article","@id":"https:\/\/blogs.uninter.edu.mx\/difusioncultural\/?p=3173#article","isPartOf":{"@id":"https:\/\/blogs.uninter.edu.mx\/difusioncultural\/?p=3173"},"author":{"name":"webmaster","@id":"https:\/\/blogs.uninter.edu.mx\/difusioncultural\/#\/schema\/person\/37a0926f4dd300a814993fd595abdc4a"},"headline":"Nombramiento de L\u00edderes Culturales 2014","datePublished":"2014-09-05T21:15:02+00:00","mainEntityOfPage":{"@id":"https:\/\/blogs.uninter.edu.mx\/difusioncultural\/?p=3173"},"wordCount":238,"publisher":{"@id":"https:\/\/blogs.uninter.edu.mx\/difusioncultural\/#organization"},"image":{"@id":"https:\/\/blogs.uninter.edu.mx\/difusioncultural\/?p=3173#primaryimage"},"thumbnailUrl":"https:\/\/blogs.uninter.edu.mx\/difusioncultural\/wp-content\/uploads\/2014\/09\/lc3adderes-culturales.jpg","keywords":["acontecimientos","bachillerato","becas culturales","cultura","difusi\u00f3n cultural","eventos","intercambios","prepa","spanish school","uninter","universidad internacional"],"inLanguage":"es"},{"@type":"WebPage","@id":"https:\/\/blogs.uninter.edu.mx\/difusioncultural\/?p=3173","url":"https:\/\/blogs.uninter.edu.mx\/difusioncultural\/?p=3173","name":"Nombramiento de L\u00edderes Culturales 2014 - Difusi\u00f3n Cultural","isPartOf":{"@id":"https:\/\/blogs.uninter.edu.mx\/difusioncultural\/#website"},"primaryImageOfPage":{"@id":"https:\/\/blogs.uninter.edu.mx\/difusioncultural\/?p=3173#primaryimage"},"image":{"@id":"https:\/\/blogs.uninter.edu.mx\/difusioncultural\/?p=3173#primaryimage"},"thumbnailUrl":"https:\/\/blogs.uninter.edu.mx\/difusioncultural\/wp-content\/uploads\/2014\/09\/lc3adderes-culturales.jpg","datePublished":"2014-09-05T21:15:02+00:00","breadcrumb":{"@id":"https:\/\/blogs.uninter.edu.mx\/difusioncultural\/?p=3173#breadcrumb"},"inLanguage":"es","potentialAction":[{"@type":"ReadAction","target":["https:\/\/blogs.uninter.edu.mx\/difusioncultural\/?p=3173"]}]},{"@type":"ImageObject","inLanguage":"es","@id":"https:\/\/blogs.uninter.edu.mx\/difusioncultural\/?p=3173#primaryimage","url":"https:\/\/blogs.uninter.edu.mx\/difusioncultural\/wp-content\/uploads\/2014\/09\/lc3adderes-culturales.jpg","contentUrl":"https:\/\/blogs.uninter.edu.mx\/difusioncultural\/wp-content\/uploads\/2014\/09\/lc3adderes-culturales.jpg","width":960,"height":639},{"@type":"BreadcrumbList","@id":"https:\/\/blogs.uninter.edu.mx\/difusioncultural\/?p=3173#breadcrumb","itemListElement":[{"@type":"ListItem","position":1,"name":"Inicio","item":"https:\/\/blogs.uninter.edu.mx\/difusioncultural\/"},{"@type":"ListItem","position":2,"name":"Nombramiento de L\u00edderes Culturales 2014"}]},{"@type":"WebSite","@id":"https:\/\/blogs.uninter.edu.mx\/difusioncultural\/#website","url":"https:\/\/blogs.uninter.edu.mx\/difusioncultural\/","name":"Difusi\u00f3n Cultural","description":"UNINTER","publisher":{"@id":"https:\/\/blogs.uninter.edu.mx\/difusioncultural\/#organization"},"potentialAction":[{"@type":"SearchAction","target":{"@type":"EntryPoint","urlTemplate":"https:\/\/blogs.uninter.edu.mx\/difusioncultural\/?s={search_term_string}"},"query-input":{"@type":"PropertyValueSpecification","valueRequired":true,"valueName":"search_term_string"}}],"inLanguage":"es"},{"@type":"Organization","@id":"https:\/\/blogs.uninter.edu.mx\/difusioncultural\/#organization","name":"Difusi\u00f3n Cultural","url":"https:\/\/blogs.uninter.edu.mx\/difusioncultural\/","logo":{"@type":"ImageObject","inLanguage":"es","@id":"https:\/\/blogs.uninter.edu.mx\/difusioncultural\/#\/schema\/logo\/image\/","url":"https:\/\/blogs.uninter.edu.mx\/difusioncultural\/wp-content\/uploads\/2022\/09\/uninter.jpg","contentUrl":"https:\/\/blogs.uninter.edu.mx\/difusioncultural\/wp-content\/uploads\/2022\/09\/uninter.jpg","width":2048,"height":2048,"caption":"Difusi\u00f3n Cultural"},"image":{"@id":"https:\/\/blogs.uninter.edu.mx\/difusioncultural\/#\/schema\/logo\/image\/"}},{"@type":"Person","@id":"https:\/\/blogs.uninter.edu.mx\/difusioncultural\/#\/schema\/person\/37a0926f4dd300a814993fd595abdc4a","name":"webmaster","image":{"@type":"ImageObject","inLanguage":"es","@id":"https:\/\/blogs.uninter.edu.mx\/difusioncultural\/#\/schema\/person\/image\/","url":"https:\/\/secure.gravatar.com\/avatar\/a59c276b01147463ef3aab4118e3137ebc5e1ad6700deb39ccdf8b89e517f7dc?s=96&d=mm&r=g","contentUrl":"https:\/\/secure.gravatar.com\/avatar\/a59c276b01147463ef3aab4118e3137ebc5e1ad6700deb39ccdf8b89e517f7dc?s=96&d=mm&r=g","caption":"webmaster"},"sameAs":["https:\/\/blogs.uninter.edu.mx\/difusioncultural"],"url":"https:\/\/blogs.uninter.edu.mx\/difusioncultural\/?author=1"}]}},"jetpack_publicize_connections":[],"jetpack_featured_media_url":"https:\/\/blogs.uninter.edu.mx\/difusioncultural\/wp-content\/uploads\/2014\/09\/lc3adderes-culturales.jpg","jetpack_sharing_enabled":true,"_links":{"self":[{"href":"https:\/\/blogs.uninter.edu.mx\/difusioncultural\/index.php?rest_route=\/wp\/v2\/posts\/3173","targetHints":{"allow":["GET"]}}],"collection":[{"href":"https:\/\/blogs.uninter.edu.mx\/difusioncultural\/index.php?rest_route=\/wp\/v2\/posts"}],"about":[{"href":"https:\/\/blogs.uninter.edu.mx\/difusioncultural\/index.php?rest_route=\/wp\/v2\/types\/post"}],"author":[{"embeddable":true,"href":"https:\/\/blogs.uninter.edu.mx\/difusioncultural\/index.php?rest_route=\/wp\/v2\/users\/1"}],"replies":[{"embeddable":true,"href":"https:\/\/blogs.uninter.edu.mx\/difusioncultural\/index.php?rest_route=%2Fwp%2Fv2%2Fcomments&post=3173"}],"version-history":[{"count":0,"href":"https:\/\/blogs.uninter.edu.mx\/difusioncultural\/index.php?rest_route=\/wp\/v2\/posts\/3173\/revisions"}],"wp:featuredmedia":[{"embeddable":true,"href":"https:\/\/blogs.uninter.edu.mx\/difusioncultural\/index.php?rest_route=\/wp\/v2\/media\/3188"}],"wp:attachment":[{"href":"https:\/\/blogs.uninter.edu.mx\/difusioncultural\/index.php?rest_route=%2Fwp%2Fv2%2Fmedia&parent=3173"}],"wp:term":[{"taxonomy":"category","embeddable":true,"href":"https:\/\/blogs.uninter.edu.mx\/difusioncultural\/index.php?rest_route=%2Fwp%2Fv2%2Fcategories&post=3173"},{"taxonomy":"post_tag","embeddable":true,"href":"https:\/\/blogs.uninter.edu.mx\/difusioncultural\/index.php?rest_route=%2Fwp%2Fv2%2Ftags&post=3173"}],"curies":[{"name":"wp","href":"https:\/\/api.w.org\/{rel}","templated":true}]}}