{"id":3240,"date":"2014-09-13T10:00:34","date_gmt":"2014-09-13T10:00:34","guid":{"rendered":"http:\/\/difusionculturaluninter.wordpress.com\/?p=3240"},"modified":"2014-09-13T10:00:34","modified_gmt":"2014-09-13T10:00:34","slug":"dia-de-los-ninos-heroes","status":"publish","type":"post","link":"https:\/\/blogs.uninter.edu.mx\/difusioncultural\/?p=3240","title":{"rendered":"D\u00eda de los Ni\u00f1os H\u00e9roes"},"content":{"rendered":"<p><a href=\"https:\/\/blogs.uninter.edu.mx\/difusioncultural\/wp-content\/uploads\/2014\/09\/ninos_heroes.jpg\"><img fetchpriority=\"high\" decoding=\"async\" class=\"size-medium wp-image-3241 aligncenter\" src=\"https:\/\/blogs.uninter.edu.mx\/difusioncultural\/wp-content\/uploads\/2014\/09\/ninos_heroes.jpg?w=300\" alt=\"ninos_heroes\" width=\"300\" height=\"291\" \/><\/a><\/p>\n<p>&nbsp;<\/p>\n<p>Este episodio de la Historia de M\u00e9xico ocurre en el a\u00f1o de 1846 siendo presidente de M\u00e9xico Antonio L\u00f3pez de Santa Anna, durante el cual ocurre la guerra de Estados Unidos contra M\u00e9xico.<\/p>\n<p>La guerra fue declarada por el presidente James Polk con fines expansionistas, ya que pretend\u00edan apoderarse de las provincias mexicanas de Alta California, Nuevo M\u00e9xico y, en caso conveniente, de Chihuahua.<\/p>\n<p>Durante el tiempo que dur\u00f3 la guerra (del 8 de marzo de 1846 al 30 de mayo de 1848), en M\u00e9xico reinaba la anarqu\u00eda: en ese periodo hubo siete presidentes y s\u00f3lo siete de los 19 estados que en esa \u00e9poca formaban la federaci\u00f3n mexicana participaron en la defensa de la soberan\u00eda nacional.<\/p>\n<p>Esta intervenci\u00f3n por parte de Estados Unidos cont\u00f3 con varias campa\u00f1as, una de ellas la de Veracruz-M\u00e9xico. La batalla de Chapultepec pertenece a la \u00faltima parte de esta campa\u00f1a. El 13 de septiembre de 1847, las fuerzas norteamericanas decidieron tomar el castillo de Chapultepec donde se alojaba desde hac\u00eda 3 tres a\u00f1os el Colegio Militar.<\/p>\n<p>En el Colegio Militar como su nombre lo dice estudiaban los j\u00f3venes que deseaban hacer carrera en el ej\u00e9rcito. Fue ah\u00ed donde 6 cadetes dieron la vida para salvar a su patria, sus nombres son: Juan de la Barrera, Juan Escutia, Agust\u00edn Melgar, Fernando Montes de Oca, Vicente Su\u00e1rez, y Francisco M\u00e1rquez, todos ellos ten\u00edan edades de entre 13 y 17 a\u00f1os; cuentan que cuando todo hab\u00eda acabado un oficial norteamericano observando el rostro de los cadetes muertos, dijo lleno de sorpresa algo como: &#8220;\u00a1Pero si son apenas unos ni\u00f1os!&#8221;. Tal fue el origen de la expresi\u00f3n &#8220;Los ni\u00f1os h\u00e9roes&#8221;.<\/p>\n<p>La batalla en Chapultepec comenz\u00f3 con un intenso bombardeo de artiller\u00eda, ocasionando graves estragos al edificio y a la infanter\u00eda que lo defend\u00eda, que poco pudo hacer ante el alcance de los ca\u00f1ones. La defensa de Chapultepec estuvo el mando del general Nicol\u00e1s Bravo, quien dispon\u00eda de 200 cadetes del Colegio Militar y 632 soldados del Batall\u00f3n de San Blas, al mando del teniente coronel Felipe Santiago Xicot\u00e9ncatl, adem\u00e1s, Antonio L\u00f3pez de Santa Anna llev\u00f3 al pie del cerro a 450 hombres. Derrotado el batall\u00f3n de San Blas, los norteamericanos atacaron por el poniente y el sur del Colegio Militar, donde fueron detenidos durante algunas horas por los cadetes; pero m\u00e1s tarde las divisiones de Quitman y Pillow lograron escalar el Castillo. En el interior del inmueble la lucha fue cuerpo a cuerpo; finalmente, la heroica resistencia de sus defensores cedi\u00f3 ante la superioridad num\u00e9rica y material de los norteamericanos quienes tomaron el edificio e hicieron prisioneros al general Nicol\u00e1s Bravo, Mariano Monterde \u2013director del Colegio\u2013 y varios alumnos sobrevivientes.<\/p>\n<p>Despu\u00e9s de ser ocupada la Ciudad de M\u00e9xico, el 2 de febrero de 1848, en la sacrist\u00eda de la Bas\u00edlica de Guadalupe fue firmado el convenio con el que se dio fin a la guerra. Con el Tratado de Guadalupe Hidalgo, M\u00e9xico perdi\u00f3 gran parte de su territorio. Reconoc\u00eda al R\u00edo Bravo como l\u00edmite meridional de Texas; adem\u00e1s, ced\u00eda a los Estados Unidos norteamericanos los territorios de Nuevo M\u00e9xico y Alta California. Por su parte, el gobierno norteamericano se compromet\u00eda a pagar las reclamaciones de sus ciudadanos contra M\u00e9xico, a no exigir compensaciones por los gastos de guerra y a pagar 15 millones de pesos por los territorios cedidos.<\/p>\n<p>As\u00ed el <strong>13 de Septiembre<\/strong> son recordados todos los h\u00e9roes que dieron su vida para salvar a la patria durante la guerra contra Estados Unidos.<\/p>\n<p>En la Ciudad de M\u00e9xico se realiza un desfile con la armada y en el Castillo de Chapultepec se hace una ceremonia con ca\u00f1ones para recordar a los &#8220;Ni\u00f1os H\u00e9roes&#8221;. En las dem\u00e1s partes del pa\u00eds se conmemora con ceremonias c\u00edvicas.<\/p>\n","protected":false},"excerpt":{"rendered":"<p>&nbsp; Este episodio de la Historia de M\u00e9xico ocurre en el a\u00f1o de 1846 siendo presidente de M\u00e9xico Antonio L\u00f3pez de Santa Anna, durante el cual ocurre la guerra de Estados Unidos contra M\u00e9xico. La guerra fue declarada por el presidente James Polk con fines expansionistas, ya que pretend\u00edan apoderarse de las provincias mexicanas de&hellip;<\/p>\n","protected":false},"author":1,"featured_media":3241,"comment_status":"closed","ping_status":"open","sticky":false,"template":"","format":"standard","meta":{"_jetpack_memberships_contains_paid_content":false,"footnotes":"","jetpack_publicize_message":"","jetpack_publicize_feature_enabled":true,"jetpack_social_post_already_shared":false,"jetpack_social_options":{"image_generator_settings":{"template":"highway","default_image_id":0,"font":"","enabled":false},"version":2}},"categories":[1],"tags":[26,36,41,93,94,108,113,131,137,151,163,204,255,277,280,303,305],"class_list":["post-3240","post","type-post","status-publish","format-standard","has-post-thumbnail","hentry","category-sin-categoria","tag-acontecimientos","tag-bachillerato","tag-becas-culturales","tag-cultura","tag-cultura-de-la-paz","tag-dia-de-la-independencia-uninter","tag-difusion-cultural","tag-eventos","tag-festejos-patrios-uninter","tag-historia","tag-intercambios","tag-mexico","tag-prepa","tag-secundaria","tag-spanish-school","tag-uninter","tag-universidad-internacional"],"yoast_head":"<!-- This site is optimized with the Yoast SEO plugin v26.3 - https:\/\/yoast.com\/wordpress\/plugins\/seo\/ -->\r\n<title>D\u00eda de los Ni\u00f1os H\u00e9roes - Difusi\u00f3n Cultural<\/title>\r\n<meta name=\"robots\" content=\"index, follow, max-snippet:-1, max-image-preview:large, max-video-preview:-1\" \/>\r\n<link rel=\"canonical\" href=\"https:\/\/blogs.uninter.edu.mx\/difusioncultural\/?p=3240\" \/>\r\n<meta property=\"og:locale\" content=\"es_MX\" \/>\r\n<meta property=\"og:type\" content=\"article\" \/>\r\n<meta property=\"og:title\" content=\"D\u00eda de los Ni\u00f1os H\u00e9roes - Difusi\u00f3n Cultural\" \/>\r\n<meta property=\"og:description\" content=\"&nbsp; Este episodio de la Historia de M\u00e9xico ocurre en el a\u00f1o de 1846 siendo presidente de M\u00e9xico Antonio L\u00f3pez de Santa Anna, durante el cual ocurre la guerra de Estados Unidos contra M\u00e9xico. La guerra fue declarada por el presidente James Polk con fines expansionistas, ya que pretend\u00edan apoderarse de las provincias mexicanas de&hellip;\" \/>\r\n<meta property=\"og:url\" content=\"https:\/\/blogs.uninter.edu.mx\/difusioncultural\/?p=3240\" \/>\r\n<meta property=\"og:site_name\" content=\"Difusi\u00f3n Cultural\" \/>\r\n<meta property=\"article:published_time\" content=\"2014-09-13T10:00:34+00:00\" \/>\r\n<meta property=\"og:image\" content=\"https:\/\/blogs.uninter.edu.mx\/difusioncultural\/wp-content\/uploads\/2014\/09\/ninos_heroes.jpg\" \/>\r\n\t<meta property=\"og:image:width\" content=\"340\" \/>\r\n\t<meta property=\"og:image:height\" content=\"330\" \/>\r\n\t<meta property=\"og:image:type\" content=\"image\/jpeg\" \/>\r\n<meta name=\"author\" content=\"webmaster\" \/>\r\n<meta name=\"twitter:card\" content=\"summary_large_image\" \/>\r\n<meta name=\"twitter:label1\" content=\"Escrito por\" \/>\n\t<meta name=\"twitter:data1\" content=\"webmaster\" \/>\n\t<meta name=\"twitter:label2\" content=\"Tiempo de lectura\" \/>\n\t<meta name=\"twitter:data2\" content=\"3 minutos\" \/>\r\n<script type=\"application\/ld+json\" class=\"yoast-schema-graph\">{\"@context\":\"https:\/\/schema.org\",\"@graph\":[{\"@type\":\"Article\",\"@id\":\"https:\/\/blogs.uninter.edu.mx\/difusioncultural\/?p=3240#article\",\"isPartOf\":{\"@id\":\"https:\/\/blogs.uninter.edu.mx\/difusioncultural\/?p=3240\"},\"author\":{\"name\":\"webmaster\",\"@id\":\"https:\/\/blogs.uninter.edu.mx\/difusioncultural\/#\/schema\/person\/37a0926f4dd300a814993fd595abdc4a\"},\"headline\":\"D\u00eda de los Ni\u00f1os H\u00e9roes\",\"datePublished\":\"2014-09-13T10:00:34+00:00\",\"mainEntityOfPage\":{\"@id\":\"https:\/\/blogs.uninter.edu.mx\/difusioncultural\/?p=3240\"},\"wordCount\":672,\"publisher\":{\"@id\":\"https:\/\/blogs.uninter.edu.mx\/difusioncultural\/#organization\"},\"image\":{\"@id\":\"https:\/\/blogs.uninter.edu.mx\/difusioncultural\/?p=3240#primaryimage\"},\"thumbnailUrl\":\"https:\/\/blogs.uninter.edu.mx\/difusioncultural\/wp-content\/uploads\/2014\/09\/ninos_heroes.jpg\",\"keywords\":[\"acontecimientos\",\"bachillerato\",\"becas culturales\",\"cultura\",\"cultura de la paz\",\"dia de la independencia uninter\",\"difusi\u00f3n cultural\",\"eventos\",\"festejos patrios uninter\",\"historia\",\"intercambios\",\"Mexico\",\"prepa\",\"secundaria\",\"spanish school\",\"uninter\",\"universidad internacional\"],\"inLanguage\":\"es\"},{\"@type\":\"WebPage\",\"@id\":\"https:\/\/blogs.uninter.edu.mx\/difusioncultural\/?p=3240\",\"url\":\"https:\/\/blogs.uninter.edu.mx\/difusioncultural\/?p=3240\",\"name\":\"D\u00eda de los Ni\u00f1os H\u00e9roes - Difusi\u00f3n Cultural\",\"isPartOf\":{\"@id\":\"https:\/\/blogs.uninter.edu.mx\/difusioncultural\/#website\"},\"primaryImageOfPage\":{\"@id\":\"https:\/\/blogs.uninter.edu.mx\/difusioncultural\/?p=3240#primaryimage\"},\"image\":{\"@id\":\"https:\/\/blogs.uninter.edu.mx\/difusioncultural\/?p=3240#primaryimage\"},\"thumbnailUrl\":\"https:\/\/blogs.uninter.edu.mx\/difusioncultural\/wp-content\/uploads\/2014\/09\/ninos_heroes.jpg\",\"datePublished\":\"2014-09-13T10:00:34+00:00\",\"breadcrumb\":{\"@id\":\"https:\/\/blogs.uninter.edu.mx\/difusioncultural\/?p=3240#breadcrumb\"},\"inLanguage\":\"es\",\"potentialAction\":[{\"@type\":\"ReadAction\",\"target\":[\"https:\/\/blogs.uninter.edu.mx\/difusioncultural\/?p=3240\"]}]},{\"@type\":\"ImageObject\",\"inLanguage\":\"es\",\"@id\":\"https:\/\/blogs.uninter.edu.mx\/difusioncultural\/?p=3240#primaryimage\",\"url\":\"https:\/\/blogs.uninter.edu.mx\/difusioncultural\/wp-content\/uploads\/2014\/09\/ninos_heroes.jpg\",\"contentUrl\":\"https:\/\/blogs.uninter.edu.mx\/difusioncultural\/wp-content\/uploads\/2014\/09\/ninos_heroes.jpg\",\"width\":340,\"height\":330},{\"@type\":\"BreadcrumbList\",\"@id\":\"https:\/\/blogs.uninter.edu.mx\/difusioncultural\/?p=3240#breadcrumb\",\"itemListElement\":[{\"@type\":\"ListItem\",\"position\":1,\"name\":\"Inicio\",\"item\":\"https:\/\/blogs.uninter.edu.mx\/difusioncultural\/\"},{\"@type\":\"ListItem\",\"position\":2,\"name\":\"D\u00eda de los Ni\u00f1os H\u00e9roes\"}]},{\"@type\":\"WebSite\",\"@id\":\"https:\/\/blogs.uninter.edu.mx\/difusioncultural\/#website\",\"url\":\"https:\/\/blogs.uninter.edu.mx\/difusioncultural\/\",\"name\":\"Difusi\u00f3n Cultural\",\"description\":\"UNINTER\",\"publisher\":{\"@id\":\"https:\/\/blogs.uninter.edu.mx\/difusioncultural\/#organization\"},\"potentialAction\":[{\"@type\":\"SearchAction\",\"target\":{\"@type\":\"EntryPoint\",\"urlTemplate\":\"https:\/\/blogs.uninter.edu.mx\/difusioncultural\/?s={search_term_string}\"},\"query-input\":{\"@type\":\"PropertyValueSpecification\",\"valueRequired\":true,\"valueName\":\"search_term_string\"}}],\"inLanguage\":\"es\"},{\"@type\":\"Organization\",\"@id\":\"https:\/\/blogs.uninter.edu.mx\/difusioncultural\/#organization\",\"name\":\"Difusi\u00f3n Cultural\",\"url\":\"https:\/\/blogs.uninter.edu.mx\/difusioncultural\/\",\"logo\":{\"@type\":\"ImageObject\",\"inLanguage\":\"es\",\"@id\":\"https:\/\/blogs.uninter.edu.mx\/difusioncultural\/#\/schema\/logo\/image\/\",\"url\":\"https:\/\/blogs.uninter.edu.mx\/difusioncultural\/wp-content\/uploads\/2022\/09\/uninter.jpg\",\"contentUrl\":\"https:\/\/blogs.uninter.edu.mx\/difusioncultural\/wp-content\/uploads\/2022\/09\/uninter.jpg\",\"width\":2048,\"height\":2048,\"caption\":\"Difusi\u00f3n Cultural\"},\"image\":{\"@id\":\"https:\/\/blogs.uninter.edu.mx\/difusioncultural\/#\/schema\/logo\/image\/\"}},{\"@type\":\"Person\",\"@id\":\"https:\/\/blogs.uninter.edu.mx\/difusioncultural\/#\/schema\/person\/37a0926f4dd300a814993fd595abdc4a\",\"name\":\"webmaster\",\"image\":{\"@type\":\"ImageObject\",\"inLanguage\":\"es\",\"@id\":\"https:\/\/blogs.uninter.edu.mx\/difusioncultural\/#\/schema\/person\/image\/\",\"url\":\"https:\/\/secure.gravatar.com\/avatar\/a59c276b01147463ef3aab4118e3137ebc5e1ad6700deb39ccdf8b89e517f7dc?s=96&d=mm&r=g\",\"contentUrl\":\"https:\/\/secure.gravatar.com\/avatar\/a59c276b01147463ef3aab4118e3137ebc5e1ad6700deb39ccdf8b89e517f7dc?s=96&d=mm&r=g\",\"caption\":\"webmaster\"},\"sameAs\":[\"https:\/\/blogs.uninter.edu.mx\/difusioncultural\"],\"url\":\"https:\/\/blogs.uninter.edu.mx\/difusioncultural\/?author=1\"}]}<\/script>\r\n<!-- \/ Yoast SEO plugin. -->","yoast_head_json":{"title":"D\u00eda de los Ni\u00f1os H\u00e9roes - Difusi\u00f3n Cultural","robots":{"index":"index","follow":"follow","max-snippet":"max-snippet:-1","max-image-preview":"max-image-preview:large","max-video-preview":"max-video-preview:-1"},"canonical":"https:\/\/blogs.uninter.edu.mx\/difusioncultural\/?p=3240","og_locale":"es_MX","og_type":"article","og_title":"D\u00eda de los Ni\u00f1os H\u00e9roes - Difusi\u00f3n Cultural","og_description":"&nbsp; Este episodio de la Historia de M\u00e9xico ocurre en el a\u00f1o de 1846 siendo presidente de M\u00e9xico Antonio L\u00f3pez de Santa Anna, durante el cual ocurre la guerra de Estados Unidos contra M\u00e9xico. La guerra fue declarada por el presidente James Polk con fines expansionistas, ya que pretend\u00edan apoderarse de las provincias mexicanas de&hellip;","og_url":"https:\/\/blogs.uninter.edu.mx\/difusioncultural\/?p=3240","og_site_name":"Difusi\u00f3n Cultural","article_published_time":"2014-09-13T10:00:34+00:00","og_image":[{"width":340,"height":330,"url":"https:\/\/blogs.uninter.edu.mx\/difusioncultural\/wp-content\/uploads\/2014\/09\/ninos_heroes.jpg","type":"image\/jpeg"}],"author":"webmaster","twitter_card":"summary_large_image","twitter_misc":{"Escrito por":"webmaster","Tiempo de lectura":"3 minutos"},"schema":{"@context":"https:\/\/schema.org","@graph":[{"@type":"Article","@id":"https:\/\/blogs.uninter.edu.mx\/difusioncultural\/?p=3240#article","isPartOf":{"@id":"https:\/\/blogs.uninter.edu.mx\/difusioncultural\/?p=3240"},"author":{"name":"webmaster","@id":"https:\/\/blogs.uninter.edu.mx\/difusioncultural\/#\/schema\/person\/37a0926f4dd300a814993fd595abdc4a"},"headline":"D\u00eda de los Ni\u00f1os H\u00e9roes","datePublished":"2014-09-13T10:00:34+00:00","mainEntityOfPage":{"@id":"https:\/\/blogs.uninter.edu.mx\/difusioncultural\/?p=3240"},"wordCount":672,"publisher":{"@id":"https:\/\/blogs.uninter.edu.mx\/difusioncultural\/#organization"},"image":{"@id":"https:\/\/blogs.uninter.edu.mx\/difusioncultural\/?p=3240#primaryimage"},"thumbnailUrl":"https:\/\/blogs.uninter.edu.mx\/difusioncultural\/wp-content\/uploads\/2014\/09\/ninos_heroes.jpg","keywords":["acontecimientos","bachillerato","becas culturales","cultura","cultura de la paz","dia de la independencia uninter","difusi\u00f3n cultural","eventos","festejos patrios uninter","historia","intercambios","Mexico","prepa","secundaria","spanish school","uninter","universidad internacional"],"inLanguage":"es"},{"@type":"WebPage","@id":"https:\/\/blogs.uninter.edu.mx\/difusioncultural\/?p=3240","url":"https:\/\/blogs.uninter.edu.mx\/difusioncultural\/?p=3240","name":"D\u00eda de los Ni\u00f1os H\u00e9roes - Difusi\u00f3n Cultural","isPartOf":{"@id":"https:\/\/blogs.uninter.edu.mx\/difusioncultural\/#website"},"primaryImageOfPage":{"@id":"https:\/\/blogs.uninter.edu.mx\/difusioncultural\/?p=3240#primaryimage"},"image":{"@id":"https:\/\/blogs.uninter.edu.mx\/difusioncultural\/?p=3240#primaryimage"},"thumbnailUrl":"https:\/\/blogs.uninter.edu.mx\/difusioncultural\/wp-content\/uploads\/2014\/09\/ninos_heroes.jpg","datePublished":"2014-09-13T10:00:34+00:00","breadcrumb":{"@id":"https:\/\/blogs.uninter.edu.mx\/difusioncultural\/?p=3240#breadcrumb"},"inLanguage":"es","potentialAction":[{"@type":"ReadAction","target":["https:\/\/blogs.uninter.edu.mx\/difusioncultural\/?p=3240"]}]},{"@type":"ImageObject","inLanguage":"es","@id":"https:\/\/blogs.uninter.edu.mx\/difusioncultural\/?p=3240#primaryimage","url":"https:\/\/blogs.uninter.edu.mx\/difusioncultural\/wp-content\/uploads\/2014\/09\/ninos_heroes.jpg","contentUrl":"https:\/\/blogs.uninter.edu.mx\/difusioncultural\/wp-content\/uploads\/2014\/09\/ninos_heroes.jpg","width":340,"height":330},{"@type":"BreadcrumbList","@id":"https:\/\/blogs.uninter.edu.mx\/difusioncultural\/?p=3240#breadcrumb","itemListElement":[{"@type":"ListItem","position":1,"name":"Inicio","item":"https:\/\/blogs.uninter.edu.mx\/difusioncultural\/"},{"@type":"ListItem","position":2,"name":"D\u00eda de los Ni\u00f1os H\u00e9roes"}]},{"@type":"WebSite","@id":"https:\/\/blogs.uninter.edu.mx\/difusioncultural\/#website","url":"https:\/\/blogs.uninter.edu.mx\/difusioncultural\/","name":"Difusi\u00f3n Cultural","description":"UNINTER","publisher":{"@id":"https:\/\/blogs.uninter.edu.mx\/difusioncultural\/#organization"},"potentialAction":[{"@type":"SearchAction","target":{"@type":"EntryPoint","urlTemplate":"https:\/\/blogs.uninter.edu.mx\/difusioncultural\/?s={search_term_string}"},"query-input":{"@type":"PropertyValueSpecification","valueRequired":true,"valueName":"search_term_string"}}],"inLanguage":"es"},{"@type":"Organization","@id":"https:\/\/blogs.uninter.edu.mx\/difusioncultural\/#organization","name":"Difusi\u00f3n Cultural","url":"https:\/\/blogs.uninter.edu.mx\/difusioncultural\/","logo":{"@type":"ImageObject","inLanguage":"es","@id":"https:\/\/blogs.uninter.edu.mx\/difusioncultural\/#\/schema\/logo\/image\/","url":"https:\/\/blogs.uninter.edu.mx\/difusioncultural\/wp-content\/uploads\/2022\/09\/uninter.jpg","contentUrl":"https:\/\/blogs.uninter.edu.mx\/difusioncultural\/wp-content\/uploads\/2022\/09\/uninter.jpg","width":2048,"height":2048,"caption":"Difusi\u00f3n Cultural"},"image":{"@id":"https:\/\/blogs.uninter.edu.mx\/difusioncultural\/#\/schema\/logo\/image\/"}},{"@type":"Person","@id":"https:\/\/blogs.uninter.edu.mx\/difusioncultural\/#\/schema\/person\/37a0926f4dd300a814993fd595abdc4a","name":"webmaster","image":{"@type":"ImageObject","inLanguage":"es","@id":"https:\/\/blogs.uninter.edu.mx\/difusioncultural\/#\/schema\/person\/image\/","url":"https:\/\/secure.gravatar.com\/avatar\/a59c276b01147463ef3aab4118e3137ebc5e1ad6700deb39ccdf8b89e517f7dc?s=96&d=mm&r=g","contentUrl":"https:\/\/secure.gravatar.com\/avatar\/a59c276b01147463ef3aab4118e3137ebc5e1ad6700deb39ccdf8b89e517f7dc?s=96&d=mm&r=g","caption":"webmaster"},"sameAs":["https:\/\/blogs.uninter.edu.mx\/difusioncultural"],"url":"https:\/\/blogs.uninter.edu.mx\/difusioncultural\/?author=1"}]}},"jetpack_publicize_connections":[],"jetpack_featured_media_url":"https:\/\/blogs.uninter.edu.mx\/difusioncultural\/wp-content\/uploads\/2014\/09\/ninos_heroes.jpg","jetpack_sharing_enabled":true,"_links":{"self":[{"href":"https:\/\/blogs.uninter.edu.mx\/difusioncultural\/index.php?rest_route=\/wp\/v2\/posts\/3240","targetHints":{"allow":["GET"]}}],"collection":[{"href":"https:\/\/blogs.uninter.edu.mx\/difusioncultural\/index.php?rest_route=\/wp\/v2\/posts"}],"about":[{"href":"https:\/\/blogs.uninter.edu.mx\/difusioncultural\/index.php?rest_route=\/wp\/v2\/types\/post"}],"author":[{"embeddable":true,"href":"https:\/\/blogs.uninter.edu.mx\/difusioncultural\/index.php?rest_route=\/wp\/v2\/users\/1"}],"replies":[{"embeddable":true,"href":"https:\/\/blogs.uninter.edu.mx\/difusioncultural\/index.php?rest_route=%2Fwp%2Fv2%2Fcomments&post=3240"}],"version-history":[{"count":0,"href":"https:\/\/blogs.uninter.edu.mx\/difusioncultural\/index.php?rest_route=\/wp\/v2\/posts\/3240\/revisions"}],"wp:featuredmedia":[{"embeddable":true,"href":"https:\/\/blogs.uninter.edu.mx\/difusioncultural\/index.php?rest_route=\/wp\/v2\/media\/3241"}],"wp:attachment":[{"href":"https:\/\/blogs.uninter.edu.mx\/difusioncultural\/index.php?rest_route=%2Fwp%2Fv2%2Fmedia&parent=3240"}],"wp:term":[{"taxonomy":"category","embeddable":true,"href":"https:\/\/blogs.uninter.edu.mx\/difusioncultural\/index.php?rest_route=%2Fwp%2Fv2%2Fcategories&post=3240"},{"taxonomy":"post_tag","embeddable":true,"href":"https:\/\/blogs.uninter.edu.mx\/difusioncultural\/index.php?rest_route=%2Fwp%2Fv2%2Ftags&post=3240"}],"curies":[{"name":"wp","href":"https:\/\/api.w.org\/{rel}","templated":true}]}}